{"id":14504,"date":"2018-06-21T09:24:49","date_gmt":"2018-06-21T09:24:49","guid":{"rendered":"http:\/\/localhost\/site\/228news\/?p=2952"},"modified":"2018-06-21T09:24:49","modified_gmt":"2018-06-21T09:24:49","slug":"65-milliards-de-fcfa-pour-relever-le-secteur-agricole-faure-gnassingbe-lancera-le-mifa-ce-lundi-a-lome-2","status":"publish","type":"post","link":"https:\/\/228news.tg\/index.php\/2018\/06\/21\/65-milliards-de-fcfa-pour-relever-le-secteur-agricole-faure-gnassingbe-lancera-le-mifa-ce-lundi-a-lome-2\/","title":{"rendered":"65 milliards de FCFA pour relever le secteur agricole: Faure Gnassingb\u00e9 lancera le MIFA ce lundi \u00e0 Lom\u00e9"},"content":{"rendered":"<p>\u0398228news (Lom\u00e9, le 21 juin 2018)- Le Chef de l\u2019Etat lancera les activit\u00e9s du M\u00e9canisme Incitatif de Financement Agricole (MIFA) le lundi 25 juin prochain au Centre Togolais des Expositions et Foires de Lom\u00e9 (CETEF).<\/p>\n<p>Ce lancement marquera l\u2019apoth\u00e9ose de la foire sp\u00e9ciale qu\u2019animera depuis ce samedi 23 juin pour trois jours, le Bureau d\u2019impl\u00e9mentation de la phase pilote du MIFA.<\/p>\n<p>Cette foire sp\u00e9ciale regroupera les structures \u00e9tatiques, les centre de recherches, les distributeurs d\u2019intrants, les producteurs, les unit\u00e9s de transformation et structures d\u2019assurance, institutions bancaires et de finances d\u00e9centralis\u00e9es autour des discussions, B to B et accords de partenariats.<img fetchpriority=\"high\" decoding=\"async\" class=\"alignleft size-full wp-image-2954\" src=\"http:\/\/localhost\/site\/228news\/wp-content\/uploads\/2018\/06\/t\u00e9l\u00e9charg\u00e9-3-1.jpg\" alt=\"\" width=\"290\" height=\"174\" \/><\/p>\n<p>Venant en remplacement du TIRSAL, le MIFA entend promouvoir les produits financiers et assuranciels adapt\u00e9s au secteur agricole, rem\u00e9dier \u00e0 la fragmentation des chaines de valeur agricole, faciliter le partage des risques entre les diff\u00e9rents acteurs de la chaine agricole et fournir une assistance technique aux institutions financi\u00e8res, aux PME\/PMI et aux producteurs agricoles.<\/p>\n<p>Au cours d\u2019une conf\u00e9rence tenue ce mercredi 20 juin \u00e0 Lom\u00e9, No\u00ebl Bataka, Coordonnateur du MIFA a d\u00e9plor\u00e9 l\u2019absence des assurances dans le secteur agricole, de m\u00eame que les apports du secteur bancaire dans cette chaine de valeur.<\/p>\n<p>\u00ab\u00a0D\u2019une contribution estim\u00e9e actuellement \u00e0 0,2%, la contribution des banques au financement de l\u2019agriculture et des chaines de valeur sera port\u00e9e \u00e0 5% \u00e0 l\u2019horizon 2027 gr\u00e2ce au MIFA. Nous escomptons \u00e9galement intensifier les pr\u00eats aux petits exploitants agricoles pour atteindre 50% du portefeuille total des financements accord\u00e9s au secteur, r\u00e9duire le taux d\u2019int\u00e9r\u00eat des cr\u00e9dits de 15% \u00e0 7,5% minimum et 10,5 maximum afin d\u2019impacter un million de producteurs et de chercheurs d\u2019emplois dans les domaines connexes \u00e0 l\u2019agriculture.\u00a0\u00bb, a-t-il d\u00e9clar\u00e9 aux hommes de m\u00e9dias.<img decoding=\"async\" class=\"size-medium wp-image-2955 alignright\" src=\"http:\/\/localhost\/site\/228news\/wp-content\/uploads\/2018\/06\/images-300x158.jpg\" alt=\"\" width=\"300\" height=\"158\" \/><\/p>\n<p>D\u2019un capital global de 100 millions d\u2019euros, soit 65 milliards fcfa, le MIFA contribuera \u00e0 l\u2019\u00e9laboration des politiques adapt\u00e9es au secteur agricole, \u00e0 l\u2019application des outils de gestion de risques visant \u00e0 attirer les comp\u00e9tences et acteurs cl\u00e9s par le biais de financements incitatifs et la consolidation des maillons des diff\u00e9rentes chaines de valeurs agricoles.<\/p>\n<p><strong><em>D\u00e9mocrate<\/em><\/strong><\/p>\n<p><strong><em>(00228) 91 85 40 14<\/em><\/strong><\/p>\n<p><strong><em>98 60 67 68<\/em><\/strong><\/p>\n<p><strong><em>democrate2010@gmail.com<\/em><\/strong><\/p>\n","protected":false},"excerpt":{"rendered":"<p>\u0398228news (Lom\u00e9, le 21 juin 2018)- Le Chef de l\u2019Etat lancera les activit\u00e9s du M\u00e9canisme Incitatif de Financement Agricole (MIFA) le lundi 25 juin prochain au Centre Togolais des Expositions et Foires de Lom\u00e9 (CETEF). Ce lancement marquera l\u2019apoth\u00e9ose de la foire sp\u00e9ciale qu\u2019animera depuis ce samedi 23 juin pour trois jours, le Bureau d\u2019impl\u00e9mentation &#8230; <a title=\"65 milliards de FCFA pour relever le secteur agricole: Faure Gnassingb\u00e9 lancera le MIFA ce lundi \u00e0 Lom\u00e9\" class=\"read-more\" href=\"https:\/\/228news.tg\/index.php\/2018\/06\/21\/65-milliards-de-fcfa-pour-relever-le-secteur-agricole-faure-gnassingbe-lancera-le-mifa-ce-lundi-a-lome-2\/\" aria-label=\"En savoir plus sur 65 milliards de FCFA pour relever le secteur agricole: Faure Gnassingb\u00e9 lancera le MIFA ce lundi \u00e0 Lom\u00e9\">Lire la suite<\/a><\/p>\n","protected":false},"author":2,"featured_media":2953,"comment_status":"open","ping_status":"open","sticky":false,"template":"","format":"chat","meta":{"footnotes":""},"categories":[31,35,25,34],"tags":[],"class_list":["post-14504","post","type-post","status-publish","format-chat","has-post-thumbnail","hentry","category-developpement","category-flash","category-togo","category-une","post_format-post-format-chat"],"yoast_head":"<!-- This site is optimized with the Yoast SEO plugin v26.4 - https:\/\/yoast.com\/wordpress\/plugins\/seo\/ -->\n<title>65 milliards de FCFA pour relever le secteur agricole: Faure Gnassingb\u00e9 lancera le MIFA ce lundi \u00e0 Lom\u00e9 - 228 News<\/title>\n<meta name=\"robots\" content=\"index, follow, max-snippet:-1, max-image-preview:large, max-video-preview:-1\" \/>\n<link rel=\"canonical\" href=\"https:\/\/228news.tg\/index.php\/2018\/06\/21\/65-milliards-de-fcfa-pour-relever-le-secteur-agricole-faure-gnassingbe-lancera-le-mifa-ce-lundi-a-lome-2\/\" \/>\n<meta property=\"og:locale\" content=\"fr_FR\" \/>\n<meta property=\"og:type\" content=\"article\" \/>\n<meta property=\"og:title\" content=\"65 milliards de FCFA pour relever le secteur agricole: Faure Gnassingb\u00e9 lancera le MIFA ce lundi \u00e0 Lom\u00e9 - 228 News\" \/>\n<meta property=\"og:description\" content=\"\u0398228news (Lom\u00e9, le 21 juin 2018)- Le Chef de l\u2019Etat lancera les activit\u00e9s du M\u00e9canisme Incitatif de Financement Agricole (MIFA) le lundi 25 juin prochain au Centre Togolais des Expositions et Foires de Lom\u00e9 (CETEF). Ce lancement marquera l\u2019apoth\u00e9ose de la foire sp\u00e9ciale qu\u2019animera depuis ce samedi 23 juin pour trois jours, le Bureau d\u2019impl\u00e9mentation ... Lire la suite\" \/>\n<meta property=\"og:url\" content=\"https:\/\/228news.tg\/index.php\/2018\/06\/21\/65-milliards-de-fcfa-pour-relever-le-secteur-agricole-faure-gnassingbe-lancera-le-mifa-ce-lundi-a-lome-2\/\" \/>\n<meta property=\"og:site_name\" content=\"228 News\" \/>\n<meta property=\"article:published_time\" content=\"2018-06-21T09:24:49+00:00\" \/>\n<meta property=\"og:image\" content=\"http:\/\/localhost\/site\/228news\/wp-content\/uploads\/2018\/06\/images-300x158.jpg\" \/>\n<meta name=\"author\" content=\"Bienvenu SAVI\" \/>\n<meta name=\"twitter:card\" content=\"summary_large_image\" \/>\n<meta name=\"twitter:label1\" content=\"\u00c9crit par\" \/>\n\t<meta name=\"twitter:data1\" content=\"Bienvenu SAVI\" \/>\n\t<meta name=\"twitter:label2\" content=\"Dur\u00e9e de lecture estim\u00e9e\" \/>\n\t<meta name=\"twitter:data2\" content=\"2 minutes\" \/>\n<script type=\"application\/ld+json\" class=\"yoast-schema-graph\">{\"@context\":\"https:\/\/schema.org\",\"@graph\":[{\"@type\":\"Article\",\"@id\":\"https:\/\/228news.tg\/index.php\/2018\/06\/21\/65-milliards-de-fcfa-pour-relever-le-secteur-agricole-faure-gnassingbe-lancera-le-mifa-ce-lundi-a-lome-2\/#article\",\"isPartOf\":{\"@id\":\"https:\/\/228news.tg\/index.php\/2018\/06\/21\/65-milliards-de-fcfa-pour-relever-le-secteur-agricole-faure-gnassingbe-lancera-le-mifa-ce-lundi-a-lome-2\/\"},\"author\":{\"name\":\"Bienvenu SAVI\",\"@id\":\"https:\/\/228news.tg\/#\/schema\/person\/68d5a6cc0230290e61235c8379523f52\"},\"headline\":\"65 milliards de FCFA pour relever le secteur agricole: Faure Gnassingb\u00e9 lancera le MIFA ce lundi \u00e0 Lom\u00e9\",\"datePublished\":\"2018-06-21T09:24:49+00:00\",\"mainEntityOfPage\":{\"@id\":\"https:\/\/228news.tg\/index.php\/2018\/06\/21\/65-milliards-de-fcfa-pour-relever-le-secteur-agricole-faure-gnassingbe-lancera-le-mifa-ce-lundi-a-lome-2\/\"},\"wordCount\":383,\"commentCount\":0,\"publisher\":{\"@id\":\"https:\/\/228news.tg\/#organization\"},\"image\":{\"@id\":\"https:\/\/228news.tg\/index.php\/2018\/06\/21\/65-milliards-de-fcfa-pour-relever-le-secteur-agricole-faure-gnassingbe-lancera-le-mifa-ce-lundi-a-lome-2\/#primaryimage\"},\"thumbnailUrl\":\"\",\"articleSection\":[\"DEVELOPPEMENT\",\"Flash\",\"TOGO\",\"Une\"],\"inLanguage\":\"fr-FR\",\"potentialAction\":[{\"@type\":\"CommentAction\",\"name\":\"Comment\",\"target\":[\"https:\/\/228news.tg\/index.php\/2018\/06\/21\/65-milliards-de-fcfa-pour-relever-le-secteur-agricole-faure-gnassingbe-lancera-le-mifa-ce-lundi-a-lome-2\/#respond\"]}]},{\"@type\":\"WebPage\",\"@id\":\"https:\/\/228news.tg\/index.php\/2018\/06\/21\/65-milliards-de-fcfa-pour-relever-le-secteur-agricole-faure-gnassingbe-lancera-le-mifa-ce-lundi-a-lome-2\/\",\"url\":\"https:\/\/228news.tg\/index.php\/2018\/06\/21\/65-milliards-de-fcfa-pour-relever-le-secteur-agricole-faure-gnassingbe-lancera-le-mifa-ce-lundi-a-lome-2\/\",\"name\":\"65 milliards de FCFA pour relever le secteur agricole: Faure Gnassingb\u00e9 lancera le MIFA ce lundi \u00e0 Lom\u00e9 - 228 News\",\"isPartOf\":{\"@id\":\"https:\/\/228news.tg\/#website\"},\"primaryImageOfPage\":{\"@id\":\"https:\/\/228news.tg\/index.php\/2018\/06\/21\/65-milliards-de-fcfa-pour-relever-le-secteur-agricole-faure-gnassingbe-lancera-le-mifa-ce-lundi-a-lome-2\/#primaryimage\"},\"image\":{\"@id\":\"https:\/\/228news.tg\/index.php\/2018\/06\/21\/65-milliards-de-fcfa-pour-relever-le-secteur-agricole-faure-gnassingbe-lancera-le-mifa-ce-lundi-a-lome-2\/#primaryimage\"},\"thumbnailUrl\":\"\",\"datePublished\":\"2018-06-21T09:24:49+00:00\",\"breadcrumb\":{\"@id\":\"https:\/\/228news.tg\/index.php\/2018\/06\/21\/65-milliards-de-fcfa-pour-relever-le-secteur-agricole-faure-gnassingbe-lancera-le-mifa-ce-lundi-a-lome-2\/#breadcrumb\"},\"inLanguage\":\"fr-FR\",\"potentialAction\":[{\"@type\":\"ReadAction\",\"target\":[\"https:\/\/228news.tg\/index.php\/2018\/06\/21\/65-milliards-de-fcfa-pour-relever-le-secteur-agricole-faure-gnassingbe-lancera-le-mifa-ce-lundi-a-lome-2\/\"]}]},{\"@type\":\"ImageObject\",\"inLanguage\":\"fr-FR\",\"@id\":\"https:\/\/228news.tg\/index.php\/2018\/06\/21\/65-milliards-de-fcfa-pour-relever-le-secteur-agricole-faure-gnassingbe-lancera-le-mifa-ce-lundi-a-lome-2\/#primaryimage\",\"url\":\"\",\"contentUrl\":\"\"},{\"@type\":\"BreadcrumbList\",\"@id\":\"https:\/\/228news.tg\/index.php\/2018\/06\/21\/65-milliards-de-fcfa-pour-relever-le-secteur-agricole-faure-gnassingbe-lancera-le-mifa-ce-lundi-a-lome-2\/#breadcrumb\",\"itemListElement\":[{\"@type\":\"ListItem\",\"position\":1,\"name\":\"Home\",\"item\":\"https:\/\/228news.tg\/\"},{\"@type\":\"ListItem\",\"position\":2,\"name\":\"65 milliards de FCFA pour relever le secteur agricole: Faure Gnassingb\u00e9 lancera le MIFA ce lundi \u00e0 Lom\u00e9\"}]},{\"@type\":\"WebSite\",\"@id\":\"https:\/\/228news.tg\/#website\",\"url\":\"https:\/\/228news.tg\/\",\"name\":\"228 News\",\"description\":\"Soci\u00e9t\u00e9 de m\u00e9dias et d\u2019actualit\u00e9s\",\"publisher\":{\"@id\":\"https:\/\/228news.tg\/#organization\"},\"potentialAction\":[{\"@type\":\"SearchAction\",\"target\":{\"@type\":\"EntryPoint\",\"urlTemplate\":\"https:\/\/228news.tg\/?s={search_term_string}\"},\"query-input\":{\"@type\":\"PropertyValueSpecification\",\"valueRequired\":true,\"valueName\":\"search_term_string\"}}],\"inLanguage\":\"fr-FR\"},{\"@type\":\"Organization\",\"@id\":\"https:\/\/228news.tg\/#organization\",\"name\":\"228 News\",\"url\":\"https:\/\/228news.tg\/\",\"logo\":{\"@type\":\"ImageObject\",\"inLanguage\":\"fr-FR\",\"@id\":\"https:\/\/228news.tg\/#\/schema\/logo\/image\/\",\"url\":\"https:\/\/228news.tg\/wp-content\/uploads\/2024\/09\/logonew.png\",\"contentUrl\":\"https:\/\/228news.tg\/wp-content\/uploads\/2024\/09\/logonew.png\",\"width\":1640,\"height\":364,\"caption\":\"228 News\"},\"image\":{\"@id\":\"https:\/\/228news.tg\/#\/schema\/logo\/image\/\"}},{\"@type\":\"Person\",\"@id\":\"https:\/\/228news.tg\/#\/schema\/person\/68d5a6cc0230290e61235c8379523f52\",\"name\":\"Bienvenu SAVI\",\"image\":{\"@type\":\"ImageObject\",\"inLanguage\":\"fr-FR\",\"@id\":\"https:\/\/228news.tg\/#\/schema\/person\/image\/\",\"url\":\"https:\/\/secure.gravatar.com\/avatar\/9db91895c559e510509c33a3e9683998458e9b828fac36d5d1aa23f0f2fd369b?s=96&d=mm&r=g\",\"contentUrl\":\"https:\/\/secure.gravatar.com\/avatar\/9db91895c559e510509c33a3e9683998458e9b828fac36d5d1aa23f0f2fd369b?s=96&d=mm&r=g\",\"caption\":\"Bienvenu SAVI\"},\"url\":\"https:\/\/228news.tg\/index.php\/author\/bienvenu\/\"}]}<\/script>\n<!-- \/ Yoast SEO plugin. -->","yoast_head_json":{"title":"65 milliards de FCFA pour relever le secteur agricole: Faure Gnassingb\u00e9 lancera le MIFA ce lundi \u00e0 Lom\u00e9 - 228 News","robots":{"index":"index","follow":"follow","max-snippet":"max-snippet:-1","max-image-preview":"max-image-preview:large","max-video-preview":"max-video-preview:-1"},"canonical":"https:\/\/228news.tg\/index.php\/2018\/06\/21\/65-milliards-de-fcfa-pour-relever-le-secteur-agricole-faure-gnassingbe-lancera-le-mifa-ce-lundi-a-lome-2\/","og_locale":"fr_FR","og_type":"article","og_title":"65 milliards de FCFA pour relever le secteur agricole: Faure Gnassingb\u00e9 lancera le MIFA ce lundi \u00e0 Lom\u00e9 - 228 News","og_description":"\u0398228news (Lom\u00e9, le 21 juin 2018)- Le Chef de l\u2019Etat lancera les activit\u00e9s du M\u00e9canisme Incitatif de Financement Agricole (MIFA) le lundi 25 juin prochain au Centre Togolais des Expositions et Foires de Lom\u00e9 (CETEF). Ce lancement marquera l\u2019apoth\u00e9ose de la foire sp\u00e9ciale qu\u2019animera depuis ce samedi 23 juin pour trois jours, le Bureau d\u2019impl\u00e9mentation ... Lire la suite","og_url":"https:\/\/228news.tg\/index.php\/2018\/06\/21\/65-milliards-de-fcfa-pour-relever-le-secteur-agricole-faure-gnassingbe-lancera-le-mifa-ce-lundi-a-lome-2\/","og_site_name":"228 News","article_published_time":"2018-06-21T09:24:49+00:00","og_image":[{"url":"http:\/\/localhost\/site\/228news\/wp-content\/uploads\/2018\/06\/images-300x158.jpg","type":"","width":"","height":""}],"author":"Bienvenu SAVI","twitter_card":"summary_large_image","twitter_misc":{"\u00c9crit par":"Bienvenu SAVI","Dur\u00e9e de lecture estim\u00e9e":"2 minutes"},"schema":{"@context":"https:\/\/schema.org","@graph":[{"@type":"Article","@id":"https:\/\/228news.tg\/index.php\/2018\/06\/21\/65-milliards-de-fcfa-pour-relever-le-secteur-agricole-faure-gnassingbe-lancera-le-mifa-ce-lundi-a-lome-2\/#article","isPartOf":{"@id":"https:\/\/228news.tg\/index.php\/2018\/06\/21\/65-milliards-de-fcfa-pour-relever-le-secteur-agricole-faure-gnassingbe-lancera-le-mifa-ce-lundi-a-lome-2\/"},"author":{"name":"Bienvenu SAVI","@id":"https:\/\/228news.tg\/#\/schema\/person\/68d5a6cc0230290e61235c8379523f52"},"headline":"65 milliards de FCFA pour relever le secteur agricole: Faure Gnassingb\u00e9 lancera le MIFA ce lundi \u00e0 Lom\u00e9","datePublished":"2018-06-21T09:24:49+00:00","mainEntityOfPage":{"@id":"https:\/\/228news.tg\/index.php\/2018\/06\/21\/65-milliards-de-fcfa-pour-relever-le-secteur-agricole-faure-gnassingbe-lancera-le-mifa-ce-lundi-a-lome-2\/"},"wordCount":383,"commentCount":0,"publisher":{"@id":"https:\/\/228news.tg\/#organization"},"image":{"@id":"https:\/\/228news.tg\/index.php\/2018\/06\/21\/65-milliards-de-fcfa-pour-relever-le-secteur-agricole-faure-gnassingbe-lancera-le-mifa-ce-lundi-a-lome-2\/#primaryimage"},"thumbnailUrl":"","articleSection":["DEVELOPPEMENT","Flash","TOGO","Une"],"inLanguage":"fr-FR","potentialAction":[{"@type":"CommentAction","name":"Comment","target":["https:\/\/228news.tg\/index.php\/2018\/06\/21\/65-milliards-de-fcfa-pour-relever-le-secteur-agricole-faure-gnassingbe-lancera-le-mifa-ce-lundi-a-lome-2\/#respond"]}]},{"@type":"WebPage","@id":"https:\/\/228news.tg\/index.php\/2018\/06\/21\/65-milliards-de-fcfa-pour-relever-le-secteur-agricole-faure-gnassingbe-lancera-le-mifa-ce-lundi-a-lome-2\/","url":"https:\/\/228news.tg\/index.php\/2018\/06\/21\/65-milliards-de-fcfa-pour-relever-le-secteur-agricole-faure-gnassingbe-lancera-le-mifa-ce-lundi-a-lome-2\/","name":"65 milliards de FCFA pour relever le secteur agricole: Faure Gnassingb\u00e9 lancera le MIFA ce lundi \u00e0 Lom\u00e9 - 228 News","isPartOf":{"@id":"https:\/\/228news.tg\/#website"},"primaryImageOfPage":{"@id":"https:\/\/228news.tg\/index.php\/2018\/06\/21\/65-milliards-de-fcfa-pour-relever-le-secteur-agricole-faure-gnassingbe-lancera-le-mifa-ce-lundi-a-lome-2\/#primaryimage"},"image":{"@id":"https:\/\/228news.tg\/index.php\/2018\/06\/21\/65-milliards-de-fcfa-pour-relever-le-secteur-agricole-faure-gnassingbe-lancera-le-mifa-ce-lundi-a-lome-2\/#primaryimage"},"thumbnailUrl":"","datePublished":"2018-06-21T09:24:49+00:00","breadcrumb":{"@id":"https:\/\/228news.tg\/index.php\/2018\/06\/21\/65-milliards-de-fcfa-pour-relever-le-secteur-agricole-faure-gnassingbe-lancera-le-mifa-ce-lundi-a-lome-2\/#breadcrumb"},"inLanguage":"fr-FR","potentialAction":[{"@type":"ReadAction","target":["https:\/\/228news.tg\/index.php\/2018\/06\/21\/65-milliards-de-fcfa-pour-relever-le-secteur-agricole-faure-gnassingbe-lancera-le-mifa-ce-lundi-a-lome-2\/"]}]},{"@type":"ImageObject","inLanguage":"fr-FR","@id":"https:\/\/228news.tg\/index.php\/2018\/06\/21\/65-milliards-de-fcfa-pour-relever-le-secteur-agricole-faure-gnassingbe-lancera-le-mifa-ce-lundi-a-lome-2\/#primaryimage","url":"","contentUrl":""},{"@type":"BreadcrumbList","@id":"https:\/\/228news.tg\/index.php\/2018\/06\/21\/65-milliards-de-fcfa-pour-relever-le-secteur-agricole-faure-gnassingbe-lancera-le-mifa-ce-lundi-a-lome-2\/#breadcrumb","itemListElement":[{"@type":"ListItem","position":1,"name":"Home","item":"https:\/\/228news.tg\/"},{"@type":"ListItem","position":2,"name":"65 milliards de FCFA pour relever le secteur agricole: Faure Gnassingb\u00e9 lancera le MIFA ce lundi \u00e0 Lom\u00e9"}]},{"@type":"WebSite","@id":"https:\/\/228news.tg\/#website","url":"https:\/\/228news.tg\/","name":"228 News","description":"Soci\u00e9t\u00e9 de m\u00e9dias et d\u2019actualit\u00e9s","publisher":{"@id":"https:\/\/228news.tg\/#organization"},"potentialAction":[{"@type":"SearchAction","target":{"@type":"EntryPoint","urlTemplate":"https:\/\/228news.tg\/?s={search_term_string}"},"query-input":{"@type":"PropertyValueSpecification","valueRequired":true,"valueName":"search_term_string"}}],"inLanguage":"fr-FR"},{"@type":"Organization","@id":"https:\/\/228news.tg\/#organization","name":"228 News","url":"https:\/\/228news.tg\/","logo":{"@type":"ImageObject","inLanguage":"fr-FR","@id":"https:\/\/228news.tg\/#\/schema\/logo\/image\/","url":"https:\/\/228news.tg\/wp-content\/uploads\/2024\/09\/logonew.png","contentUrl":"https:\/\/228news.tg\/wp-content\/uploads\/2024\/09\/logonew.png","width":1640,"height":364,"caption":"228 News"},"image":{"@id":"https:\/\/228news.tg\/#\/schema\/logo\/image\/"}},{"@type":"Person","@id":"https:\/\/228news.tg\/#\/schema\/person\/68d5a6cc0230290e61235c8379523f52","name":"Bienvenu SAVI","image":{"@type":"ImageObject","inLanguage":"fr-FR","@id":"https:\/\/228news.tg\/#\/schema\/person\/image\/","url":"https:\/\/secure.gravatar.com\/avatar\/9db91895c559e510509c33a3e9683998458e9b828fac36d5d1aa23f0f2fd369b?s=96&d=mm&r=g","contentUrl":"https:\/\/secure.gravatar.com\/avatar\/9db91895c559e510509c33a3e9683998458e9b828fac36d5d1aa23f0f2fd369b?s=96&d=mm&r=g","caption":"Bienvenu SAVI"},"url":"https:\/\/228news.tg\/index.php\/author\/bienvenu\/"}]}},"jetpack_featured_media_url":"","_links":{"self":[{"href":"https:\/\/228news.tg\/index.php\/wp-json\/wp\/v2\/posts\/14504","targetHints":{"allow":["GET"]}}],"collection":[{"href":"https:\/\/228news.tg\/index.php\/wp-json\/wp\/v2\/posts"}],"about":[{"href":"https:\/\/228news.tg\/index.php\/wp-json\/wp\/v2\/types\/post"}],"author":[{"embeddable":true,"href":"https:\/\/228news.tg\/index.php\/wp-json\/wp\/v2\/users\/2"}],"replies":[{"embeddable":true,"href":"https:\/\/228news.tg\/index.php\/wp-json\/wp\/v2\/comments?post=14504"}],"version-history":[{"count":0,"href":"https:\/\/228news.tg\/index.php\/wp-json\/wp\/v2\/posts\/14504\/revisions"}],"wp:featuredmedia":[{"embeddable":true,"href":"https:\/\/228news.tg\/index.php\/wp-json\/wp\/v2\/posts\/2953"}],"wp:attachment":[{"href":"https:\/\/228news.tg\/index.php\/wp-json\/wp\/v2\/media?parent=14504"}],"wp:term":[{"taxonomy":"category","embeddable":true,"href":"https:\/\/228news.tg\/index.php\/wp-json\/wp\/v2\/categories?post=14504"},{"taxonomy":"post_tag","embeddable":true,"href":"https:\/\/228news.tg\/index.php\/wp-json\/wp\/v2\/tags?post=14504"}],"curies":[{"name":"wp","href":"https:\/\/api.w.org\/{rel}","templated":true}]}}