{"id":14442,"date":"2018-04-15T09:41:27","date_gmt":"2018-04-15T09:41:27","guid":{"rendered":"http:\/\/localhost\/site\/228news\/?p=2684"},"modified":"2018-04-15T09:41:27","modified_gmt":"2018-04-15T09:41:27","slug":"a-la-cnje-a-chaque-etudiant-son-entreprise-2","status":"publish","type":"post","link":"https:\/\/228news.tg\/index.php\/2018\/04\/15\/a-la-cnje-a-chaque-etudiant-son-entreprise-2\/","title":{"rendered":"A la CNJE, a chaque \u00e9tudiant son entreprise"},"content":{"rendered":"<p>&nbsp;<\/p>\n<p>Plus de 200 jeunes togolais encours de formation ou en fin de parcours universitaire ont particip\u00e9 le samedi dernier au forum \u00ab\u00a0A chaque \u00e9tudiant son entreprise\u00a0\u00bb, \u00e0 Lom\u00e9. Pr\u00e9sid\u00e9 par la Directrice G\u00e9n\u00e9rale du Fonds d\u2019Appui aux Initiatives Economiques des Jeunes (FAIEJ), cette f\u00eate foraine entrepreneuriale des \u00e9tudiants est organis\u00e9e par la Coordination Nationale de la Jeunesse Estudiantine (CNJE) et est plac\u00e9e sous le th\u00e8me \u00ab\u00a0l\u2019entrepreneuriat des jeunes pour un Togo \u00e9mergent\u00a0\u00bb.<\/p>\n<p>Ce forum vise essentiellement \u00e0 faire la promotion de l\u2019entrepreneuriat au niveau des \u00e9tudiants. La CNJE veut par cela apporter un soutien \u00e0 l\u2019action gouvernementale dans sa promotion de l\u2019auto emploi, participer \u00e0 la r\u00e9duction du ch\u00f4mage et lancer un appel \u00e0 tous les \u00e9tudiants \u00e0 participer \u00e0 la construction du Togo et \u00e0 l\u2019\u00e9mergence \u00e9conomique entrepris par le gouvernement.<\/p>\n<p>Pour la DG du FAIEJ, il est tr\u00e8s important que la jeunesse estudiantine prenne conscience qu\u2019elle constitue la rel\u00e8ve et prenne ses responsabilit\u00e9s. Pour se faire, elle a encourag\u00e9 les jeunes regroup\u00e9s au sein de la CNJE \u00e0 faire preuve de travail d\u2019arrache pied, d\u2019abn\u00e9gation, de cr\u00e9ativit\u00e9. Elle a par ailleurs rassur\u00e9 les jeunes de la disponibilit\u00e9 sans faille de l\u2019institution qu\u2019elle dirige \u00e0 accompagner toutes les initiatives \u00e9conomiques de la jeunesse.<\/p>\n<p>Pour sa part, Bodi Daimou, Coordonnateur de la CNJE a salu\u00e9 au nom de la jeunesse estudiantine les efforts consentis dans les deux universit\u00e9s publiques en pleine osmose au Togo, les efforts des autorit\u00e9s togolaises afin de placer la jeunesse au c\u0153ur de leur syst\u00e8me de gouvernance.<img fetchpriority=\"high\" decoding=\"async\" class=\"size-medium wp-image-2686 alignright\" src=\"http:\/\/localhost\/site\/228news\/wp-content\/uploads\/2018\/04\/CNJE-2-300x225.jpg\" alt=\"\" width=\"300\" height=\"225\" \/><\/p>\n<p>Il a \u00e9galement invit\u00e9 ses pairs \u00e0 initier car pour lui, l\u2019entrepreneuriat des jeunes est la solution par excellence contre le ch\u00f4mage.<\/p>\n<p>\u00ab\u00a0L\u2019entrepreneuriat a prouv\u00e9 son importance eu \u00e9gard aux chiffres d\u2019emplois cr\u00e9es par ce dernier. Sa place d\u00e9fie toute concurrence dans l\u2019\u00e9conomie et il constitue sans nul doute un domaine juteux et imp\u00e9rieux malgr\u00e9 son chemin tumultueux. Les \u00e9tudiants ne sauraient donc rester indiff\u00e9rents face \u00e0 cette r\u00e9volution entrepreneuriale au risque de rater le train de l\u2019\u00e9mergence.\u00a0\u00bb, a-t-il confi\u00e9.<\/p>\n<p>La CNJ, inqui\u00e8te de la situation politique a aussi saisi le cr\u00e9neau\u00a0 pour appeler tous les acteurs impliqu\u00e9s \u00e0 des discussions franches et sinc\u00e8res pour une sortie imminente de la crise afin d\u2019assurer une tranquillit\u00e9 et une stabilit\u00e9 \u00e0 la jeunesse qui en a besoin pour pr\u00e9parer des lendemains meilleurs, efficients et de qualit\u00e9.<\/p>\n<p>De nombreuses activit\u00e9s ont meubl\u00e9 ce forum, en l\u2019occurrence des communications l\u2019entrepreneuriat, des astuces pour r\u00e9ussir son business, des t\u00e9moignages, des ateliers pratiques et pl\u00e9ni\u00e8res, le tout dans une ambiance festive de jeunes.<\/p>\n<p>Regroupant plus de 13\u00a0000 \u00e9tudiants dans les deux universit\u00e9s publiques du Togo ainsi que dans les universit\u00e9s priv\u00e9es, la CNJE s\u2019est donn\u00e9e pour mission d\u2019\u0153uvrer \u00e0 la construction du Togo \u00e0 travers des actions de promotion de valeurs civiques et citoyennes, tels les conf\u00e9rences d\u00e9bats, des campagnes de sensibilisation, des activit\u00e9s sportives,\u2026<\/p>\n<p><strong>D\u00e9mocrate<\/strong><\/p>\n<p><strong><em>(00228) 91 85 40 14<\/em><\/strong><\/p>\n<p><strong><em>98 60 67 68<\/em><\/strong><\/p>\n<p><strong><em>democrate2010@gmail.com<\/em><\/strong><\/p>\n","protected":false},"excerpt":{"rendered":"<p>&nbsp; Plus de 200 jeunes togolais encours de formation ou en fin de parcours universitaire ont particip\u00e9 le samedi dernier au forum \u00ab\u00a0A chaque \u00e9tudiant son entreprise\u00a0\u00bb, \u00e0 Lom\u00e9. Pr\u00e9sid\u00e9 par la Directrice G\u00e9n\u00e9rale du Fonds d\u2019Appui aux Initiatives Economiques des Jeunes (FAIEJ), cette f\u00eate foraine entrepreneuriale des \u00e9tudiants est organis\u00e9e par la Coordination Nationale &#8230; <a title=\"A la CNJE, a chaque \u00e9tudiant son entreprise\" class=\"read-more\" href=\"https:\/\/228news.tg\/index.php\/2018\/04\/15\/a-la-cnje-a-chaque-etudiant-son-entreprise-2\/\" aria-label=\"En savoir plus sur A la CNJE, a chaque \u00e9tudiant son entreprise\">Lire la suite<\/a><\/p>\n","protected":false},"author":2,"featured_media":2685,"comment_status":"open","ping_status":"open","sticky":false,"template":"","format":"chat","meta":{"footnotes":""},"categories":[31,35,25,34],"tags":[],"class_list":["post-14442","post","type-post","status-publish","format-chat","has-post-thumbnail","hentry","category-developpement","category-flash","category-togo","category-une","post_format-post-format-chat"],"yoast_head":"<!-- This site is optimized with the Yoast SEO plugin v26.4 - https:\/\/yoast.com\/wordpress\/plugins\/seo\/ -->\n<title>A la CNJE, a chaque \u00e9tudiant son entreprise - 228 News<\/title>\n<meta name=\"robots\" content=\"index, follow, max-snippet:-1, max-image-preview:large, max-video-preview:-1\" \/>\n<link rel=\"canonical\" href=\"https:\/\/228news.tg\/index.php\/2018\/04\/15\/a-la-cnje-a-chaque-etudiant-son-entreprise-2\/\" \/>\n<meta property=\"og:locale\" content=\"fr_FR\" \/>\n<meta property=\"og:type\" content=\"article\" \/>\n<meta property=\"og:title\" content=\"A la CNJE, a chaque \u00e9tudiant son entreprise - 228 News\" \/>\n<meta property=\"og:description\" content=\"&nbsp; Plus de 200 jeunes togolais encours de formation ou en fin de parcours universitaire ont particip\u00e9 le samedi dernier au forum \u00ab\u00a0A chaque \u00e9tudiant son entreprise\u00a0\u00bb, \u00e0 Lom\u00e9. Pr\u00e9sid\u00e9 par la Directrice G\u00e9n\u00e9rale du Fonds d\u2019Appui aux Initiatives Economiques des Jeunes (FAIEJ), cette f\u00eate foraine entrepreneuriale des \u00e9tudiants est organis\u00e9e par la Coordination Nationale ... Lire la suite\" \/>\n<meta property=\"og:url\" content=\"https:\/\/228news.tg\/index.php\/2018\/04\/15\/a-la-cnje-a-chaque-etudiant-son-entreprise-2\/\" \/>\n<meta property=\"og:site_name\" content=\"228 News\" \/>\n<meta property=\"article:published_time\" content=\"2018-04-15T09:41:27+00:00\" \/>\n<meta property=\"og:image\" content=\"http:\/\/localhost\/site\/228news\/wp-content\/uploads\/2018\/04\/CNJE-2-300x225.jpg\" \/>\n<meta name=\"author\" content=\"Bienvenu SAVI\" \/>\n<meta name=\"twitter:card\" content=\"summary_large_image\" \/>\n<meta name=\"twitter:label1\" content=\"\u00c9crit par\" \/>\n\t<meta name=\"twitter:data1\" content=\"Bienvenu SAVI\" \/>\n\t<meta name=\"twitter:label2\" content=\"Dur\u00e9e de lecture estim\u00e9e\" \/>\n\t<meta name=\"twitter:data2\" content=\"3 minutes\" \/>\n<script type=\"application\/ld+json\" class=\"yoast-schema-graph\">{\"@context\":\"https:\/\/schema.org\",\"@graph\":[{\"@type\":\"Article\",\"@id\":\"https:\/\/228news.tg\/index.php\/2018\/04\/15\/a-la-cnje-a-chaque-etudiant-son-entreprise-2\/#article\",\"isPartOf\":{\"@id\":\"https:\/\/228news.tg\/index.php\/2018\/04\/15\/a-la-cnje-a-chaque-etudiant-son-entreprise-2\/\"},\"author\":{\"name\":\"Bienvenu SAVI\",\"@id\":\"https:\/\/228news.tg\/#\/schema\/person\/68d5a6cc0230290e61235c8379523f52\"},\"headline\":\"A la CNJE, a chaque \u00e9tudiant son entreprise\",\"datePublished\":\"2018-04-15T09:41:27+00:00\",\"mainEntityOfPage\":{\"@id\":\"https:\/\/228news.tg\/index.php\/2018\/04\/15\/a-la-cnje-a-chaque-etudiant-son-entreprise-2\/\"},\"wordCount\":529,\"commentCount\":0,\"publisher\":{\"@id\":\"https:\/\/228news.tg\/#organization\"},\"image\":{\"@id\":\"https:\/\/228news.tg\/index.php\/2018\/04\/15\/a-la-cnje-a-chaque-etudiant-son-entreprise-2\/#primaryimage\"},\"thumbnailUrl\":\"\",\"articleSection\":[\"DEVELOPPEMENT\",\"Flash\",\"TOGO\",\"Une\"],\"inLanguage\":\"fr-FR\",\"potentialAction\":[{\"@type\":\"CommentAction\",\"name\":\"Comment\",\"target\":[\"https:\/\/228news.tg\/index.php\/2018\/04\/15\/a-la-cnje-a-chaque-etudiant-son-entreprise-2\/#respond\"]}]},{\"@type\":\"WebPage\",\"@id\":\"https:\/\/228news.tg\/index.php\/2018\/04\/15\/a-la-cnje-a-chaque-etudiant-son-entreprise-2\/\",\"url\":\"https:\/\/228news.tg\/index.php\/2018\/04\/15\/a-la-cnje-a-chaque-etudiant-son-entreprise-2\/\",\"name\":\"A la CNJE, a chaque \u00e9tudiant son entreprise - 228 News\",\"isPartOf\":{\"@id\":\"https:\/\/228news.tg\/#website\"},\"primaryImageOfPage\":{\"@id\":\"https:\/\/228news.tg\/index.php\/2018\/04\/15\/a-la-cnje-a-chaque-etudiant-son-entreprise-2\/#primaryimage\"},\"image\":{\"@id\":\"https:\/\/228news.tg\/index.php\/2018\/04\/15\/a-la-cnje-a-chaque-etudiant-son-entreprise-2\/#primaryimage\"},\"thumbnailUrl\":\"\",\"datePublished\":\"2018-04-15T09:41:27+00:00\",\"breadcrumb\":{\"@id\":\"https:\/\/228news.tg\/index.php\/2018\/04\/15\/a-la-cnje-a-chaque-etudiant-son-entreprise-2\/#breadcrumb\"},\"inLanguage\":\"fr-FR\",\"potentialAction\":[{\"@type\":\"ReadAction\",\"target\":[\"https:\/\/228news.tg\/index.php\/2018\/04\/15\/a-la-cnje-a-chaque-etudiant-son-entreprise-2\/\"]}]},{\"@type\":\"ImageObject\",\"inLanguage\":\"fr-FR\",\"@id\":\"https:\/\/228news.tg\/index.php\/2018\/04\/15\/a-la-cnje-a-chaque-etudiant-son-entreprise-2\/#primaryimage\",\"url\":\"\",\"contentUrl\":\"\"},{\"@type\":\"BreadcrumbList\",\"@id\":\"https:\/\/228news.tg\/index.php\/2018\/04\/15\/a-la-cnje-a-chaque-etudiant-son-entreprise-2\/#breadcrumb\",\"itemListElement\":[{\"@type\":\"ListItem\",\"position\":1,\"name\":\"Home\",\"item\":\"https:\/\/228news.tg\/\"},{\"@type\":\"ListItem\",\"position\":2,\"name\":\"A la CNJE, a chaque \u00e9tudiant son entreprise\"}]},{\"@type\":\"WebSite\",\"@id\":\"https:\/\/228news.tg\/#website\",\"url\":\"https:\/\/228news.tg\/\",\"name\":\"228 News\",\"description\":\"Soci\u00e9t\u00e9 de m\u00e9dias et d\u2019actualit\u00e9s\",\"publisher\":{\"@id\":\"https:\/\/228news.tg\/#organization\"},\"potentialAction\":[{\"@type\":\"SearchAction\",\"target\":{\"@type\":\"EntryPoint\",\"urlTemplate\":\"https:\/\/228news.tg\/?s={search_term_string}\"},\"query-input\":{\"@type\":\"PropertyValueSpecification\",\"valueRequired\":true,\"valueName\":\"search_term_string\"}}],\"inLanguage\":\"fr-FR\"},{\"@type\":\"Organization\",\"@id\":\"https:\/\/228news.tg\/#organization\",\"name\":\"228 News\",\"url\":\"https:\/\/228news.tg\/\",\"logo\":{\"@type\":\"ImageObject\",\"inLanguage\":\"fr-FR\",\"@id\":\"https:\/\/228news.tg\/#\/schema\/logo\/image\/\",\"url\":\"https:\/\/228news.tg\/wp-content\/uploads\/2024\/09\/logonew.png\",\"contentUrl\":\"https:\/\/228news.tg\/wp-content\/uploads\/2024\/09\/logonew.png\",\"width\":1640,\"height\":364,\"caption\":\"228 News\"},\"image\":{\"@id\":\"https:\/\/228news.tg\/#\/schema\/logo\/image\/\"}},{\"@type\":\"Person\",\"@id\":\"https:\/\/228news.tg\/#\/schema\/person\/68d5a6cc0230290e61235c8379523f52\",\"name\":\"Bienvenu SAVI\",\"image\":{\"@type\":\"ImageObject\",\"inLanguage\":\"fr-FR\",\"@id\":\"https:\/\/228news.tg\/#\/schema\/person\/image\/\",\"url\":\"https:\/\/secure.gravatar.com\/avatar\/9db91895c559e510509c33a3e9683998458e9b828fac36d5d1aa23f0f2fd369b?s=96&d=mm&r=g\",\"contentUrl\":\"https:\/\/secure.gravatar.com\/avatar\/9db91895c559e510509c33a3e9683998458e9b828fac36d5d1aa23f0f2fd369b?s=96&d=mm&r=g\",\"caption\":\"Bienvenu SAVI\"},\"url\":\"https:\/\/228news.tg\/index.php\/author\/bienvenu\/\"}]}<\/script>\n<!-- \/ Yoast SEO plugin. -->","yoast_head_json":{"title":"A la CNJE, a chaque \u00e9tudiant son entreprise - 228 News","robots":{"index":"index","follow":"follow","max-snippet":"max-snippet:-1","max-image-preview":"max-image-preview:large","max-video-preview":"max-video-preview:-1"},"canonical":"https:\/\/228news.tg\/index.php\/2018\/04\/15\/a-la-cnje-a-chaque-etudiant-son-entreprise-2\/","og_locale":"fr_FR","og_type":"article","og_title":"A la CNJE, a chaque \u00e9tudiant son entreprise - 228 News","og_description":"&nbsp; Plus de 200 jeunes togolais encours de formation ou en fin de parcours universitaire ont particip\u00e9 le samedi dernier au forum \u00ab\u00a0A chaque \u00e9tudiant son entreprise\u00a0\u00bb, \u00e0 Lom\u00e9. Pr\u00e9sid\u00e9 par la Directrice G\u00e9n\u00e9rale du Fonds d\u2019Appui aux Initiatives Economiques des Jeunes (FAIEJ), cette f\u00eate foraine entrepreneuriale des \u00e9tudiants est organis\u00e9e par la Coordination Nationale ... Lire la suite","og_url":"https:\/\/228news.tg\/index.php\/2018\/04\/15\/a-la-cnje-a-chaque-etudiant-son-entreprise-2\/","og_site_name":"228 News","article_published_time":"2018-04-15T09:41:27+00:00","og_image":[{"url":"http:\/\/localhost\/site\/228news\/wp-content\/uploads\/2018\/04\/CNJE-2-300x225.jpg","type":"","width":"","height":""}],"author":"Bienvenu SAVI","twitter_card":"summary_large_image","twitter_misc":{"\u00c9crit par":"Bienvenu SAVI","Dur\u00e9e de lecture estim\u00e9e":"3 minutes"},"schema":{"@context":"https:\/\/schema.org","@graph":[{"@type":"Article","@id":"https:\/\/228news.tg\/index.php\/2018\/04\/15\/a-la-cnje-a-chaque-etudiant-son-entreprise-2\/#article","isPartOf":{"@id":"https:\/\/228news.tg\/index.php\/2018\/04\/15\/a-la-cnje-a-chaque-etudiant-son-entreprise-2\/"},"author":{"name":"Bienvenu SAVI","@id":"https:\/\/228news.tg\/#\/schema\/person\/68d5a6cc0230290e61235c8379523f52"},"headline":"A la CNJE, a chaque \u00e9tudiant son entreprise","datePublished":"2018-04-15T09:41:27+00:00","mainEntityOfPage":{"@id":"https:\/\/228news.tg\/index.php\/2018\/04\/15\/a-la-cnje-a-chaque-etudiant-son-entreprise-2\/"},"wordCount":529,"commentCount":0,"publisher":{"@id":"https:\/\/228news.tg\/#organization"},"image":{"@id":"https:\/\/228news.tg\/index.php\/2018\/04\/15\/a-la-cnje-a-chaque-etudiant-son-entreprise-2\/#primaryimage"},"thumbnailUrl":"","articleSection":["DEVELOPPEMENT","Flash","TOGO","Une"],"inLanguage":"fr-FR","potentialAction":[{"@type":"CommentAction","name":"Comment","target":["https:\/\/228news.tg\/index.php\/2018\/04\/15\/a-la-cnje-a-chaque-etudiant-son-entreprise-2\/#respond"]}]},{"@type":"WebPage","@id":"https:\/\/228news.tg\/index.php\/2018\/04\/15\/a-la-cnje-a-chaque-etudiant-son-entreprise-2\/","url":"https:\/\/228news.tg\/index.php\/2018\/04\/15\/a-la-cnje-a-chaque-etudiant-son-entreprise-2\/","name":"A la CNJE, a chaque \u00e9tudiant son entreprise - 228 News","isPartOf":{"@id":"https:\/\/228news.tg\/#website"},"primaryImageOfPage":{"@id":"https:\/\/228news.tg\/index.php\/2018\/04\/15\/a-la-cnje-a-chaque-etudiant-son-entreprise-2\/#primaryimage"},"image":{"@id":"https:\/\/228news.tg\/index.php\/2018\/04\/15\/a-la-cnje-a-chaque-etudiant-son-entreprise-2\/#primaryimage"},"thumbnailUrl":"","datePublished":"2018-04-15T09:41:27+00:00","breadcrumb":{"@id":"https:\/\/228news.tg\/index.php\/2018\/04\/15\/a-la-cnje-a-chaque-etudiant-son-entreprise-2\/#breadcrumb"},"inLanguage":"fr-FR","potentialAction":[{"@type":"ReadAction","target":["https:\/\/228news.tg\/index.php\/2018\/04\/15\/a-la-cnje-a-chaque-etudiant-son-entreprise-2\/"]}]},{"@type":"ImageObject","inLanguage":"fr-FR","@id":"https:\/\/228news.tg\/index.php\/2018\/04\/15\/a-la-cnje-a-chaque-etudiant-son-entreprise-2\/#primaryimage","url":"","contentUrl":""},{"@type":"BreadcrumbList","@id":"https:\/\/228news.tg\/index.php\/2018\/04\/15\/a-la-cnje-a-chaque-etudiant-son-entreprise-2\/#breadcrumb","itemListElement":[{"@type":"ListItem","position":1,"name":"Home","item":"https:\/\/228news.tg\/"},{"@type":"ListItem","position":2,"name":"A la CNJE, a chaque \u00e9tudiant son entreprise"}]},{"@type":"WebSite","@id":"https:\/\/228news.tg\/#website","url":"https:\/\/228news.tg\/","name":"228 News","description":"Soci\u00e9t\u00e9 de m\u00e9dias et d\u2019actualit\u00e9s","publisher":{"@id":"https:\/\/228news.tg\/#organization"},"potentialAction":[{"@type":"SearchAction","target":{"@type":"EntryPoint","urlTemplate":"https:\/\/228news.tg\/?s={search_term_string}"},"query-input":{"@type":"PropertyValueSpecification","valueRequired":true,"valueName":"search_term_string"}}],"inLanguage":"fr-FR"},{"@type":"Organization","@id":"https:\/\/228news.tg\/#organization","name":"228 News","url":"https:\/\/228news.tg\/","logo":{"@type":"ImageObject","inLanguage":"fr-FR","@id":"https:\/\/228news.tg\/#\/schema\/logo\/image\/","url":"https:\/\/228news.tg\/wp-content\/uploads\/2024\/09\/logonew.png","contentUrl":"https:\/\/228news.tg\/wp-content\/uploads\/2024\/09\/logonew.png","width":1640,"height":364,"caption":"228 News"},"image":{"@id":"https:\/\/228news.tg\/#\/schema\/logo\/image\/"}},{"@type":"Person","@id":"https:\/\/228news.tg\/#\/schema\/person\/68d5a6cc0230290e61235c8379523f52","name":"Bienvenu SAVI","image":{"@type":"ImageObject","inLanguage":"fr-FR","@id":"https:\/\/228news.tg\/#\/schema\/person\/image\/","url":"https:\/\/secure.gravatar.com\/avatar\/9db91895c559e510509c33a3e9683998458e9b828fac36d5d1aa23f0f2fd369b?s=96&d=mm&r=g","contentUrl":"https:\/\/secure.gravatar.com\/avatar\/9db91895c559e510509c33a3e9683998458e9b828fac36d5d1aa23f0f2fd369b?s=96&d=mm&r=g","caption":"Bienvenu SAVI"},"url":"https:\/\/228news.tg\/index.php\/author\/bienvenu\/"}]}},"jetpack_featured_media_url":"","_links":{"self":[{"href":"https:\/\/228news.tg\/index.php\/wp-json\/wp\/v2\/posts\/14442","targetHints":{"allow":["GET"]}}],"collection":[{"href":"https:\/\/228news.tg\/index.php\/wp-json\/wp\/v2\/posts"}],"about":[{"href":"https:\/\/228news.tg\/index.php\/wp-json\/wp\/v2\/types\/post"}],"author":[{"embeddable":true,"href":"https:\/\/228news.tg\/index.php\/wp-json\/wp\/v2\/users\/2"}],"replies":[{"embeddable":true,"href":"https:\/\/228news.tg\/index.php\/wp-json\/wp\/v2\/comments?post=14442"}],"version-history":[{"count":0,"href":"https:\/\/228news.tg\/index.php\/wp-json\/wp\/v2\/posts\/14442\/revisions"}],"wp:featuredmedia":[{"embeddable":true,"href":"https:\/\/228news.tg\/index.php\/wp-json\/wp\/v2\/posts\/2685"}],"wp:attachment":[{"href":"https:\/\/228news.tg\/index.php\/wp-json\/wp\/v2\/media?parent=14442"}],"wp:term":[{"taxonomy":"category","embeddable":true,"href":"https:\/\/228news.tg\/index.php\/wp-json\/wp\/v2\/categories?post=14442"},{"taxonomy":"post_tag","embeddable":true,"href":"https:\/\/228news.tg\/index.php\/wp-json\/wp\/v2\/tags?post=14442"}],"curies":[{"name":"wp","href":"https:\/\/api.w.org\/{rel}","templated":true}]}}