{"id":14423,"date":"2018-04-04T18:49:56","date_gmt":"2018-04-04T18:49:56","guid":{"rendered":"http:\/\/localhost\/site\/228news\/?p=2614"},"modified":"2018-04-04T18:49:56","modified_gmt":"2018-04-04T18:49:56","slug":"prodat-mise-en-place-des-agropoles-dans-la-region-de-la-kara-des-journees-dinformation-ce-jeudi-2","status":"publish","type":"post","link":"https:\/\/228news.tg\/index.php\/2018\/04\/04\/prodat-mise-en-place-des-agropoles-dans-la-region-de-la-kara-des-journees-dinformation-ce-jeudi-2\/","title":{"rendered":"PRODAT, mise en place des agropoles dans la r\u00e9gion de la Kara: Des journ\u00e9es d&rsquo;information et de promotion \u00e0 partir de ce jeudi"},"content":{"rendered":"<p>Le minist\u00e8re de l&rsquo;agriculture, de l&rsquo;\u00e9levage et der la p\u00eache organise \u00e0 partir de ce jeudi 05 avril des journ\u00e9es d&rsquo;informations et de promotion en direction des investisseurs potentiels et des acteurs cl\u00e9 des principales fili\u00e8res agricoles.<\/p>\n<p>Pr\u00e9vus pour durer deux jours, ces travaux permettront au minist\u00e8re de d\u00e9blayer le terrain dans le cadre de la mise en place des agropoles dans la r\u00e9gion de la Kara, elle m\u00eame inclue dans le Programme de D\u00e9veloppement des Agropoles au Togo (PRODAT).<\/p>\n<p>Ce programme\u00a0vise \u00e0\u00a0promouvoir et d\u00e9velopper l\u2019agro-industrie via l\u2019investissement priv\u00e9 pour permettre la transformation des produits agricoles et leur mise en march\u00e9. Il entend contribuer \u00e0 la croissance agricole inclusive, \u00e0 la cr\u00e9ation d&#8217;emplois et \u00e0 la r\u00e9duction des importations alimentaires \u00e0 travers des mesures aptes \u00e0 favoriser l&rsquo;investissement priv\u00e9 dans les fili\u00e8res prioritaires.<\/p>\n<p>Les fili\u00e8res riz, ma\u00efs et soja, les fili\u00e8res d\u2019anacarde et s\u00e9same, la fili\u00e8re avicole et celle et de la piscicole, sont les principales fili\u00e8res prises en compte par\u00a0 ce projet.\u00a0Elles seront\u00a0 reparties dans quarte diff\u00e9rentes composantes (A-politique d\u2019appui, gouvernance et mesures incitatives, B-infrastructures de l\u2019agro-par cet de soutien, C-am\u00e9lioration de la performance de la comp\u00e9titivit\u00e9 des chaines de valeurs et D-gestion du projet).<\/p>\n<p>Pour le colonel Ouro Koura Agadazi, ministre en de l&rsquo;agriculture togolais, le gouvernement va uniquement\u00a0jouer le r\u00f4le de facilitateur par la mise en \u0153uvre d\u2019un environnement propice aux investisseurs priv\u00e9s notamment dans la transformation des productions agricoles, les fournitures d\u2019intrants et de services agricoles.<\/p>\n<p>\u00ab Nous allons nous assurer que les infrastructures n\u00e9cessaires \u00e0 la viabilisation des dix zones de transformations agricoles(ZTA), ou agropoles soient en place et que l\u2019approche mise en \u0153uvre soit suffisamment inclusive pour b\u00e9n\u00e9ficier aux petits producteurs \u00bb, a-t\u2019il confi\u00e9.<\/p>\n<p>Par ailleurs, ce projet permettra de\u00a0d\u00e9velopper les infrastructures hydro-agricoles, de mettre en valeur les terres agricoles, et d\u2019appuyer l\u2019installation d\u2019unit\u00e9s de transformation dans un agro-parc, afin de favoriser la production agricole dans la zone dudit projet. De fa\u00e7on ramass\u00e9e, ce projet vise \u00e0 contribuer \u00e0 la s\u00e9curit\u00e9 alimentaire du Togo, \u00e0 r\u00e9duire le d\u00e9ficit de la balance commerciale, et assurer l\u2019inclusion sociale.<\/p>\n<p>En pr\u00e9lude \u00e0 la mise en place de ces agropoles, une rencontre d&rsquo;information a \u00e9t\u00e9 tenue \u00e0 l&rsquo;endroit des\u00a0acteurs du secteur priv\u00e9 notamment les entreprises de toute taille intervenant dans le secteur agricole au sens large, aux institutions financi\u00e8res, \u00e0 la chambre du commerce et aux organisations patronales, aux repr\u00e9sentants des organisations des producteurs agricoles, les acteurs publics et la presse ce mardi 03 mars, au minist\u00e8re de l&rsquo;agriculture.<\/p>\n<p><em><strong>D\u00e9mocrate<\/strong><\/em><\/p>\n<p><em><strong>(00228) 91 85 40 14<\/strong><\/em><\/p>\n<p><em><strong>98 60 67 68<\/strong><\/em><\/p>\n<p><em><strong>democrate2010@gmail.com<\/strong><\/em><\/p>\n","protected":false},"excerpt":{"rendered":"<p>Le minist\u00e8re de l&rsquo;agriculture, de l&rsquo;\u00e9levage et der la p\u00eache organise \u00e0 partir de ce jeudi 05 avril des journ\u00e9es d&rsquo;informations et de promotion en direction des investisseurs potentiels et des acteurs cl\u00e9 des principales fili\u00e8res agricoles. Pr\u00e9vus pour durer deux jours, ces travaux permettront au minist\u00e8re de d\u00e9blayer le terrain dans le cadre de &#8230; <a title=\"PRODAT, mise en place des agropoles dans la r\u00e9gion de la Kara: Des journ\u00e9es d&rsquo;information et de promotion \u00e0 partir de ce jeudi\" class=\"read-more\" href=\"https:\/\/228news.tg\/index.php\/2018\/04\/04\/prodat-mise-en-place-des-agropoles-dans-la-region-de-la-kara-des-journees-dinformation-ce-jeudi-2\/\" aria-label=\"En savoir plus sur PRODAT, mise en place des agropoles dans la r\u00e9gion de la Kara: Des journ\u00e9es d&rsquo;information et de promotion \u00e0 partir de ce jeudi\">Lire la suite<\/a><\/p>\n","protected":false},"author":2,"featured_media":2615,"comment_status":"open","ping_status":"open","sticky":false,"template":"","format":"chat","meta":{"footnotes":""},"categories":[31,35,25,34],"tags":[],"class_list":["post-14423","post","type-post","status-publish","format-chat","has-post-thumbnail","hentry","category-developpement","category-flash","category-togo","category-une","post_format-post-format-chat"],"yoast_head":"<!-- This site is optimized with the Yoast SEO plugin v26.4 - https:\/\/yoast.com\/wordpress\/plugins\/seo\/ -->\n<title>PRODAT, mise en place des agropoles dans la r\u00e9gion de la Kara: Des journ\u00e9es d&#039;information et de promotion \u00e0 partir de ce jeudi - 228 News<\/title>\n<meta name=\"robots\" content=\"index, follow, max-snippet:-1, max-image-preview:large, max-video-preview:-1\" \/>\n<link rel=\"canonical\" href=\"https:\/\/228news.tg\/index.php\/2018\/04\/04\/prodat-mise-en-place-des-agropoles-dans-la-region-de-la-kara-des-journees-dinformation-ce-jeudi-2\/\" \/>\n<meta property=\"og:locale\" content=\"fr_FR\" \/>\n<meta property=\"og:type\" content=\"article\" \/>\n<meta property=\"og:title\" content=\"PRODAT, mise en place des agropoles dans la r\u00e9gion de la Kara: Des journ\u00e9es d&#039;information et de promotion \u00e0 partir de ce jeudi - 228 News\" \/>\n<meta property=\"og:description\" content=\"Le minist\u00e8re de l&rsquo;agriculture, de l&rsquo;\u00e9levage et der la p\u00eache organise \u00e0 partir de ce jeudi 05 avril des journ\u00e9es d&rsquo;informations et de promotion en direction des investisseurs potentiels et des acteurs cl\u00e9 des principales fili\u00e8res agricoles. Pr\u00e9vus pour durer deux jours, ces travaux permettront au minist\u00e8re de d\u00e9blayer le terrain dans le cadre de ... Lire la suite\" \/>\n<meta property=\"og:url\" content=\"https:\/\/228news.tg\/index.php\/2018\/04\/04\/prodat-mise-en-place-des-agropoles-dans-la-region-de-la-kara-des-journees-dinformation-ce-jeudi-2\/\" \/>\n<meta property=\"og:site_name\" content=\"228 News\" \/>\n<meta property=\"article:published_time\" content=\"2018-04-04T18:49:56+00:00\" \/>\n<meta name=\"author\" content=\"Bienvenu SAVI\" \/>\n<meta name=\"twitter:card\" content=\"summary_large_image\" \/>\n<meta name=\"twitter:label1\" content=\"\u00c9crit par\" \/>\n\t<meta name=\"twitter:data1\" content=\"Bienvenu SAVI\" \/>\n\t<meta name=\"twitter:label2\" content=\"Dur\u00e9e de lecture estim\u00e9e\" \/>\n\t<meta name=\"twitter:data2\" content=\"2 minutes\" \/>\n<script type=\"application\/ld+json\" class=\"yoast-schema-graph\">{\"@context\":\"https:\/\/schema.org\",\"@graph\":[{\"@type\":\"Article\",\"@id\":\"https:\/\/228news.tg\/index.php\/2018\/04\/04\/prodat-mise-en-place-des-agropoles-dans-la-region-de-la-kara-des-journees-dinformation-ce-jeudi-2\/#article\",\"isPartOf\":{\"@id\":\"https:\/\/228news.tg\/index.php\/2018\/04\/04\/prodat-mise-en-place-des-agropoles-dans-la-region-de-la-kara-des-journees-dinformation-ce-jeudi-2\/\"},\"author\":{\"name\":\"Bienvenu SAVI\",\"@id\":\"https:\/\/228news.tg\/#\/schema\/person\/68d5a6cc0230290e61235c8379523f52\"},\"headline\":\"PRODAT, mise en place des agropoles dans la r\u00e9gion de la Kara: Des journ\u00e9es d&rsquo;information et de promotion \u00e0 partir de ce jeudi\",\"datePublished\":\"2018-04-04T18:49:56+00:00\",\"mainEntityOfPage\":{\"@id\":\"https:\/\/228news.tg\/index.php\/2018\/04\/04\/prodat-mise-en-place-des-agropoles-dans-la-region-de-la-kara-des-journees-dinformation-ce-jeudi-2\/\"},\"wordCount\":491,\"commentCount\":0,\"publisher\":{\"@id\":\"https:\/\/228news.tg\/#organization\"},\"image\":{\"@id\":\"https:\/\/228news.tg\/index.php\/2018\/04\/04\/prodat-mise-en-place-des-agropoles-dans-la-region-de-la-kara-des-journees-dinformation-ce-jeudi-2\/#primaryimage\"},\"thumbnailUrl\":\"https:\/\/228news.tg\/wp-content\/uploads\/2024\/09\/WhatsApp-Image-2019-12-01-at-8.27.32-PM.jpeg\",\"articleSection\":[\"DEVELOPPEMENT\",\"Flash\",\"TOGO\",\"Une\"],\"inLanguage\":\"fr-FR\",\"potentialAction\":[{\"@type\":\"CommentAction\",\"name\":\"Comment\",\"target\":[\"https:\/\/228news.tg\/index.php\/2018\/04\/04\/prodat-mise-en-place-des-agropoles-dans-la-region-de-la-kara-des-journees-dinformation-ce-jeudi-2\/#respond\"]}]},{\"@type\":\"WebPage\",\"@id\":\"https:\/\/228news.tg\/index.php\/2018\/04\/04\/prodat-mise-en-place-des-agropoles-dans-la-region-de-la-kara-des-journees-dinformation-ce-jeudi-2\/\",\"url\":\"https:\/\/228news.tg\/index.php\/2018\/04\/04\/prodat-mise-en-place-des-agropoles-dans-la-region-de-la-kara-des-journees-dinformation-ce-jeudi-2\/\",\"name\":\"PRODAT, mise en place des agropoles dans la r\u00e9gion de la Kara: Des journ\u00e9es d'information et de promotion \u00e0 partir de ce jeudi - 228 News\",\"isPartOf\":{\"@id\":\"https:\/\/228news.tg\/#website\"},\"primaryImageOfPage\":{\"@id\":\"https:\/\/228news.tg\/index.php\/2018\/04\/04\/prodat-mise-en-place-des-agropoles-dans-la-region-de-la-kara-des-journees-dinformation-ce-jeudi-2\/#primaryimage\"},\"image\":{\"@id\":\"https:\/\/228news.tg\/index.php\/2018\/04\/04\/prodat-mise-en-place-des-agropoles-dans-la-region-de-la-kara-des-journees-dinformation-ce-jeudi-2\/#primaryimage\"},\"thumbnailUrl\":\"https:\/\/228news.tg\/wp-content\/uploads\/2024\/09\/WhatsApp-Image-2019-12-01-at-8.27.32-PM.jpeg\",\"datePublished\":\"2018-04-04T18:49:56+00:00\",\"breadcrumb\":{\"@id\":\"https:\/\/228news.tg\/index.php\/2018\/04\/04\/prodat-mise-en-place-des-agropoles-dans-la-region-de-la-kara-des-journees-dinformation-ce-jeudi-2\/#breadcrumb\"},\"inLanguage\":\"fr-FR\",\"potentialAction\":[{\"@type\":\"ReadAction\",\"target\":[\"https:\/\/228news.tg\/index.php\/2018\/04\/04\/prodat-mise-en-place-des-agropoles-dans-la-region-de-la-kara-des-journees-dinformation-ce-jeudi-2\/\"]}]},{\"@type\":\"ImageObject\",\"inLanguage\":\"fr-FR\",\"@id\":\"https:\/\/228news.tg\/index.php\/2018\/04\/04\/prodat-mise-en-place-des-agropoles-dans-la-region-de-la-kara-des-journees-dinformation-ce-jeudi-2\/#primaryimage\",\"url\":\"https:\/\/228news.tg\/wp-content\/uploads\/2024\/09\/WhatsApp-Image-2019-12-01-at-8.27.32-PM.jpeg\",\"contentUrl\":\"https:\/\/228news.tg\/wp-content\/uploads\/2024\/09\/WhatsApp-Image-2019-12-01-at-8.27.32-PM.jpeg\",\"width\":720,\"height\":540},{\"@type\":\"BreadcrumbList\",\"@id\":\"https:\/\/228news.tg\/index.php\/2018\/04\/04\/prodat-mise-en-place-des-agropoles-dans-la-region-de-la-kara-des-journees-dinformation-ce-jeudi-2\/#breadcrumb\",\"itemListElement\":[{\"@type\":\"ListItem\",\"position\":1,\"name\":\"Home\",\"item\":\"https:\/\/228news.tg\/\"},{\"@type\":\"ListItem\",\"position\":2,\"name\":\"PRODAT, mise en place des agropoles dans la r\u00e9gion de la Kara: Des journ\u00e9es d&rsquo;information et de promotion \u00e0 partir de ce jeudi\"}]},{\"@type\":\"WebSite\",\"@id\":\"https:\/\/228news.tg\/#website\",\"url\":\"https:\/\/228news.tg\/\",\"name\":\"228 News\",\"description\":\"Soci\u00e9t\u00e9 de m\u00e9dias et d\u2019actualit\u00e9s\",\"publisher\":{\"@id\":\"https:\/\/228news.tg\/#organization\"},\"potentialAction\":[{\"@type\":\"SearchAction\",\"target\":{\"@type\":\"EntryPoint\",\"urlTemplate\":\"https:\/\/228news.tg\/?s={search_term_string}\"},\"query-input\":{\"@type\":\"PropertyValueSpecification\",\"valueRequired\":true,\"valueName\":\"search_term_string\"}}],\"inLanguage\":\"fr-FR\"},{\"@type\":\"Organization\",\"@id\":\"https:\/\/228news.tg\/#organization\",\"name\":\"228 News\",\"url\":\"https:\/\/228news.tg\/\",\"logo\":{\"@type\":\"ImageObject\",\"inLanguage\":\"fr-FR\",\"@id\":\"https:\/\/228news.tg\/#\/schema\/logo\/image\/\",\"url\":\"https:\/\/228news.tg\/wp-content\/uploads\/2024\/09\/logonew.png\",\"contentUrl\":\"https:\/\/228news.tg\/wp-content\/uploads\/2024\/09\/logonew.png\",\"width\":1640,\"height\":364,\"caption\":\"228 News\"},\"image\":{\"@id\":\"https:\/\/228news.tg\/#\/schema\/logo\/image\/\"}},{\"@type\":\"Person\",\"@id\":\"https:\/\/228news.tg\/#\/schema\/person\/68d5a6cc0230290e61235c8379523f52\",\"name\":\"Bienvenu SAVI\",\"image\":{\"@type\":\"ImageObject\",\"inLanguage\":\"fr-FR\",\"@id\":\"https:\/\/228news.tg\/#\/schema\/person\/image\/\",\"url\":\"https:\/\/secure.gravatar.com\/avatar\/9db91895c559e510509c33a3e9683998458e9b828fac36d5d1aa23f0f2fd369b?s=96&d=mm&r=g\",\"contentUrl\":\"https:\/\/secure.gravatar.com\/avatar\/9db91895c559e510509c33a3e9683998458e9b828fac36d5d1aa23f0f2fd369b?s=96&d=mm&r=g\",\"caption\":\"Bienvenu SAVI\"},\"url\":\"https:\/\/228news.tg\/index.php\/author\/bienvenu\/\"}]}<\/script>\n<!-- \/ Yoast SEO plugin. -->","yoast_head_json":{"title":"PRODAT, mise en place des agropoles dans la r\u00e9gion de la Kara: Des journ\u00e9es d'information et de promotion \u00e0 partir de ce jeudi - 228 News","robots":{"index":"index","follow":"follow","max-snippet":"max-snippet:-1","max-image-preview":"max-image-preview:large","max-video-preview":"max-video-preview:-1"},"canonical":"https:\/\/228news.tg\/index.php\/2018\/04\/04\/prodat-mise-en-place-des-agropoles-dans-la-region-de-la-kara-des-journees-dinformation-ce-jeudi-2\/","og_locale":"fr_FR","og_type":"article","og_title":"PRODAT, mise en place des agropoles dans la r\u00e9gion de la Kara: Des journ\u00e9es d'information et de promotion \u00e0 partir de ce jeudi - 228 News","og_description":"Le minist\u00e8re de l&rsquo;agriculture, de l&rsquo;\u00e9levage et der la p\u00eache organise \u00e0 partir de ce jeudi 05 avril des journ\u00e9es d&rsquo;informations et de promotion en direction des investisseurs potentiels et des acteurs cl\u00e9 des principales fili\u00e8res agricoles. Pr\u00e9vus pour durer deux jours, ces travaux permettront au minist\u00e8re de d\u00e9blayer le terrain dans le cadre de ... Lire la suite","og_url":"https:\/\/228news.tg\/index.php\/2018\/04\/04\/prodat-mise-en-place-des-agropoles-dans-la-region-de-la-kara-des-journees-dinformation-ce-jeudi-2\/","og_site_name":"228 News","article_published_time":"2018-04-04T18:49:56+00:00","author":"Bienvenu SAVI","twitter_card":"summary_large_image","twitter_misc":{"\u00c9crit par":"Bienvenu SAVI","Dur\u00e9e de lecture estim\u00e9e":"2 minutes"},"schema":{"@context":"https:\/\/schema.org","@graph":[{"@type":"Article","@id":"https:\/\/228news.tg\/index.php\/2018\/04\/04\/prodat-mise-en-place-des-agropoles-dans-la-region-de-la-kara-des-journees-dinformation-ce-jeudi-2\/#article","isPartOf":{"@id":"https:\/\/228news.tg\/index.php\/2018\/04\/04\/prodat-mise-en-place-des-agropoles-dans-la-region-de-la-kara-des-journees-dinformation-ce-jeudi-2\/"},"author":{"name":"Bienvenu SAVI","@id":"https:\/\/228news.tg\/#\/schema\/person\/68d5a6cc0230290e61235c8379523f52"},"headline":"PRODAT, mise en place des agropoles dans la r\u00e9gion de la Kara: Des journ\u00e9es d&rsquo;information et de promotion \u00e0 partir de ce jeudi","datePublished":"2018-04-04T18:49:56+00:00","mainEntityOfPage":{"@id":"https:\/\/228news.tg\/index.php\/2018\/04\/04\/prodat-mise-en-place-des-agropoles-dans-la-region-de-la-kara-des-journees-dinformation-ce-jeudi-2\/"},"wordCount":491,"commentCount":0,"publisher":{"@id":"https:\/\/228news.tg\/#organization"},"image":{"@id":"https:\/\/228news.tg\/index.php\/2018\/04\/04\/prodat-mise-en-place-des-agropoles-dans-la-region-de-la-kara-des-journees-dinformation-ce-jeudi-2\/#primaryimage"},"thumbnailUrl":"https:\/\/228news.tg\/wp-content\/uploads\/2024\/09\/WhatsApp-Image-2019-12-01-at-8.27.32-PM.jpeg","articleSection":["DEVELOPPEMENT","Flash","TOGO","Une"],"inLanguage":"fr-FR","potentialAction":[{"@type":"CommentAction","name":"Comment","target":["https:\/\/228news.tg\/index.php\/2018\/04\/04\/prodat-mise-en-place-des-agropoles-dans-la-region-de-la-kara-des-journees-dinformation-ce-jeudi-2\/#respond"]}]},{"@type":"WebPage","@id":"https:\/\/228news.tg\/index.php\/2018\/04\/04\/prodat-mise-en-place-des-agropoles-dans-la-region-de-la-kara-des-journees-dinformation-ce-jeudi-2\/","url":"https:\/\/228news.tg\/index.php\/2018\/04\/04\/prodat-mise-en-place-des-agropoles-dans-la-region-de-la-kara-des-journees-dinformation-ce-jeudi-2\/","name":"PRODAT, mise en place des agropoles dans la r\u00e9gion de la Kara: Des journ\u00e9es d'information et de promotion \u00e0 partir de ce jeudi - 228 News","isPartOf":{"@id":"https:\/\/228news.tg\/#website"},"primaryImageOfPage":{"@id":"https:\/\/228news.tg\/index.php\/2018\/04\/04\/prodat-mise-en-place-des-agropoles-dans-la-region-de-la-kara-des-journees-dinformation-ce-jeudi-2\/#primaryimage"},"image":{"@id":"https:\/\/228news.tg\/index.php\/2018\/04\/04\/prodat-mise-en-place-des-agropoles-dans-la-region-de-la-kara-des-journees-dinformation-ce-jeudi-2\/#primaryimage"},"thumbnailUrl":"https:\/\/228news.tg\/wp-content\/uploads\/2024\/09\/WhatsApp-Image-2019-12-01-at-8.27.32-PM.jpeg","datePublished":"2018-04-04T18:49:56+00:00","breadcrumb":{"@id":"https:\/\/228news.tg\/index.php\/2018\/04\/04\/prodat-mise-en-place-des-agropoles-dans-la-region-de-la-kara-des-journees-dinformation-ce-jeudi-2\/#breadcrumb"},"inLanguage":"fr-FR","potentialAction":[{"@type":"ReadAction","target":["https:\/\/228news.tg\/index.php\/2018\/04\/04\/prodat-mise-en-place-des-agropoles-dans-la-region-de-la-kara-des-journees-dinformation-ce-jeudi-2\/"]}]},{"@type":"ImageObject","inLanguage":"fr-FR","@id":"https:\/\/228news.tg\/index.php\/2018\/04\/04\/prodat-mise-en-place-des-agropoles-dans-la-region-de-la-kara-des-journees-dinformation-ce-jeudi-2\/#primaryimage","url":"https:\/\/228news.tg\/wp-content\/uploads\/2024\/09\/WhatsApp-Image-2019-12-01-at-8.27.32-PM.jpeg","contentUrl":"https:\/\/228news.tg\/wp-content\/uploads\/2024\/09\/WhatsApp-Image-2019-12-01-at-8.27.32-PM.jpeg","width":720,"height":540},{"@type":"BreadcrumbList","@id":"https:\/\/228news.tg\/index.php\/2018\/04\/04\/prodat-mise-en-place-des-agropoles-dans-la-region-de-la-kara-des-journees-dinformation-ce-jeudi-2\/#breadcrumb","itemListElement":[{"@type":"ListItem","position":1,"name":"Home","item":"https:\/\/228news.tg\/"},{"@type":"ListItem","position":2,"name":"PRODAT, mise en place des agropoles dans la r\u00e9gion de la Kara: Des journ\u00e9es d&rsquo;information et de promotion \u00e0 partir de ce jeudi"}]},{"@type":"WebSite","@id":"https:\/\/228news.tg\/#website","url":"https:\/\/228news.tg\/","name":"228 News","description":"Soci\u00e9t\u00e9 de m\u00e9dias et d\u2019actualit\u00e9s","publisher":{"@id":"https:\/\/228news.tg\/#organization"},"potentialAction":[{"@type":"SearchAction","target":{"@type":"EntryPoint","urlTemplate":"https:\/\/228news.tg\/?s={search_term_string}"},"query-input":{"@type":"PropertyValueSpecification","valueRequired":true,"valueName":"search_term_string"}}],"inLanguage":"fr-FR"},{"@type":"Organization","@id":"https:\/\/228news.tg\/#organization","name":"228 News","url":"https:\/\/228news.tg\/","logo":{"@type":"ImageObject","inLanguage":"fr-FR","@id":"https:\/\/228news.tg\/#\/schema\/logo\/image\/","url":"https:\/\/228news.tg\/wp-content\/uploads\/2024\/09\/logonew.png","contentUrl":"https:\/\/228news.tg\/wp-content\/uploads\/2024\/09\/logonew.png","width":1640,"height":364,"caption":"228 News"},"image":{"@id":"https:\/\/228news.tg\/#\/schema\/logo\/image\/"}},{"@type":"Person","@id":"https:\/\/228news.tg\/#\/schema\/person\/68d5a6cc0230290e61235c8379523f52","name":"Bienvenu SAVI","image":{"@type":"ImageObject","inLanguage":"fr-FR","@id":"https:\/\/228news.tg\/#\/schema\/person\/image\/","url":"https:\/\/secure.gravatar.com\/avatar\/9db91895c559e510509c33a3e9683998458e9b828fac36d5d1aa23f0f2fd369b?s=96&d=mm&r=g","contentUrl":"https:\/\/secure.gravatar.com\/avatar\/9db91895c559e510509c33a3e9683998458e9b828fac36d5d1aa23f0f2fd369b?s=96&d=mm&r=g","caption":"Bienvenu SAVI"},"url":"https:\/\/228news.tg\/index.php\/author\/bienvenu\/"}]}},"jetpack_featured_media_url":"https:\/\/228news.tg\/wp-content\/uploads\/2024\/09\/WhatsApp-Image-2019-12-01-at-8.27.32-PM.jpeg","_links":{"self":[{"href":"https:\/\/228news.tg\/index.php\/wp-json\/wp\/v2\/posts\/14423","targetHints":{"allow":["GET"]}}],"collection":[{"href":"https:\/\/228news.tg\/index.php\/wp-json\/wp\/v2\/posts"}],"about":[{"href":"https:\/\/228news.tg\/index.php\/wp-json\/wp\/v2\/types\/post"}],"author":[{"embeddable":true,"href":"https:\/\/228news.tg\/index.php\/wp-json\/wp\/v2\/users\/2"}],"replies":[{"embeddable":true,"href":"https:\/\/228news.tg\/index.php\/wp-json\/wp\/v2\/comments?post=14423"}],"version-history":[{"count":0,"href":"https:\/\/228news.tg\/index.php\/wp-json\/wp\/v2\/posts\/14423\/revisions"}],"wp:featuredmedia":[{"embeddable":true,"href":"https:\/\/228news.tg\/index.php\/wp-json\/wp\/v2\/media\/2615"}],"wp:attachment":[{"href":"https:\/\/228news.tg\/index.php\/wp-json\/wp\/v2\/media?parent=14423"}],"wp:term":[{"taxonomy":"category","embeddable":true,"href":"https:\/\/228news.tg\/index.php\/wp-json\/wp\/v2\/categories?post=14423"},{"taxonomy":"post_tag","embeddable":true,"href":"https:\/\/228news.tg\/index.php\/wp-json\/wp\/v2\/tags?post=14423"}],"curies":[{"name":"wp","href":"https:\/\/api.w.org\/{rel}","templated":true}]}}