{"id":14413,"date":"2018-03-24T18:52:16","date_gmt":"2018-03-24T18:52:16","guid":{"rendered":"http:\/\/localhost\/site\/228news\/?p=2561"},"modified":"2018-03-24T18:52:16","modified_gmt":"2018-03-24T18:52:16","slug":"un-salon-pour-valoriser-leau-lenergie-et-lenvironnement-dans-ce-mois-davril-2","status":"publish","type":"post","link":"https:\/\/228news.tg\/index.php\/2018\/03\/24\/un-salon-pour-valoriser-leau-lenergie-et-lenvironnement-dans-ce-mois-davril-2\/","title":{"rendered":"Un salon pour valoriser l&rsquo;eau, l&rsquo;\u00e9nergie et l&rsquo;environnement dans ce mois d&rsquo;avril"},"content":{"rendered":"<p>Le Centre Togolais des Expositions et Foires (CETEF-Lom\u00e9) va accueillir du 24 au 28 avril prochain le tout premier salon international de l&rsquo;eau, de l&rsquo;\u00e9nergie et de l&rsquo;environnement.<\/p>\n<p>Initiative de Environnemental Events,\u00a0 cette premi\u00e8re \u00e9dition est plac\u00e9e sur le th\u00e8me \u00abComment valoriser l&rsquo;Eau, r\u00e9utiliser l&rsquo;Energie et prot\u00e9ger\u00a0l&rsquo;Environnement pour une vie meilleure?\u00bb.<\/p>\n<p>Ce salon vise \u00e0 informer et sensibiliser les acteurs publics et priv\u00e9s sur les grands enjeux li\u00e9s \u00e0 la trilogie Eau-Energie-Environnement, promouvoir et vulgariser des technologies et projets innovants, les approches de solutions aux grands d\u00e9fis environnementaux et cr\u00e9er un cadre favorable \u00e0 la signature de partenariats entre les divers acteur de cette cha\u00eene de valeur ignor\u00e9e surtout par les particuliers au Togo.<\/p>\n<p>Pour Th\u00e9odore Dovi-Akue, Pr\u00e9sident de Environmental Events, il s\u2019agit \u00e0 travers ce salon d\u2019attirer l\u2019attention de tous sur les diff\u00e9rents enjeux li\u00e9s \u00e0 la probl\u00e9matique de l\u2019eau dans la soci\u00e9t\u00e9 togolaise, les enjeux et d\u00e9fis y li\u00e9s. Aussi au cours Environmental Events s\u2019engage-t-il \u00e0 relever les d\u00e9fis li\u00e9s \u00e0 la d\u00e9gradation progressive de l\u2019environnement, \u00e0 la surconsommation des ressources naturelles et \u00e0 l\u2019insuffisance \u00e9nerg\u00e9tique au Togo.<\/p>\n<p>Au c\u0153ur des activit\u00e9s de ce salon, des expositions, des conf\u00e9rences-d\u00e9bats, des campagnes de sensibilisation, des pr\u00e9sentations et d\u00e9monstrations des avanc\u00e9es technologiques et des solutions, des rencontres B to B, des remises de prix et de troph\u00e9es \u00e0 des d\u00e9fenseurs de l&rsquo;environnement, des sponsors, des associations ou des ONGs.<\/p>\n<p>Sont attendus, des professionnels, des chercheurs, des autorit\u00e9s publiques, des repr\u00e9sentants d\u2019organismes internationaux, des bailleurs de fonds, des ONG, de la soci\u00e9t\u00e9 civile et un public passionn\u00e9 par les enjeux de d\u00e9veloppement durable. Nous y reviendrons.<\/p>\n<p><strong>D\u00e9mocrate<\/strong><\/p>\n<p><strong><em>(00228) 91 85 40 14<\/em><\/strong><\/p>\n<p><strong><em>98 60 67 68 <\/em><\/strong><\/p>\n<p><strong><em>democrate2010@gmail.com<\/em><\/strong><\/p>\n","protected":false},"excerpt":{"rendered":"<p>Le Centre Togolais des Expositions et Foires (CETEF-Lom\u00e9) va accueillir du 24 au 28 avril prochain le tout premier salon international de l&rsquo;eau, de l&rsquo;\u00e9nergie et de l&rsquo;environnement. Initiative de Environnemental Events,\u00a0 cette premi\u00e8re \u00e9dition est plac\u00e9e sur le th\u00e8me \u00abComment valoriser l&rsquo;Eau, r\u00e9utiliser l&rsquo;Energie et prot\u00e9ger\u00a0l&rsquo;Environnement pour une vie meilleure?\u00bb. Ce salon vise \u00e0 &#8230; <a title=\"Un salon pour valoriser l&rsquo;eau, l&rsquo;\u00e9nergie et l&rsquo;environnement dans ce mois d&rsquo;avril\" class=\"read-more\" href=\"https:\/\/228news.tg\/index.php\/2018\/03\/24\/un-salon-pour-valoriser-leau-lenergie-et-lenvironnement-dans-ce-mois-davril-2\/\" aria-label=\"En savoir plus sur Un salon pour valoriser l&rsquo;eau, l&rsquo;\u00e9nergie et l&rsquo;environnement dans ce mois d&rsquo;avril\">Lire la suite<\/a><\/p>\n","protected":false},"author":2,"featured_media":2562,"comment_status":"open","ping_status":"open","sticky":false,"template":"","format":"chat","meta":{"footnotes":""},"categories":[31,35,25,34],"tags":[],"class_list":["post-14413","post","type-post","status-publish","format-chat","has-post-thumbnail","hentry","category-developpement","category-flash","category-togo","category-une","post_format-post-format-chat"],"yoast_head":"<!-- This site is optimized with the Yoast SEO plugin v26.4 - https:\/\/yoast.com\/wordpress\/plugins\/seo\/ -->\n<title>Un salon pour valoriser l&#039;eau, l&#039;\u00e9nergie et l&#039;environnement dans ce mois d&#039;avril - 228 News<\/title>\n<meta name=\"robots\" content=\"index, follow, max-snippet:-1, max-image-preview:large, max-video-preview:-1\" \/>\n<link rel=\"canonical\" href=\"https:\/\/228news.tg\/index.php\/2018\/03\/24\/un-salon-pour-valoriser-leau-lenergie-et-lenvironnement-dans-ce-mois-davril-2\/\" \/>\n<meta property=\"og:locale\" content=\"fr_FR\" \/>\n<meta property=\"og:type\" content=\"article\" \/>\n<meta property=\"og:title\" content=\"Un salon pour valoriser l&#039;eau, l&#039;\u00e9nergie et l&#039;environnement dans ce mois d&#039;avril - 228 News\" \/>\n<meta property=\"og:description\" content=\"Le Centre Togolais des Expositions et Foires (CETEF-Lom\u00e9) va accueillir du 24 au 28 avril prochain le tout premier salon international de l&rsquo;eau, de l&rsquo;\u00e9nergie et de l&rsquo;environnement. Initiative de Environnemental Events,\u00a0 cette premi\u00e8re \u00e9dition est plac\u00e9e sur le th\u00e8me \u00abComment valoriser l&rsquo;Eau, r\u00e9utiliser l&rsquo;Energie et prot\u00e9ger\u00a0l&rsquo;Environnement pour une vie meilleure?\u00bb. Ce salon vise \u00e0 ... Lire la suite\" \/>\n<meta property=\"og:url\" content=\"https:\/\/228news.tg\/index.php\/2018\/03\/24\/un-salon-pour-valoriser-leau-lenergie-et-lenvironnement-dans-ce-mois-davril-2\/\" \/>\n<meta property=\"og:site_name\" content=\"228 News\" \/>\n<meta property=\"article:published_time\" content=\"2018-03-24T18:52:16+00:00\" \/>\n<meta name=\"author\" content=\"Bienvenu SAVI\" \/>\n<meta name=\"twitter:card\" content=\"summary_large_image\" \/>\n<meta name=\"twitter:label1\" content=\"\u00c9crit par\" \/>\n\t<meta name=\"twitter:data1\" content=\"Bienvenu SAVI\" \/>\n\t<meta name=\"twitter:label2\" content=\"Dur\u00e9e de lecture estim\u00e9e\" \/>\n\t<meta name=\"twitter:data2\" content=\"2 minutes\" \/>\n<script type=\"application\/ld+json\" class=\"yoast-schema-graph\">{\"@context\":\"https:\/\/schema.org\",\"@graph\":[{\"@type\":\"Article\",\"@id\":\"https:\/\/228news.tg\/index.php\/2018\/03\/24\/un-salon-pour-valoriser-leau-lenergie-et-lenvironnement-dans-ce-mois-davril-2\/#article\",\"isPartOf\":{\"@id\":\"https:\/\/228news.tg\/index.php\/2018\/03\/24\/un-salon-pour-valoriser-leau-lenergie-et-lenvironnement-dans-ce-mois-davril-2\/\"},\"author\":{\"name\":\"Bienvenu SAVI\",\"@id\":\"https:\/\/228news.tg\/#\/schema\/person\/68d5a6cc0230290e61235c8379523f52\"},\"headline\":\"Un salon pour valoriser l&rsquo;eau, l&rsquo;\u00e9nergie et l&rsquo;environnement dans ce mois d&rsquo;avril\",\"datePublished\":\"2018-03-24T18:52:16+00:00\",\"mainEntityOfPage\":{\"@id\":\"https:\/\/228news.tg\/index.php\/2018\/03\/24\/un-salon-pour-valoriser-leau-lenergie-et-lenvironnement-dans-ce-mois-davril-2\/\"},\"wordCount\":326,\"commentCount\":0,\"publisher\":{\"@id\":\"https:\/\/228news.tg\/#organization\"},\"image\":{\"@id\":\"https:\/\/228news.tg\/index.php\/2018\/03\/24\/un-salon-pour-valoriser-leau-lenergie-et-lenvironnement-dans-ce-mois-davril-2\/#primaryimage\"},\"thumbnailUrl\":\"\",\"articleSection\":[\"DEVELOPPEMENT\",\"Flash\",\"TOGO\",\"Une\"],\"inLanguage\":\"fr-FR\",\"potentialAction\":[{\"@type\":\"CommentAction\",\"name\":\"Comment\",\"target\":[\"https:\/\/228news.tg\/index.php\/2018\/03\/24\/un-salon-pour-valoriser-leau-lenergie-et-lenvironnement-dans-ce-mois-davril-2\/#respond\"]}]},{\"@type\":\"WebPage\",\"@id\":\"https:\/\/228news.tg\/index.php\/2018\/03\/24\/un-salon-pour-valoriser-leau-lenergie-et-lenvironnement-dans-ce-mois-davril-2\/\",\"url\":\"https:\/\/228news.tg\/index.php\/2018\/03\/24\/un-salon-pour-valoriser-leau-lenergie-et-lenvironnement-dans-ce-mois-davril-2\/\",\"name\":\"Un salon pour valoriser l'eau, l'\u00e9nergie et l'environnement dans ce mois d'avril - 228 News\",\"isPartOf\":{\"@id\":\"https:\/\/228news.tg\/#website\"},\"primaryImageOfPage\":{\"@id\":\"https:\/\/228news.tg\/index.php\/2018\/03\/24\/un-salon-pour-valoriser-leau-lenergie-et-lenvironnement-dans-ce-mois-davril-2\/#primaryimage\"},\"image\":{\"@id\":\"https:\/\/228news.tg\/index.php\/2018\/03\/24\/un-salon-pour-valoriser-leau-lenergie-et-lenvironnement-dans-ce-mois-davril-2\/#primaryimage\"},\"thumbnailUrl\":\"\",\"datePublished\":\"2018-03-24T18:52:16+00:00\",\"breadcrumb\":{\"@id\":\"https:\/\/228news.tg\/index.php\/2018\/03\/24\/un-salon-pour-valoriser-leau-lenergie-et-lenvironnement-dans-ce-mois-davril-2\/#breadcrumb\"},\"inLanguage\":\"fr-FR\",\"potentialAction\":[{\"@type\":\"ReadAction\",\"target\":[\"https:\/\/228news.tg\/index.php\/2018\/03\/24\/un-salon-pour-valoriser-leau-lenergie-et-lenvironnement-dans-ce-mois-davril-2\/\"]}]},{\"@type\":\"ImageObject\",\"inLanguage\":\"fr-FR\",\"@id\":\"https:\/\/228news.tg\/index.php\/2018\/03\/24\/un-salon-pour-valoriser-leau-lenergie-et-lenvironnement-dans-ce-mois-davril-2\/#primaryimage\",\"url\":\"\",\"contentUrl\":\"\"},{\"@type\":\"BreadcrumbList\",\"@id\":\"https:\/\/228news.tg\/index.php\/2018\/03\/24\/un-salon-pour-valoriser-leau-lenergie-et-lenvironnement-dans-ce-mois-davril-2\/#breadcrumb\",\"itemListElement\":[{\"@type\":\"ListItem\",\"position\":1,\"name\":\"Home\",\"item\":\"https:\/\/228news.tg\/\"},{\"@type\":\"ListItem\",\"position\":2,\"name\":\"Un salon pour valoriser l&rsquo;eau, l&rsquo;\u00e9nergie et l&rsquo;environnement dans ce mois d&rsquo;avril\"}]},{\"@type\":\"WebSite\",\"@id\":\"https:\/\/228news.tg\/#website\",\"url\":\"https:\/\/228news.tg\/\",\"name\":\"228 News\",\"description\":\"Soci\u00e9t\u00e9 de m\u00e9dias et d\u2019actualit\u00e9s\",\"publisher\":{\"@id\":\"https:\/\/228news.tg\/#organization\"},\"potentialAction\":[{\"@type\":\"SearchAction\",\"target\":{\"@type\":\"EntryPoint\",\"urlTemplate\":\"https:\/\/228news.tg\/?s={search_term_string}\"},\"query-input\":{\"@type\":\"PropertyValueSpecification\",\"valueRequired\":true,\"valueName\":\"search_term_string\"}}],\"inLanguage\":\"fr-FR\"},{\"@type\":\"Organization\",\"@id\":\"https:\/\/228news.tg\/#organization\",\"name\":\"228 News\",\"url\":\"https:\/\/228news.tg\/\",\"logo\":{\"@type\":\"ImageObject\",\"inLanguage\":\"fr-FR\",\"@id\":\"https:\/\/228news.tg\/#\/schema\/logo\/image\/\",\"url\":\"https:\/\/228news.tg\/wp-content\/uploads\/2024\/09\/logonew.png\",\"contentUrl\":\"https:\/\/228news.tg\/wp-content\/uploads\/2024\/09\/logonew.png\",\"width\":1640,\"height\":364,\"caption\":\"228 News\"},\"image\":{\"@id\":\"https:\/\/228news.tg\/#\/schema\/logo\/image\/\"}},{\"@type\":\"Person\",\"@id\":\"https:\/\/228news.tg\/#\/schema\/person\/68d5a6cc0230290e61235c8379523f52\",\"name\":\"Bienvenu SAVI\",\"image\":{\"@type\":\"ImageObject\",\"inLanguage\":\"fr-FR\",\"@id\":\"https:\/\/228news.tg\/#\/schema\/person\/image\/\",\"url\":\"https:\/\/secure.gravatar.com\/avatar\/9db91895c559e510509c33a3e9683998458e9b828fac36d5d1aa23f0f2fd369b?s=96&d=mm&r=g\",\"contentUrl\":\"https:\/\/secure.gravatar.com\/avatar\/9db91895c559e510509c33a3e9683998458e9b828fac36d5d1aa23f0f2fd369b?s=96&d=mm&r=g\",\"caption\":\"Bienvenu SAVI\"},\"url\":\"https:\/\/228news.tg\/index.php\/author\/bienvenu\/\"}]}<\/script>\n<!-- \/ Yoast SEO plugin. -->","yoast_head_json":{"title":"Un salon pour valoriser l'eau, l'\u00e9nergie et l'environnement dans ce mois d'avril - 228 News","robots":{"index":"index","follow":"follow","max-snippet":"max-snippet:-1","max-image-preview":"max-image-preview:large","max-video-preview":"max-video-preview:-1"},"canonical":"https:\/\/228news.tg\/index.php\/2018\/03\/24\/un-salon-pour-valoriser-leau-lenergie-et-lenvironnement-dans-ce-mois-davril-2\/","og_locale":"fr_FR","og_type":"article","og_title":"Un salon pour valoriser l'eau, l'\u00e9nergie et l'environnement dans ce mois d'avril - 228 News","og_description":"Le Centre Togolais des Expositions et Foires (CETEF-Lom\u00e9) va accueillir du 24 au 28 avril prochain le tout premier salon international de l&rsquo;eau, de l&rsquo;\u00e9nergie et de l&rsquo;environnement. Initiative de Environnemental Events,\u00a0 cette premi\u00e8re \u00e9dition est plac\u00e9e sur le th\u00e8me \u00abComment valoriser l&rsquo;Eau, r\u00e9utiliser l&rsquo;Energie et prot\u00e9ger\u00a0l&rsquo;Environnement pour une vie meilleure?\u00bb. Ce salon vise \u00e0 ... Lire la suite","og_url":"https:\/\/228news.tg\/index.php\/2018\/03\/24\/un-salon-pour-valoriser-leau-lenergie-et-lenvironnement-dans-ce-mois-davril-2\/","og_site_name":"228 News","article_published_time":"2018-03-24T18:52:16+00:00","author":"Bienvenu SAVI","twitter_card":"summary_large_image","twitter_misc":{"\u00c9crit par":"Bienvenu SAVI","Dur\u00e9e de lecture estim\u00e9e":"2 minutes"},"schema":{"@context":"https:\/\/schema.org","@graph":[{"@type":"Article","@id":"https:\/\/228news.tg\/index.php\/2018\/03\/24\/un-salon-pour-valoriser-leau-lenergie-et-lenvironnement-dans-ce-mois-davril-2\/#article","isPartOf":{"@id":"https:\/\/228news.tg\/index.php\/2018\/03\/24\/un-salon-pour-valoriser-leau-lenergie-et-lenvironnement-dans-ce-mois-davril-2\/"},"author":{"name":"Bienvenu SAVI","@id":"https:\/\/228news.tg\/#\/schema\/person\/68d5a6cc0230290e61235c8379523f52"},"headline":"Un salon pour valoriser l&rsquo;eau, l&rsquo;\u00e9nergie et l&rsquo;environnement dans ce mois d&rsquo;avril","datePublished":"2018-03-24T18:52:16+00:00","mainEntityOfPage":{"@id":"https:\/\/228news.tg\/index.php\/2018\/03\/24\/un-salon-pour-valoriser-leau-lenergie-et-lenvironnement-dans-ce-mois-davril-2\/"},"wordCount":326,"commentCount":0,"publisher":{"@id":"https:\/\/228news.tg\/#organization"},"image":{"@id":"https:\/\/228news.tg\/index.php\/2018\/03\/24\/un-salon-pour-valoriser-leau-lenergie-et-lenvironnement-dans-ce-mois-davril-2\/#primaryimage"},"thumbnailUrl":"","articleSection":["DEVELOPPEMENT","Flash","TOGO","Une"],"inLanguage":"fr-FR","potentialAction":[{"@type":"CommentAction","name":"Comment","target":["https:\/\/228news.tg\/index.php\/2018\/03\/24\/un-salon-pour-valoriser-leau-lenergie-et-lenvironnement-dans-ce-mois-davril-2\/#respond"]}]},{"@type":"WebPage","@id":"https:\/\/228news.tg\/index.php\/2018\/03\/24\/un-salon-pour-valoriser-leau-lenergie-et-lenvironnement-dans-ce-mois-davril-2\/","url":"https:\/\/228news.tg\/index.php\/2018\/03\/24\/un-salon-pour-valoriser-leau-lenergie-et-lenvironnement-dans-ce-mois-davril-2\/","name":"Un salon pour valoriser l'eau, l'\u00e9nergie et l'environnement dans ce mois d'avril - 228 News","isPartOf":{"@id":"https:\/\/228news.tg\/#website"},"primaryImageOfPage":{"@id":"https:\/\/228news.tg\/index.php\/2018\/03\/24\/un-salon-pour-valoriser-leau-lenergie-et-lenvironnement-dans-ce-mois-davril-2\/#primaryimage"},"image":{"@id":"https:\/\/228news.tg\/index.php\/2018\/03\/24\/un-salon-pour-valoriser-leau-lenergie-et-lenvironnement-dans-ce-mois-davril-2\/#primaryimage"},"thumbnailUrl":"","datePublished":"2018-03-24T18:52:16+00:00","breadcrumb":{"@id":"https:\/\/228news.tg\/index.php\/2018\/03\/24\/un-salon-pour-valoriser-leau-lenergie-et-lenvironnement-dans-ce-mois-davril-2\/#breadcrumb"},"inLanguage":"fr-FR","potentialAction":[{"@type":"ReadAction","target":["https:\/\/228news.tg\/index.php\/2018\/03\/24\/un-salon-pour-valoriser-leau-lenergie-et-lenvironnement-dans-ce-mois-davril-2\/"]}]},{"@type":"ImageObject","inLanguage":"fr-FR","@id":"https:\/\/228news.tg\/index.php\/2018\/03\/24\/un-salon-pour-valoriser-leau-lenergie-et-lenvironnement-dans-ce-mois-davril-2\/#primaryimage","url":"","contentUrl":""},{"@type":"BreadcrumbList","@id":"https:\/\/228news.tg\/index.php\/2018\/03\/24\/un-salon-pour-valoriser-leau-lenergie-et-lenvironnement-dans-ce-mois-davril-2\/#breadcrumb","itemListElement":[{"@type":"ListItem","position":1,"name":"Home","item":"https:\/\/228news.tg\/"},{"@type":"ListItem","position":2,"name":"Un salon pour valoriser l&rsquo;eau, l&rsquo;\u00e9nergie et l&rsquo;environnement dans ce mois d&rsquo;avril"}]},{"@type":"WebSite","@id":"https:\/\/228news.tg\/#website","url":"https:\/\/228news.tg\/","name":"228 News","description":"Soci\u00e9t\u00e9 de m\u00e9dias et d\u2019actualit\u00e9s","publisher":{"@id":"https:\/\/228news.tg\/#organization"},"potentialAction":[{"@type":"SearchAction","target":{"@type":"EntryPoint","urlTemplate":"https:\/\/228news.tg\/?s={search_term_string}"},"query-input":{"@type":"PropertyValueSpecification","valueRequired":true,"valueName":"search_term_string"}}],"inLanguage":"fr-FR"},{"@type":"Organization","@id":"https:\/\/228news.tg\/#organization","name":"228 News","url":"https:\/\/228news.tg\/","logo":{"@type":"ImageObject","inLanguage":"fr-FR","@id":"https:\/\/228news.tg\/#\/schema\/logo\/image\/","url":"https:\/\/228news.tg\/wp-content\/uploads\/2024\/09\/logonew.png","contentUrl":"https:\/\/228news.tg\/wp-content\/uploads\/2024\/09\/logonew.png","width":1640,"height":364,"caption":"228 News"},"image":{"@id":"https:\/\/228news.tg\/#\/schema\/logo\/image\/"}},{"@type":"Person","@id":"https:\/\/228news.tg\/#\/schema\/person\/68d5a6cc0230290e61235c8379523f52","name":"Bienvenu SAVI","image":{"@type":"ImageObject","inLanguage":"fr-FR","@id":"https:\/\/228news.tg\/#\/schema\/person\/image\/","url":"https:\/\/secure.gravatar.com\/avatar\/9db91895c559e510509c33a3e9683998458e9b828fac36d5d1aa23f0f2fd369b?s=96&d=mm&r=g","contentUrl":"https:\/\/secure.gravatar.com\/avatar\/9db91895c559e510509c33a3e9683998458e9b828fac36d5d1aa23f0f2fd369b?s=96&d=mm&r=g","caption":"Bienvenu SAVI"},"url":"https:\/\/228news.tg\/index.php\/author\/bienvenu\/"}]}},"jetpack_featured_media_url":"","_links":{"self":[{"href":"https:\/\/228news.tg\/index.php\/wp-json\/wp\/v2\/posts\/14413","targetHints":{"allow":["GET"]}}],"collection":[{"href":"https:\/\/228news.tg\/index.php\/wp-json\/wp\/v2\/posts"}],"about":[{"href":"https:\/\/228news.tg\/index.php\/wp-json\/wp\/v2\/types\/post"}],"author":[{"embeddable":true,"href":"https:\/\/228news.tg\/index.php\/wp-json\/wp\/v2\/users\/2"}],"replies":[{"embeddable":true,"href":"https:\/\/228news.tg\/index.php\/wp-json\/wp\/v2\/comments?post=14413"}],"version-history":[{"count":0,"href":"https:\/\/228news.tg\/index.php\/wp-json\/wp\/v2\/posts\/14413\/revisions"}],"wp:featuredmedia":[{"embeddable":true,"href":"https:\/\/228news.tg\/index.php\/wp-json\/wp\/v2\/posts\/2562"}],"wp:attachment":[{"href":"https:\/\/228news.tg\/index.php\/wp-json\/wp\/v2\/media?parent=14413"}],"wp:term":[{"taxonomy":"category","embeddable":true,"href":"https:\/\/228news.tg\/index.php\/wp-json\/wp\/v2\/categories?post=14413"},{"taxonomy":"post_tag","embeddable":true,"href":"https:\/\/228news.tg\/index.php\/wp-json\/wp\/v2\/tags?post=14413"}],"curies":[{"name":"wp","href":"https:\/\/api.w.org\/{rel}","templated":true}]}}