{"id":14412,"date":"2018-03-24T14:23:58","date_gmt":"2018-03-24T14:23:58","guid":{"rendered":"http:\/\/localhost\/site\/228news\/?p=2557"},"modified":"2018-03-24T14:23:58","modified_gmt":"2018-03-24T14:23:58","slug":"synergie-des-travailleurs-du-togo-une-marche-sur-la-primature-mardi-prochain-2","status":"publish","type":"post","link":"https:\/\/228news.tg\/index.php\/2018\/03\/24\/synergie-des-travailleurs-du-togo-une-marche-sur-la-primature-mardi-prochain-2\/","title":{"rendered":"Synergie des Travailleurs du Togo: Une marche sur la Primature mardi prochain"},"content":{"rendered":"<p>La Synergie des Travailleurs du Togo, en assembl\u00e9e g\u00e9n\u00e9rale ce vendredi 23 Mars 2018 avec sa base, a d\u00e9cid\u00e9 de passer \u00e0 la vitesse sup\u00e9rieure d\u00e8s le lundi prochain.<\/p>\n<p>La STT a d\u00e9cid\u00e9 d&rsquo;organiser une marche sur le minist\u00e8re de l&rsquo;enseignement primaire et secondaire le lundi 26 Mars prochain, puis sur la primature le mardi 27 Mars si les camarades enseignants embastill\u00e9s ne sont pas lib\u00e9r\u00e9s jusqu&rsquo;\u00e0 la fin de la semaine en cours<\/p>\n<p>Cette nouvelle revendication vint s&rsquo;ajouter La plate-forme existante et consiste en la lib\u00e9ration sans condition des camarades enseignants arr\u00eat\u00e9s et emprisonn\u00e9s \u00e0 kara.<\/p>\n<p>Par ailleurs, la Synergie pr\u00e9voit d\u00e9poser un nouveau mot d&rsquo;ordre de gr\u00e8ve ce lundi.<\/p>\n<p>La crise sociale togolaise ne fait qu&rsquo;amplifier.<\/p>\n<p>En effet, le\u00a0 Syndicat National des Praticiens et Hospitaliers du Togo (SYNPHOT) continue sa gr\u00e8ve avec un service minimum et pr\u00e9voit pour sa part tenir une assembl\u00e9e g\u00e9n\u00e9rale ce\u00a0 lundi 26 Mars, dans la matin\u00e9e.<\/p>\n<p>Achille MENSAH<\/p>\n","protected":false},"excerpt":{"rendered":"<p>La Synergie des Travailleurs du Togo, en assembl\u00e9e g\u00e9n\u00e9rale ce vendredi 23 Mars 2018 avec sa base, a d\u00e9cid\u00e9 de passer \u00e0 la vitesse sup\u00e9rieure d\u00e8s le lundi prochain. La STT a d\u00e9cid\u00e9 d&rsquo;organiser une marche sur le minist\u00e8re de l&rsquo;enseignement primaire et secondaire le lundi 26 Mars prochain, puis sur la primature le mardi &#8230; <a title=\"Synergie des Travailleurs du Togo: Une marche sur la Primature mardi prochain\" class=\"read-more\" href=\"https:\/\/228news.tg\/index.php\/2018\/03\/24\/synergie-des-travailleurs-du-togo-une-marche-sur-la-primature-mardi-prochain-2\/\" aria-label=\"En savoir plus sur Synergie des Travailleurs du Togo: Une marche sur la Primature mardi prochain\">Lire la suite<\/a><\/p>\n","protected":false},"author":2,"featured_media":2558,"comment_status":"open","ping_status":"open","sticky":false,"template":"","format":"chat","meta":{"footnotes":""},"categories":[28,35,25,34],"tags":[],"class_list":["post-14412","post","type-post","status-publish","format-chat","has-post-thumbnail","hentry","category-education","category-flash","category-togo","category-une","post_format-post-format-chat"],"yoast_head":"<!-- This site is optimized with the Yoast SEO plugin v26.4 - https:\/\/yoast.com\/wordpress\/plugins\/seo\/ -->\n<title>Synergie des Travailleurs du Togo: Une marche sur la Primature mardi prochain - 228 News<\/title>\n<meta name=\"robots\" content=\"index, follow, max-snippet:-1, max-image-preview:large, max-video-preview:-1\" \/>\n<link rel=\"canonical\" href=\"https:\/\/228news.tg\/index.php\/2018\/03\/24\/synergie-des-travailleurs-du-togo-une-marche-sur-la-primature-mardi-prochain-2\/\" \/>\n<meta property=\"og:locale\" content=\"fr_FR\" \/>\n<meta property=\"og:type\" content=\"article\" \/>\n<meta property=\"og:title\" content=\"Synergie des Travailleurs du Togo: Une marche sur la Primature mardi prochain - 228 News\" \/>\n<meta property=\"og:description\" content=\"La Synergie des Travailleurs du Togo, en assembl\u00e9e g\u00e9n\u00e9rale ce vendredi 23 Mars 2018 avec sa base, a d\u00e9cid\u00e9 de passer \u00e0 la vitesse sup\u00e9rieure d\u00e8s le lundi prochain. La STT a d\u00e9cid\u00e9 d&rsquo;organiser une marche sur le minist\u00e8re de l&rsquo;enseignement primaire et secondaire le lundi 26 Mars prochain, puis sur la primature le mardi ... Lire la suite\" \/>\n<meta property=\"og:url\" content=\"https:\/\/228news.tg\/index.php\/2018\/03\/24\/synergie-des-travailleurs-du-togo-une-marche-sur-la-primature-mardi-prochain-2\/\" \/>\n<meta property=\"og:site_name\" content=\"228 News\" \/>\n<meta property=\"article:published_time\" content=\"2018-03-24T14:23:58+00:00\" \/>\n<meta name=\"author\" content=\"Bienvenu SAVI\" \/>\n<meta name=\"twitter:card\" content=\"summary_large_image\" \/>\n<meta name=\"twitter:label1\" content=\"\u00c9crit par\" \/>\n\t<meta name=\"twitter:data1\" content=\"Bienvenu SAVI\" \/>\n\t<meta name=\"twitter:label2\" content=\"Dur\u00e9e de lecture estim\u00e9e\" \/>\n\t<meta name=\"twitter:data2\" content=\"1 minute\" \/>\n<script type=\"application\/ld+json\" class=\"yoast-schema-graph\">{\"@context\":\"https:\/\/schema.org\",\"@graph\":[{\"@type\":\"Article\",\"@id\":\"https:\/\/228news.tg\/index.php\/2018\/03\/24\/synergie-des-travailleurs-du-togo-une-marche-sur-la-primature-mardi-prochain-2\/#article\",\"isPartOf\":{\"@id\":\"https:\/\/228news.tg\/index.php\/2018\/03\/24\/synergie-des-travailleurs-du-togo-une-marche-sur-la-primature-mardi-prochain-2\/\"},\"author\":{\"name\":\"Bienvenu SAVI\",\"@id\":\"https:\/\/228news.tg\/#\/schema\/person\/68d5a6cc0230290e61235c8379523f52\"},\"headline\":\"Synergie des Travailleurs du Togo: Une marche sur la Primature mardi prochain\",\"datePublished\":\"2018-03-24T14:23:58+00:00\",\"mainEntityOfPage\":{\"@id\":\"https:\/\/228news.tg\/index.php\/2018\/03\/24\/synergie-des-travailleurs-du-togo-une-marche-sur-la-primature-mardi-prochain-2\/\"},\"wordCount\":189,\"commentCount\":0,\"publisher\":{\"@id\":\"https:\/\/228news.tg\/#organization\"},\"image\":{\"@id\":\"https:\/\/228news.tg\/index.php\/2018\/03\/24\/synergie-des-travailleurs-du-togo-une-marche-sur-la-primature-mardi-prochain-2\/#primaryimage\"},\"thumbnailUrl\":\"\",\"articleSection\":[\"EDUCATION\",\"Flash\",\"TOGO\",\"Une\"],\"inLanguage\":\"fr-FR\",\"potentialAction\":[{\"@type\":\"CommentAction\",\"name\":\"Comment\",\"target\":[\"https:\/\/228news.tg\/index.php\/2018\/03\/24\/synergie-des-travailleurs-du-togo-une-marche-sur-la-primature-mardi-prochain-2\/#respond\"]}]},{\"@type\":\"WebPage\",\"@id\":\"https:\/\/228news.tg\/index.php\/2018\/03\/24\/synergie-des-travailleurs-du-togo-une-marche-sur-la-primature-mardi-prochain-2\/\",\"url\":\"https:\/\/228news.tg\/index.php\/2018\/03\/24\/synergie-des-travailleurs-du-togo-une-marche-sur-la-primature-mardi-prochain-2\/\",\"name\":\"Synergie des Travailleurs du Togo: Une marche sur la Primature mardi prochain - 228 News\",\"isPartOf\":{\"@id\":\"https:\/\/228news.tg\/#website\"},\"primaryImageOfPage\":{\"@id\":\"https:\/\/228news.tg\/index.php\/2018\/03\/24\/synergie-des-travailleurs-du-togo-une-marche-sur-la-primature-mardi-prochain-2\/#primaryimage\"},\"image\":{\"@id\":\"https:\/\/228news.tg\/index.php\/2018\/03\/24\/synergie-des-travailleurs-du-togo-une-marche-sur-la-primature-mardi-prochain-2\/#primaryimage\"},\"thumbnailUrl\":\"\",\"datePublished\":\"2018-03-24T14:23:58+00:00\",\"breadcrumb\":{\"@id\":\"https:\/\/228news.tg\/index.php\/2018\/03\/24\/synergie-des-travailleurs-du-togo-une-marche-sur-la-primature-mardi-prochain-2\/#breadcrumb\"},\"inLanguage\":\"fr-FR\",\"potentialAction\":[{\"@type\":\"ReadAction\",\"target\":[\"https:\/\/228news.tg\/index.php\/2018\/03\/24\/synergie-des-travailleurs-du-togo-une-marche-sur-la-primature-mardi-prochain-2\/\"]}]},{\"@type\":\"ImageObject\",\"inLanguage\":\"fr-FR\",\"@id\":\"https:\/\/228news.tg\/index.php\/2018\/03\/24\/synergie-des-travailleurs-du-togo-une-marche-sur-la-primature-mardi-prochain-2\/#primaryimage\",\"url\":\"\",\"contentUrl\":\"\"},{\"@type\":\"BreadcrumbList\",\"@id\":\"https:\/\/228news.tg\/index.php\/2018\/03\/24\/synergie-des-travailleurs-du-togo-une-marche-sur-la-primature-mardi-prochain-2\/#breadcrumb\",\"itemListElement\":[{\"@type\":\"ListItem\",\"position\":1,\"name\":\"Home\",\"item\":\"https:\/\/228news.tg\/\"},{\"@type\":\"ListItem\",\"position\":2,\"name\":\"Synergie des Travailleurs du Togo: Une marche sur la Primature mardi prochain\"}]},{\"@type\":\"WebSite\",\"@id\":\"https:\/\/228news.tg\/#website\",\"url\":\"https:\/\/228news.tg\/\",\"name\":\"228 News\",\"description\":\"Soci\u00e9t\u00e9 de m\u00e9dias et d\u2019actualit\u00e9s\",\"publisher\":{\"@id\":\"https:\/\/228news.tg\/#organization\"},\"potentialAction\":[{\"@type\":\"SearchAction\",\"target\":{\"@type\":\"EntryPoint\",\"urlTemplate\":\"https:\/\/228news.tg\/?s={search_term_string}\"},\"query-input\":{\"@type\":\"PropertyValueSpecification\",\"valueRequired\":true,\"valueName\":\"search_term_string\"}}],\"inLanguage\":\"fr-FR\"},{\"@type\":\"Organization\",\"@id\":\"https:\/\/228news.tg\/#organization\",\"name\":\"228 News\",\"url\":\"https:\/\/228news.tg\/\",\"logo\":{\"@type\":\"ImageObject\",\"inLanguage\":\"fr-FR\",\"@id\":\"https:\/\/228news.tg\/#\/schema\/logo\/image\/\",\"url\":\"https:\/\/228news.tg\/wp-content\/uploads\/2024\/09\/logonew.png\",\"contentUrl\":\"https:\/\/228news.tg\/wp-content\/uploads\/2024\/09\/logonew.png\",\"width\":1640,\"height\":364,\"caption\":\"228 News\"},\"image\":{\"@id\":\"https:\/\/228news.tg\/#\/schema\/logo\/image\/\"}},{\"@type\":\"Person\",\"@id\":\"https:\/\/228news.tg\/#\/schema\/person\/68d5a6cc0230290e61235c8379523f52\",\"name\":\"Bienvenu SAVI\",\"image\":{\"@type\":\"ImageObject\",\"inLanguage\":\"fr-FR\",\"@id\":\"https:\/\/228news.tg\/#\/schema\/person\/image\/\",\"url\":\"https:\/\/secure.gravatar.com\/avatar\/9db91895c559e510509c33a3e9683998458e9b828fac36d5d1aa23f0f2fd369b?s=96&d=mm&r=g\",\"contentUrl\":\"https:\/\/secure.gravatar.com\/avatar\/9db91895c559e510509c33a3e9683998458e9b828fac36d5d1aa23f0f2fd369b?s=96&d=mm&r=g\",\"caption\":\"Bienvenu SAVI\"},\"url\":\"https:\/\/228news.tg\/index.php\/author\/bienvenu\/\"}]}<\/script>\n<!-- \/ Yoast SEO plugin. -->","yoast_head_json":{"title":"Synergie des Travailleurs du Togo: Une marche sur la Primature mardi prochain - 228 News","robots":{"index":"index","follow":"follow","max-snippet":"max-snippet:-1","max-image-preview":"max-image-preview:large","max-video-preview":"max-video-preview:-1"},"canonical":"https:\/\/228news.tg\/index.php\/2018\/03\/24\/synergie-des-travailleurs-du-togo-une-marche-sur-la-primature-mardi-prochain-2\/","og_locale":"fr_FR","og_type":"article","og_title":"Synergie des Travailleurs du Togo: Une marche sur la Primature mardi prochain - 228 News","og_description":"La Synergie des Travailleurs du Togo, en assembl\u00e9e g\u00e9n\u00e9rale ce vendredi 23 Mars 2018 avec sa base, a d\u00e9cid\u00e9 de passer \u00e0 la vitesse sup\u00e9rieure d\u00e8s le lundi prochain. La STT a d\u00e9cid\u00e9 d&rsquo;organiser une marche sur le minist\u00e8re de l&rsquo;enseignement primaire et secondaire le lundi 26 Mars prochain, puis sur la primature le mardi ... Lire la suite","og_url":"https:\/\/228news.tg\/index.php\/2018\/03\/24\/synergie-des-travailleurs-du-togo-une-marche-sur-la-primature-mardi-prochain-2\/","og_site_name":"228 News","article_published_time":"2018-03-24T14:23:58+00:00","author":"Bienvenu SAVI","twitter_card":"summary_large_image","twitter_misc":{"\u00c9crit par":"Bienvenu SAVI","Dur\u00e9e de lecture estim\u00e9e":"1 minute"},"schema":{"@context":"https:\/\/schema.org","@graph":[{"@type":"Article","@id":"https:\/\/228news.tg\/index.php\/2018\/03\/24\/synergie-des-travailleurs-du-togo-une-marche-sur-la-primature-mardi-prochain-2\/#article","isPartOf":{"@id":"https:\/\/228news.tg\/index.php\/2018\/03\/24\/synergie-des-travailleurs-du-togo-une-marche-sur-la-primature-mardi-prochain-2\/"},"author":{"name":"Bienvenu SAVI","@id":"https:\/\/228news.tg\/#\/schema\/person\/68d5a6cc0230290e61235c8379523f52"},"headline":"Synergie des Travailleurs du Togo: Une marche sur la Primature mardi prochain","datePublished":"2018-03-24T14:23:58+00:00","mainEntityOfPage":{"@id":"https:\/\/228news.tg\/index.php\/2018\/03\/24\/synergie-des-travailleurs-du-togo-une-marche-sur-la-primature-mardi-prochain-2\/"},"wordCount":189,"commentCount":0,"publisher":{"@id":"https:\/\/228news.tg\/#organization"},"image":{"@id":"https:\/\/228news.tg\/index.php\/2018\/03\/24\/synergie-des-travailleurs-du-togo-une-marche-sur-la-primature-mardi-prochain-2\/#primaryimage"},"thumbnailUrl":"","articleSection":["EDUCATION","Flash","TOGO","Une"],"inLanguage":"fr-FR","potentialAction":[{"@type":"CommentAction","name":"Comment","target":["https:\/\/228news.tg\/index.php\/2018\/03\/24\/synergie-des-travailleurs-du-togo-une-marche-sur-la-primature-mardi-prochain-2\/#respond"]}]},{"@type":"WebPage","@id":"https:\/\/228news.tg\/index.php\/2018\/03\/24\/synergie-des-travailleurs-du-togo-une-marche-sur-la-primature-mardi-prochain-2\/","url":"https:\/\/228news.tg\/index.php\/2018\/03\/24\/synergie-des-travailleurs-du-togo-une-marche-sur-la-primature-mardi-prochain-2\/","name":"Synergie des Travailleurs du Togo: Une marche sur la Primature mardi prochain - 228 News","isPartOf":{"@id":"https:\/\/228news.tg\/#website"},"primaryImageOfPage":{"@id":"https:\/\/228news.tg\/index.php\/2018\/03\/24\/synergie-des-travailleurs-du-togo-une-marche-sur-la-primature-mardi-prochain-2\/#primaryimage"},"image":{"@id":"https:\/\/228news.tg\/index.php\/2018\/03\/24\/synergie-des-travailleurs-du-togo-une-marche-sur-la-primature-mardi-prochain-2\/#primaryimage"},"thumbnailUrl":"","datePublished":"2018-03-24T14:23:58+00:00","breadcrumb":{"@id":"https:\/\/228news.tg\/index.php\/2018\/03\/24\/synergie-des-travailleurs-du-togo-une-marche-sur-la-primature-mardi-prochain-2\/#breadcrumb"},"inLanguage":"fr-FR","potentialAction":[{"@type":"ReadAction","target":["https:\/\/228news.tg\/index.php\/2018\/03\/24\/synergie-des-travailleurs-du-togo-une-marche-sur-la-primature-mardi-prochain-2\/"]}]},{"@type":"ImageObject","inLanguage":"fr-FR","@id":"https:\/\/228news.tg\/index.php\/2018\/03\/24\/synergie-des-travailleurs-du-togo-une-marche-sur-la-primature-mardi-prochain-2\/#primaryimage","url":"","contentUrl":""},{"@type":"BreadcrumbList","@id":"https:\/\/228news.tg\/index.php\/2018\/03\/24\/synergie-des-travailleurs-du-togo-une-marche-sur-la-primature-mardi-prochain-2\/#breadcrumb","itemListElement":[{"@type":"ListItem","position":1,"name":"Home","item":"https:\/\/228news.tg\/"},{"@type":"ListItem","position":2,"name":"Synergie des Travailleurs du Togo: Une marche sur la Primature mardi prochain"}]},{"@type":"WebSite","@id":"https:\/\/228news.tg\/#website","url":"https:\/\/228news.tg\/","name":"228 News","description":"Soci\u00e9t\u00e9 de m\u00e9dias et d\u2019actualit\u00e9s","publisher":{"@id":"https:\/\/228news.tg\/#organization"},"potentialAction":[{"@type":"SearchAction","target":{"@type":"EntryPoint","urlTemplate":"https:\/\/228news.tg\/?s={search_term_string}"},"query-input":{"@type":"PropertyValueSpecification","valueRequired":true,"valueName":"search_term_string"}}],"inLanguage":"fr-FR"},{"@type":"Organization","@id":"https:\/\/228news.tg\/#organization","name":"228 News","url":"https:\/\/228news.tg\/","logo":{"@type":"ImageObject","inLanguage":"fr-FR","@id":"https:\/\/228news.tg\/#\/schema\/logo\/image\/","url":"https:\/\/228news.tg\/wp-content\/uploads\/2024\/09\/logonew.png","contentUrl":"https:\/\/228news.tg\/wp-content\/uploads\/2024\/09\/logonew.png","width":1640,"height":364,"caption":"228 News"},"image":{"@id":"https:\/\/228news.tg\/#\/schema\/logo\/image\/"}},{"@type":"Person","@id":"https:\/\/228news.tg\/#\/schema\/person\/68d5a6cc0230290e61235c8379523f52","name":"Bienvenu SAVI","image":{"@type":"ImageObject","inLanguage":"fr-FR","@id":"https:\/\/228news.tg\/#\/schema\/person\/image\/","url":"https:\/\/secure.gravatar.com\/avatar\/9db91895c559e510509c33a3e9683998458e9b828fac36d5d1aa23f0f2fd369b?s=96&d=mm&r=g","contentUrl":"https:\/\/secure.gravatar.com\/avatar\/9db91895c559e510509c33a3e9683998458e9b828fac36d5d1aa23f0f2fd369b?s=96&d=mm&r=g","caption":"Bienvenu SAVI"},"url":"https:\/\/228news.tg\/index.php\/author\/bienvenu\/"}]}},"jetpack_featured_media_url":"","_links":{"self":[{"href":"https:\/\/228news.tg\/index.php\/wp-json\/wp\/v2\/posts\/14412","targetHints":{"allow":["GET"]}}],"collection":[{"href":"https:\/\/228news.tg\/index.php\/wp-json\/wp\/v2\/posts"}],"about":[{"href":"https:\/\/228news.tg\/index.php\/wp-json\/wp\/v2\/types\/post"}],"author":[{"embeddable":true,"href":"https:\/\/228news.tg\/index.php\/wp-json\/wp\/v2\/users\/2"}],"replies":[{"embeddable":true,"href":"https:\/\/228news.tg\/index.php\/wp-json\/wp\/v2\/comments?post=14412"}],"version-history":[{"count":0,"href":"https:\/\/228news.tg\/index.php\/wp-json\/wp\/v2\/posts\/14412\/revisions"}],"wp:featuredmedia":[{"embeddable":true,"href":"https:\/\/228news.tg\/index.php\/wp-json\/wp\/v2\/posts\/2558"}],"wp:attachment":[{"href":"https:\/\/228news.tg\/index.php\/wp-json\/wp\/v2\/media?parent=14412"}],"wp:term":[{"taxonomy":"category","embeddable":true,"href":"https:\/\/228news.tg\/index.php\/wp-json\/wp\/v2\/categories?post=14412"},{"taxonomy":"post_tag","embeddable":true,"href":"https:\/\/228news.tg\/index.php\/wp-json\/wp\/v2\/tags?post=14412"}],"curies":[{"name":"wp","href":"https:\/\/api.w.org\/{rel}","templated":true}]}}