{"id":1439,"date":"2018-05-18T00:00:00","date_gmt":"2018-05-18T00:00:00","guid":{"rendered":"https:\/\/228news.tg\/index.php\/2018\/05\/18\/iaec-ilci-un-campus-universitaire-des-la-rentree-2020\/"},"modified":"2024-09-09T14:05:23","modified_gmt":"2024-09-09T14:05:23","slug":"iaec-ilci-un-campus-universitaire-des-la-rentree-2020","status":"publish","type":"post","link":"https:\/\/228news.tg\/index.php\/2018\/05\/18\/iaec-ilci-un-campus-universitaire-des-la-rentree-2020\/","title":{"rendered":"IAEC-ILCI: Un campus universitaire d\u00e8s la rentr\u00e9e 2020"},"content":{"rendered":"<p>\u00a9228news (Lom\u00e9, le 17 mai 2018) \u2013 Le Groupe BK Universit\u00e9 a paraph\u00e9 une nouvelle convention de partenariat ce jeudi 17 mai 2018 \u00e0 son si\u00e8ge.<\/p>\n<p>L&rsquo;heureux partenaire cette fois ci est\u00a0l\u2019ILCI Business School (France) avec lequel BK Universit\u00e9 de Bassabi Kagbara entend mutuellement mettre en place \u00e0 travers cet accord, des grandes lignes de joint venture.<\/p>\n<p>Pour\u00a0Innocent Kagbara, Directeur Administratif et Financier de BK Universit\u00e9, cette signature\u00a0s\u2019inscrit dans la nouvelle vision m\u00eame de ce groupe universitaire qui est de nouer un partenariat avec une Universit\u00e9 pr\u00e9sente sur trois continents.<\/p>\n<p>l&rsquo;ILCI pr\u00e9sent au\u00a0Mali, en France et en Chine r\u00e9pond parfaitement \u00e0 ce profil de partenaire d\u00e9sir\u00e9 par l&rsquo;IAEC . Il a \u00e9galement d\u00e9clin\u00e9 quelques avantages qui d\u00e9couleront de ce partenariat.<\/p>\n<p>\u00ab\u00a0Nous allons b\u00e9n\u00e9ficier de l\u2019expertise de l\u2019ILCI Business School au profit des apprenants pr\u00e9sents et futurs et rassurer de la qualit\u00e9 p\u00e9dagogique orient\u00e9e vers l\u2019international\u00a0\u00bb, a-t-il laiss\u00e9 entendre.<\/p>\n<p>Jianbin Pan, Repr\u00e9sentant de l&rsquo;ILCI \u00e0 la convention a fait part du satisf\u00e9cit de son groupe et saluer la clairvoyance de BK Universit\u00e9 dans sa nouvelle vision. Pour lui, les apprenants des deux groupes n&rsquo;en sortiront que renforc\u00e9s et comp\u00e9titifs sur le march\u00e9 de l&#8217;emploi.\u00a0<img fetchpriority=\"high\" decoding=\"async\" class=\"size-medium wp-image-2805 alignright\" src=\"https:\/\/228news.tg\/wp-content\/uploads\/2024\/09\/292909-universite-de-bordeaux-amphi-olivier-got-universite-de-bordeaux-866x495-300x171-1.jpg\" alt=\"\" width=\"300\" height=\"171\" \/><\/p>\n<p>&nbsp;<\/p>\n<p>Aux termes de l&rsquo;accord, les deux institutions contractantes ont convenu de collaborer, dans les domaines des activit\u00e9s de recherches communes, des \u00e9changes d\u2019enseignants, des \u00e9changes d\u2019\u00e9tudiants, de la junte venture sur les sites de Cotonou, Ouagadougou, Bamako, Libreville et Bangui, des \u00e9changes d\u2019\u00e9tudiants de th\u00e8se et direction scientifique commune de travaux de th\u00e8se.<\/p>\n<p>\u00c9galement pr\u00e9vus par cet accord, des \u00e9changes d\u2019\u00e9tudiants dans le cadre des travaux de stages de fin d\u2019\u00e9tudes, l&rsquo;organisation des s\u00e9jours linguistiques en Chine et en France, des cours mutuels et des s\u00e9minaires communs, et la construction d&rsquo;un campus universitaire, d\u00e8s la rentr\u00e9e 2020.<\/p>\n<p>Ce nouveau partenariat intervient, quelques jours seulement apr\u00e8s l&rsquo;ouverture du groupe BK Universit\u00e9 au Maghreb et aux USA, de m\u00eame que le renforcement des relations avec les partenaires locaux.<\/p>\n<p><em><strong>D\u00e9mocrate<\/strong><\/em><\/p>\n<p><em><strong>(00228) 91 85 40 14<\/strong><\/em><\/p>\n<p><em><strong>98 60 67 68<\/strong><\/em><\/p>\n<p><em><strong>democrate2010@gmail.com<\/strong><\/em><\/p>\n","protected":false},"excerpt":{"rendered":"<p>\u00a9228news (Lom\u00e9, le 17 mai 2018) \u2013 Le Groupe BK Universit\u00e9 a paraph\u00e9 une nouvelle convention de partenariat ce jeudi 17 mai 2018 \u00e0 son si\u00e8ge. L&rsquo;heureux partenaire cette fois ci est\u00a0l\u2019ILCI Business School (France) avec lequel BK Universit\u00e9 de Bassabi Kagbara entend mutuellement mettre en place \u00e0 travers cet accord, des grandes lignes de &#8230; <a title=\"IAEC-ILCI: Un campus universitaire d\u00e8s la rentr\u00e9e 2020\" class=\"read-more\" href=\"https:\/\/228news.tg\/index.php\/2018\/05\/18\/iaec-ilci-un-campus-universitaire-des-la-rentree-2020\/\" aria-label=\"En savoir plus sur IAEC-ILCI: Un campus universitaire d\u00e8s la rentr\u00e9e 2020\">Lire la suite<\/a><\/p>\n","protected":false},"author":2,"featured_media":1442,"comment_status":"open","ping_status":"open","sticky":false,"template":"","format":"standard","meta":{"footnotes":""},"categories":[28,35,25,34],"tags":[],"class_list":["post-1439","post","type-post","status-publish","format-standard","has-post-thumbnail","hentry","category-education","category-flash","category-togo","category-une"],"yoast_head":"<!-- This site is optimized with the Yoast SEO plugin v26.4 - https:\/\/yoast.com\/wordpress\/plugins\/seo\/ -->\n<title>IAEC-ILCI: Un campus universitaire d\u00e8s la rentr\u00e9e 2020 - 228 News<\/title>\n<meta name=\"robots\" content=\"index, follow, max-snippet:-1, max-image-preview:large, max-video-preview:-1\" \/>\n<link rel=\"canonical\" href=\"https:\/\/228news.tg\/index.php\/2018\/05\/18\/iaec-ilci-un-campus-universitaire-des-la-rentree-2020\/\" \/>\n<meta property=\"og:locale\" content=\"fr_FR\" \/>\n<meta property=\"og:type\" content=\"article\" \/>\n<meta property=\"og:title\" content=\"IAEC-ILCI: Un campus universitaire d\u00e8s la rentr\u00e9e 2020 - 228 News\" \/>\n<meta property=\"og:description\" content=\"\u00a9228news (Lom\u00e9, le 17 mai 2018) \u2013 Le Groupe BK Universit\u00e9 a paraph\u00e9 une nouvelle convention de partenariat ce jeudi 17 mai 2018 \u00e0 son si\u00e8ge. L&rsquo;heureux partenaire cette fois ci est\u00a0l\u2019ILCI Business School (France) avec lequel BK Universit\u00e9 de Bassabi Kagbara entend mutuellement mettre en place \u00e0 travers cet accord, des grandes lignes de ... Lire la suite\" \/>\n<meta property=\"og:url\" content=\"https:\/\/228news.tg\/index.php\/2018\/05\/18\/iaec-ilci-un-campus-universitaire-des-la-rentree-2020\/\" \/>\n<meta property=\"og:site_name\" content=\"228 News\" \/>\n<meta property=\"article:published_time\" content=\"2018-05-18T00:00:00+00:00\" \/>\n<meta property=\"article:modified_time\" content=\"2024-09-09T14:05:23+00:00\" \/>\n<meta property=\"og:image\" content=\"https:\/\/228news.tg\/wp-content\/uploads\/2024\/09\/2e8bf75bc7e3437735a52c0ba63896c0.jpg\" \/>\n\t<meta property=\"og:image:width\" content=\"800\" \/>\n\t<meta property=\"og:image:height\" content=\"534\" \/>\n\t<meta property=\"og:image:type\" content=\"image\/jpeg\" \/>\n<meta name=\"author\" content=\"Bienvenu SAVI\" \/>\n<meta name=\"twitter:card\" content=\"summary_large_image\" \/>\n<meta name=\"twitter:label1\" content=\"\u00c9crit par\" \/>\n\t<meta name=\"twitter:data1\" content=\"Bienvenu SAVI\" \/>\n\t<meta name=\"twitter:label2\" content=\"Dur\u00e9e de lecture estim\u00e9e\" \/>\n\t<meta name=\"twitter:data2\" content=\"2 minutes\" \/>\n<script type=\"application\/ld+json\" class=\"yoast-schema-graph\">{\"@context\":\"https:\/\/schema.org\",\"@graph\":[{\"@type\":\"Article\",\"@id\":\"https:\/\/228news.tg\/index.php\/2018\/05\/18\/iaec-ilci-un-campus-universitaire-des-la-rentree-2020\/#article\",\"isPartOf\":{\"@id\":\"https:\/\/228news.tg\/index.php\/2018\/05\/18\/iaec-ilci-un-campus-universitaire-des-la-rentree-2020\/\"},\"author\":{\"name\":\"Bienvenu SAVI\",\"@id\":\"https:\/\/228news.tg\/#\/schema\/person\/68d5a6cc0230290e61235c8379523f52\"},\"headline\":\"IAEC-ILCI: Un campus universitaire d\u00e8s la rentr\u00e9e 2020\",\"datePublished\":\"2018-05-18T00:00:00+00:00\",\"dateModified\":\"2024-09-09T14:05:23+00:00\",\"mainEntityOfPage\":{\"@id\":\"https:\/\/228news.tg\/index.php\/2018\/05\/18\/iaec-ilci-un-campus-universitaire-des-la-rentree-2020\/\"},\"wordCount\":374,\"commentCount\":0,\"publisher\":{\"@id\":\"https:\/\/228news.tg\/#organization\"},\"image\":{\"@id\":\"https:\/\/228news.tg\/index.php\/2018\/05\/18\/iaec-ilci-un-campus-universitaire-des-la-rentree-2020\/#primaryimage\"},\"thumbnailUrl\":\"https:\/\/228news.tg\/wp-content\/uploads\/2024\/09\/2e8bf75bc7e3437735a52c0ba63896c0.jpg\",\"articleSection\":[\"EDUCATION\",\"Flash\",\"TOGO\",\"Une\"],\"inLanguage\":\"fr-FR\",\"potentialAction\":[{\"@type\":\"CommentAction\",\"name\":\"Comment\",\"target\":[\"https:\/\/228news.tg\/index.php\/2018\/05\/18\/iaec-ilci-un-campus-universitaire-des-la-rentree-2020\/#respond\"]}]},{\"@type\":\"WebPage\",\"@id\":\"https:\/\/228news.tg\/index.php\/2018\/05\/18\/iaec-ilci-un-campus-universitaire-des-la-rentree-2020\/\",\"url\":\"https:\/\/228news.tg\/index.php\/2018\/05\/18\/iaec-ilci-un-campus-universitaire-des-la-rentree-2020\/\",\"name\":\"IAEC-ILCI: Un campus universitaire d\u00e8s la rentr\u00e9e 2020 - 228 News\",\"isPartOf\":{\"@id\":\"https:\/\/228news.tg\/#website\"},\"primaryImageOfPage\":{\"@id\":\"https:\/\/228news.tg\/index.php\/2018\/05\/18\/iaec-ilci-un-campus-universitaire-des-la-rentree-2020\/#primaryimage\"},\"image\":{\"@id\":\"https:\/\/228news.tg\/index.php\/2018\/05\/18\/iaec-ilci-un-campus-universitaire-des-la-rentree-2020\/#primaryimage\"},\"thumbnailUrl\":\"https:\/\/228news.tg\/wp-content\/uploads\/2024\/09\/2e8bf75bc7e3437735a52c0ba63896c0.jpg\",\"datePublished\":\"2018-05-18T00:00:00+00:00\",\"dateModified\":\"2024-09-09T14:05:23+00:00\",\"breadcrumb\":{\"@id\":\"https:\/\/228news.tg\/index.php\/2018\/05\/18\/iaec-ilci-un-campus-universitaire-des-la-rentree-2020\/#breadcrumb\"},\"inLanguage\":\"fr-FR\",\"potentialAction\":[{\"@type\":\"ReadAction\",\"target\":[\"https:\/\/228news.tg\/index.php\/2018\/05\/18\/iaec-ilci-un-campus-universitaire-des-la-rentree-2020\/\"]}]},{\"@type\":\"ImageObject\",\"inLanguage\":\"fr-FR\",\"@id\":\"https:\/\/228news.tg\/index.php\/2018\/05\/18\/iaec-ilci-un-campus-universitaire-des-la-rentree-2020\/#primaryimage\",\"url\":\"https:\/\/228news.tg\/wp-content\/uploads\/2024\/09\/2e8bf75bc7e3437735a52c0ba63896c0.jpg\",\"contentUrl\":\"https:\/\/228news.tg\/wp-content\/uploads\/2024\/09\/2e8bf75bc7e3437735a52c0ba63896c0.jpg\",\"width\":800,\"height\":534},{\"@type\":\"BreadcrumbList\",\"@id\":\"https:\/\/228news.tg\/index.php\/2018\/05\/18\/iaec-ilci-un-campus-universitaire-des-la-rentree-2020\/#breadcrumb\",\"itemListElement\":[{\"@type\":\"ListItem\",\"position\":1,\"name\":\"Home\",\"item\":\"https:\/\/228news.tg\/\"},{\"@type\":\"ListItem\",\"position\":2,\"name\":\"IAEC-ILCI: Un campus universitaire d\u00e8s la rentr\u00e9e 2020\"}]},{\"@type\":\"WebSite\",\"@id\":\"https:\/\/228news.tg\/#website\",\"url\":\"https:\/\/228news.tg\/\",\"name\":\"228 News\",\"description\":\"Soci\u00e9t\u00e9 de m\u00e9dias et d\u2019actualit\u00e9s\",\"publisher\":{\"@id\":\"https:\/\/228news.tg\/#organization\"},\"potentialAction\":[{\"@type\":\"SearchAction\",\"target\":{\"@type\":\"EntryPoint\",\"urlTemplate\":\"https:\/\/228news.tg\/?s={search_term_string}\"},\"query-input\":{\"@type\":\"PropertyValueSpecification\",\"valueRequired\":true,\"valueName\":\"search_term_string\"}}],\"inLanguage\":\"fr-FR\"},{\"@type\":\"Organization\",\"@id\":\"https:\/\/228news.tg\/#organization\",\"name\":\"228 News\",\"url\":\"https:\/\/228news.tg\/\",\"logo\":{\"@type\":\"ImageObject\",\"inLanguage\":\"fr-FR\",\"@id\":\"https:\/\/228news.tg\/#\/schema\/logo\/image\/\",\"url\":\"https:\/\/228news.tg\/wp-content\/uploads\/2024\/09\/logonew.png\",\"contentUrl\":\"https:\/\/228news.tg\/wp-content\/uploads\/2024\/09\/logonew.png\",\"width\":1640,\"height\":364,\"caption\":\"228 News\"},\"image\":{\"@id\":\"https:\/\/228news.tg\/#\/schema\/logo\/image\/\"}},{\"@type\":\"Person\",\"@id\":\"https:\/\/228news.tg\/#\/schema\/person\/68d5a6cc0230290e61235c8379523f52\",\"name\":\"Bienvenu SAVI\",\"image\":{\"@type\":\"ImageObject\",\"inLanguage\":\"fr-FR\",\"@id\":\"https:\/\/228news.tg\/#\/schema\/person\/image\/\",\"url\":\"https:\/\/secure.gravatar.com\/avatar\/9db91895c559e510509c33a3e9683998458e9b828fac36d5d1aa23f0f2fd369b?s=96&d=mm&r=g\",\"contentUrl\":\"https:\/\/secure.gravatar.com\/avatar\/9db91895c559e510509c33a3e9683998458e9b828fac36d5d1aa23f0f2fd369b?s=96&d=mm&r=g\",\"caption\":\"Bienvenu SAVI\"},\"url\":\"https:\/\/228news.tg\/index.php\/author\/bienvenu\/\"}]}<\/script>\n<!-- \/ Yoast SEO plugin. -->","yoast_head_json":{"title":"IAEC-ILCI: Un campus universitaire d\u00e8s la rentr\u00e9e 2020 - 228 News","robots":{"index":"index","follow":"follow","max-snippet":"max-snippet:-1","max-image-preview":"max-image-preview:large","max-video-preview":"max-video-preview:-1"},"canonical":"https:\/\/228news.tg\/index.php\/2018\/05\/18\/iaec-ilci-un-campus-universitaire-des-la-rentree-2020\/","og_locale":"fr_FR","og_type":"article","og_title":"IAEC-ILCI: Un campus universitaire d\u00e8s la rentr\u00e9e 2020 - 228 News","og_description":"\u00a9228news (Lom\u00e9, le 17 mai 2018) \u2013 Le Groupe BK Universit\u00e9 a paraph\u00e9 une nouvelle convention de partenariat ce jeudi 17 mai 2018 \u00e0 son si\u00e8ge. L&rsquo;heureux partenaire cette fois ci est\u00a0l\u2019ILCI Business School (France) avec lequel BK Universit\u00e9 de Bassabi Kagbara entend mutuellement mettre en place \u00e0 travers cet accord, des grandes lignes de ... Lire la suite","og_url":"https:\/\/228news.tg\/index.php\/2018\/05\/18\/iaec-ilci-un-campus-universitaire-des-la-rentree-2020\/","og_site_name":"228 News","article_published_time":"2018-05-18T00:00:00+00:00","article_modified_time":"2024-09-09T14:05:23+00:00","og_image":[{"width":800,"height":534,"url":"https:\/\/228news.tg\/wp-content\/uploads\/2024\/09\/2e8bf75bc7e3437735a52c0ba63896c0.jpg","type":"image\/jpeg"}],"author":"Bienvenu SAVI","twitter_card":"summary_large_image","twitter_misc":{"\u00c9crit par":"Bienvenu SAVI","Dur\u00e9e de lecture estim\u00e9e":"2 minutes"},"schema":{"@context":"https:\/\/schema.org","@graph":[{"@type":"Article","@id":"https:\/\/228news.tg\/index.php\/2018\/05\/18\/iaec-ilci-un-campus-universitaire-des-la-rentree-2020\/#article","isPartOf":{"@id":"https:\/\/228news.tg\/index.php\/2018\/05\/18\/iaec-ilci-un-campus-universitaire-des-la-rentree-2020\/"},"author":{"name":"Bienvenu SAVI","@id":"https:\/\/228news.tg\/#\/schema\/person\/68d5a6cc0230290e61235c8379523f52"},"headline":"IAEC-ILCI: Un campus universitaire d\u00e8s la rentr\u00e9e 2020","datePublished":"2018-05-18T00:00:00+00:00","dateModified":"2024-09-09T14:05:23+00:00","mainEntityOfPage":{"@id":"https:\/\/228news.tg\/index.php\/2018\/05\/18\/iaec-ilci-un-campus-universitaire-des-la-rentree-2020\/"},"wordCount":374,"commentCount":0,"publisher":{"@id":"https:\/\/228news.tg\/#organization"},"image":{"@id":"https:\/\/228news.tg\/index.php\/2018\/05\/18\/iaec-ilci-un-campus-universitaire-des-la-rentree-2020\/#primaryimage"},"thumbnailUrl":"https:\/\/228news.tg\/wp-content\/uploads\/2024\/09\/2e8bf75bc7e3437735a52c0ba63896c0.jpg","articleSection":["EDUCATION","Flash","TOGO","Une"],"inLanguage":"fr-FR","potentialAction":[{"@type":"CommentAction","name":"Comment","target":["https:\/\/228news.tg\/index.php\/2018\/05\/18\/iaec-ilci-un-campus-universitaire-des-la-rentree-2020\/#respond"]}]},{"@type":"WebPage","@id":"https:\/\/228news.tg\/index.php\/2018\/05\/18\/iaec-ilci-un-campus-universitaire-des-la-rentree-2020\/","url":"https:\/\/228news.tg\/index.php\/2018\/05\/18\/iaec-ilci-un-campus-universitaire-des-la-rentree-2020\/","name":"IAEC-ILCI: Un campus universitaire d\u00e8s la rentr\u00e9e 2020 - 228 News","isPartOf":{"@id":"https:\/\/228news.tg\/#website"},"primaryImageOfPage":{"@id":"https:\/\/228news.tg\/index.php\/2018\/05\/18\/iaec-ilci-un-campus-universitaire-des-la-rentree-2020\/#primaryimage"},"image":{"@id":"https:\/\/228news.tg\/index.php\/2018\/05\/18\/iaec-ilci-un-campus-universitaire-des-la-rentree-2020\/#primaryimage"},"thumbnailUrl":"https:\/\/228news.tg\/wp-content\/uploads\/2024\/09\/2e8bf75bc7e3437735a52c0ba63896c0.jpg","datePublished":"2018-05-18T00:00:00+00:00","dateModified":"2024-09-09T14:05:23+00:00","breadcrumb":{"@id":"https:\/\/228news.tg\/index.php\/2018\/05\/18\/iaec-ilci-un-campus-universitaire-des-la-rentree-2020\/#breadcrumb"},"inLanguage":"fr-FR","potentialAction":[{"@type":"ReadAction","target":["https:\/\/228news.tg\/index.php\/2018\/05\/18\/iaec-ilci-un-campus-universitaire-des-la-rentree-2020\/"]}]},{"@type":"ImageObject","inLanguage":"fr-FR","@id":"https:\/\/228news.tg\/index.php\/2018\/05\/18\/iaec-ilci-un-campus-universitaire-des-la-rentree-2020\/#primaryimage","url":"https:\/\/228news.tg\/wp-content\/uploads\/2024\/09\/2e8bf75bc7e3437735a52c0ba63896c0.jpg","contentUrl":"https:\/\/228news.tg\/wp-content\/uploads\/2024\/09\/2e8bf75bc7e3437735a52c0ba63896c0.jpg","width":800,"height":534},{"@type":"BreadcrumbList","@id":"https:\/\/228news.tg\/index.php\/2018\/05\/18\/iaec-ilci-un-campus-universitaire-des-la-rentree-2020\/#breadcrumb","itemListElement":[{"@type":"ListItem","position":1,"name":"Home","item":"https:\/\/228news.tg\/"},{"@type":"ListItem","position":2,"name":"IAEC-ILCI: Un campus universitaire d\u00e8s la rentr\u00e9e 2020"}]},{"@type":"WebSite","@id":"https:\/\/228news.tg\/#website","url":"https:\/\/228news.tg\/","name":"228 News","description":"Soci\u00e9t\u00e9 de m\u00e9dias et d\u2019actualit\u00e9s","publisher":{"@id":"https:\/\/228news.tg\/#organization"},"potentialAction":[{"@type":"SearchAction","target":{"@type":"EntryPoint","urlTemplate":"https:\/\/228news.tg\/?s={search_term_string}"},"query-input":{"@type":"PropertyValueSpecification","valueRequired":true,"valueName":"search_term_string"}}],"inLanguage":"fr-FR"},{"@type":"Organization","@id":"https:\/\/228news.tg\/#organization","name":"228 News","url":"https:\/\/228news.tg\/","logo":{"@type":"ImageObject","inLanguage":"fr-FR","@id":"https:\/\/228news.tg\/#\/schema\/logo\/image\/","url":"https:\/\/228news.tg\/wp-content\/uploads\/2024\/09\/logonew.png","contentUrl":"https:\/\/228news.tg\/wp-content\/uploads\/2024\/09\/logonew.png","width":1640,"height":364,"caption":"228 News"},"image":{"@id":"https:\/\/228news.tg\/#\/schema\/logo\/image\/"}},{"@type":"Person","@id":"https:\/\/228news.tg\/#\/schema\/person\/68d5a6cc0230290e61235c8379523f52","name":"Bienvenu SAVI","image":{"@type":"ImageObject","inLanguage":"fr-FR","@id":"https:\/\/228news.tg\/#\/schema\/person\/image\/","url":"https:\/\/secure.gravatar.com\/avatar\/9db91895c559e510509c33a3e9683998458e9b828fac36d5d1aa23f0f2fd369b?s=96&d=mm&r=g","contentUrl":"https:\/\/secure.gravatar.com\/avatar\/9db91895c559e510509c33a3e9683998458e9b828fac36d5d1aa23f0f2fd369b?s=96&d=mm&r=g","caption":"Bienvenu SAVI"},"url":"https:\/\/228news.tg\/index.php\/author\/bienvenu\/"}]}},"jetpack_featured_media_url":"https:\/\/228news.tg\/wp-content\/uploads\/2024\/09\/2e8bf75bc7e3437735a52c0ba63896c0.jpg","_links":{"self":[{"href":"https:\/\/228news.tg\/index.php\/wp-json\/wp\/v2\/posts\/1439","targetHints":{"allow":["GET"]}}],"collection":[{"href":"https:\/\/228news.tg\/index.php\/wp-json\/wp\/v2\/posts"}],"about":[{"href":"https:\/\/228news.tg\/index.php\/wp-json\/wp\/v2\/types\/post"}],"author":[{"embeddable":true,"href":"https:\/\/228news.tg\/index.php\/wp-json\/wp\/v2\/users\/2"}],"replies":[{"embeddable":true,"href":"https:\/\/228news.tg\/index.php\/wp-json\/wp\/v2\/comments?post=1439"}],"version-history":[{"count":1,"href":"https:\/\/228news.tg\/index.php\/wp-json\/wp\/v2\/posts\/1439\/revisions"}],"predecessor-version":[{"id":1441,"href":"https:\/\/228news.tg\/index.php\/wp-json\/wp\/v2\/posts\/1439\/revisions\/1441"}],"wp:featuredmedia":[{"embeddable":true,"href":"https:\/\/228news.tg\/index.php\/wp-json\/wp\/v2\/media\/1442"}],"wp:attachment":[{"href":"https:\/\/228news.tg\/index.php\/wp-json\/wp\/v2\/media?parent=1439"}],"wp:term":[{"taxonomy":"category","embeddable":true,"href":"https:\/\/228news.tg\/index.php\/wp-json\/wp\/v2\/categories?post=1439"},{"taxonomy":"post_tag","embeddable":true,"href":"https:\/\/228news.tg\/index.php\/wp-json\/wp\/v2\/tags?post=1439"}],"curies":[{"name":"wp","href":"https:\/\/api.w.org\/{rel}","templated":true}]}}