{"id":14367,"date":"2018-02-07T09:04:50","date_gmt":"2018-02-07T09:04:50","guid":{"rendered":"http:\/\/localhost\/site\/228news\/?p=2333"},"modified":"2018-02-07T09:04:50","modified_gmt":"2018-02-07T09:04:50","slug":"des-lauriers-pour-des-journalistes-dimpact-au-togo-2","status":"publish","type":"post","link":"https:\/\/228news.tg\/index.php\/2018\/02\/07\/des-lauriers-pour-des-journalistes-dimpact-au-togo-2\/","title":{"rendered":"Des lauriers pour des journalistes d\u2019impact au Togo"},"content":{"rendered":"<p>Le prix \u00ab\u00a0Les Lauriers du Journalisme d\u2019Impact\u00a0\u00bb (LJI-Togo) a \u00e9t\u00e9 lanc\u00e9 hier dans la capitale togolaise par la cheffe de la D\u00e9l\u00e9gation de l\u2019Union Europ\u00e9enne au Togo, Mme Cristina Barreira Martins, conjointement avec les Ambassadeurs de la France, de l\u2019Allemagne et des USA au Togo, et de la directrice de l\u2019Institut des Sciences de l\u2019Information, de la Communication et des Arts (ISICA). Initiative conjointe des repr\u00e9sentations de l\u2019UE et de ces trois pays, ce concours vise \u00e0 r\u00e9compenser le meilleur travail journalistique et encourager les acteurs de la presse togolaise \u00e0 atteindre le standard international en mati\u00e8re de collecte, de traitement et de diffusion de l\u2019information.<\/p>\n<p>Pour M. David Gilmour, Ambassadeur des USA au Togo, une presse libre doit \u00eatre responsable et les USA porte un int\u00e9r\u00eat au travail des journalistes qui consacrent beaucoup de temps pour faire des recherches et transmettre au public des informations vraies et qui peuvent contribuer au d\u00e9veloppement de la soci\u00e9t\u00e9.<\/p>\n<p>Il s\u2019agit pour M. Marc Vizy, Ambassadeur de la France au Togo estime que ce concours contribuera efficacement \u00e0 promouvoir les valeurs qui puissent affermir le 4<sup>\u00e8me<\/sup> pouvoir. Pour sa part, M. Christoph Sander, Ambassadeur de l\u2019Allemagne au Togo estime.<\/p>\n<p>\u00ab\u00a0Malgr\u00e9 le peu de ressources documentaires, professionnelles, humaines et financi\u00e8res dont ils disposent, les hommes de m\u00e9dias encourent diverses sortes de risques pour mener un travail en profondeur sur plusieurs th\u00e9matiques d\u2019int\u00e9r\u00eat national et global, et en publient le r\u00e9sultat dans le but d\u2019\u00e9duquer et d\u2019informer l\u2019opinion nationale et internationale. Nous avons mis en place ce concours annuel r\u00e9compensant le meilleur travail journalistique au Togo, avec l\u2019espoir qu\u2019il incitera les journalistes \u00e0 un saut vers la qualit\u00e9 professionnelle et le respect de toutes les normes qu\u2019exige l\u2019exercice du 4<sup>\u00e8me<\/sup> pouvoir\u00a0\u00bb, a pour finir d\u00e9clar\u00e9 la cheffe de la D\u00e9l\u00e9gation de l\u2019UE au Togo.<\/p>\n<p>Le concours proprement dit est ouvert \u00e0 tous les journalistes togolais ayant au moins 18 ans, exer\u00e7ant depuis plus de deux ans et jouissant d\u2019une probit\u00e9 morale. Il porte sur des productions publi\u00e9es ou diffus\u00e9es dans la presse pour la premi\u00e8re fois entre le 1<sup>er<\/sup> f\u00e9vrier 2017 et le 1<sup>er<\/sup> f\u00e9vrier 2018. Trois cat\u00e9gories de journalistes seront r\u00e9compens\u00e9es. Il s\u2019agit de la presse \u00e9crite et de la presse en ligne, de la radiodiffusion, et de la t\u00e9l\u00e9vision.<\/p>\n<p>Les productions peuvent \u00eatre issues de tous les genres majeurs comme le reportage, l\u2019interview de presse, le portrait, le dossier, l\u2019enqu\u00eate journalistique, le r\u00e9sum\u00e9 de rapport ou l\u2019article d\u2019analyse contradictoire. Elle doit traiter l\u2019un des cinq th\u00e8mes choisis par un jury de professionnels ind\u00e9pendants suivants\u00a0: le d\u00e9veloppement et la r\u00e9duction de la pauvret\u00e9, la bonne gouvernance financi\u00e8re, la sant\u00e9 et l\u2019\u00e9ducation, la protection de l\u2019environnement, et enfin la d\u00e9mocratie et l\u2019Etat de droit.<\/p>\n<p>Les productions doivent \u00eatre soumises entre le 10 f\u00e9vrier et le 10 mars prochains sur le site du concours (<a href=\"http:\/\/www.lji-togo.com\">www.lji-togo.com<\/a>). Les r\u00e9sultats seront connus \u00e0 l\u2019occasion d\u2019une solennelle c\u00e9r\u00e9monie de remise des prix le 03 mai prochain, journ\u00e9e de la libert\u00e9 de la presse ou d\u2019une date proche qui sera connu. Nombreux prix attendent les hommes de m\u00e9dias, notamment des s\u00e9jours professionnels aux USA ou en Europe.<\/p>\n<p><strong>D\u00e9mocrate<\/strong><\/p>\n","protected":false},"excerpt":{"rendered":"<p>Le prix \u00ab\u00a0Les Lauriers du Journalisme d\u2019Impact\u00a0\u00bb (LJI-Togo) a \u00e9t\u00e9 lanc\u00e9 hier dans la capitale togolaise par la cheffe de la D\u00e9l\u00e9gation de l\u2019Union Europ\u00e9enne au Togo, Mme Cristina Barreira Martins, conjointement avec les Ambassadeurs de la France, de l\u2019Allemagne et des USA au Togo, et de la directrice de l\u2019Institut des Sciences de l\u2019Information, &#8230; <a title=\"Des lauriers pour des journalistes d\u2019impact au Togo\" class=\"read-more\" href=\"https:\/\/228news.tg\/index.php\/2018\/02\/07\/des-lauriers-pour-des-journalistes-dimpact-au-togo-2\/\" aria-label=\"En savoir plus sur Des lauriers pour des journalistes d\u2019impact au Togo\">Lire la suite<\/a><\/p>\n","protected":false},"author":2,"featured_media":2334,"comment_status":"open","ping_status":"open","sticky":false,"template":"","format":"chat","meta":{"footnotes":""},"categories":[31,35,25,34],"tags":[],"class_list":["post-14367","post","type-post","status-publish","format-chat","has-post-thumbnail","hentry","category-developpement","category-flash","category-togo","category-une","post_format-post-format-chat"],"yoast_head":"<!-- This site is optimized with the Yoast SEO plugin v26.4 - https:\/\/yoast.com\/wordpress\/plugins\/seo\/ -->\n<title>Des lauriers pour des journalistes d\u2019impact au Togo - 228 News<\/title>\n<meta name=\"robots\" content=\"index, follow, max-snippet:-1, max-image-preview:large, max-video-preview:-1\" \/>\n<link rel=\"canonical\" href=\"https:\/\/228news.tg\/index.php\/2018\/02\/07\/des-lauriers-pour-des-journalistes-dimpact-au-togo-2\/\" \/>\n<meta property=\"og:locale\" content=\"fr_FR\" \/>\n<meta property=\"og:type\" content=\"article\" \/>\n<meta property=\"og:title\" content=\"Des lauriers pour des journalistes d\u2019impact au Togo - 228 News\" \/>\n<meta property=\"og:description\" content=\"Le prix \u00ab\u00a0Les Lauriers du Journalisme d\u2019Impact\u00a0\u00bb (LJI-Togo) a \u00e9t\u00e9 lanc\u00e9 hier dans la capitale togolaise par la cheffe de la D\u00e9l\u00e9gation de l\u2019Union Europ\u00e9enne au Togo, Mme Cristina Barreira Martins, conjointement avec les Ambassadeurs de la France, de l\u2019Allemagne et des USA au Togo, et de la directrice de l\u2019Institut des Sciences de l\u2019Information, ... Lire la suite\" \/>\n<meta property=\"og:url\" content=\"https:\/\/228news.tg\/index.php\/2018\/02\/07\/des-lauriers-pour-des-journalistes-dimpact-au-togo-2\/\" \/>\n<meta property=\"og:site_name\" content=\"228 News\" \/>\n<meta property=\"article:published_time\" content=\"2018-02-07T09:04:50+00:00\" \/>\n<meta name=\"author\" content=\"Bienvenu SAVI\" \/>\n<meta name=\"twitter:card\" content=\"summary_large_image\" \/>\n<meta name=\"twitter:label1\" content=\"\u00c9crit par\" \/>\n\t<meta name=\"twitter:data1\" content=\"Bienvenu SAVI\" \/>\n\t<meta name=\"twitter:label2\" content=\"Dur\u00e9e de lecture estim\u00e9e\" \/>\n\t<meta name=\"twitter:data2\" content=\"3 minutes\" \/>\n<script type=\"application\/ld+json\" class=\"yoast-schema-graph\">{\"@context\":\"https:\/\/schema.org\",\"@graph\":[{\"@type\":\"Article\",\"@id\":\"https:\/\/228news.tg\/index.php\/2018\/02\/07\/des-lauriers-pour-des-journalistes-dimpact-au-togo-2\/#article\",\"isPartOf\":{\"@id\":\"https:\/\/228news.tg\/index.php\/2018\/02\/07\/des-lauriers-pour-des-journalistes-dimpact-au-togo-2\/\"},\"author\":{\"name\":\"Bienvenu SAVI\",\"@id\":\"https:\/\/228news.tg\/#\/schema\/person\/68d5a6cc0230290e61235c8379523f52\"},\"headline\":\"Des lauriers pour des journalistes d\u2019impact au Togo\",\"datePublished\":\"2018-02-07T09:04:50+00:00\",\"mainEntityOfPage\":{\"@id\":\"https:\/\/228news.tg\/index.php\/2018\/02\/07\/des-lauriers-pour-des-journalistes-dimpact-au-togo-2\/\"},\"wordCount\":594,\"commentCount\":0,\"publisher\":{\"@id\":\"https:\/\/228news.tg\/#organization\"},\"image\":{\"@id\":\"https:\/\/228news.tg\/index.php\/2018\/02\/07\/des-lauriers-pour-des-journalistes-dimpact-au-togo-2\/#primaryimage\"},\"thumbnailUrl\":\"\",\"articleSection\":[\"DEVELOPPEMENT\",\"Flash\",\"TOGO\",\"Une\"],\"inLanguage\":\"fr-FR\",\"potentialAction\":[{\"@type\":\"CommentAction\",\"name\":\"Comment\",\"target\":[\"https:\/\/228news.tg\/index.php\/2018\/02\/07\/des-lauriers-pour-des-journalistes-dimpact-au-togo-2\/#respond\"]}]},{\"@type\":\"WebPage\",\"@id\":\"https:\/\/228news.tg\/index.php\/2018\/02\/07\/des-lauriers-pour-des-journalistes-dimpact-au-togo-2\/\",\"url\":\"https:\/\/228news.tg\/index.php\/2018\/02\/07\/des-lauriers-pour-des-journalistes-dimpact-au-togo-2\/\",\"name\":\"Des lauriers pour des journalistes d\u2019impact au Togo - 228 News\",\"isPartOf\":{\"@id\":\"https:\/\/228news.tg\/#website\"},\"primaryImageOfPage\":{\"@id\":\"https:\/\/228news.tg\/index.php\/2018\/02\/07\/des-lauriers-pour-des-journalistes-dimpact-au-togo-2\/#primaryimage\"},\"image\":{\"@id\":\"https:\/\/228news.tg\/index.php\/2018\/02\/07\/des-lauriers-pour-des-journalistes-dimpact-au-togo-2\/#primaryimage\"},\"thumbnailUrl\":\"\",\"datePublished\":\"2018-02-07T09:04:50+00:00\",\"breadcrumb\":{\"@id\":\"https:\/\/228news.tg\/index.php\/2018\/02\/07\/des-lauriers-pour-des-journalistes-dimpact-au-togo-2\/#breadcrumb\"},\"inLanguage\":\"fr-FR\",\"potentialAction\":[{\"@type\":\"ReadAction\",\"target\":[\"https:\/\/228news.tg\/index.php\/2018\/02\/07\/des-lauriers-pour-des-journalistes-dimpact-au-togo-2\/\"]}]},{\"@type\":\"ImageObject\",\"inLanguage\":\"fr-FR\",\"@id\":\"https:\/\/228news.tg\/index.php\/2018\/02\/07\/des-lauriers-pour-des-journalistes-dimpact-au-togo-2\/#primaryimage\",\"url\":\"\",\"contentUrl\":\"\"},{\"@type\":\"BreadcrumbList\",\"@id\":\"https:\/\/228news.tg\/index.php\/2018\/02\/07\/des-lauriers-pour-des-journalistes-dimpact-au-togo-2\/#breadcrumb\",\"itemListElement\":[{\"@type\":\"ListItem\",\"position\":1,\"name\":\"Home\",\"item\":\"https:\/\/228news.tg\/\"},{\"@type\":\"ListItem\",\"position\":2,\"name\":\"Des lauriers pour des journalistes d\u2019impact au Togo\"}]},{\"@type\":\"WebSite\",\"@id\":\"https:\/\/228news.tg\/#website\",\"url\":\"https:\/\/228news.tg\/\",\"name\":\"228 News\",\"description\":\"Soci\u00e9t\u00e9 de m\u00e9dias et d\u2019actualit\u00e9s\",\"publisher\":{\"@id\":\"https:\/\/228news.tg\/#organization\"},\"potentialAction\":[{\"@type\":\"SearchAction\",\"target\":{\"@type\":\"EntryPoint\",\"urlTemplate\":\"https:\/\/228news.tg\/?s={search_term_string}\"},\"query-input\":{\"@type\":\"PropertyValueSpecification\",\"valueRequired\":true,\"valueName\":\"search_term_string\"}}],\"inLanguage\":\"fr-FR\"},{\"@type\":\"Organization\",\"@id\":\"https:\/\/228news.tg\/#organization\",\"name\":\"228 News\",\"url\":\"https:\/\/228news.tg\/\",\"logo\":{\"@type\":\"ImageObject\",\"inLanguage\":\"fr-FR\",\"@id\":\"https:\/\/228news.tg\/#\/schema\/logo\/image\/\",\"url\":\"https:\/\/228news.tg\/wp-content\/uploads\/2024\/09\/logonew.png\",\"contentUrl\":\"https:\/\/228news.tg\/wp-content\/uploads\/2024\/09\/logonew.png\",\"width\":1640,\"height\":364,\"caption\":\"228 News\"},\"image\":{\"@id\":\"https:\/\/228news.tg\/#\/schema\/logo\/image\/\"}},{\"@type\":\"Person\",\"@id\":\"https:\/\/228news.tg\/#\/schema\/person\/68d5a6cc0230290e61235c8379523f52\",\"name\":\"Bienvenu SAVI\",\"image\":{\"@type\":\"ImageObject\",\"inLanguage\":\"fr-FR\",\"@id\":\"https:\/\/228news.tg\/#\/schema\/person\/image\/\",\"url\":\"https:\/\/secure.gravatar.com\/avatar\/9db91895c559e510509c33a3e9683998458e9b828fac36d5d1aa23f0f2fd369b?s=96&d=mm&r=g\",\"contentUrl\":\"https:\/\/secure.gravatar.com\/avatar\/9db91895c559e510509c33a3e9683998458e9b828fac36d5d1aa23f0f2fd369b?s=96&d=mm&r=g\",\"caption\":\"Bienvenu SAVI\"},\"url\":\"https:\/\/228news.tg\/index.php\/author\/bienvenu\/\"}]}<\/script>\n<!-- \/ Yoast SEO plugin. -->","yoast_head_json":{"title":"Des lauriers pour des journalistes d\u2019impact au Togo - 228 News","robots":{"index":"index","follow":"follow","max-snippet":"max-snippet:-1","max-image-preview":"max-image-preview:large","max-video-preview":"max-video-preview:-1"},"canonical":"https:\/\/228news.tg\/index.php\/2018\/02\/07\/des-lauriers-pour-des-journalistes-dimpact-au-togo-2\/","og_locale":"fr_FR","og_type":"article","og_title":"Des lauriers pour des journalistes d\u2019impact au Togo - 228 News","og_description":"Le prix \u00ab\u00a0Les Lauriers du Journalisme d\u2019Impact\u00a0\u00bb (LJI-Togo) a \u00e9t\u00e9 lanc\u00e9 hier dans la capitale togolaise par la cheffe de la D\u00e9l\u00e9gation de l\u2019Union Europ\u00e9enne au Togo, Mme Cristina Barreira Martins, conjointement avec les Ambassadeurs de la France, de l\u2019Allemagne et des USA au Togo, et de la directrice de l\u2019Institut des Sciences de l\u2019Information, ... Lire la suite","og_url":"https:\/\/228news.tg\/index.php\/2018\/02\/07\/des-lauriers-pour-des-journalistes-dimpact-au-togo-2\/","og_site_name":"228 News","article_published_time":"2018-02-07T09:04:50+00:00","author":"Bienvenu SAVI","twitter_card":"summary_large_image","twitter_misc":{"\u00c9crit par":"Bienvenu SAVI","Dur\u00e9e de lecture estim\u00e9e":"3 minutes"},"schema":{"@context":"https:\/\/schema.org","@graph":[{"@type":"Article","@id":"https:\/\/228news.tg\/index.php\/2018\/02\/07\/des-lauriers-pour-des-journalistes-dimpact-au-togo-2\/#article","isPartOf":{"@id":"https:\/\/228news.tg\/index.php\/2018\/02\/07\/des-lauriers-pour-des-journalistes-dimpact-au-togo-2\/"},"author":{"name":"Bienvenu SAVI","@id":"https:\/\/228news.tg\/#\/schema\/person\/68d5a6cc0230290e61235c8379523f52"},"headline":"Des lauriers pour des journalistes d\u2019impact au Togo","datePublished":"2018-02-07T09:04:50+00:00","mainEntityOfPage":{"@id":"https:\/\/228news.tg\/index.php\/2018\/02\/07\/des-lauriers-pour-des-journalistes-dimpact-au-togo-2\/"},"wordCount":594,"commentCount":0,"publisher":{"@id":"https:\/\/228news.tg\/#organization"},"image":{"@id":"https:\/\/228news.tg\/index.php\/2018\/02\/07\/des-lauriers-pour-des-journalistes-dimpact-au-togo-2\/#primaryimage"},"thumbnailUrl":"","articleSection":["DEVELOPPEMENT","Flash","TOGO","Une"],"inLanguage":"fr-FR","potentialAction":[{"@type":"CommentAction","name":"Comment","target":["https:\/\/228news.tg\/index.php\/2018\/02\/07\/des-lauriers-pour-des-journalistes-dimpact-au-togo-2\/#respond"]}]},{"@type":"WebPage","@id":"https:\/\/228news.tg\/index.php\/2018\/02\/07\/des-lauriers-pour-des-journalistes-dimpact-au-togo-2\/","url":"https:\/\/228news.tg\/index.php\/2018\/02\/07\/des-lauriers-pour-des-journalistes-dimpact-au-togo-2\/","name":"Des lauriers pour des journalistes d\u2019impact au Togo - 228 News","isPartOf":{"@id":"https:\/\/228news.tg\/#website"},"primaryImageOfPage":{"@id":"https:\/\/228news.tg\/index.php\/2018\/02\/07\/des-lauriers-pour-des-journalistes-dimpact-au-togo-2\/#primaryimage"},"image":{"@id":"https:\/\/228news.tg\/index.php\/2018\/02\/07\/des-lauriers-pour-des-journalistes-dimpact-au-togo-2\/#primaryimage"},"thumbnailUrl":"","datePublished":"2018-02-07T09:04:50+00:00","breadcrumb":{"@id":"https:\/\/228news.tg\/index.php\/2018\/02\/07\/des-lauriers-pour-des-journalistes-dimpact-au-togo-2\/#breadcrumb"},"inLanguage":"fr-FR","potentialAction":[{"@type":"ReadAction","target":["https:\/\/228news.tg\/index.php\/2018\/02\/07\/des-lauriers-pour-des-journalistes-dimpact-au-togo-2\/"]}]},{"@type":"ImageObject","inLanguage":"fr-FR","@id":"https:\/\/228news.tg\/index.php\/2018\/02\/07\/des-lauriers-pour-des-journalistes-dimpact-au-togo-2\/#primaryimage","url":"","contentUrl":""},{"@type":"BreadcrumbList","@id":"https:\/\/228news.tg\/index.php\/2018\/02\/07\/des-lauriers-pour-des-journalistes-dimpact-au-togo-2\/#breadcrumb","itemListElement":[{"@type":"ListItem","position":1,"name":"Home","item":"https:\/\/228news.tg\/"},{"@type":"ListItem","position":2,"name":"Des lauriers pour des journalistes d\u2019impact au Togo"}]},{"@type":"WebSite","@id":"https:\/\/228news.tg\/#website","url":"https:\/\/228news.tg\/","name":"228 News","description":"Soci\u00e9t\u00e9 de m\u00e9dias et d\u2019actualit\u00e9s","publisher":{"@id":"https:\/\/228news.tg\/#organization"},"potentialAction":[{"@type":"SearchAction","target":{"@type":"EntryPoint","urlTemplate":"https:\/\/228news.tg\/?s={search_term_string}"},"query-input":{"@type":"PropertyValueSpecification","valueRequired":true,"valueName":"search_term_string"}}],"inLanguage":"fr-FR"},{"@type":"Organization","@id":"https:\/\/228news.tg\/#organization","name":"228 News","url":"https:\/\/228news.tg\/","logo":{"@type":"ImageObject","inLanguage":"fr-FR","@id":"https:\/\/228news.tg\/#\/schema\/logo\/image\/","url":"https:\/\/228news.tg\/wp-content\/uploads\/2024\/09\/logonew.png","contentUrl":"https:\/\/228news.tg\/wp-content\/uploads\/2024\/09\/logonew.png","width":1640,"height":364,"caption":"228 News"},"image":{"@id":"https:\/\/228news.tg\/#\/schema\/logo\/image\/"}},{"@type":"Person","@id":"https:\/\/228news.tg\/#\/schema\/person\/68d5a6cc0230290e61235c8379523f52","name":"Bienvenu SAVI","image":{"@type":"ImageObject","inLanguage":"fr-FR","@id":"https:\/\/228news.tg\/#\/schema\/person\/image\/","url":"https:\/\/secure.gravatar.com\/avatar\/9db91895c559e510509c33a3e9683998458e9b828fac36d5d1aa23f0f2fd369b?s=96&d=mm&r=g","contentUrl":"https:\/\/secure.gravatar.com\/avatar\/9db91895c559e510509c33a3e9683998458e9b828fac36d5d1aa23f0f2fd369b?s=96&d=mm&r=g","caption":"Bienvenu SAVI"},"url":"https:\/\/228news.tg\/index.php\/author\/bienvenu\/"}]}},"jetpack_featured_media_url":"","_links":{"self":[{"href":"https:\/\/228news.tg\/index.php\/wp-json\/wp\/v2\/posts\/14367","targetHints":{"allow":["GET"]}}],"collection":[{"href":"https:\/\/228news.tg\/index.php\/wp-json\/wp\/v2\/posts"}],"about":[{"href":"https:\/\/228news.tg\/index.php\/wp-json\/wp\/v2\/types\/post"}],"author":[{"embeddable":true,"href":"https:\/\/228news.tg\/index.php\/wp-json\/wp\/v2\/users\/2"}],"replies":[{"embeddable":true,"href":"https:\/\/228news.tg\/index.php\/wp-json\/wp\/v2\/comments?post=14367"}],"version-history":[{"count":0,"href":"https:\/\/228news.tg\/index.php\/wp-json\/wp\/v2\/posts\/14367\/revisions"}],"wp:featuredmedia":[{"embeddable":true,"href":"https:\/\/228news.tg\/index.php\/wp-json\/wp\/v2\/posts\/2334"}],"wp:attachment":[{"href":"https:\/\/228news.tg\/index.php\/wp-json\/wp\/v2\/media?parent=14367"}],"wp:term":[{"taxonomy":"category","embeddable":true,"href":"https:\/\/228news.tg\/index.php\/wp-json\/wp\/v2\/categories?post=14367"},{"taxonomy":"post_tag","embeddable":true,"href":"https:\/\/228news.tg\/index.php\/wp-json\/wp\/v2\/tags?post=14367"}],"curies":[{"name":"wp","href":"https:\/\/api.w.org\/{rel}","templated":true}]}}