{"id":14366,"date":"2018-02-07T08:58:17","date_gmt":"2018-02-07T08:58:17","guid":{"rendered":"http:\/\/localhost\/site\/228news\/?p=2330"},"modified":"2018-02-07T08:58:17","modified_gmt":"2018-02-07T08:58:17","slug":"prime-des-enseignants-trois-jours-de-greve-de-la-cset-2","status":"publish","type":"post","link":"https:\/\/228news.tg\/index.php\/2018\/02\/07\/prime-des-enseignants-trois-jours-de-greve-de-la-cset-2\/","title":{"rendered":"Prime des enseignants: Trois jours de gr\u00e8ve de la CSET"},"content":{"rendered":"<p>La Coordination des syndicats de l\u2019\u00e9ducation du Togo (CSET) est en gr\u00e8ve de trois jours \u00e0 compter de ce mercredi 07 f\u00e9vrier sur toute l&rsquo;\u00e9tendue du territoire national.<\/p>\n<p>Cette \u00e9ni\u00e8me gr\u00e8ve dans l&rsquo;enseignement togolais fait suite \u00e0 un pr\u00e9avis de gr\u00e8ve envoy\u00e9 au ministre des Enseignements primaire, secondaire et de la Formation professionnelle et son coll\u00e8gue de l\u2019Enseignement technique, le lundi 05 f\u00e9vrier dernier.<\/p>\n<p>La raison, la CSET\u00a0r\u00e9crimine contre la rel\u00e9gation au second plan au sein de la nouvelle commission mise en place par le gouvernement de la question des primes des enseignants, principale revendication de ces derni\u00e8res ann\u00e9es.<\/p>\n<p>Les enseignants veulent \u00eatre situ\u00e9s sur les primes qu\u2019accorderaient le gouvernement dans le nouveau statut particulier et la date fixe de l\u2019application, pr\u00e9cisait la note de pr\u00e9avis de la CSET.<\/p>\n<p><strong><em>228news<\/em><\/strong><\/p>\n","protected":false},"excerpt":{"rendered":"<p>La Coordination des syndicats de l\u2019\u00e9ducation du Togo (CSET) est en gr\u00e8ve de trois jours \u00e0 compter de ce mercredi 07 f\u00e9vrier sur toute l&rsquo;\u00e9tendue du territoire national. Cette \u00e9ni\u00e8me gr\u00e8ve dans l&rsquo;enseignement togolais fait suite \u00e0 un pr\u00e9avis de gr\u00e8ve envoy\u00e9 au ministre des Enseignements primaire, secondaire et de la Formation professionnelle et son &#8230; <a title=\"Prime des enseignants: Trois jours de gr\u00e8ve de la CSET\" class=\"read-more\" href=\"https:\/\/228news.tg\/index.php\/2018\/02\/07\/prime-des-enseignants-trois-jours-de-greve-de-la-cset-2\/\" aria-label=\"En savoir plus sur Prime des enseignants: Trois jours de gr\u00e8ve de la CSET\">Lire la suite<\/a><\/p>\n","protected":false},"author":2,"featured_media":2331,"comment_status":"open","ping_status":"open","sticky":false,"template":"","format":"chat","meta":{"footnotes":""},"categories":[28,35,25,34],"tags":[],"class_list":["post-14366","post","type-post","status-publish","format-chat","has-post-thumbnail","hentry","category-education","category-flash","category-togo","category-une","post_format-post-format-chat"],"yoast_head":"<!-- This site is optimized with the Yoast SEO plugin v26.4 - https:\/\/yoast.com\/wordpress\/plugins\/seo\/ -->\n<title>Prime des enseignants: Trois jours de gr\u00e8ve de la CSET - 228 News<\/title>\n<meta name=\"robots\" content=\"index, follow, max-snippet:-1, max-image-preview:large, max-video-preview:-1\" \/>\n<link rel=\"canonical\" href=\"https:\/\/228news.tg\/index.php\/2018\/02\/07\/prime-des-enseignants-trois-jours-de-greve-de-la-cset-2\/\" \/>\n<meta property=\"og:locale\" content=\"fr_FR\" \/>\n<meta property=\"og:type\" content=\"article\" \/>\n<meta property=\"og:title\" content=\"Prime des enseignants: Trois jours de gr\u00e8ve de la CSET - 228 News\" \/>\n<meta property=\"og:description\" content=\"La Coordination des syndicats de l\u2019\u00e9ducation du Togo (CSET) est en gr\u00e8ve de trois jours \u00e0 compter de ce mercredi 07 f\u00e9vrier sur toute l&rsquo;\u00e9tendue du territoire national. Cette \u00e9ni\u00e8me gr\u00e8ve dans l&rsquo;enseignement togolais fait suite \u00e0 un pr\u00e9avis de gr\u00e8ve envoy\u00e9 au ministre des Enseignements primaire, secondaire et de la Formation professionnelle et son ... Lire la suite\" \/>\n<meta property=\"og:url\" content=\"https:\/\/228news.tg\/index.php\/2018\/02\/07\/prime-des-enseignants-trois-jours-de-greve-de-la-cset-2\/\" \/>\n<meta property=\"og:site_name\" content=\"228 News\" \/>\n<meta property=\"article:published_time\" content=\"2018-02-07T08:58:17+00:00\" \/>\n<meta name=\"author\" content=\"Bienvenu SAVI\" \/>\n<meta name=\"twitter:card\" content=\"summary_large_image\" \/>\n<meta name=\"twitter:label1\" content=\"\u00c9crit par\" \/>\n\t<meta name=\"twitter:data1\" content=\"Bienvenu SAVI\" \/>\n\t<meta name=\"twitter:label2\" content=\"Dur\u00e9e de lecture estim\u00e9e\" \/>\n\t<meta name=\"twitter:data2\" content=\"1 minute\" \/>\n<script type=\"application\/ld+json\" class=\"yoast-schema-graph\">{\"@context\":\"https:\/\/schema.org\",\"@graph\":[{\"@type\":\"Article\",\"@id\":\"https:\/\/228news.tg\/index.php\/2018\/02\/07\/prime-des-enseignants-trois-jours-de-greve-de-la-cset-2\/#article\",\"isPartOf\":{\"@id\":\"https:\/\/228news.tg\/index.php\/2018\/02\/07\/prime-des-enseignants-trois-jours-de-greve-de-la-cset-2\/\"},\"author\":{\"name\":\"Bienvenu SAVI\",\"@id\":\"https:\/\/228news.tg\/#\/schema\/person\/68d5a6cc0230290e61235c8379523f52\"},\"headline\":\"Prime des enseignants: Trois jours de gr\u00e8ve de la CSET\",\"datePublished\":\"2018-02-07T08:58:17+00:00\",\"mainEntityOfPage\":{\"@id\":\"https:\/\/228news.tg\/index.php\/2018\/02\/07\/prime-des-enseignants-trois-jours-de-greve-de-la-cset-2\/\"},\"wordCount\":159,\"commentCount\":0,\"publisher\":{\"@id\":\"https:\/\/228news.tg\/#organization\"},\"image\":{\"@id\":\"https:\/\/228news.tg\/index.php\/2018\/02\/07\/prime-des-enseignants-trois-jours-de-greve-de-la-cset-2\/#primaryimage\"},\"thumbnailUrl\":\"https:\/\/228news.tg\/wp-content\/uploads\/2024\/09\/photo_2019-06-16_21-31-15.jpg\",\"articleSection\":[\"EDUCATION\",\"Flash\",\"TOGO\",\"Une\"],\"inLanguage\":\"fr-FR\",\"potentialAction\":[{\"@type\":\"CommentAction\",\"name\":\"Comment\",\"target\":[\"https:\/\/228news.tg\/index.php\/2018\/02\/07\/prime-des-enseignants-trois-jours-de-greve-de-la-cset-2\/#respond\"]}]},{\"@type\":\"WebPage\",\"@id\":\"https:\/\/228news.tg\/index.php\/2018\/02\/07\/prime-des-enseignants-trois-jours-de-greve-de-la-cset-2\/\",\"url\":\"https:\/\/228news.tg\/index.php\/2018\/02\/07\/prime-des-enseignants-trois-jours-de-greve-de-la-cset-2\/\",\"name\":\"Prime des enseignants: Trois jours de gr\u00e8ve de la CSET - 228 News\",\"isPartOf\":{\"@id\":\"https:\/\/228news.tg\/#website\"},\"primaryImageOfPage\":{\"@id\":\"https:\/\/228news.tg\/index.php\/2018\/02\/07\/prime-des-enseignants-trois-jours-de-greve-de-la-cset-2\/#primaryimage\"},\"image\":{\"@id\":\"https:\/\/228news.tg\/index.php\/2018\/02\/07\/prime-des-enseignants-trois-jours-de-greve-de-la-cset-2\/#primaryimage\"},\"thumbnailUrl\":\"https:\/\/228news.tg\/wp-content\/uploads\/2024\/09\/photo_2019-06-16_21-31-15.jpg\",\"datePublished\":\"2018-02-07T08:58:17+00:00\",\"breadcrumb\":{\"@id\":\"https:\/\/228news.tg\/index.php\/2018\/02\/07\/prime-des-enseignants-trois-jours-de-greve-de-la-cset-2\/#breadcrumb\"},\"inLanguage\":\"fr-FR\",\"potentialAction\":[{\"@type\":\"ReadAction\",\"target\":[\"https:\/\/228news.tg\/index.php\/2018\/02\/07\/prime-des-enseignants-trois-jours-de-greve-de-la-cset-2\/\"]}]},{\"@type\":\"ImageObject\",\"inLanguage\":\"fr-FR\",\"@id\":\"https:\/\/228news.tg\/index.php\/2018\/02\/07\/prime-des-enseignants-trois-jours-de-greve-de-la-cset-2\/#primaryimage\",\"url\":\"https:\/\/228news.tg\/wp-content\/uploads\/2024\/09\/photo_2019-06-16_21-31-15.jpg\",\"contentUrl\":\"https:\/\/228news.tg\/wp-content\/uploads\/2024\/09\/photo_2019-06-16_21-31-15.jpg\",\"width\":1080,\"height\":607},{\"@type\":\"BreadcrumbList\",\"@id\":\"https:\/\/228news.tg\/index.php\/2018\/02\/07\/prime-des-enseignants-trois-jours-de-greve-de-la-cset-2\/#breadcrumb\",\"itemListElement\":[{\"@type\":\"ListItem\",\"position\":1,\"name\":\"Home\",\"item\":\"https:\/\/228news.tg\/\"},{\"@type\":\"ListItem\",\"position\":2,\"name\":\"Prime des enseignants: Trois jours de gr\u00e8ve de la CSET\"}]},{\"@type\":\"WebSite\",\"@id\":\"https:\/\/228news.tg\/#website\",\"url\":\"https:\/\/228news.tg\/\",\"name\":\"228 News\",\"description\":\"Soci\u00e9t\u00e9 de m\u00e9dias et d\u2019actualit\u00e9s\",\"publisher\":{\"@id\":\"https:\/\/228news.tg\/#organization\"},\"potentialAction\":[{\"@type\":\"SearchAction\",\"target\":{\"@type\":\"EntryPoint\",\"urlTemplate\":\"https:\/\/228news.tg\/?s={search_term_string}\"},\"query-input\":{\"@type\":\"PropertyValueSpecification\",\"valueRequired\":true,\"valueName\":\"search_term_string\"}}],\"inLanguage\":\"fr-FR\"},{\"@type\":\"Organization\",\"@id\":\"https:\/\/228news.tg\/#organization\",\"name\":\"228 News\",\"url\":\"https:\/\/228news.tg\/\",\"logo\":{\"@type\":\"ImageObject\",\"inLanguage\":\"fr-FR\",\"@id\":\"https:\/\/228news.tg\/#\/schema\/logo\/image\/\",\"url\":\"https:\/\/228news.tg\/wp-content\/uploads\/2024\/09\/logonew.png\",\"contentUrl\":\"https:\/\/228news.tg\/wp-content\/uploads\/2024\/09\/logonew.png\",\"width\":1640,\"height\":364,\"caption\":\"228 News\"},\"image\":{\"@id\":\"https:\/\/228news.tg\/#\/schema\/logo\/image\/\"}},{\"@type\":\"Person\",\"@id\":\"https:\/\/228news.tg\/#\/schema\/person\/68d5a6cc0230290e61235c8379523f52\",\"name\":\"Bienvenu SAVI\",\"image\":{\"@type\":\"ImageObject\",\"inLanguage\":\"fr-FR\",\"@id\":\"https:\/\/228news.tg\/#\/schema\/person\/image\/\",\"url\":\"https:\/\/secure.gravatar.com\/avatar\/9db91895c559e510509c33a3e9683998458e9b828fac36d5d1aa23f0f2fd369b?s=96&d=mm&r=g\",\"contentUrl\":\"https:\/\/secure.gravatar.com\/avatar\/9db91895c559e510509c33a3e9683998458e9b828fac36d5d1aa23f0f2fd369b?s=96&d=mm&r=g\",\"caption\":\"Bienvenu SAVI\"},\"url\":\"https:\/\/228news.tg\/index.php\/author\/bienvenu\/\"}]}<\/script>\n<!-- \/ Yoast SEO plugin. -->","yoast_head_json":{"title":"Prime des enseignants: Trois jours de gr\u00e8ve de la CSET - 228 News","robots":{"index":"index","follow":"follow","max-snippet":"max-snippet:-1","max-image-preview":"max-image-preview:large","max-video-preview":"max-video-preview:-1"},"canonical":"https:\/\/228news.tg\/index.php\/2018\/02\/07\/prime-des-enseignants-trois-jours-de-greve-de-la-cset-2\/","og_locale":"fr_FR","og_type":"article","og_title":"Prime des enseignants: Trois jours de gr\u00e8ve de la CSET - 228 News","og_description":"La Coordination des syndicats de l\u2019\u00e9ducation du Togo (CSET) est en gr\u00e8ve de trois jours \u00e0 compter de ce mercredi 07 f\u00e9vrier sur toute l&rsquo;\u00e9tendue du territoire national. Cette \u00e9ni\u00e8me gr\u00e8ve dans l&rsquo;enseignement togolais fait suite \u00e0 un pr\u00e9avis de gr\u00e8ve envoy\u00e9 au ministre des Enseignements primaire, secondaire et de la Formation professionnelle et son ... Lire la suite","og_url":"https:\/\/228news.tg\/index.php\/2018\/02\/07\/prime-des-enseignants-trois-jours-de-greve-de-la-cset-2\/","og_site_name":"228 News","article_published_time":"2018-02-07T08:58:17+00:00","author":"Bienvenu SAVI","twitter_card":"summary_large_image","twitter_misc":{"\u00c9crit par":"Bienvenu SAVI","Dur\u00e9e de lecture estim\u00e9e":"1 minute"},"schema":{"@context":"https:\/\/schema.org","@graph":[{"@type":"Article","@id":"https:\/\/228news.tg\/index.php\/2018\/02\/07\/prime-des-enseignants-trois-jours-de-greve-de-la-cset-2\/#article","isPartOf":{"@id":"https:\/\/228news.tg\/index.php\/2018\/02\/07\/prime-des-enseignants-trois-jours-de-greve-de-la-cset-2\/"},"author":{"name":"Bienvenu SAVI","@id":"https:\/\/228news.tg\/#\/schema\/person\/68d5a6cc0230290e61235c8379523f52"},"headline":"Prime des enseignants: Trois jours de gr\u00e8ve de la CSET","datePublished":"2018-02-07T08:58:17+00:00","mainEntityOfPage":{"@id":"https:\/\/228news.tg\/index.php\/2018\/02\/07\/prime-des-enseignants-trois-jours-de-greve-de-la-cset-2\/"},"wordCount":159,"commentCount":0,"publisher":{"@id":"https:\/\/228news.tg\/#organization"},"image":{"@id":"https:\/\/228news.tg\/index.php\/2018\/02\/07\/prime-des-enseignants-trois-jours-de-greve-de-la-cset-2\/#primaryimage"},"thumbnailUrl":"https:\/\/228news.tg\/wp-content\/uploads\/2024\/09\/photo_2019-06-16_21-31-15.jpg","articleSection":["EDUCATION","Flash","TOGO","Une"],"inLanguage":"fr-FR","potentialAction":[{"@type":"CommentAction","name":"Comment","target":["https:\/\/228news.tg\/index.php\/2018\/02\/07\/prime-des-enseignants-trois-jours-de-greve-de-la-cset-2\/#respond"]}]},{"@type":"WebPage","@id":"https:\/\/228news.tg\/index.php\/2018\/02\/07\/prime-des-enseignants-trois-jours-de-greve-de-la-cset-2\/","url":"https:\/\/228news.tg\/index.php\/2018\/02\/07\/prime-des-enseignants-trois-jours-de-greve-de-la-cset-2\/","name":"Prime des enseignants: Trois jours de gr\u00e8ve de la CSET - 228 News","isPartOf":{"@id":"https:\/\/228news.tg\/#website"},"primaryImageOfPage":{"@id":"https:\/\/228news.tg\/index.php\/2018\/02\/07\/prime-des-enseignants-trois-jours-de-greve-de-la-cset-2\/#primaryimage"},"image":{"@id":"https:\/\/228news.tg\/index.php\/2018\/02\/07\/prime-des-enseignants-trois-jours-de-greve-de-la-cset-2\/#primaryimage"},"thumbnailUrl":"https:\/\/228news.tg\/wp-content\/uploads\/2024\/09\/photo_2019-06-16_21-31-15.jpg","datePublished":"2018-02-07T08:58:17+00:00","breadcrumb":{"@id":"https:\/\/228news.tg\/index.php\/2018\/02\/07\/prime-des-enseignants-trois-jours-de-greve-de-la-cset-2\/#breadcrumb"},"inLanguage":"fr-FR","potentialAction":[{"@type":"ReadAction","target":["https:\/\/228news.tg\/index.php\/2018\/02\/07\/prime-des-enseignants-trois-jours-de-greve-de-la-cset-2\/"]}]},{"@type":"ImageObject","inLanguage":"fr-FR","@id":"https:\/\/228news.tg\/index.php\/2018\/02\/07\/prime-des-enseignants-trois-jours-de-greve-de-la-cset-2\/#primaryimage","url":"https:\/\/228news.tg\/wp-content\/uploads\/2024\/09\/photo_2019-06-16_21-31-15.jpg","contentUrl":"https:\/\/228news.tg\/wp-content\/uploads\/2024\/09\/photo_2019-06-16_21-31-15.jpg","width":1080,"height":607},{"@type":"BreadcrumbList","@id":"https:\/\/228news.tg\/index.php\/2018\/02\/07\/prime-des-enseignants-trois-jours-de-greve-de-la-cset-2\/#breadcrumb","itemListElement":[{"@type":"ListItem","position":1,"name":"Home","item":"https:\/\/228news.tg\/"},{"@type":"ListItem","position":2,"name":"Prime des enseignants: Trois jours de gr\u00e8ve de la CSET"}]},{"@type":"WebSite","@id":"https:\/\/228news.tg\/#website","url":"https:\/\/228news.tg\/","name":"228 News","description":"Soci\u00e9t\u00e9 de m\u00e9dias et d\u2019actualit\u00e9s","publisher":{"@id":"https:\/\/228news.tg\/#organization"},"potentialAction":[{"@type":"SearchAction","target":{"@type":"EntryPoint","urlTemplate":"https:\/\/228news.tg\/?s={search_term_string}"},"query-input":{"@type":"PropertyValueSpecification","valueRequired":true,"valueName":"search_term_string"}}],"inLanguage":"fr-FR"},{"@type":"Organization","@id":"https:\/\/228news.tg\/#organization","name":"228 News","url":"https:\/\/228news.tg\/","logo":{"@type":"ImageObject","inLanguage":"fr-FR","@id":"https:\/\/228news.tg\/#\/schema\/logo\/image\/","url":"https:\/\/228news.tg\/wp-content\/uploads\/2024\/09\/logonew.png","contentUrl":"https:\/\/228news.tg\/wp-content\/uploads\/2024\/09\/logonew.png","width":1640,"height":364,"caption":"228 News"},"image":{"@id":"https:\/\/228news.tg\/#\/schema\/logo\/image\/"}},{"@type":"Person","@id":"https:\/\/228news.tg\/#\/schema\/person\/68d5a6cc0230290e61235c8379523f52","name":"Bienvenu SAVI","image":{"@type":"ImageObject","inLanguage":"fr-FR","@id":"https:\/\/228news.tg\/#\/schema\/person\/image\/","url":"https:\/\/secure.gravatar.com\/avatar\/9db91895c559e510509c33a3e9683998458e9b828fac36d5d1aa23f0f2fd369b?s=96&d=mm&r=g","contentUrl":"https:\/\/secure.gravatar.com\/avatar\/9db91895c559e510509c33a3e9683998458e9b828fac36d5d1aa23f0f2fd369b?s=96&d=mm&r=g","caption":"Bienvenu SAVI"},"url":"https:\/\/228news.tg\/index.php\/author\/bienvenu\/"}]}},"jetpack_featured_media_url":"https:\/\/228news.tg\/wp-content\/uploads\/2024\/09\/photo_2019-06-16_21-31-15.jpg","_links":{"self":[{"href":"https:\/\/228news.tg\/index.php\/wp-json\/wp\/v2\/posts\/14366","targetHints":{"allow":["GET"]}}],"collection":[{"href":"https:\/\/228news.tg\/index.php\/wp-json\/wp\/v2\/posts"}],"about":[{"href":"https:\/\/228news.tg\/index.php\/wp-json\/wp\/v2\/types\/post"}],"author":[{"embeddable":true,"href":"https:\/\/228news.tg\/index.php\/wp-json\/wp\/v2\/users\/2"}],"replies":[{"embeddable":true,"href":"https:\/\/228news.tg\/index.php\/wp-json\/wp\/v2\/comments?post=14366"}],"version-history":[{"count":0,"href":"https:\/\/228news.tg\/index.php\/wp-json\/wp\/v2\/posts\/14366\/revisions"}],"wp:featuredmedia":[{"embeddable":true,"href":"https:\/\/228news.tg\/index.php\/wp-json\/wp\/v2\/media\/2331"}],"wp:attachment":[{"href":"https:\/\/228news.tg\/index.php\/wp-json\/wp\/v2\/media?parent=14366"}],"wp:term":[{"taxonomy":"category","embeddable":true,"href":"https:\/\/228news.tg\/index.php\/wp-json\/wp\/v2\/categories?post=14366"},{"taxonomy":"post_tag","embeddable":true,"href":"https:\/\/228news.tg\/index.php\/wp-json\/wp\/v2\/tags?post=14366"}],"curies":[{"name":"wp","href":"https:\/\/api.w.org\/{rel}","templated":true}]}}