{"id":14353,"date":"2018-01-26T20:33:39","date_gmt":"2018-01-26T20:33:39","guid":{"rendered":"http:\/\/localhost\/site\/228news\/?p=2272"},"modified":"2018-01-26T20:33:39","modified_gmt":"2018-01-26T20:33:39","slug":"deux-jours-de-greve-du-synphot-a-compter-du-31-janvier-2","status":"publish","type":"post","link":"https:\/\/228news.tg\/index.php\/2018\/01\/26\/deux-jours-de-greve-du-synphot-a-compter-du-31-janvier-2\/","title":{"rendered":"Deux jours de gr\u00e8ve du SYNPHOT \u00e0 compter du 31 janvier"},"content":{"rendered":"<p>Le Syndicat National des Praticiens Hospitaliers du Togo (SYNPHOT) part en gr\u00e8ve les 31 janvier et 1er f\u00e9vrier prochains. L&rsquo;annonce a \u00e9t\u00e9 faite ce vendredi par le Dr Atti Walla, Secr\u00e9taire\u00a0 G\u00e9n\u00e9ral au cours d\u2019une \u00e9mission sur la radio priv\u00e9e.<\/p>\n<p>Au menu des revendications du SYNPHOT,\u00a0la r\u00e9int\u00e9gration des neuf agents du personnel de sant\u00e9 du centre hospitalier de B\u00e8 Kpota abusivement licenci\u00e9s, l\u2019int\u00e9gration des agents de sant\u00e9 non fonctionnaires dans la fonction publique, le r\u00e9\u00e9quipement des centres de sant\u00e9, le recrutement de nouveaux agents de sant\u00e9 et l\u2019adoption d\u2019un statut particulier.<\/p>\n<p>Ce pr\u00e9avis de gr\u00e8ve intervient apr\u00e8s une s\u00e9rie de sit-in observ\u00e9s par le SYNPHOT.<\/p>\n<p><strong>228news<\/strong><\/p>\n<p>&nbsp;<\/p>\n","protected":false},"excerpt":{"rendered":"<p>Le Syndicat National des Praticiens Hospitaliers du Togo (SYNPHOT) part en gr\u00e8ve les 31 janvier et 1er f\u00e9vrier prochains. L&rsquo;annonce a \u00e9t\u00e9 faite ce vendredi par le Dr Atti Walla, Secr\u00e9taire\u00a0 G\u00e9n\u00e9ral au cours d\u2019une \u00e9mission sur la radio priv\u00e9e. Au menu des revendications du SYNPHOT,\u00a0la r\u00e9int\u00e9gration des neuf agents du personnel de sant\u00e9 du &#8230; <a title=\"Deux jours de gr\u00e8ve du SYNPHOT \u00e0 compter du 31 janvier\" class=\"read-more\" href=\"https:\/\/228news.tg\/index.php\/2018\/01\/26\/deux-jours-de-greve-du-synphot-a-compter-du-31-janvier-2\/\" aria-label=\"En savoir plus sur Deux jours de gr\u00e8ve du SYNPHOT \u00e0 compter du 31 janvier\">Lire la suite<\/a><\/p>\n","protected":false},"author":2,"featured_media":2273,"comment_status":"open","ping_status":"open","sticky":false,"template":"","format":"chat","meta":{"footnotes":""},"categories":[35,27,25,34],"tags":[],"class_list":["post-14353","post","type-post","status-publish","format-chat","has-post-thumbnail","hentry","category-flash","category-sante","category-togo","category-une","post_format-post-format-chat"],"yoast_head":"<!-- This site is optimized with the Yoast SEO plugin v26.4 - https:\/\/yoast.com\/wordpress\/plugins\/seo\/ -->\n<title>Deux jours de gr\u00e8ve du SYNPHOT \u00e0 compter du 31 janvier - 228 News<\/title>\n<meta name=\"robots\" content=\"index, follow, max-snippet:-1, max-image-preview:large, max-video-preview:-1\" \/>\n<link rel=\"canonical\" href=\"https:\/\/228news.tg\/index.php\/2018\/01\/26\/deux-jours-de-greve-du-synphot-a-compter-du-31-janvier-2\/\" \/>\n<meta property=\"og:locale\" content=\"fr_FR\" \/>\n<meta property=\"og:type\" content=\"article\" \/>\n<meta property=\"og:title\" content=\"Deux jours de gr\u00e8ve du SYNPHOT \u00e0 compter du 31 janvier - 228 News\" \/>\n<meta property=\"og:description\" content=\"Le Syndicat National des Praticiens Hospitaliers du Togo (SYNPHOT) part en gr\u00e8ve les 31 janvier et 1er f\u00e9vrier prochains. L&rsquo;annonce a \u00e9t\u00e9 faite ce vendredi par le Dr Atti Walla, Secr\u00e9taire\u00a0 G\u00e9n\u00e9ral au cours d\u2019une \u00e9mission sur la radio priv\u00e9e. Au menu des revendications du SYNPHOT,\u00a0la r\u00e9int\u00e9gration des neuf agents du personnel de sant\u00e9 du ... Lire la suite\" \/>\n<meta property=\"og:url\" content=\"https:\/\/228news.tg\/index.php\/2018\/01\/26\/deux-jours-de-greve-du-synphot-a-compter-du-31-janvier-2\/\" \/>\n<meta property=\"og:site_name\" content=\"228 News\" \/>\n<meta property=\"article:published_time\" content=\"2018-01-26T20:33:39+00:00\" \/>\n<meta name=\"author\" content=\"Bienvenu SAVI\" \/>\n<meta name=\"twitter:card\" content=\"summary_large_image\" \/>\n<meta name=\"twitter:label1\" content=\"\u00c9crit par\" \/>\n\t<meta name=\"twitter:data1\" content=\"Bienvenu SAVI\" \/>\n\t<meta name=\"twitter:label2\" content=\"Dur\u00e9e de lecture estim\u00e9e\" \/>\n\t<meta name=\"twitter:data2\" content=\"1 minute\" \/>\n<script type=\"application\/ld+json\" class=\"yoast-schema-graph\">{\"@context\":\"https:\/\/schema.org\",\"@graph\":[{\"@type\":\"Article\",\"@id\":\"https:\/\/228news.tg\/index.php\/2018\/01\/26\/deux-jours-de-greve-du-synphot-a-compter-du-31-janvier-2\/#article\",\"isPartOf\":{\"@id\":\"https:\/\/228news.tg\/index.php\/2018\/01\/26\/deux-jours-de-greve-du-synphot-a-compter-du-31-janvier-2\/\"},\"author\":{\"name\":\"Bienvenu SAVI\",\"@id\":\"https:\/\/228news.tg\/#\/schema\/person\/68d5a6cc0230290e61235c8379523f52\"},\"headline\":\"Deux jours de gr\u00e8ve du SYNPHOT \u00e0 compter du 31 janvier\",\"datePublished\":\"2018-01-26T20:33:39+00:00\",\"mainEntityOfPage\":{\"@id\":\"https:\/\/228news.tg\/index.php\/2018\/01\/26\/deux-jours-de-greve-du-synphot-a-compter-du-31-janvier-2\/\"},\"wordCount\":138,\"commentCount\":0,\"publisher\":{\"@id\":\"https:\/\/228news.tg\/#organization\"},\"image\":{\"@id\":\"https:\/\/228news.tg\/index.php\/2018\/01\/26\/deux-jours-de-greve-du-synphot-a-compter-du-31-janvier-2\/#primaryimage\"},\"thumbnailUrl\":\"\",\"articleSection\":[\"Flash\",\"Sant\u00e9\",\"TOGO\",\"Une\"],\"inLanguage\":\"fr-FR\",\"potentialAction\":[{\"@type\":\"CommentAction\",\"name\":\"Comment\",\"target\":[\"https:\/\/228news.tg\/index.php\/2018\/01\/26\/deux-jours-de-greve-du-synphot-a-compter-du-31-janvier-2\/#respond\"]}]},{\"@type\":\"WebPage\",\"@id\":\"https:\/\/228news.tg\/index.php\/2018\/01\/26\/deux-jours-de-greve-du-synphot-a-compter-du-31-janvier-2\/\",\"url\":\"https:\/\/228news.tg\/index.php\/2018\/01\/26\/deux-jours-de-greve-du-synphot-a-compter-du-31-janvier-2\/\",\"name\":\"Deux jours de gr\u00e8ve du SYNPHOT \u00e0 compter du 31 janvier - 228 News\",\"isPartOf\":{\"@id\":\"https:\/\/228news.tg\/#website\"},\"primaryImageOfPage\":{\"@id\":\"https:\/\/228news.tg\/index.php\/2018\/01\/26\/deux-jours-de-greve-du-synphot-a-compter-du-31-janvier-2\/#primaryimage\"},\"image\":{\"@id\":\"https:\/\/228news.tg\/index.php\/2018\/01\/26\/deux-jours-de-greve-du-synphot-a-compter-du-31-janvier-2\/#primaryimage\"},\"thumbnailUrl\":\"\",\"datePublished\":\"2018-01-26T20:33:39+00:00\",\"breadcrumb\":{\"@id\":\"https:\/\/228news.tg\/index.php\/2018\/01\/26\/deux-jours-de-greve-du-synphot-a-compter-du-31-janvier-2\/#breadcrumb\"},\"inLanguage\":\"fr-FR\",\"potentialAction\":[{\"@type\":\"ReadAction\",\"target\":[\"https:\/\/228news.tg\/index.php\/2018\/01\/26\/deux-jours-de-greve-du-synphot-a-compter-du-31-janvier-2\/\"]}]},{\"@type\":\"ImageObject\",\"inLanguage\":\"fr-FR\",\"@id\":\"https:\/\/228news.tg\/index.php\/2018\/01\/26\/deux-jours-de-greve-du-synphot-a-compter-du-31-janvier-2\/#primaryimage\",\"url\":\"\",\"contentUrl\":\"\"},{\"@type\":\"BreadcrumbList\",\"@id\":\"https:\/\/228news.tg\/index.php\/2018\/01\/26\/deux-jours-de-greve-du-synphot-a-compter-du-31-janvier-2\/#breadcrumb\",\"itemListElement\":[{\"@type\":\"ListItem\",\"position\":1,\"name\":\"Home\",\"item\":\"https:\/\/228news.tg\/\"},{\"@type\":\"ListItem\",\"position\":2,\"name\":\"Deux jours de gr\u00e8ve du SYNPHOT \u00e0 compter du 31 janvier\"}]},{\"@type\":\"WebSite\",\"@id\":\"https:\/\/228news.tg\/#website\",\"url\":\"https:\/\/228news.tg\/\",\"name\":\"228 News\",\"description\":\"Soci\u00e9t\u00e9 de m\u00e9dias et d\u2019actualit\u00e9s\",\"publisher\":{\"@id\":\"https:\/\/228news.tg\/#organization\"},\"potentialAction\":[{\"@type\":\"SearchAction\",\"target\":{\"@type\":\"EntryPoint\",\"urlTemplate\":\"https:\/\/228news.tg\/?s={search_term_string}\"},\"query-input\":{\"@type\":\"PropertyValueSpecification\",\"valueRequired\":true,\"valueName\":\"search_term_string\"}}],\"inLanguage\":\"fr-FR\"},{\"@type\":\"Organization\",\"@id\":\"https:\/\/228news.tg\/#organization\",\"name\":\"228 News\",\"url\":\"https:\/\/228news.tg\/\",\"logo\":{\"@type\":\"ImageObject\",\"inLanguage\":\"fr-FR\",\"@id\":\"https:\/\/228news.tg\/#\/schema\/logo\/image\/\",\"url\":\"https:\/\/228news.tg\/wp-content\/uploads\/2024\/09\/logonew.png\",\"contentUrl\":\"https:\/\/228news.tg\/wp-content\/uploads\/2024\/09\/logonew.png\",\"width\":1640,\"height\":364,\"caption\":\"228 News\"},\"image\":{\"@id\":\"https:\/\/228news.tg\/#\/schema\/logo\/image\/\"}},{\"@type\":\"Person\",\"@id\":\"https:\/\/228news.tg\/#\/schema\/person\/68d5a6cc0230290e61235c8379523f52\",\"name\":\"Bienvenu SAVI\",\"image\":{\"@type\":\"ImageObject\",\"inLanguage\":\"fr-FR\",\"@id\":\"https:\/\/228news.tg\/#\/schema\/person\/image\/\",\"url\":\"https:\/\/secure.gravatar.com\/avatar\/9db91895c559e510509c33a3e9683998458e9b828fac36d5d1aa23f0f2fd369b?s=96&d=mm&r=g\",\"contentUrl\":\"https:\/\/secure.gravatar.com\/avatar\/9db91895c559e510509c33a3e9683998458e9b828fac36d5d1aa23f0f2fd369b?s=96&d=mm&r=g\",\"caption\":\"Bienvenu SAVI\"},\"url\":\"https:\/\/228news.tg\/index.php\/author\/bienvenu\/\"}]}<\/script>\n<!-- \/ Yoast SEO plugin. -->","yoast_head_json":{"title":"Deux jours de gr\u00e8ve du SYNPHOT \u00e0 compter du 31 janvier - 228 News","robots":{"index":"index","follow":"follow","max-snippet":"max-snippet:-1","max-image-preview":"max-image-preview:large","max-video-preview":"max-video-preview:-1"},"canonical":"https:\/\/228news.tg\/index.php\/2018\/01\/26\/deux-jours-de-greve-du-synphot-a-compter-du-31-janvier-2\/","og_locale":"fr_FR","og_type":"article","og_title":"Deux jours de gr\u00e8ve du SYNPHOT \u00e0 compter du 31 janvier - 228 News","og_description":"Le Syndicat National des Praticiens Hospitaliers du Togo (SYNPHOT) part en gr\u00e8ve les 31 janvier et 1er f\u00e9vrier prochains. L&rsquo;annonce a \u00e9t\u00e9 faite ce vendredi par le Dr Atti Walla, Secr\u00e9taire\u00a0 G\u00e9n\u00e9ral au cours d\u2019une \u00e9mission sur la radio priv\u00e9e. Au menu des revendications du SYNPHOT,\u00a0la r\u00e9int\u00e9gration des neuf agents du personnel de sant\u00e9 du ... Lire la suite","og_url":"https:\/\/228news.tg\/index.php\/2018\/01\/26\/deux-jours-de-greve-du-synphot-a-compter-du-31-janvier-2\/","og_site_name":"228 News","article_published_time":"2018-01-26T20:33:39+00:00","author":"Bienvenu SAVI","twitter_card":"summary_large_image","twitter_misc":{"\u00c9crit par":"Bienvenu SAVI","Dur\u00e9e de lecture estim\u00e9e":"1 minute"},"schema":{"@context":"https:\/\/schema.org","@graph":[{"@type":"Article","@id":"https:\/\/228news.tg\/index.php\/2018\/01\/26\/deux-jours-de-greve-du-synphot-a-compter-du-31-janvier-2\/#article","isPartOf":{"@id":"https:\/\/228news.tg\/index.php\/2018\/01\/26\/deux-jours-de-greve-du-synphot-a-compter-du-31-janvier-2\/"},"author":{"name":"Bienvenu SAVI","@id":"https:\/\/228news.tg\/#\/schema\/person\/68d5a6cc0230290e61235c8379523f52"},"headline":"Deux jours de gr\u00e8ve du SYNPHOT \u00e0 compter du 31 janvier","datePublished":"2018-01-26T20:33:39+00:00","mainEntityOfPage":{"@id":"https:\/\/228news.tg\/index.php\/2018\/01\/26\/deux-jours-de-greve-du-synphot-a-compter-du-31-janvier-2\/"},"wordCount":138,"commentCount":0,"publisher":{"@id":"https:\/\/228news.tg\/#organization"},"image":{"@id":"https:\/\/228news.tg\/index.php\/2018\/01\/26\/deux-jours-de-greve-du-synphot-a-compter-du-31-janvier-2\/#primaryimage"},"thumbnailUrl":"","articleSection":["Flash","Sant\u00e9","TOGO","Une"],"inLanguage":"fr-FR","potentialAction":[{"@type":"CommentAction","name":"Comment","target":["https:\/\/228news.tg\/index.php\/2018\/01\/26\/deux-jours-de-greve-du-synphot-a-compter-du-31-janvier-2\/#respond"]}]},{"@type":"WebPage","@id":"https:\/\/228news.tg\/index.php\/2018\/01\/26\/deux-jours-de-greve-du-synphot-a-compter-du-31-janvier-2\/","url":"https:\/\/228news.tg\/index.php\/2018\/01\/26\/deux-jours-de-greve-du-synphot-a-compter-du-31-janvier-2\/","name":"Deux jours de gr\u00e8ve du SYNPHOT \u00e0 compter du 31 janvier - 228 News","isPartOf":{"@id":"https:\/\/228news.tg\/#website"},"primaryImageOfPage":{"@id":"https:\/\/228news.tg\/index.php\/2018\/01\/26\/deux-jours-de-greve-du-synphot-a-compter-du-31-janvier-2\/#primaryimage"},"image":{"@id":"https:\/\/228news.tg\/index.php\/2018\/01\/26\/deux-jours-de-greve-du-synphot-a-compter-du-31-janvier-2\/#primaryimage"},"thumbnailUrl":"","datePublished":"2018-01-26T20:33:39+00:00","breadcrumb":{"@id":"https:\/\/228news.tg\/index.php\/2018\/01\/26\/deux-jours-de-greve-du-synphot-a-compter-du-31-janvier-2\/#breadcrumb"},"inLanguage":"fr-FR","potentialAction":[{"@type":"ReadAction","target":["https:\/\/228news.tg\/index.php\/2018\/01\/26\/deux-jours-de-greve-du-synphot-a-compter-du-31-janvier-2\/"]}]},{"@type":"ImageObject","inLanguage":"fr-FR","@id":"https:\/\/228news.tg\/index.php\/2018\/01\/26\/deux-jours-de-greve-du-synphot-a-compter-du-31-janvier-2\/#primaryimage","url":"","contentUrl":""},{"@type":"BreadcrumbList","@id":"https:\/\/228news.tg\/index.php\/2018\/01\/26\/deux-jours-de-greve-du-synphot-a-compter-du-31-janvier-2\/#breadcrumb","itemListElement":[{"@type":"ListItem","position":1,"name":"Home","item":"https:\/\/228news.tg\/"},{"@type":"ListItem","position":2,"name":"Deux jours de gr\u00e8ve du SYNPHOT \u00e0 compter du 31 janvier"}]},{"@type":"WebSite","@id":"https:\/\/228news.tg\/#website","url":"https:\/\/228news.tg\/","name":"228 News","description":"Soci\u00e9t\u00e9 de m\u00e9dias et d\u2019actualit\u00e9s","publisher":{"@id":"https:\/\/228news.tg\/#organization"},"potentialAction":[{"@type":"SearchAction","target":{"@type":"EntryPoint","urlTemplate":"https:\/\/228news.tg\/?s={search_term_string}"},"query-input":{"@type":"PropertyValueSpecification","valueRequired":true,"valueName":"search_term_string"}}],"inLanguage":"fr-FR"},{"@type":"Organization","@id":"https:\/\/228news.tg\/#organization","name":"228 News","url":"https:\/\/228news.tg\/","logo":{"@type":"ImageObject","inLanguage":"fr-FR","@id":"https:\/\/228news.tg\/#\/schema\/logo\/image\/","url":"https:\/\/228news.tg\/wp-content\/uploads\/2024\/09\/logonew.png","contentUrl":"https:\/\/228news.tg\/wp-content\/uploads\/2024\/09\/logonew.png","width":1640,"height":364,"caption":"228 News"},"image":{"@id":"https:\/\/228news.tg\/#\/schema\/logo\/image\/"}},{"@type":"Person","@id":"https:\/\/228news.tg\/#\/schema\/person\/68d5a6cc0230290e61235c8379523f52","name":"Bienvenu SAVI","image":{"@type":"ImageObject","inLanguage":"fr-FR","@id":"https:\/\/228news.tg\/#\/schema\/person\/image\/","url":"https:\/\/secure.gravatar.com\/avatar\/9db91895c559e510509c33a3e9683998458e9b828fac36d5d1aa23f0f2fd369b?s=96&d=mm&r=g","contentUrl":"https:\/\/secure.gravatar.com\/avatar\/9db91895c559e510509c33a3e9683998458e9b828fac36d5d1aa23f0f2fd369b?s=96&d=mm&r=g","caption":"Bienvenu SAVI"},"url":"https:\/\/228news.tg\/index.php\/author\/bienvenu\/"}]}},"jetpack_featured_media_url":"","_links":{"self":[{"href":"https:\/\/228news.tg\/index.php\/wp-json\/wp\/v2\/posts\/14353","targetHints":{"allow":["GET"]}}],"collection":[{"href":"https:\/\/228news.tg\/index.php\/wp-json\/wp\/v2\/posts"}],"about":[{"href":"https:\/\/228news.tg\/index.php\/wp-json\/wp\/v2\/types\/post"}],"author":[{"embeddable":true,"href":"https:\/\/228news.tg\/index.php\/wp-json\/wp\/v2\/users\/2"}],"replies":[{"embeddable":true,"href":"https:\/\/228news.tg\/index.php\/wp-json\/wp\/v2\/comments?post=14353"}],"version-history":[{"count":0,"href":"https:\/\/228news.tg\/index.php\/wp-json\/wp\/v2\/posts\/14353\/revisions"}],"wp:featuredmedia":[{"embeddable":true,"href":"https:\/\/228news.tg\/index.php\/wp-json\/wp\/v2\/posts\/2273"}],"wp:attachment":[{"href":"https:\/\/228news.tg\/index.php\/wp-json\/wp\/v2\/media?parent=14353"}],"wp:term":[{"taxonomy":"category","embeddable":true,"href":"https:\/\/228news.tg\/index.php\/wp-json\/wp\/v2\/categories?post=14353"},{"taxonomy":"post_tag","embeddable":true,"href":"https:\/\/228news.tg\/index.php\/wp-json\/wp\/v2\/tags?post=14353"}],"curies":[{"name":"wp","href":"https:\/\/api.w.org\/{rel}","templated":true}]}}