{"id":14351,"date":"2018-01-25T20:57:33","date_gmt":"2018-01-25T20:57:33","guid":{"rendered":"http:\/\/localhost\/site\/228news\/?p=2264"},"modified":"2018-01-25T20:57:33","modified_gmt":"2018-01-25T20:57:33","slug":"manque-dimplication-des-medias-dans-la-promotion-de-leducation-pour-la-sante-2","status":"publish","type":"post","link":"https:\/\/228news.tg\/index.php\/2018\/01\/25\/manque-dimplication-des-medias-dans-la-promotion-de-leducation-pour-la-sante-2\/","title":{"rendered":"Manque d&rsquo;implication des m\u00e9dias dans la promotion de l\u2019\u00e9ducation pour la sant\u00e9"},"content":{"rendered":"<p>Inscrite au pr\u00e9ambule de 1946 \u00e0 la Constitution de l&rsquo;Organisation Mondiale de la Sant\u00e9 (OMS), La sant\u00e9 est un \u00e9tat de bien-\u00eatre complet physique, mental et social, et ne consiste pas seulement en une absence de maladie ou d&rsquo;infirmit\u00e9.<br \/>\nLa sant\u00e9 humaine est la plus pr\u00e9cieuse des richesses. Il est clair que l\u2019on devrait adopter des comportements exemplaires de sorte \u00e0 se tenir loin d\u2019un bon nombre de maladies et mener une vie saine ?<br \/>\nLes organisations de la soci\u00e9t\u00e9 civile OSC sp\u00e9cialis\u00e9es dans ce domaine, m\u00e8nent depuis des lustres, un combat acharn\u00e9 en vue d\u2019informer, de sensibiliser et d\u2019\u00e9duquer les communaut\u00e9s \u00e0 la base sur le sujet. L\u2019information est d\u2019une importance capitale qui ne soit plus \u00e0 d\u00e9montrer.<br \/>\nLes m\u00e9dias que d\u00e9signe le \u00ab\u00a0quatri\u00e8me pouvoir\u00a0\u00bb, quel en soit leur part de responsabilit\u00e9 ?<br \/>\nLe Togo disposent de journalistes qui de par leur colonnes, leurs m\u00e9dias, attirent l\u2019attention des uns et des autres sur les sujets de l\u2019heure, relatifs \u00e0 la sant\u00e9.<\/p>\n<p>C\u2019est ainsi que pour J\u00e9r\u00e9mie GADAH, journaliste et sociologue sp\u00e9cialis\u00e9 en sant\u00e9 et d\u00e9veloppement, \u00ab la presse togolaise togolaise est hautement politis\u00e9e au point que les journalistes ont rel\u00e9gu\u00e9 au second plan le r\u00f4le d\u2019\u00e9ducation de la presse. Seuls quelques organes de presse s\u2019engagent pour soutenir l\u2019\u00e9ducation sanitaire de la presse \u00bb.<\/p>\n<p>Les m\u00e9dias devraient relayer les informations jusqu\u2019au plus profond des retranchements et donner la possibilit\u00e9 aux populations de soumettre leurs pr\u00e9occupations aux sp\u00e9cialistes de la m\u00e9decine pr\u00e9ventive afin de trouver des r\u00e9ponses adapt\u00e9es \u00e0 leurs maux. \u00ab Aujourd\u2019hui nous sommes arriv\u00e9s \u00e0 un point o\u00f9 la presse togolaise a besoin de se sp\u00e9cifier pour survivre financi\u00e8rement. A cet effet, le secteur sociale, surtout de la sant\u00e9 repr\u00e9sente une aubaine pour la presse togolaise qui envisage de se muter en entreprise de presse \u00bb, rajoute-t-il.<br \/>\nC\u2019est d\u2019ailleurs l\u2019occasion de rappeler que depuis 2014, l\u2019Association Internationale des M\u00e9decins pour la promotion de l\u2019Education et de la Sant\u00e9 en Afrique AIMES-Afrique, forme justement des journalistes dans toutes les r\u00e9gions du Togo sur l\u2019\u00e9ducation pour la sant\u00e9 sur les m\u00e9dias. Ceci dans le but de rentrer dans la cadence et ensemble, mener cette lutte en vue d\u2019avoir un impact encore plus consid\u00e9rable. Informer, d\u00e9battre, responsabiliser, voil\u00e0 entre autres moyens d\u2019actions.<br \/>\nAujourd\u2019hui avec la r\u00e9volution num\u00e9rique, la Sant\u00e9 2.0 a \u00e9galement fait irruption. Qu\u2019est-ce que c\u2019est ? Quels en sont les enjeux et perspectives ? Nous y reviendrons dans nos prochains articles.<\/p>\n<p><strong>\u00a0Gabin MENSAH<\/strong><\/p>\n","protected":false},"excerpt":{"rendered":"<p>Inscrite au pr\u00e9ambule de 1946 \u00e0 la Constitution de l&rsquo;Organisation Mondiale de la Sant\u00e9 (OMS), La sant\u00e9 est un \u00e9tat de bien-\u00eatre complet physique, mental et social, et ne consiste pas seulement en une absence de maladie ou d&rsquo;infirmit\u00e9. La sant\u00e9 humaine est la plus pr\u00e9cieuse des richesses. Il est clair que l\u2019on devrait adopter &#8230; <a title=\"Manque d&rsquo;implication des m\u00e9dias dans la promotion de l\u2019\u00e9ducation pour la sant\u00e9\" class=\"read-more\" href=\"https:\/\/228news.tg\/index.php\/2018\/01\/25\/manque-dimplication-des-medias-dans-la-promotion-de-leducation-pour-la-sante-2\/\" aria-label=\"En savoir plus sur Manque d&rsquo;implication des m\u00e9dias dans la promotion de l\u2019\u00e9ducation pour la sant\u00e9\">Lire la suite<\/a><\/p>\n","protected":false},"author":2,"featured_media":2265,"comment_status":"open","ping_status":"open","sticky":false,"template":"","format":"chat","meta":{"footnotes":""},"categories":[35,27,25,34],"tags":[],"class_list":["post-14351","post","type-post","status-publish","format-chat","has-post-thumbnail","hentry","category-flash","category-sante","category-togo","category-une","post_format-post-format-chat"],"yoast_head":"<!-- This site is optimized with the Yoast SEO plugin v26.4 - https:\/\/yoast.com\/wordpress\/plugins\/seo\/ -->\n<title>Manque d&#039;implication des m\u00e9dias dans la promotion de l\u2019\u00e9ducation pour la sant\u00e9 - 228 News<\/title>\n<meta name=\"robots\" content=\"index, follow, max-snippet:-1, max-image-preview:large, max-video-preview:-1\" \/>\n<link rel=\"canonical\" href=\"https:\/\/228news.tg\/index.php\/2018\/01\/25\/manque-dimplication-des-medias-dans-la-promotion-de-leducation-pour-la-sante-2\/\" \/>\n<meta property=\"og:locale\" content=\"fr_FR\" \/>\n<meta property=\"og:type\" content=\"article\" \/>\n<meta property=\"og:title\" content=\"Manque d&#039;implication des m\u00e9dias dans la promotion de l\u2019\u00e9ducation pour la sant\u00e9 - 228 News\" \/>\n<meta property=\"og:description\" content=\"Inscrite au pr\u00e9ambule de 1946 \u00e0 la Constitution de l&rsquo;Organisation Mondiale de la Sant\u00e9 (OMS), La sant\u00e9 est un \u00e9tat de bien-\u00eatre complet physique, mental et social, et ne consiste pas seulement en une absence de maladie ou d&rsquo;infirmit\u00e9. La sant\u00e9 humaine est la plus pr\u00e9cieuse des richesses. Il est clair que l\u2019on devrait adopter ... Lire la suite\" \/>\n<meta property=\"og:url\" content=\"https:\/\/228news.tg\/index.php\/2018\/01\/25\/manque-dimplication-des-medias-dans-la-promotion-de-leducation-pour-la-sante-2\/\" \/>\n<meta property=\"og:site_name\" content=\"228 News\" \/>\n<meta property=\"article:published_time\" content=\"2018-01-25T20:57:33+00:00\" \/>\n<meta name=\"author\" content=\"Bienvenu SAVI\" \/>\n<meta name=\"twitter:card\" content=\"summary_large_image\" \/>\n<meta name=\"twitter:label1\" content=\"\u00c9crit par\" \/>\n\t<meta name=\"twitter:data1\" content=\"Bienvenu SAVI\" \/>\n\t<meta name=\"twitter:label2\" content=\"Dur\u00e9e de lecture estim\u00e9e\" \/>\n\t<meta name=\"twitter:data2\" content=\"2 minutes\" \/>\n<script type=\"application\/ld+json\" class=\"yoast-schema-graph\">{\"@context\":\"https:\/\/schema.org\",\"@graph\":[{\"@type\":\"Article\",\"@id\":\"https:\/\/228news.tg\/index.php\/2018\/01\/25\/manque-dimplication-des-medias-dans-la-promotion-de-leducation-pour-la-sante-2\/#article\",\"isPartOf\":{\"@id\":\"https:\/\/228news.tg\/index.php\/2018\/01\/25\/manque-dimplication-des-medias-dans-la-promotion-de-leducation-pour-la-sante-2\/\"},\"author\":{\"name\":\"Bienvenu SAVI\",\"@id\":\"https:\/\/228news.tg\/#\/schema\/person\/68d5a6cc0230290e61235c8379523f52\"},\"headline\":\"Manque d&rsquo;implication des m\u00e9dias dans la promotion de l\u2019\u00e9ducation pour la sant\u00e9\",\"datePublished\":\"2018-01-25T20:57:33+00:00\",\"mainEntityOfPage\":{\"@id\":\"https:\/\/228news.tg\/index.php\/2018\/01\/25\/manque-dimplication-des-medias-dans-la-promotion-de-leducation-pour-la-sante-2\/\"},\"wordCount\":465,\"commentCount\":0,\"publisher\":{\"@id\":\"https:\/\/228news.tg\/#organization\"},\"image\":{\"@id\":\"https:\/\/228news.tg\/index.php\/2018\/01\/25\/manque-dimplication-des-medias-dans-la-promotion-de-leducation-pour-la-sante-2\/#primaryimage\"},\"thumbnailUrl\":\"https:\/\/228news.tg\/wp-content\/uploads\/2024\/09\/photo_2019-05-12_17-14-44.jpg\",\"articleSection\":[\"Flash\",\"Sant\u00e9\",\"TOGO\",\"Une\"],\"inLanguage\":\"fr-FR\",\"potentialAction\":[{\"@type\":\"CommentAction\",\"name\":\"Comment\",\"target\":[\"https:\/\/228news.tg\/index.php\/2018\/01\/25\/manque-dimplication-des-medias-dans-la-promotion-de-leducation-pour-la-sante-2\/#respond\"]}]},{\"@type\":\"WebPage\",\"@id\":\"https:\/\/228news.tg\/index.php\/2018\/01\/25\/manque-dimplication-des-medias-dans-la-promotion-de-leducation-pour-la-sante-2\/\",\"url\":\"https:\/\/228news.tg\/index.php\/2018\/01\/25\/manque-dimplication-des-medias-dans-la-promotion-de-leducation-pour-la-sante-2\/\",\"name\":\"Manque d'implication des m\u00e9dias dans la promotion de l\u2019\u00e9ducation pour la sant\u00e9 - 228 News\",\"isPartOf\":{\"@id\":\"https:\/\/228news.tg\/#website\"},\"primaryImageOfPage\":{\"@id\":\"https:\/\/228news.tg\/index.php\/2018\/01\/25\/manque-dimplication-des-medias-dans-la-promotion-de-leducation-pour-la-sante-2\/#primaryimage\"},\"image\":{\"@id\":\"https:\/\/228news.tg\/index.php\/2018\/01\/25\/manque-dimplication-des-medias-dans-la-promotion-de-leducation-pour-la-sante-2\/#primaryimage\"},\"thumbnailUrl\":\"https:\/\/228news.tg\/wp-content\/uploads\/2024\/09\/photo_2019-05-12_17-14-44.jpg\",\"datePublished\":\"2018-01-25T20:57:33+00:00\",\"breadcrumb\":{\"@id\":\"https:\/\/228news.tg\/index.php\/2018\/01\/25\/manque-dimplication-des-medias-dans-la-promotion-de-leducation-pour-la-sante-2\/#breadcrumb\"},\"inLanguage\":\"fr-FR\",\"potentialAction\":[{\"@type\":\"ReadAction\",\"target\":[\"https:\/\/228news.tg\/index.php\/2018\/01\/25\/manque-dimplication-des-medias-dans-la-promotion-de-leducation-pour-la-sante-2\/\"]}]},{\"@type\":\"ImageObject\",\"inLanguage\":\"fr-FR\",\"@id\":\"https:\/\/228news.tg\/index.php\/2018\/01\/25\/manque-dimplication-des-medias-dans-la-promotion-de-leducation-pour-la-sante-2\/#primaryimage\",\"url\":\"https:\/\/228news.tg\/wp-content\/uploads\/2024\/09\/photo_2019-05-12_17-14-44.jpg\",\"contentUrl\":\"https:\/\/228news.tg\/wp-content\/uploads\/2024\/09\/photo_2019-05-12_17-14-44.jpg\",\"width\":1280,\"height\":960},{\"@type\":\"BreadcrumbList\",\"@id\":\"https:\/\/228news.tg\/index.php\/2018\/01\/25\/manque-dimplication-des-medias-dans-la-promotion-de-leducation-pour-la-sante-2\/#breadcrumb\",\"itemListElement\":[{\"@type\":\"ListItem\",\"position\":1,\"name\":\"Home\",\"item\":\"https:\/\/228news.tg\/\"},{\"@type\":\"ListItem\",\"position\":2,\"name\":\"Manque d&rsquo;implication des m\u00e9dias dans la promotion de l\u2019\u00e9ducation pour la sant\u00e9\"}]},{\"@type\":\"WebSite\",\"@id\":\"https:\/\/228news.tg\/#website\",\"url\":\"https:\/\/228news.tg\/\",\"name\":\"228 News\",\"description\":\"Soci\u00e9t\u00e9 de m\u00e9dias et d\u2019actualit\u00e9s\",\"publisher\":{\"@id\":\"https:\/\/228news.tg\/#organization\"},\"potentialAction\":[{\"@type\":\"SearchAction\",\"target\":{\"@type\":\"EntryPoint\",\"urlTemplate\":\"https:\/\/228news.tg\/?s={search_term_string}\"},\"query-input\":{\"@type\":\"PropertyValueSpecification\",\"valueRequired\":true,\"valueName\":\"search_term_string\"}}],\"inLanguage\":\"fr-FR\"},{\"@type\":\"Organization\",\"@id\":\"https:\/\/228news.tg\/#organization\",\"name\":\"228 News\",\"url\":\"https:\/\/228news.tg\/\",\"logo\":{\"@type\":\"ImageObject\",\"inLanguage\":\"fr-FR\",\"@id\":\"https:\/\/228news.tg\/#\/schema\/logo\/image\/\",\"url\":\"https:\/\/228news.tg\/wp-content\/uploads\/2024\/09\/logonew.png\",\"contentUrl\":\"https:\/\/228news.tg\/wp-content\/uploads\/2024\/09\/logonew.png\",\"width\":1640,\"height\":364,\"caption\":\"228 News\"},\"image\":{\"@id\":\"https:\/\/228news.tg\/#\/schema\/logo\/image\/\"}},{\"@type\":\"Person\",\"@id\":\"https:\/\/228news.tg\/#\/schema\/person\/68d5a6cc0230290e61235c8379523f52\",\"name\":\"Bienvenu SAVI\",\"image\":{\"@type\":\"ImageObject\",\"inLanguage\":\"fr-FR\",\"@id\":\"https:\/\/228news.tg\/#\/schema\/person\/image\/\",\"url\":\"https:\/\/secure.gravatar.com\/avatar\/9db91895c559e510509c33a3e9683998458e9b828fac36d5d1aa23f0f2fd369b?s=96&d=mm&r=g\",\"contentUrl\":\"https:\/\/secure.gravatar.com\/avatar\/9db91895c559e510509c33a3e9683998458e9b828fac36d5d1aa23f0f2fd369b?s=96&d=mm&r=g\",\"caption\":\"Bienvenu SAVI\"},\"url\":\"https:\/\/228news.tg\/index.php\/author\/bienvenu\/\"}]}<\/script>\n<!-- \/ Yoast SEO plugin. -->","yoast_head_json":{"title":"Manque d'implication des m\u00e9dias dans la promotion de l\u2019\u00e9ducation pour la sant\u00e9 - 228 News","robots":{"index":"index","follow":"follow","max-snippet":"max-snippet:-1","max-image-preview":"max-image-preview:large","max-video-preview":"max-video-preview:-1"},"canonical":"https:\/\/228news.tg\/index.php\/2018\/01\/25\/manque-dimplication-des-medias-dans-la-promotion-de-leducation-pour-la-sante-2\/","og_locale":"fr_FR","og_type":"article","og_title":"Manque d'implication des m\u00e9dias dans la promotion de l\u2019\u00e9ducation pour la sant\u00e9 - 228 News","og_description":"Inscrite au pr\u00e9ambule de 1946 \u00e0 la Constitution de l&rsquo;Organisation Mondiale de la Sant\u00e9 (OMS), La sant\u00e9 est un \u00e9tat de bien-\u00eatre complet physique, mental et social, et ne consiste pas seulement en une absence de maladie ou d&rsquo;infirmit\u00e9. La sant\u00e9 humaine est la plus pr\u00e9cieuse des richesses. Il est clair que l\u2019on devrait adopter ... Lire la suite","og_url":"https:\/\/228news.tg\/index.php\/2018\/01\/25\/manque-dimplication-des-medias-dans-la-promotion-de-leducation-pour-la-sante-2\/","og_site_name":"228 News","article_published_time":"2018-01-25T20:57:33+00:00","author":"Bienvenu SAVI","twitter_card":"summary_large_image","twitter_misc":{"\u00c9crit par":"Bienvenu SAVI","Dur\u00e9e de lecture estim\u00e9e":"2 minutes"},"schema":{"@context":"https:\/\/schema.org","@graph":[{"@type":"Article","@id":"https:\/\/228news.tg\/index.php\/2018\/01\/25\/manque-dimplication-des-medias-dans-la-promotion-de-leducation-pour-la-sante-2\/#article","isPartOf":{"@id":"https:\/\/228news.tg\/index.php\/2018\/01\/25\/manque-dimplication-des-medias-dans-la-promotion-de-leducation-pour-la-sante-2\/"},"author":{"name":"Bienvenu SAVI","@id":"https:\/\/228news.tg\/#\/schema\/person\/68d5a6cc0230290e61235c8379523f52"},"headline":"Manque d&rsquo;implication des m\u00e9dias dans la promotion de l\u2019\u00e9ducation pour la sant\u00e9","datePublished":"2018-01-25T20:57:33+00:00","mainEntityOfPage":{"@id":"https:\/\/228news.tg\/index.php\/2018\/01\/25\/manque-dimplication-des-medias-dans-la-promotion-de-leducation-pour-la-sante-2\/"},"wordCount":465,"commentCount":0,"publisher":{"@id":"https:\/\/228news.tg\/#organization"},"image":{"@id":"https:\/\/228news.tg\/index.php\/2018\/01\/25\/manque-dimplication-des-medias-dans-la-promotion-de-leducation-pour-la-sante-2\/#primaryimage"},"thumbnailUrl":"https:\/\/228news.tg\/wp-content\/uploads\/2024\/09\/photo_2019-05-12_17-14-44.jpg","articleSection":["Flash","Sant\u00e9","TOGO","Une"],"inLanguage":"fr-FR","potentialAction":[{"@type":"CommentAction","name":"Comment","target":["https:\/\/228news.tg\/index.php\/2018\/01\/25\/manque-dimplication-des-medias-dans-la-promotion-de-leducation-pour-la-sante-2\/#respond"]}]},{"@type":"WebPage","@id":"https:\/\/228news.tg\/index.php\/2018\/01\/25\/manque-dimplication-des-medias-dans-la-promotion-de-leducation-pour-la-sante-2\/","url":"https:\/\/228news.tg\/index.php\/2018\/01\/25\/manque-dimplication-des-medias-dans-la-promotion-de-leducation-pour-la-sante-2\/","name":"Manque d'implication des m\u00e9dias dans la promotion de l\u2019\u00e9ducation pour la sant\u00e9 - 228 News","isPartOf":{"@id":"https:\/\/228news.tg\/#website"},"primaryImageOfPage":{"@id":"https:\/\/228news.tg\/index.php\/2018\/01\/25\/manque-dimplication-des-medias-dans-la-promotion-de-leducation-pour-la-sante-2\/#primaryimage"},"image":{"@id":"https:\/\/228news.tg\/index.php\/2018\/01\/25\/manque-dimplication-des-medias-dans-la-promotion-de-leducation-pour-la-sante-2\/#primaryimage"},"thumbnailUrl":"https:\/\/228news.tg\/wp-content\/uploads\/2024\/09\/photo_2019-05-12_17-14-44.jpg","datePublished":"2018-01-25T20:57:33+00:00","breadcrumb":{"@id":"https:\/\/228news.tg\/index.php\/2018\/01\/25\/manque-dimplication-des-medias-dans-la-promotion-de-leducation-pour-la-sante-2\/#breadcrumb"},"inLanguage":"fr-FR","potentialAction":[{"@type":"ReadAction","target":["https:\/\/228news.tg\/index.php\/2018\/01\/25\/manque-dimplication-des-medias-dans-la-promotion-de-leducation-pour-la-sante-2\/"]}]},{"@type":"ImageObject","inLanguage":"fr-FR","@id":"https:\/\/228news.tg\/index.php\/2018\/01\/25\/manque-dimplication-des-medias-dans-la-promotion-de-leducation-pour-la-sante-2\/#primaryimage","url":"https:\/\/228news.tg\/wp-content\/uploads\/2024\/09\/photo_2019-05-12_17-14-44.jpg","contentUrl":"https:\/\/228news.tg\/wp-content\/uploads\/2024\/09\/photo_2019-05-12_17-14-44.jpg","width":1280,"height":960},{"@type":"BreadcrumbList","@id":"https:\/\/228news.tg\/index.php\/2018\/01\/25\/manque-dimplication-des-medias-dans-la-promotion-de-leducation-pour-la-sante-2\/#breadcrumb","itemListElement":[{"@type":"ListItem","position":1,"name":"Home","item":"https:\/\/228news.tg\/"},{"@type":"ListItem","position":2,"name":"Manque d&rsquo;implication des m\u00e9dias dans la promotion de l\u2019\u00e9ducation pour la sant\u00e9"}]},{"@type":"WebSite","@id":"https:\/\/228news.tg\/#website","url":"https:\/\/228news.tg\/","name":"228 News","description":"Soci\u00e9t\u00e9 de m\u00e9dias et d\u2019actualit\u00e9s","publisher":{"@id":"https:\/\/228news.tg\/#organization"},"potentialAction":[{"@type":"SearchAction","target":{"@type":"EntryPoint","urlTemplate":"https:\/\/228news.tg\/?s={search_term_string}"},"query-input":{"@type":"PropertyValueSpecification","valueRequired":true,"valueName":"search_term_string"}}],"inLanguage":"fr-FR"},{"@type":"Organization","@id":"https:\/\/228news.tg\/#organization","name":"228 News","url":"https:\/\/228news.tg\/","logo":{"@type":"ImageObject","inLanguage":"fr-FR","@id":"https:\/\/228news.tg\/#\/schema\/logo\/image\/","url":"https:\/\/228news.tg\/wp-content\/uploads\/2024\/09\/logonew.png","contentUrl":"https:\/\/228news.tg\/wp-content\/uploads\/2024\/09\/logonew.png","width":1640,"height":364,"caption":"228 News"},"image":{"@id":"https:\/\/228news.tg\/#\/schema\/logo\/image\/"}},{"@type":"Person","@id":"https:\/\/228news.tg\/#\/schema\/person\/68d5a6cc0230290e61235c8379523f52","name":"Bienvenu SAVI","image":{"@type":"ImageObject","inLanguage":"fr-FR","@id":"https:\/\/228news.tg\/#\/schema\/person\/image\/","url":"https:\/\/secure.gravatar.com\/avatar\/9db91895c559e510509c33a3e9683998458e9b828fac36d5d1aa23f0f2fd369b?s=96&d=mm&r=g","contentUrl":"https:\/\/secure.gravatar.com\/avatar\/9db91895c559e510509c33a3e9683998458e9b828fac36d5d1aa23f0f2fd369b?s=96&d=mm&r=g","caption":"Bienvenu SAVI"},"url":"https:\/\/228news.tg\/index.php\/author\/bienvenu\/"}]}},"jetpack_featured_media_url":"https:\/\/228news.tg\/wp-content\/uploads\/2024\/09\/photo_2019-05-12_17-14-44.jpg","_links":{"self":[{"href":"https:\/\/228news.tg\/index.php\/wp-json\/wp\/v2\/posts\/14351","targetHints":{"allow":["GET"]}}],"collection":[{"href":"https:\/\/228news.tg\/index.php\/wp-json\/wp\/v2\/posts"}],"about":[{"href":"https:\/\/228news.tg\/index.php\/wp-json\/wp\/v2\/types\/post"}],"author":[{"embeddable":true,"href":"https:\/\/228news.tg\/index.php\/wp-json\/wp\/v2\/users\/2"}],"replies":[{"embeddable":true,"href":"https:\/\/228news.tg\/index.php\/wp-json\/wp\/v2\/comments?post=14351"}],"version-history":[{"count":0,"href":"https:\/\/228news.tg\/index.php\/wp-json\/wp\/v2\/posts\/14351\/revisions"}],"wp:featuredmedia":[{"embeddable":true,"href":"https:\/\/228news.tg\/index.php\/wp-json\/wp\/v2\/media\/2265"}],"wp:attachment":[{"href":"https:\/\/228news.tg\/index.php\/wp-json\/wp\/v2\/media?parent=14351"}],"wp:term":[{"taxonomy":"category","embeddable":true,"href":"https:\/\/228news.tg\/index.php\/wp-json\/wp\/v2\/categories?post=14351"},{"taxonomy":"post_tag","embeddable":true,"href":"https:\/\/228news.tg\/index.php\/wp-json\/wp\/v2\/tags?post=14351"}],"curies":[{"name":"wp","href":"https:\/\/api.w.org\/{rel}","templated":true}]}}