{"id":14344,"date":"2018-01-17T08:40:19","date_gmt":"2018-01-17T08:40:19","guid":{"rendered":"http:\/\/localhost\/site\/228news\/?p=2229"},"modified":"2018-01-17T08:40:19","modified_gmt":"2018-01-17T08:40:19","slug":"trois-3-questions-a-edem-agode-formateur-a-lagence-nationale-du-volontariat-au-togo-2","status":"publish","type":"post","link":"https:\/\/228news.tg\/index.php\/2018\/01\/17\/trois-3-questions-a-edem-agode-formateur-a-lagence-nationale-du-volontariat-au-togo-2\/","title":{"rendered":"Trois (3) questions \u00e0 Edem Agod\u00e9, formateur \u00e0 l\u2019Agence nationale du Volontariat au Togo"},"content":{"rendered":"<p>&nbsp;<\/p>\n<p><em>L&rsquo;Agence Nationale du Volontariat au Togo a tenu un atelier de formation \u00e0 l&rsquo;intention des journalistes les 15 et 16 janvier derniers dans la capitale togolaise. Pour en savoir plus sur le contexte, la justification de cette rencontre, votre journal a pos\u00e9 trois questions \u00e0 M. Agod\u00e9 Edem, un formateur de l&rsquo;Agence \u00e0\u00a0 l&rsquo;occasion de cet atelier. Lisez plut\u00f4t.<\/em><\/p>\n<p><strong><em>L&rsquo;actualit\u00e9 de ce d\u00e9but de semaine est beaucoup marqu\u00e9e par un atelier de formation que vous organisez \u00e0 l&rsquo;intention des m\u00e9dias. Qu&rsquo;en est-il r\u00e9ellement ?<\/em><\/strong><\/p>\n<p>Il s\u2019agit d\u2019un atelier \u00e0 l\u2019endroit des journalistes Togolais sur le volontariat national au Togo. L\u2019atelier vise \u00e0 cr\u00e9er une compr\u00e9hension commune du concept du volontariat national, le dispositif de gestion et le post-volontariat. Il permet en outre de mettre \u00e0 la disposition des professionnels des m\u00e9dias des outils d\u2019une critique constructive \u00e0 l\u2019endroit du volontariat et cr\u00e9er un cadre d\u2019\u00e9changes permanent avec eux en mati\u00e8re de traitement et de diffusion de l\u2019information sur le concept.<\/p>\n<p>&nbsp;<\/p>\n<p><strong><em>Quelles sont vos attentes \u00e0 l&rsquo;issue de cet atelier??<\/em><\/strong><\/p>\n<p>Comme r\u00e9sultats, il est attendu de cet atelier\u00a0que les journalistes form\u00e9s comprennent le concept de volontariat en g\u00e9n\u00e9ral, et celui du mod\u00e8le Togolais, en particulier, que les professionnels des m\u00e9dias connaissent les diff\u00e9rents types de volontariat existants au Togo, les conditions de service et le dispositif du post-volontariat\u00a0; ils doivent \u00e9galement au sortir de ces deux jours ma\u00eetriser le nouveau dispositif de gestion du volontariat national, ainsi que le processus de suivi-\u00e9valuation, avoir une connaissance du cadre institutionnel et partenarial de l\u2019agence. Pour finir nous voulons cr\u00e9er un cadre d\u2019\u00e9change et de correspondance ANVT-M\u00e9dias est cr\u00e9\u00e9 et le rendre fonctionnel.<\/p>\n<p>&nbsp;<\/p>\n<p><strong><em>Peut-on en quelques chiffres avoir une id\u00e9e sur la situation du volontariat au Togo ??<\/em><\/strong><\/p>\n<p>Le volontariat au Togo c\u2019est 900 Structures d&rsquo;accueil, 3196 VN de comp\u00e9tence en mission dont 30 % de femmes, 7724 Volontaires de comp\u00e9tences mobilis\u00e9s et d\u00e9ploy\u00e9s depuis 2011, 4267 volontaires d\u00e9mobilis\u00e9s dont 65 % ins\u00e9r\u00e9s. Sur ce nombre, 4267 VN ont quitt\u00e9 le volontariat dont 65 % ins\u00e9r\u00e9s professionnellement, 1221 VN admis sur concours \u00e0 la fonction publique et 60 VN sont devenus auto-entrepreneurs1664VN ont \u00e9t\u00e9 recrut\u00e9s par leur structure d\u2019accueil ou par d\u2019autres structures. 1500 VN appuient l\u2019enseignement national pour une \u00e9ducation de qualit\u00e9, 1000 VN contribuent \u00e0 l\u2019am\u00e9lioration de la couverture sanitaire du pays, 500 VN aident les communaut\u00e9s \u00e0 la r\u00e9daction de plans de d\u00e9veloppement communautaires et de microprojets et 400 autres VN appuient les groupes vuln\u00e9rables pour l\u2019acc\u00e8s aux cr\u00e9dits et l\u2019initiation des activit\u00e9s g\u00e9n\u00e9ratrices de revenus.<\/p>\n<p>300 VN participent \u00e0 des actions d\u2019am\u00e9nagement, d\u2019entretien et de protection des for\u00eats et d\u2019installation de p\u00e9pini\u00e8res, 200 VN font la promotion de l\u2019\u00e9quit\u00e9 genre et 200 autres VN contribuent \u00e0 la protection des enfants vuln\u00e9rables. A l\u2019\u00e9tranger nous avons 04 VN en mission au Mali, 03 en France, 04 V Alumni ayant effectu\u00e9 leur mission en France et 03 autres qui prendront poste dans ce mois toujours en France.<\/p>\n<p><strong>Source:\u00a0Le LIBERAL<\/strong><\/p>\n<p><strong>\u00a0<\/strong><\/p>\n<p><strong>\u00a0<\/strong><\/p>\n","protected":false},"excerpt":{"rendered":"<p>&nbsp; L&rsquo;Agence Nationale du Volontariat au Togo a tenu un atelier de formation \u00e0 l&rsquo;intention des journalistes les 15 et 16 janvier derniers dans la capitale togolaise. Pour en savoir plus sur le contexte, la justification de cette rencontre, votre journal a pos\u00e9 trois questions \u00e0 M. Agod\u00e9 Edem, un formateur de l&rsquo;Agence \u00e0\u00a0 l&rsquo;occasion &#8230; <a title=\"Trois (3) questions \u00e0 Edem Agod\u00e9, formateur \u00e0 l\u2019Agence nationale du Volontariat au Togo\" class=\"read-more\" href=\"https:\/\/228news.tg\/index.php\/2018\/01\/17\/trois-3-questions-a-edem-agode-formateur-a-lagence-nationale-du-volontariat-au-togo-2\/\" aria-label=\"En savoir plus sur Trois (3) questions \u00e0 Edem Agod\u00e9, formateur \u00e0 l\u2019Agence nationale du Volontariat au Togo\">Lire la suite<\/a><\/p>\n","protected":false},"author":2,"featured_media":2230,"comment_status":"open","ping_status":"open","sticky":false,"template":"","format":"chat","meta":{"footnotes":""},"categories":[31,35,25,34],"tags":[],"class_list":["post-14344","post","type-post","status-publish","format-chat","has-post-thumbnail","hentry","category-developpement","category-flash","category-togo","category-une","post_format-post-format-chat"],"yoast_head":"<!-- This site is optimized with the Yoast SEO plugin v26.4 - https:\/\/yoast.com\/wordpress\/plugins\/seo\/ -->\n<title>Trois (3) questions \u00e0 Edem Agod\u00e9, formateur \u00e0 l\u2019Agence nationale du Volontariat au Togo - 228 News<\/title>\n<meta name=\"robots\" content=\"index, follow, max-snippet:-1, max-image-preview:large, max-video-preview:-1\" \/>\n<link rel=\"canonical\" href=\"https:\/\/228news.tg\/index.php\/2018\/01\/17\/trois-3-questions-a-edem-agode-formateur-a-lagence-nationale-du-volontariat-au-togo-2\/\" \/>\n<meta property=\"og:locale\" content=\"fr_FR\" \/>\n<meta property=\"og:type\" content=\"article\" \/>\n<meta property=\"og:title\" content=\"Trois (3) questions \u00e0 Edem Agod\u00e9, formateur \u00e0 l\u2019Agence nationale du Volontariat au Togo - 228 News\" \/>\n<meta property=\"og:description\" content=\"&nbsp; L&rsquo;Agence Nationale du Volontariat au Togo a tenu un atelier de formation \u00e0 l&rsquo;intention des journalistes les 15 et 16 janvier derniers dans la capitale togolaise. Pour en savoir plus sur le contexte, la justification de cette rencontre, votre journal a pos\u00e9 trois questions \u00e0 M. Agod\u00e9 Edem, un formateur de l&rsquo;Agence \u00e0\u00a0 l&rsquo;occasion ... Lire la suite\" \/>\n<meta property=\"og:url\" content=\"https:\/\/228news.tg\/index.php\/2018\/01\/17\/trois-3-questions-a-edem-agode-formateur-a-lagence-nationale-du-volontariat-au-togo-2\/\" \/>\n<meta property=\"og:site_name\" content=\"228 News\" \/>\n<meta property=\"article:published_time\" content=\"2018-01-17T08:40:19+00:00\" \/>\n<meta name=\"author\" content=\"Bienvenu SAVI\" \/>\n<meta name=\"twitter:card\" content=\"summary_large_image\" \/>\n<meta name=\"twitter:label1\" content=\"\u00c9crit par\" \/>\n\t<meta name=\"twitter:data1\" content=\"Bienvenu SAVI\" \/>\n\t<meta name=\"twitter:label2\" content=\"Dur\u00e9e de lecture estim\u00e9e\" \/>\n\t<meta name=\"twitter:data2\" content=\"3 minutes\" \/>\n<script type=\"application\/ld+json\" class=\"yoast-schema-graph\">{\"@context\":\"https:\/\/schema.org\",\"@graph\":[{\"@type\":\"Article\",\"@id\":\"https:\/\/228news.tg\/index.php\/2018\/01\/17\/trois-3-questions-a-edem-agode-formateur-a-lagence-nationale-du-volontariat-au-togo-2\/#article\",\"isPartOf\":{\"@id\":\"https:\/\/228news.tg\/index.php\/2018\/01\/17\/trois-3-questions-a-edem-agode-formateur-a-lagence-nationale-du-volontariat-au-togo-2\/\"},\"author\":{\"name\":\"Bienvenu SAVI\",\"@id\":\"https:\/\/228news.tg\/#\/schema\/person\/68d5a6cc0230290e61235c8379523f52\"},\"headline\":\"Trois (3) questions \u00e0 Edem Agod\u00e9, formateur \u00e0 l\u2019Agence nationale du Volontariat au Togo\",\"datePublished\":\"2018-01-17T08:40:19+00:00\",\"mainEntityOfPage\":{\"@id\":\"https:\/\/228news.tg\/index.php\/2018\/01\/17\/trois-3-questions-a-edem-agode-formateur-a-lagence-nationale-du-volontariat-au-togo-2\/\"},\"wordCount\":542,\"commentCount\":0,\"publisher\":{\"@id\":\"https:\/\/228news.tg\/#organization\"},\"image\":{\"@id\":\"https:\/\/228news.tg\/index.php\/2018\/01\/17\/trois-3-questions-a-edem-agode-formateur-a-lagence-nationale-du-volontariat-au-togo-2\/#primaryimage\"},\"thumbnailUrl\":\"\",\"articleSection\":[\"DEVELOPPEMENT\",\"Flash\",\"TOGO\",\"Une\"],\"inLanguage\":\"fr-FR\",\"potentialAction\":[{\"@type\":\"CommentAction\",\"name\":\"Comment\",\"target\":[\"https:\/\/228news.tg\/index.php\/2018\/01\/17\/trois-3-questions-a-edem-agode-formateur-a-lagence-nationale-du-volontariat-au-togo-2\/#respond\"]}]},{\"@type\":\"WebPage\",\"@id\":\"https:\/\/228news.tg\/index.php\/2018\/01\/17\/trois-3-questions-a-edem-agode-formateur-a-lagence-nationale-du-volontariat-au-togo-2\/\",\"url\":\"https:\/\/228news.tg\/index.php\/2018\/01\/17\/trois-3-questions-a-edem-agode-formateur-a-lagence-nationale-du-volontariat-au-togo-2\/\",\"name\":\"Trois (3) questions \u00e0 Edem Agod\u00e9, formateur \u00e0 l\u2019Agence nationale du Volontariat au Togo - 228 News\",\"isPartOf\":{\"@id\":\"https:\/\/228news.tg\/#website\"},\"primaryImageOfPage\":{\"@id\":\"https:\/\/228news.tg\/index.php\/2018\/01\/17\/trois-3-questions-a-edem-agode-formateur-a-lagence-nationale-du-volontariat-au-togo-2\/#primaryimage\"},\"image\":{\"@id\":\"https:\/\/228news.tg\/index.php\/2018\/01\/17\/trois-3-questions-a-edem-agode-formateur-a-lagence-nationale-du-volontariat-au-togo-2\/#primaryimage\"},\"thumbnailUrl\":\"\",\"datePublished\":\"2018-01-17T08:40:19+00:00\",\"breadcrumb\":{\"@id\":\"https:\/\/228news.tg\/index.php\/2018\/01\/17\/trois-3-questions-a-edem-agode-formateur-a-lagence-nationale-du-volontariat-au-togo-2\/#breadcrumb\"},\"inLanguage\":\"fr-FR\",\"potentialAction\":[{\"@type\":\"ReadAction\",\"target\":[\"https:\/\/228news.tg\/index.php\/2018\/01\/17\/trois-3-questions-a-edem-agode-formateur-a-lagence-nationale-du-volontariat-au-togo-2\/\"]}]},{\"@type\":\"ImageObject\",\"inLanguage\":\"fr-FR\",\"@id\":\"https:\/\/228news.tg\/index.php\/2018\/01\/17\/trois-3-questions-a-edem-agode-formateur-a-lagence-nationale-du-volontariat-au-togo-2\/#primaryimage\",\"url\":\"\",\"contentUrl\":\"\"},{\"@type\":\"BreadcrumbList\",\"@id\":\"https:\/\/228news.tg\/index.php\/2018\/01\/17\/trois-3-questions-a-edem-agode-formateur-a-lagence-nationale-du-volontariat-au-togo-2\/#breadcrumb\",\"itemListElement\":[{\"@type\":\"ListItem\",\"position\":1,\"name\":\"Home\",\"item\":\"https:\/\/228news.tg\/\"},{\"@type\":\"ListItem\",\"position\":2,\"name\":\"Trois (3) questions \u00e0 Edem Agod\u00e9, formateur \u00e0 l\u2019Agence nationale du Volontariat au Togo\"}]},{\"@type\":\"WebSite\",\"@id\":\"https:\/\/228news.tg\/#website\",\"url\":\"https:\/\/228news.tg\/\",\"name\":\"228 News\",\"description\":\"Soci\u00e9t\u00e9 de m\u00e9dias et d\u2019actualit\u00e9s\",\"publisher\":{\"@id\":\"https:\/\/228news.tg\/#organization\"},\"potentialAction\":[{\"@type\":\"SearchAction\",\"target\":{\"@type\":\"EntryPoint\",\"urlTemplate\":\"https:\/\/228news.tg\/?s={search_term_string}\"},\"query-input\":{\"@type\":\"PropertyValueSpecification\",\"valueRequired\":true,\"valueName\":\"search_term_string\"}}],\"inLanguage\":\"fr-FR\"},{\"@type\":\"Organization\",\"@id\":\"https:\/\/228news.tg\/#organization\",\"name\":\"228 News\",\"url\":\"https:\/\/228news.tg\/\",\"logo\":{\"@type\":\"ImageObject\",\"inLanguage\":\"fr-FR\",\"@id\":\"https:\/\/228news.tg\/#\/schema\/logo\/image\/\",\"url\":\"https:\/\/228news.tg\/wp-content\/uploads\/2024\/09\/logonew.png\",\"contentUrl\":\"https:\/\/228news.tg\/wp-content\/uploads\/2024\/09\/logonew.png\",\"width\":1640,\"height\":364,\"caption\":\"228 News\"},\"image\":{\"@id\":\"https:\/\/228news.tg\/#\/schema\/logo\/image\/\"}},{\"@type\":\"Person\",\"@id\":\"https:\/\/228news.tg\/#\/schema\/person\/68d5a6cc0230290e61235c8379523f52\",\"name\":\"Bienvenu SAVI\",\"image\":{\"@type\":\"ImageObject\",\"inLanguage\":\"fr-FR\",\"@id\":\"https:\/\/228news.tg\/#\/schema\/person\/image\/\",\"url\":\"https:\/\/secure.gravatar.com\/avatar\/9db91895c559e510509c33a3e9683998458e9b828fac36d5d1aa23f0f2fd369b?s=96&d=mm&r=g\",\"contentUrl\":\"https:\/\/secure.gravatar.com\/avatar\/9db91895c559e510509c33a3e9683998458e9b828fac36d5d1aa23f0f2fd369b?s=96&d=mm&r=g\",\"caption\":\"Bienvenu SAVI\"},\"url\":\"https:\/\/228news.tg\/index.php\/author\/bienvenu\/\"}]}<\/script>\n<!-- \/ Yoast SEO plugin. -->","yoast_head_json":{"title":"Trois (3) questions \u00e0 Edem Agod\u00e9, formateur \u00e0 l\u2019Agence nationale du Volontariat au Togo - 228 News","robots":{"index":"index","follow":"follow","max-snippet":"max-snippet:-1","max-image-preview":"max-image-preview:large","max-video-preview":"max-video-preview:-1"},"canonical":"https:\/\/228news.tg\/index.php\/2018\/01\/17\/trois-3-questions-a-edem-agode-formateur-a-lagence-nationale-du-volontariat-au-togo-2\/","og_locale":"fr_FR","og_type":"article","og_title":"Trois (3) questions \u00e0 Edem Agod\u00e9, formateur \u00e0 l\u2019Agence nationale du Volontariat au Togo - 228 News","og_description":"&nbsp; L&rsquo;Agence Nationale du Volontariat au Togo a tenu un atelier de formation \u00e0 l&rsquo;intention des journalistes les 15 et 16 janvier derniers dans la capitale togolaise. Pour en savoir plus sur le contexte, la justification de cette rencontre, votre journal a pos\u00e9 trois questions \u00e0 M. Agod\u00e9 Edem, un formateur de l&rsquo;Agence \u00e0\u00a0 l&rsquo;occasion ... Lire la suite","og_url":"https:\/\/228news.tg\/index.php\/2018\/01\/17\/trois-3-questions-a-edem-agode-formateur-a-lagence-nationale-du-volontariat-au-togo-2\/","og_site_name":"228 News","article_published_time":"2018-01-17T08:40:19+00:00","author":"Bienvenu SAVI","twitter_card":"summary_large_image","twitter_misc":{"\u00c9crit par":"Bienvenu SAVI","Dur\u00e9e de lecture estim\u00e9e":"3 minutes"},"schema":{"@context":"https:\/\/schema.org","@graph":[{"@type":"Article","@id":"https:\/\/228news.tg\/index.php\/2018\/01\/17\/trois-3-questions-a-edem-agode-formateur-a-lagence-nationale-du-volontariat-au-togo-2\/#article","isPartOf":{"@id":"https:\/\/228news.tg\/index.php\/2018\/01\/17\/trois-3-questions-a-edem-agode-formateur-a-lagence-nationale-du-volontariat-au-togo-2\/"},"author":{"name":"Bienvenu SAVI","@id":"https:\/\/228news.tg\/#\/schema\/person\/68d5a6cc0230290e61235c8379523f52"},"headline":"Trois (3) questions \u00e0 Edem Agod\u00e9, formateur \u00e0 l\u2019Agence nationale du Volontariat au Togo","datePublished":"2018-01-17T08:40:19+00:00","mainEntityOfPage":{"@id":"https:\/\/228news.tg\/index.php\/2018\/01\/17\/trois-3-questions-a-edem-agode-formateur-a-lagence-nationale-du-volontariat-au-togo-2\/"},"wordCount":542,"commentCount":0,"publisher":{"@id":"https:\/\/228news.tg\/#organization"},"image":{"@id":"https:\/\/228news.tg\/index.php\/2018\/01\/17\/trois-3-questions-a-edem-agode-formateur-a-lagence-nationale-du-volontariat-au-togo-2\/#primaryimage"},"thumbnailUrl":"","articleSection":["DEVELOPPEMENT","Flash","TOGO","Une"],"inLanguage":"fr-FR","potentialAction":[{"@type":"CommentAction","name":"Comment","target":["https:\/\/228news.tg\/index.php\/2018\/01\/17\/trois-3-questions-a-edem-agode-formateur-a-lagence-nationale-du-volontariat-au-togo-2\/#respond"]}]},{"@type":"WebPage","@id":"https:\/\/228news.tg\/index.php\/2018\/01\/17\/trois-3-questions-a-edem-agode-formateur-a-lagence-nationale-du-volontariat-au-togo-2\/","url":"https:\/\/228news.tg\/index.php\/2018\/01\/17\/trois-3-questions-a-edem-agode-formateur-a-lagence-nationale-du-volontariat-au-togo-2\/","name":"Trois (3) questions \u00e0 Edem Agod\u00e9, formateur \u00e0 l\u2019Agence nationale du Volontariat au Togo - 228 News","isPartOf":{"@id":"https:\/\/228news.tg\/#website"},"primaryImageOfPage":{"@id":"https:\/\/228news.tg\/index.php\/2018\/01\/17\/trois-3-questions-a-edem-agode-formateur-a-lagence-nationale-du-volontariat-au-togo-2\/#primaryimage"},"image":{"@id":"https:\/\/228news.tg\/index.php\/2018\/01\/17\/trois-3-questions-a-edem-agode-formateur-a-lagence-nationale-du-volontariat-au-togo-2\/#primaryimage"},"thumbnailUrl":"","datePublished":"2018-01-17T08:40:19+00:00","breadcrumb":{"@id":"https:\/\/228news.tg\/index.php\/2018\/01\/17\/trois-3-questions-a-edem-agode-formateur-a-lagence-nationale-du-volontariat-au-togo-2\/#breadcrumb"},"inLanguage":"fr-FR","potentialAction":[{"@type":"ReadAction","target":["https:\/\/228news.tg\/index.php\/2018\/01\/17\/trois-3-questions-a-edem-agode-formateur-a-lagence-nationale-du-volontariat-au-togo-2\/"]}]},{"@type":"ImageObject","inLanguage":"fr-FR","@id":"https:\/\/228news.tg\/index.php\/2018\/01\/17\/trois-3-questions-a-edem-agode-formateur-a-lagence-nationale-du-volontariat-au-togo-2\/#primaryimage","url":"","contentUrl":""},{"@type":"BreadcrumbList","@id":"https:\/\/228news.tg\/index.php\/2018\/01\/17\/trois-3-questions-a-edem-agode-formateur-a-lagence-nationale-du-volontariat-au-togo-2\/#breadcrumb","itemListElement":[{"@type":"ListItem","position":1,"name":"Home","item":"https:\/\/228news.tg\/"},{"@type":"ListItem","position":2,"name":"Trois (3) questions \u00e0 Edem Agod\u00e9, formateur \u00e0 l\u2019Agence nationale du Volontariat au Togo"}]},{"@type":"WebSite","@id":"https:\/\/228news.tg\/#website","url":"https:\/\/228news.tg\/","name":"228 News","description":"Soci\u00e9t\u00e9 de m\u00e9dias et d\u2019actualit\u00e9s","publisher":{"@id":"https:\/\/228news.tg\/#organization"},"potentialAction":[{"@type":"SearchAction","target":{"@type":"EntryPoint","urlTemplate":"https:\/\/228news.tg\/?s={search_term_string}"},"query-input":{"@type":"PropertyValueSpecification","valueRequired":true,"valueName":"search_term_string"}}],"inLanguage":"fr-FR"},{"@type":"Organization","@id":"https:\/\/228news.tg\/#organization","name":"228 News","url":"https:\/\/228news.tg\/","logo":{"@type":"ImageObject","inLanguage":"fr-FR","@id":"https:\/\/228news.tg\/#\/schema\/logo\/image\/","url":"https:\/\/228news.tg\/wp-content\/uploads\/2024\/09\/logonew.png","contentUrl":"https:\/\/228news.tg\/wp-content\/uploads\/2024\/09\/logonew.png","width":1640,"height":364,"caption":"228 News"},"image":{"@id":"https:\/\/228news.tg\/#\/schema\/logo\/image\/"}},{"@type":"Person","@id":"https:\/\/228news.tg\/#\/schema\/person\/68d5a6cc0230290e61235c8379523f52","name":"Bienvenu SAVI","image":{"@type":"ImageObject","inLanguage":"fr-FR","@id":"https:\/\/228news.tg\/#\/schema\/person\/image\/","url":"https:\/\/secure.gravatar.com\/avatar\/9db91895c559e510509c33a3e9683998458e9b828fac36d5d1aa23f0f2fd369b?s=96&d=mm&r=g","contentUrl":"https:\/\/secure.gravatar.com\/avatar\/9db91895c559e510509c33a3e9683998458e9b828fac36d5d1aa23f0f2fd369b?s=96&d=mm&r=g","caption":"Bienvenu SAVI"},"url":"https:\/\/228news.tg\/index.php\/author\/bienvenu\/"}]}},"jetpack_featured_media_url":"","_links":{"self":[{"href":"https:\/\/228news.tg\/index.php\/wp-json\/wp\/v2\/posts\/14344","targetHints":{"allow":["GET"]}}],"collection":[{"href":"https:\/\/228news.tg\/index.php\/wp-json\/wp\/v2\/posts"}],"about":[{"href":"https:\/\/228news.tg\/index.php\/wp-json\/wp\/v2\/types\/post"}],"author":[{"embeddable":true,"href":"https:\/\/228news.tg\/index.php\/wp-json\/wp\/v2\/users\/2"}],"replies":[{"embeddable":true,"href":"https:\/\/228news.tg\/index.php\/wp-json\/wp\/v2\/comments?post=14344"}],"version-history":[{"count":0,"href":"https:\/\/228news.tg\/index.php\/wp-json\/wp\/v2\/posts\/14344\/revisions"}],"wp:featuredmedia":[{"embeddable":true,"href":"https:\/\/228news.tg\/index.php\/wp-json\/wp\/v2\/posts\/2230"}],"wp:attachment":[{"href":"https:\/\/228news.tg\/index.php\/wp-json\/wp\/v2\/media?parent=14344"}],"wp:term":[{"taxonomy":"category","embeddable":true,"href":"https:\/\/228news.tg\/index.php\/wp-json\/wp\/v2\/categories?post=14344"},{"taxonomy":"post_tag","embeddable":true,"href":"https:\/\/228news.tg\/index.php\/wp-json\/wp\/v2\/tags?post=14344"}],"curies":[{"name":"wp","href":"https:\/\/api.w.org\/{rel}","templated":true}]}}