{"id":14343,"date":"2018-01-16T20:00:59","date_gmt":"2018-01-16T20:00:59","guid":{"rendered":"http:\/\/localhost\/site\/228news\/?p=2225"},"modified":"2018-01-16T20:00:59","modified_gmt":"2018-01-16T20:00:59","slug":"associations-nature-culture-burkina-et-vallee-des-metiers-de-beaute-le-debut-dune-belle-histoire-2","status":"publish","type":"post","link":"https:\/\/228news.tg\/index.php\/2018\/01\/16\/associations-nature-culture-burkina-et-vallee-des-metiers-de-beaute-le-debut-dune-belle-histoire-2\/","title":{"rendered":"Associations Nature Culture Burkina et Vall\u00e9e des M\u00e9tiers de Beaut\u00e9, le d\u00e9but d&rsquo;une belle histoire"},"content":{"rendered":"<p>Le 06 d\u00e9cembre 2017, une convention de partenariat a \u00e9t\u00e9 sign\u00e9e entre les associations Nature et Culture Burkina (ANCB) du Burkina Faso et Vall\u00e9e des M\u00e9tiers de Beaut\u00e9 du Togo (VMB). L\u2019union d\u00e9coul\u00e9e a fait objet d\u2019une pr\u00e9sentation \u00e0 la presse togolaise hier dans la capitale togolaise.<\/p>\n<p>Olivier Marc, pr\u00e9sident de l\u2019ANCB justifie cette approche\u00a0: \u00ab\u00a0Suite \u00e0 la cr\u00e9ation de la VMB au Togo, nous avons trouv\u00e9 des objectifs en communs aux deux associations et c\u2019est plus int\u00e9ressant de travailler ensemble. Cette convention nous rapproche donc et nous permettra de faire des \u00e9changes d\u2019intelligence , de faire passer des informations que chaque association peut avoir dans son pays pour \u00e9viter de faire les m\u00eames recherches et de gagner en temps et en synergie et de co-organiser des \u00e9v\u00e9nements.\u00a0\u00bb<\/p>\n<p>La convention en elle-m\u00eame est assez large dans ces termes afin d\u2019inclure des objectifs en fonction des besoins. Elle est pr\u00e9vue pour durer une ann\u00e9e renouvelable de mani\u00e8re tacite et permettra aux deux associations d\u2019\u00e9voluer c\u00f4te \u00e0 c\u00f4te dans l\u2019optique de la valorisation des m\u00e9tiers de beaut\u00e9 \u00e0 travers des produits naturels de qualit\u00e9.<\/p>\n<p>Eric Am\u00e9tsip\u00e9, pr\u00e9sident de la VMB, dernier n\u00e9 des associations du secteur, s\u2019est une fois de plus r\u00e9joui de ce partenariat qui constitue un pas de plus dans la marche vers la mise en place d\u2019une v\u00e9ritable cosm\u00e9tique africaine.<\/p>\n<p>Un autre temps fort ayant marqu\u00e9e la c\u00e9r\u00e9monie, la pr\u00e9sentation de certains produits de beaut\u00e9 et m\u00e9dicinaux\u00a0 de l\u2019association f\u00e9minine burkinab\u00e9 Famiran ou\u00a0 \u00abEntente\u00a0\u00bb en peuhl, par Mme Olivier Anatou, pr\u00e9sidente de l\u2019association. Il s\u2019agit des savons faits \u00e0 bases des plantes et essences naturelles destin\u00e9e aux soins de tout type de peau et luttant contre les dermatoses. La particularit\u00e9 de la pr\u00e9sentation de ces savons r\u00e9side dans le fait que les femmes de Famiran ont \u00e9volu\u00e9 dans la fabrication des emballages des produits par rapport au dernier FIAB. Ceci a trouv\u00e9 une justification dans le partage d\u2019information et d\u2019exp\u00e9riences dont elles ont b\u00e9n\u00e9fici\u00e9 au dernier FIAB tenu \u00e0 Lom\u00e9.<\/p>\n<p>La VMB a \u00e9t\u00e9 port\u00e9e sur les fonts baptismaux au Togo n 2017, \u00e0 l\u2019issue du dernier Forum International Afrique et Beaut\u00e9, tenu \u00e0 Lom\u00e9 en f\u00e9vrier dernier. Elle s\u2019est donn\u00e9e pour mission de rassembler les acteurs de la beaut\u00e9 et de la cosm\u00e9tique, de les amener \u00e0 travers des formations, des appuis et partenariats techniques \u00e0 une professionnalisation.<\/p>\n<p>L\u2019ANCB a \u00e9t\u00e9 cr\u00e9e en 2010 au Burkina Faso par des acteurs locaux et Europ\u00e9ens \u0153uvrant majoritairement dans le domaine de la beaut\u00e9 et de la cosm\u00e9tique sur le constat du lien qu\u2019il y a entre l\u2019homme et la nature et qu\u2019il ne faut pas perdre \u00e0 tout prix dans nos activit\u00e9s. Dans la fabrication des produits cosm\u00e9tiques, dans les formations il est important de toujours pr\u00e9server ce lien \u00a0et ne jamais perdre de vue la nature dont l\u2019homme est issu sous peine d\u2019aller dans un mur. Cr\u00e9\u00e9e en 2010 pour abriter le FIAB, a \u00e9galement permis de d\u00e9velopper d\u2019autres fili\u00e8res v\u00e9g\u00e9tales pris\u00e9es par des partenaires du domaines de la cosm\u00e9tiques qui appuie les associations. ANCB est promotrice du forum international Afrique et Beaut\u00e9.<\/p>\n<p><strong>D\u00e9mocrate<\/strong><\/p>\n","protected":false},"excerpt":{"rendered":"<p>Le 06 d\u00e9cembre 2017, une convention de partenariat a \u00e9t\u00e9 sign\u00e9e entre les associations Nature et Culture Burkina (ANCB) du Burkina Faso et Vall\u00e9e des M\u00e9tiers de Beaut\u00e9 du Togo (VMB). L\u2019union d\u00e9coul\u00e9e a fait objet d\u2019une pr\u00e9sentation \u00e0 la presse togolaise hier dans la capitale togolaise. Olivier Marc, pr\u00e9sident de l\u2019ANCB justifie cette approche\u00a0: &#8230; <a title=\"Associations Nature Culture Burkina et Vall\u00e9e des M\u00e9tiers de Beaut\u00e9, le d\u00e9but d&rsquo;une belle histoire\" class=\"read-more\" href=\"https:\/\/228news.tg\/index.php\/2018\/01\/16\/associations-nature-culture-burkina-et-vallee-des-metiers-de-beaute-le-debut-dune-belle-histoire-2\/\" aria-label=\"En savoir plus sur Associations Nature Culture Burkina et Vall\u00e9e des M\u00e9tiers de Beaut\u00e9, le d\u00e9but d&rsquo;une belle histoire\">Lire la suite<\/a><\/p>\n","protected":false},"author":2,"featured_media":2226,"comment_status":"open","ping_status":"open","sticky":false,"template":"","format":"chat","meta":{"footnotes":""},"categories":[26,31,35,34],"tags":[],"class_list":["post-14343","post","type-post","status-publish","format-chat","has-post-thumbnail","hentry","category-afrique","category-developpement","category-flash","category-une","post_format-post-format-chat"],"yoast_head":"<!-- This site is optimized with the Yoast SEO plugin v26.4 - https:\/\/yoast.com\/wordpress\/plugins\/seo\/ -->\n<title>Associations Nature Culture Burkina et Vall\u00e9e des M\u00e9tiers de Beaut\u00e9, le d\u00e9but d&#039;une belle histoire - 228 News<\/title>\n<meta name=\"robots\" content=\"index, follow, max-snippet:-1, max-image-preview:large, max-video-preview:-1\" \/>\n<link rel=\"canonical\" href=\"https:\/\/228news.tg\/index.php\/2018\/01\/16\/associations-nature-culture-burkina-et-vallee-des-metiers-de-beaute-le-debut-dune-belle-histoire-2\/\" \/>\n<meta property=\"og:locale\" content=\"fr_FR\" \/>\n<meta property=\"og:type\" content=\"article\" \/>\n<meta property=\"og:title\" content=\"Associations Nature Culture Burkina et Vall\u00e9e des M\u00e9tiers de Beaut\u00e9, le d\u00e9but d&#039;une belle histoire - 228 News\" \/>\n<meta property=\"og:description\" content=\"Le 06 d\u00e9cembre 2017, une convention de partenariat a \u00e9t\u00e9 sign\u00e9e entre les associations Nature et Culture Burkina (ANCB) du Burkina Faso et Vall\u00e9e des M\u00e9tiers de Beaut\u00e9 du Togo (VMB). L\u2019union d\u00e9coul\u00e9e a fait objet d\u2019une pr\u00e9sentation \u00e0 la presse togolaise hier dans la capitale togolaise. Olivier Marc, pr\u00e9sident de l\u2019ANCB justifie cette approche\u00a0: ... Lire la suite\" \/>\n<meta property=\"og:url\" content=\"https:\/\/228news.tg\/index.php\/2018\/01\/16\/associations-nature-culture-burkina-et-vallee-des-metiers-de-beaute-le-debut-dune-belle-histoire-2\/\" \/>\n<meta property=\"og:site_name\" content=\"228 News\" \/>\n<meta property=\"article:published_time\" content=\"2018-01-16T20:00:59+00:00\" \/>\n<meta name=\"author\" content=\"Bienvenu SAVI\" \/>\n<meta name=\"twitter:card\" content=\"summary_large_image\" \/>\n<meta name=\"twitter:label1\" content=\"\u00c9crit par\" \/>\n\t<meta name=\"twitter:data1\" content=\"Bienvenu SAVI\" \/>\n\t<meta name=\"twitter:label2\" content=\"Dur\u00e9e de lecture estim\u00e9e\" \/>\n\t<meta name=\"twitter:data2\" content=\"3 minutes\" \/>\n<script type=\"application\/ld+json\" class=\"yoast-schema-graph\">{\"@context\":\"https:\/\/schema.org\",\"@graph\":[{\"@type\":\"Article\",\"@id\":\"https:\/\/228news.tg\/index.php\/2018\/01\/16\/associations-nature-culture-burkina-et-vallee-des-metiers-de-beaute-le-debut-dune-belle-histoire-2\/#article\",\"isPartOf\":{\"@id\":\"https:\/\/228news.tg\/index.php\/2018\/01\/16\/associations-nature-culture-burkina-et-vallee-des-metiers-de-beaute-le-debut-dune-belle-histoire-2\/\"},\"author\":{\"name\":\"Bienvenu SAVI\",\"@id\":\"https:\/\/228news.tg\/#\/schema\/person\/68d5a6cc0230290e61235c8379523f52\"},\"headline\":\"Associations Nature Culture Burkina et Vall\u00e9e des M\u00e9tiers de Beaut\u00e9, le d\u00e9but d&rsquo;une belle histoire\",\"datePublished\":\"2018-01-16T20:00:59+00:00\",\"mainEntityOfPage\":{\"@id\":\"https:\/\/228news.tg\/index.php\/2018\/01\/16\/associations-nature-culture-burkina-et-vallee-des-metiers-de-beaute-le-debut-dune-belle-histoire-2\/\"},\"wordCount\":596,\"commentCount\":0,\"publisher\":{\"@id\":\"https:\/\/228news.tg\/#organization\"},\"image\":{\"@id\":\"https:\/\/228news.tg\/index.php\/2018\/01\/16\/associations-nature-culture-burkina-et-vallee-des-metiers-de-beaute-le-debut-dune-belle-histoire-2\/#primaryimage\"},\"thumbnailUrl\":\"\",\"articleSection\":[\"AFRIQUE\",\"DEVELOPPEMENT\",\"Flash\",\"Une\"],\"inLanguage\":\"fr-FR\",\"potentialAction\":[{\"@type\":\"CommentAction\",\"name\":\"Comment\",\"target\":[\"https:\/\/228news.tg\/index.php\/2018\/01\/16\/associations-nature-culture-burkina-et-vallee-des-metiers-de-beaute-le-debut-dune-belle-histoire-2\/#respond\"]}]},{\"@type\":\"WebPage\",\"@id\":\"https:\/\/228news.tg\/index.php\/2018\/01\/16\/associations-nature-culture-burkina-et-vallee-des-metiers-de-beaute-le-debut-dune-belle-histoire-2\/\",\"url\":\"https:\/\/228news.tg\/index.php\/2018\/01\/16\/associations-nature-culture-burkina-et-vallee-des-metiers-de-beaute-le-debut-dune-belle-histoire-2\/\",\"name\":\"Associations Nature Culture Burkina et Vall\u00e9e des M\u00e9tiers de Beaut\u00e9, le d\u00e9but d'une belle histoire - 228 News\",\"isPartOf\":{\"@id\":\"https:\/\/228news.tg\/#website\"},\"primaryImageOfPage\":{\"@id\":\"https:\/\/228news.tg\/index.php\/2018\/01\/16\/associations-nature-culture-burkina-et-vallee-des-metiers-de-beaute-le-debut-dune-belle-histoire-2\/#primaryimage\"},\"image\":{\"@id\":\"https:\/\/228news.tg\/index.php\/2018\/01\/16\/associations-nature-culture-burkina-et-vallee-des-metiers-de-beaute-le-debut-dune-belle-histoire-2\/#primaryimage\"},\"thumbnailUrl\":\"\",\"datePublished\":\"2018-01-16T20:00:59+00:00\",\"breadcrumb\":{\"@id\":\"https:\/\/228news.tg\/index.php\/2018\/01\/16\/associations-nature-culture-burkina-et-vallee-des-metiers-de-beaute-le-debut-dune-belle-histoire-2\/#breadcrumb\"},\"inLanguage\":\"fr-FR\",\"potentialAction\":[{\"@type\":\"ReadAction\",\"target\":[\"https:\/\/228news.tg\/index.php\/2018\/01\/16\/associations-nature-culture-burkina-et-vallee-des-metiers-de-beaute-le-debut-dune-belle-histoire-2\/\"]}]},{\"@type\":\"ImageObject\",\"inLanguage\":\"fr-FR\",\"@id\":\"https:\/\/228news.tg\/index.php\/2018\/01\/16\/associations-nature-culture-burkina-et-vallee-des-metiers-de-beaute-le-debut-dune-belle-histoire-2\/#primaryimage\",\"url\":\"\",\"contentUrl\":\"\"},{\"@type\":\"BreadcrumbList\",\"@id\":\"https:\/\/228news.tg\/index.php\/2018\/01\/16\/associations-nature-culture-burkina-et-vallee-des-metiers-de-beaute-le-debut-dune-belle-histoire-2\/#breadcrumb\",\"itemListElement\":[{\"@type\":\"ListItem\",\"position\":1,\"name\":\"Home\",\"item\":\"https:\/\/228news.tg\/\"},{\"@type\":\"ListItem\",\"position\":2,\"name\":\"Associations Nature Culture Burkina et Vall\u00e9e des M\u00e9tiers de Beaut\u00e9, le d\u00e9but d&rsquo;une belle histoire\"}]},{\"@type\":\"WebSite\",\"@id\":\"https:\/\/228news.tg\/#website\",\"url\":\"https:\/\/228news.tg\/\",\"name\":\"228 News\",\"description\":\"Soci\u00e9t\u00e9 de m\u00e9dias et d\u2019actualit\u00e9s\",\"publisher\":{\"@id\":\"https:\/\/228news.tg\/#organization\"},\"potentialAction\":[{\"@type\":\"SearchAction\",\"target\":{\"@type\":\"EntryPoint\",\"urlTemplate\":\"https:\/\/228news.tg\/?s={search_term_string}\"},\"query-input\":{\"@type\":\"PropertyValueSpecification\",\"valueRequired\":true,\"valueName\":\"search_term_string\"}}],\"inLanguage\":\"fr-FR\"},{\"@type\":\"Organization\",\"@id\":\"https:\/\/228news.tg\/#organization\",\"name\":\"228 News\",\"url\":\"https:\/\/228news.tg\/\",\"logo\":{\"@type\":\"ImageObject\",\"inLanguage\":\"fr-FR\",\"@id\":\"https:\/\/228news.tg\/#\/schema\/logo\/image\/\",\"url\":\"https:\/\/228news.tg\/wp-content\/uploads\/2024\/09\/logonew.png\",\"contentUrl\":\"https:\/\/228news.tg\/wp-content\/uploads\/2024\/09\/logonew.png\",\"width\":1640,\"height\":364,\"caption\":\"228 News\"},\"image\":{\"@id\":\"https:\/\/228news.tg\/#\/schema\/logo\/image\/\"}},{\"@type\":\"Person\",\"@id\":\"https:\/\/228news.tg\/#\/schema\/person\/68d5a6cc0230290e61235c8379523f52\",\"name\":\"Bienvenu SAVI\",\"image\":{\"@type\":\"ImageObject\",\"inLanguage\":\"fr-FR\",\"@id\":\"https:\/\/228news.tg\/#\/schema\/person\/image\/\",\"url\":\"https:\/\/secure.gravatar.com\/avatar\/9db91895c559e510509c33a3e9683998458e9b828fac36d5d1aa23f0f2fd369b?s=96&d=mm&r=g\",\"contentUrl\":\"https:\/\/secure.gravatar.com\/avatar\/9db91895c559e510509c33a3e9683998458e9b828fac36d5d1aa23f0f2fd369b?s=96&d=mm&r=g\",\"caption\":\"Bienvenu SAVI\"},\"url\":\"https:\/\/228news.tg\/index.php\/author\/bienvenu\/\"}]}<\/script>\n<!-- \/ Yoast SEO plugin. -->","yoast_head_json":{"title":"Associations Nature Culture Burkina et Vall\u00e9e des M\u00e9tiers de Beaut\u00e9, le d\u00e9but d'une belle histoire - 228 News","robots":{"index":"index","follow":"follow","max-snippet":"max-snippet:-1","max-image-preview":"max-image-preview:large","max-video-preview":"max-video-preview:-1"},"canonical":"https:\/\/228news.tg\/index.php\/2018\/01\/16\/associations-nature-culture-burkina-et-vallee-des-metiers-de-beaute-le-debut-dune-belle-histoire-2\/","og_locale":"fr_FR","og_type":"article","og_title":"Associations Nature Culture Burkina et Vall\u00e9e des M\u00e9tiers de Beaut\u00e9, le d\u00e9but d'une belle histoire - 228 News","og_description":"Le 06 d\u00e9cembre 2017, une convention de partenariat a \u00e9t\u00e9 sign\u00e9e entre les associations Nature et Culture Burkina (ANCB) du Burkina Faso et Vall\u00e9e des M\u00e9tiers de Beaut\u00e9 du Togo (VMB). L\u2019union d\u00e9coul\u00e9e a fait objet d\u2019une pr\u00e9sentation \u00e0 la presse togolaise hier dans la capitale togolaise. Olivier Marc, pr\u00e9sident de l\u2019ANCB justifie cette approche\u00a0: ... Lire la suite","og_url":"https:\/\/228news.tg\/index.php\/2018\/01\/16\/associations-nature-culture-burkina-et-vallee-des-metiers-de-beaute-le-debut-dune-belle-histoire-2\/","og_site_name":"228 News","article_published_time":"2018-01-16T20:00:59+00:00","author":"Bienvenu SAVI","twitter_card":"summary_large_image","twitter_misc":{"\u00c9crit par":"Bienvenu SAVI","Dur\u00e9e de lecture estim\u00e9e":"3 minutes"},"schema":{"@context":"https:\/\/schema.org","@graph":[{"@type":"Article","@id":"https:\/\/228news.tg\/index.php\/2018\/01\/16\/associations-nature-culture-burkina-et-vallee-des-metiers-de-beaute-le-debut-dune-belle-histoire-2\/#article","isPartOf":{"@id":"https:\/\/228news.tg\/index.php\/2018\/01\/16\/associations-nature-culture-burkina-et-vallee-des-metiers-de-beaute-le-debut-dune-belle-histoire-2\/"},"author":{"name":"Bienvenu SAVI","@id":"https:\/\/228news.tg\/#\/schema\/person\/68d5a6cc0230290e61235c8379523f52"},"headline":"Associations Nature Culture Burkina et Vall\u00e9e des M\u00e9tiers de Beaut\u00e9, le d\u00e9but d&rsquo;une belle histoire","datePublished":"2018-01-16T20:00:59+00:00","mainEntityOfPage":{"@id":"https:\/\/228news.tg\/index.php\/2018\/01\/16\/associations-nature-culture-burkina-et-vallee-des-metiers-de-beaute-le-debut-dune-belle-histoire-2\/"},"wordCount":596,"commentCount":0,"publisher":{"@id":"https:\/\/228news.tg\/#organization"},"image":{"@id":"https:\/\/228news.tg\/index.php\/2018\/01\/16\/associations-nature-culture-burkina-et-vallee-des-metiers-de-beaute-le-debut-dune-belle-histoire-2\/#primaryimage"},"thumbnailUrl":"","articleSection":["AFRIQUE","DEVELOPPEMENT","Flash","Une"],"inLanguage":"fr-FR","potentialAction":[{"@type":"CommentAction","name":"Comment","target":["https:\/\/228news.tg\/index.php\/2018\/01\/16\/associations-nature-culture-burkina-et-vallee-des-metiers-de-beaute-le-debut-dune-belle-histoire-2\/#respond"]}]},{"@type":"WebPage","@id":"https:\/\/228news.tg\/index.php\/2018\/01\/16\/associations-nature-culture-burkina-et-vallee-des-metiers-de-beaute-le-debut-dune-belle-histoire-2\/","url":"https:\/\/228news.tg\/index.php\/2018\/01\/16\/associations-nature-culture-burkina-et-vallee-des-metiers-de-beaute-le-debut-dune-belle-histoire-2\/","name":"Associations Nature Culture Burkina et Vall\u00e9e des M\u00e9tiers de Beaut\u00e9, le d\u00e9but d'une belle histoire - 228 News","isPartOf":{"@id":"https:\/\/228news.tg\/#website"},"primaryImageOfPage":{"@id":"https:\/\/228news.tg\/index.php\/2018\/01\/16\/associations-nature-culture-burkina-et-vallee-des-metiers-de-beaute-le-debut-dune-belle-histoire-2\/#primaryimage"},"image":{"@id":"https:\/\/228news.tg\/index.php\/2018\/01\/16\/associations-nature-culture-burkina-et-vallee-des-metiers-de-beaute-le-debut-dune-belle-histoire-2\/#primaryimage"},"thumbnailUrl":"","datePublished":"2018-01-16T20:00:59+00:00","breadcrumb":{"@id":"https:\/\/228news.tg\/index.php\/2018\/01\/16\/associations-nature-culture-burkina-et-vallee-des-metiers-de-beaute-le-debut-dune-belle-histoire-2\/#breadcrumb"},"inLanguage":"fr-FR","potentialAction":[{"@type":"ReadAction","target":["https:\/\/228news.tg\/index.php\/2018\/01\/16\/associations-nature-culture-burkina-et-vallee-des-metiers-de-beaute-le-debut-dune-belle-histoire-2\/"]}]},{"@type":"ImageObject","inLanguage":"fr-FR","@id":"https:\/\/228news.tg\/index.php\/2018\/01\/16\/associations-nature-culture-burkina-et-vallee-des-metiers-de-beaute-le-debut-dune-belle-histoire-2\/#primaryimage","url":"","contentUrl":""},{"@type":"BreadcrumbList","@id":"https:\/\/228news.tg\/index.php\/2018\/01\/16\/associations-nature-culture-burkina-et-vallee-des-metiers-de-beaute-le-debut-dune-belle-histoire-2\/#breadcrumb","itemListElement":[{"@type":"ListItem","position":1,"name":"Home","item":"https:\/\/228news.tg\/"},{"@type":"ListItem","position":2,"name":"Associations Nature Culture Burkina et Vall\u00e9e des M\u00e9tiers de Beaut\u00e9, le d\u00e9but d&rsquo;une belle histoire"}]},{"@type":"WebSite","@id":"https:\/\/228news.tg\/#website","url":"https:\/\/228news.tg\/","name":"228 News","description":"Soci\u00e9t\u00e9 de m\u00e9dias et d\u2019actualit\u00e9s","publisher":{"@id":"https:\/\/228news.tg\/#organization"},"potentialAction":[{"@type":"SearchAction","target":{"@type":"EntryPoint","urlTemplate":"https:\/\/228news.tg\/?s={search_term_string}"},"query-input":{"@type":"PropertyValueSpecification","valueRequired":true,"valueName":"search_term_string"}}],"inLanguage":"fr-FR"},{"@type":"Organization","@id":"https:\/\/228news.tg\/#organization","name":"228 News","url":"https:\/\/228news.tg\/","logo":{"@type":"ImageObject","inLanguage":"fr-FR","@id":"https:\/\/228news.tg\/#\/schema\/logo\/image\/","url":"https:\/\/228news.tg\/wp-content\/uploads\/2024\/09\/logonew.png","contentUrl":"https:\/\/228news.tg\/wp-content\/uploads\/2024\/09\/logonew.png","width":1640,"height":364,"caption":"228 News"},"image":{"@id":"https:\/\/228news.tg\/#\/schema\/logo\/image\/"}},{"@type":"Person","@id":"https:\/\/228news.tg\/#\/schema\/person\/68d5a6cc0230290e61235c8379523f52","name":"Bienvenu SAVI","image":{"@type":"ImageObject","inLanguage":"fr-FR","@id":"https:\/\/228news.tg\/#\/schema\/person\/image\/","url":"https:\/\/secure.gravatar.com\/avatar\/9db91895c559e510509c33a3e9683998458e9b828fac36d5d1aa23f0f2fd369b?s=96&d=mm&r=g","contentUrl":"https:\/\/secure.gravatar.com\/avatar\/9db91895c559e510509c33a3e9683998458e9b828fac36d5d1aa23f0f2fd369b?s=96&d=mm&r=g","caption":"Bienvenu SAVI"},"url":"https:\/\/228news.tg\/index.php\/author\/bienvenu\/"}]}},"jetpack_featured_media_url":"","_links":{"self":[{"href":"https:\/\/228news.tg\/index.php\/wp-json\/wp\/v2\/posts\/14343","targetHints":{"allow":["GET"]}}],"collection":[{"href":"https:\/\/228news.tg\/index.php\/wp-json\/wp\/v2\/posts"}],"about":[{"href":"https:\/\/228news.tg\/index.php\/wp-json\/wp\/v2\/types\/post"}],"author":[{"embeddable":true,"href":"https:\/\/228news.tg\/index.php\/wp-json\/wp\/v2\/users\/2"}],"replies":[{"embeddable":true,"href":"https:\/\/228news.tg\/index.php\/wp-json\/wp\/v2\/comments?post=14343"}],"version-history":[{"count":0,"href":"https:\/\/228news.tg\/index.php\/wp-json\/wp\/v2\/posts\/14343\/revisions"}],"wp:featuredmedia":[{"embeddable":true,"href":"https:\/\/228news.tg\/index.php\/wp-json\/wp\/v2\/posts\/2226"}],"wp:attachment":[{"href":"https:\/\/228news.tg\/index.php\/wp-json\/wp\/v2\/media?parent=14343"}],"wp:term":[{"taxonomy":"category","embeddable":true,"href":"https:\/\/228news.tg\/index.php\/wp-json\/wp\/v2\/categories?post=14343"},{"taxonomy":"post_tag","embeddable":true,"href":"https:\/\/228news.tg\/index.php\/wp-json\/wp\/v2\/tags?post=14343"}],"curies":[{"name":"wp","href":"https:\/\/api.w.org\/{rel}","templated":true}]}}