{"id":14319,"date":"2017-12-20T09:29:32","date_gmt":"2017-12-20T09:29:32","guid":{"rendered":"http:\/\/localhost\/site\/228news\/?p=2124"},"modified":"2017-12-20T09:29:32","modified_gmt":"2017-12-20T09:29:32","slug":"iheris-une-journee-de-lintegration-au-service-de-lengagement-citoyen-2","status":"publish","type":"post","link":"https:\/\/228news.tg\/index.php\/2017\/12\/20\/iheris-une-journee-de-lintegration-au-service-de-lengagement-citoyen-2\/","title":{"rendered":"IHERIS, une journ\u00e9e de l&rsquo;int\u00e9gration au service de l&rsquo;engagement citoyen ce vendredi"},"content":{"rendered":"<p>L&rsquo;Institut des Hautes Etudes, des Relations Internationales et Strat\u00e9gies (IHERIS) organise une journ\u00e9e d&rsquo;int\u00e9gration \u00e0 l&rsquo;intention des \u00e9tudiants, du corps enseignants, de m\u00eame que toute personne d\u00e9sireuse de mieux en savoir sur cette \u00e9cole, ce vendredi 22 d\u00e9cembre 2017.<\/p>\n<p>Mise sous le signe de l&rsquo;engagement citoyen comme le rappelle si bien le th\u00e8me \u00ab\u00a0IHERIS-Engagement citoyen: carrefour bleu propre\u00a0\u00bb, cette \u00e9dition de la journ\u00e9e se singularise par une mise en oeuvre de la responsabilit\u00e9 soci\u00e9tale (RSE) de l&rsquo;\u00e9tablissement, notamment la mise au propre de l&rsquo;environnement direct de l&rsquo;IHERIS qu&rsquo;est le carrefour bleu (un c\u00e9l\u00e8bre carrefour d&rsquo;Ago\u00e8, situ\u00e9 \u00e0 proximit\u00e9 de l&rsquo;IHERIS).<\/p>\n<p>\u00ab\u00a0Nous voulons \u00e0 travers cette op\u00e9ration carrefour bleu propre attirer l&rsquo;attention des \u00e9tudiants sur la n\u00e9cessit\u00e9 de prendre soin de son environnement direct, celle des populations et usagers de ce carrefour \u00e0 prendre en compte l&rsquo;importance de pr\u00e9server et d&rsquo;assainir l&rsquo;es espaces publics dont nous disposons en commun\u00a0\u00bb, a d\u00e9clar\u00e9 M. Falschau Augustin, charg\u00e9 de communication et des relations publiques de l&rsquo;IHERIS.<img fetchpriority=\"high\" decoding=\"async\" class=\"size-medium wp-image-2126 alignright\" src=\"http:\/\/localhost\/site\/228news\/wp-content\/uploads\/2017\/12\/index1-300x300.jpg\" alt=\"\" width=\"300\" height=\"300\" \/><\/p>\n<p>En dehors de cette activit\u00e9 Carrefour bleu propre, un floril\u00e8ge d&rsquo;activit\u00e9s sont au menu de cette journ\u00e9e. Une causerie d\u00e9bat sur l&rsquo;engagement citoyen, entre le corps enseignant, l&rsquo;administration, les \u00e9tudiants et toute personne d\u00e9sireuse d&rsquo;y participer, est \u00e9galement programm\u00e9e dans la matin\u00e9e, autour d&rsquo;un cocktail.\u00a0Cette assise permettra de cr\u00e9er une dynamique familiale entre tous ces acteurs.<\/p>\n<p>\u00ab\u00a0Le programme concoct\u00e9 pour nous par l&rsquo;institut nous sera beaucoup b\u00e9n\u00e9fique au regard des d\u00e9fis et enjeux de l&rsquo;heure, et dans la mesure o\u00f9 les diff\u00e9rentes th\u00e9matiques et actions nous permettront de prendre la mesure de notre r\u00f4le au sein de notre soci\u00e9t\u00e9. j&rsquo;ai donc h\u00e2te d&rsquo;\u00eatre \u00e0 vendredi\u00a0\u00bb, a confi\u00e9 plein d&rsquo;enthousiasme une \u00e9tudiante.<\/p>\n<p>En cl\u00f4ture \u00e0 toutes ces manifestations visant l&rsquo;int\u00e9gration de tous, l&rsquo;IHERIS organise dans la soir\u00e9e de ce vendredi \u00e0 l&rsquo;h\u00f4tel Mirambeau, une soir\u00e9e de l&rsquo;int\u00e9gration qui verra des artistes en herbe issus de l&rsquo;institut et des artistes confirm\u00e9s de la chanson togolaise sur sc\u00e8ne.<\/p>\n<p>La participation \u00e0 cette soir\u00e9e est subordonn\u00e9e \u00e0 la modique somme de cinq mille (5000) francs CFA.<\/p>\n<p>Un appel sp\u00e9cial est lanc\u00e9 aux futurs bacheliers afin de venir s&rsquo;impr\u00e9gner des r\u00e9alit\u00e9s de l&rsquo;IHERIS afin de mieux orienter leur choix de formation \u00e0 l&rsquo;obtention de leur baccalaur\u00e9at.<\/p>\n<p>Notons pour finir que l&rsquo;IHERIS forme en droit, sciences politiques, \u00e9conomiques et de gestion, en administration, en marketing et communication, en finance banque et assurance, en gestion de projet et passation des march\u00e9s publics, en diplomatie,&#8230;<\/p>\n<p>Avec un enseignement de qualit\u00e9, comp\u00e9titif sur le march\u00e9 de l&#8217;emploi, l&rsquo;IHERIS garantie une employabilit\u00e9 \u00e0 tous ces \u00e9tudiants \u00e0 travers des partenariats, stages concurrentiels,&#8230;<\/p>\n<p>D\u00e9mocrate<\/p>\n<p>(00228) 91 85 40 14<\/p>\n<p>98 60 67 68<\/p>\n<p>democrate2010@gmail<\/p>\n","protected":false},"excerpt":{"rendered":"<p>L&rsquo;Institut des Hautes Etudes, des Relations Internationales et Strat\u00e9gies (IHERIS) organise une journ\u00e9e d&rsquo;int\u00e9gration \u00e0 l&rsquo;intention des \u00e9tudiants, du corps enseignants, de m\u00eame que toute personne d\u00e9sireuse de mieux en savoir sur cette \u00e9cole, ce vendredi 22 d\u00e9cembre 2017. Mise sous le signe de l&rsquo;engagement citoyen comme le rappelle si bien le th\u00e8me \u00ab\u00a0IHERIS-Engagement citoyen: &#8230; <a title=\"IHERIS, une journ\u00e9e de l&rsquo;int\u00e9gration au service de l&rsquo;engagement citoyen ce vendredi\" class=\"read-more\" href=\"https:\/\/228news.tg\/index.php\/2017\/12\/20\/iheris-une-journee-de-lintegration-au-service-de-lengagement-citoyen-2\/\" aria-label=\"En savoir plus sur IHERIS, une journ\u00e9e de l&rsquo;int\u00e9gration au service de l&rsquo;engagement citoyen ce vendredi\">Lire la suite<\/a><\/p>\n","protected":false},"author":2,"featured_media":2125,"comment_status":"open","ping_status":"open","sticky":false,"template":"","format":"chat","meta":{"footnotes":""},"categories":[28,35,25,34],"tags":[],"class_list":["post-14319","post","type-post","status-publish","format-chat","has-post-thumbnail","hentry","category-education","category-flash","category-togo","category-une","post_format-post-format-chat"],"yoast_head":"<!-- This site is optimized with the Yoast SEO plugin v26.4 - https:\/\/yoast.com\/wordpress\/plugins\/seo\/ -->\n<title>IHERIS, une journ\u00e9e de l&#039;int\u00e9gration au service de l&#039;engagement citoyen ce vendredi - 228 News<\/title>\n<meta name=\"robots\" content=\"index, follow, max-snippet:-1, max-image-preview:large, max-video-preview:-1\" \/>\n<link rel=\"canonical\" href=\"https:\/\/228news.tg\/index.php\/2017\/12\/20\/iheris-une-journee-de-lintegration-au-service-de-lengagement-citoyen-2\/\" \/>\n<meta property=\"og:locale\" content=\"fr_FR\" \/>\n<meta property=\"og:type\" content=\"article\" \/>\n<meta property=\"og:title\" content=\"IHERIS, une journ\u00e9e de l&#039;int\u00e9gration au service de l&#039;engagement citoyen ce vendredi - 228 News\" \/>\n<meta property=\"og:description\" content=\"L&rsquo;Institut des Hautes Etudes, des Relations Internationales et Strat\u00e9gies (IHERIS) organise une journ\u00e9e d&rsquo;int\u00e9gration \u00e0 l&rsquo;intention des \u00e9tudiants, du corps enseignants, de m\u00eame que toute personne d\u00e9sireuse de mieux en savoir sur cette \u00e9cole, ce vendredi 22 d\u00e9cembre 2017. Mise sous le signe de l&rsquo;engagement citoyen comme le rappelle si bien le th\u00e8me \u00ab\u00a0IHERIS-Engagement citoyen: ... Lire la suite\" \/>\n<meta property=\"og:url\" content=\"https:\/\/228news.tg\/index.php\/2017\/12\/20\/iheris-une-journee-de-lintegration-au-service-de-lengagement-citoyen-2\/\" \/>\n<meta property=\"og:site_name\" content=\"228 News\" \/>\n<meta property=\"article:published_time\" content=\"2017-12-20T09:29:32+00:00\" \/>\n<meta property=\"og:image\" content=\"http:\/\/localhost\/site\/228news\/wp-content\/uploads\/2017\/12\/index1-300x300.jpg\" \/>\n<meta name=\"author\" content=\"Bienvenu SAVI\" \/>\n<meta name=\"twitter:card\" content=\"summary_large_image\" \/>\n<meta name=\"twitter:label1\" content=\"\u00c9crit par\" \/>\n\t<meta name=\"twitter:data1\" content=\"Bienvenu SAVI\" \/>\n\t<meta name=\"twitter:label2\" content=\"Dur\u00e9e de lecture estim\u00e9e\" \/>\n\t<meta name=\"twitter:data2\" content=\"2 minutes\" \/>\n<script type=\"application\/ld+json\" class=\"yoast-schema-graph\">{\"@context\":\"https:\/\/schema.org\",\"@graph\":[{\"@type\":\"Article\",\"@id\":\"https:\/\/228news.tg\/index.php\/2017\/12\/20\/iheris-une-journee-de-lintegration-au-service-de-lengagement-citoyen-2\/#article\",\"isPartOf\":{\"@id\":\"https:\/\/228news.tg\/index.php\/2017\/12\/20\/iheris-une-journee-de-lintegration-au-service-de-lengagement-citoyen-2\/\"},\"author\":{\"name\":\"Bienvenu SAVI\",\"@id\":\"https:\/\/228news.tg\/#\/schema\/person\/68d5a6cc0230290e61235c8379523f52\"},\"headline\":\"IHERIS, une journ\u00e9e de l&rsquo;int\u00e9gration au service de l&rsquo;engagement citoyen ce vendredi\",\"datePublished\":\"2017-12-20T09:29:32+00:00\",\"mainEntityOfPage\":{\"@id\":\"https:\/\/228news.tg\/index.php\/2017\/12\/20\/iheris-une-journee-de-lintegration-au-service-de-lengagement-citoyen-2\/\"},\"wordCount\":514,\"commentCount\":0,\"publisher\":{\"@id\":\"https:\/\/228news.tg\/#organization\"},\"image\":{\"@id\":\"https:\/\/228news.tg\/index.php\/2017\/12\/20\/iheris-une-journee-de-lintegration-au-service-de-lengagement-citoyen-2\/#primaryimage\"},\"thumbnailUrl\":\"\",\"articleSection\":[\"EDUCATION\",\"Flash\",\"TOGO\",\"Une\"],\"inLanguage\":\"fr-FR\",\"potentialAction\":[{\"@type\":\"CommentAction\",\"name\":\"Comment\",\"target\":[\"https:\/\/228news.tg\/index.php\/2017\/12\/20\/iheris-une-journee-de-lintegration-au-service-de-lengagement-citoyen-2\/#respond\"]}]},{\"@type\":\"WebPage\",\"@id\":\"https:\/\/228news.tg\/index.php\/2017\/12\/20\/iheris-une-journee-de-lintegration-au-service-de-lengagement-citoyen-2\/\",\"url\":\"https:\/\/228news.tg\/index.php\/2017\/12\/20\/iheris-une-journee-de-lintegration-au-service-de-lengagement-citoyen-2\/\",\"name\":\"IHERIS, une journ\u00e9e de l'int\u00e9gration au service de l'engagement citoyen ce vendredi - 228 News\",\"isPartOf\":{\"@id\":\"https:\/\/228news.tg\/#website\"},\"primaryImageOfPage\":{\"@id\":\"https:\/\/228news.tg\/index.php\/2017\/12\/20\/iheris-une-journee-de-lintegration-au-service-de-lengagement-citoyen-2\/#primaryimage\"},\"image\":{\"@id\":\"https:\/\/228news.tg\/index.php\/2017\/12\/20\/iheris-une-journee-de-lintegration-au-service-de-lengagement-citoyen-2\/#primaryimage\"},\"thumbnailUrl\":\"\",\"datePublished\":\"2017-12-20T09:29:32+00:00\",\"breadcrumb\":{\"@id\":\"https:\/\/228news.tg\/index.php\/2017\/12\/20\/iheris-une-journee-de-lintegration-au-service-de-lengagement-citoyen-2\/#breadcrumb\"},\"inLanguage\":\"fr-FR\",\"potentialAction\":[{\"@type\":\"ReadAction\",\"target\":[\"https:\/\/228news.tg\/index.php\/2017\/12\/20\/iheris-une-journee-de-lintegration-au-service-de-lengagement-citoyen-2\/\"]}]},{\"@type\":\"ImageObject\",\"inLanguage\":\"fr-FR\",\"@id\":\"https:\/\/228news.tg\/index.php\/2017\/12\/20\/iheris-une-journee-de-lintegration-au-service-de-lengagement-citoyen-2\/#primaryimage\",\"url\":\"\",\"contentUrl\":\"\"},{\"@type\":\"BreadcrumbList\",\"@id\":\"https:\/\/228news.tg\/index.php\/2017\/12\/20\/iheris-une-journee-de-lintegration-au-service-de-lengagement-citoyen-2\/#breadcrumb\",\"itemListElement\":[{\"@type\":\"ListItem\",\"position\":1,\"name\":\"Home\",\"item\":\"https:\/\/228news.tg\/\"},{\"@type\":\"ListItem\",\"position\":2,\"name\":\"IHERIS, une journ\u00e9e de l&rsquo;int\u00e9gration au service de l&rsquo;engagement citoyen ce vendredi\"}]},{\"@type\":\"WebSite\",\"@id\":\"https:\/\/228news.tg\/#website\",\"url\":\"https:\/\/228news.tg\/\",\"name\":\"228 News\",\"description\":\"Soci\u00e9t\u00e9 de m\u00e9dias et d\u2019actualit\u00e9s\",\"publisher\":{\"@id\":\"https:\/\/228news.tg\/#organization\"},\"potentialAction\":[{\"@type\":\"SearchAction\",\"target\":{\"@type\":\"EntryPoint\",\"urlTemplate\":\"https:\/\/228news.tg\/?s={search_term_string}\"},\"query-input\":{\"@type\":\"PropertyValueSpecification\",\"valueRequired\":true,\"valueName\":\"search_term_string\"}}],\"inLanguage\":\"fr-FR\"},{\"@type\":\"Organization\",\"@id\":\"https:\/\/228news.tg\/#organization\",\"name\":\"228 News\",\"url\":\"https:\/\/228news.tg\/\",\"logo\":{\"@type\":\"ImageObject\",\"inLanguage\":\"fr-FR\",\"@id\":\"https:\/\/228news.tg\/#\/schema\/logo\/image\/\",\"url\":\"https:\/\/228news.tg\/wp-content\/uploads\/2024\/09\/logonew.png\",\"contentUrl\":\"https:\/\/228news.tg\/wp-content\/uploads\/2024\/09\/logonew.png\",\"width\":1640,\"height\":364,\"caption\":\"228 News\"},\"image\":{\"@id\":\"https:\/\/228news.tg\/#\/schema\/logo\/image\/\"}},{\"@type\":\"Person\",\"@id\":\"https:\/\/228news.tg\/#\/schema\/person\/68d5a6cc0230290e61235c8379523f52\",\"name\":\"Bienvenu SAVI\",\"image\":{\"@type\":\"ImageObject\",\"inLanguage\":\"fr-FR\",\"@id\":\"https:\/\/228news.tg\/#\/schema\/person\/image\/\",\"url\":\"https:\/\/secure.gravatar.com\/avatar\/9db91895c559e510509c33a3e9683998458e9b828fac36d5d1aa23f0f2fd369b?s=96&d=mm&r=g\",\"contentUrl\":\"https:\/\/secure.gravatar.com\/avatar\/9db91895c559e510509c33a3e9683998458e9b828fac36d5d1aa23f0f2fd369b?s=96&d=mm&r=g\",\"caption\":\"Bienvenu SAVI\"},\"url\":\"https:\/\/228news.tg\/index.php\/author\/bienvenu\/\"}]}<\/script>\n<!-- \/ Yoast SEO plugin. -->","yoast_head_json":{"title":"IHERIS, une journ\u00e9e de l'int\u00e9gration au service de l'engagement citoyen ce vendredi - 228 News","robots":{"index":"index","follow":"follow","max-snippet":"max-snippet:-1","max-image-preview":"max-image-preview:large","max-video-preview":"max-video-preview:-1"},"canonical":"https:\/\/228news.tg\/index.php\/2017\/12\/20\/iheris-une-journee-de-lintegration-au-service-de-lengagement-citoyen-2\/","og_locale":"fr_FR","og_type":"article","og_title":"IHERIS, une journ\u00e9e de l'int\u00e9gration au service de l'engagement citoyen ce vendredi - 228 News","og_description":"L&rsquo;Institut des Hautes Etudes, des Relations Internationales et Strat\u00e9gies (IHERIS) organise une journ\u00e9e d&rsquo;int\u00e9gration \u00e0 l&rsquo;intention des \u00e9tudiants, du corps enseignants, de m\u00eame que toute personne d\u00e9sireuse de mieux en savoir sur cette \u00e9cole, ce vendredi 22 d\u00e9cembre 2017. Mise sous le signe de l&rsquo;engagement citoyen comme le rappelle si bien le th\u00e8me \u00ab\u00a0IHERIS-Engagement citoyen: ... Lire la suite","og_url":"https:\/\/228news.tg\/index.php\/2017\/12\/20\/iheris-une-journee-de-lintegration-au-service-de-lengagement-citoyen-2\/","og_site_name":"228 News","article_published_time":"2017-12-20T09:29:32+00:00","og_image":[{"url":"http:\/\/localhost\/site\/228news\/wp-content\/uploads\/2017\/12\/index1-300x300.jpg","type":"","width":"","height":""}],"author":"Bienvenu SAVI","twitter_card":"summary_large_image","twitter_misc":{"\u00c9crit par":"Bienvenu SAVI","Dur\u00e9e de lecture estim\u00e9e":"2 minutes"},"schema":{"@context":"https:\/\/schema.org","@graph":[{"@type":"Article","@id":"https:\/\/228news.tg\/index.php\/2017\/12\/20\/iheris-une-journee-de-lintegration-au-service-de-lengagement-citoyen-2\/#article","isPartOf":{"@id":"https:\/\/228news.tg\/index.php\/2017\/12\/20\/iheris-une-journee-de-lintegration-au-service-de-lengagement-citoyen-2\/"},"author":{"name":"Bienvenu SAVI","@id":"https:\/\/228news.tg\/#\/schema\/person\/68d5a6cc0230290e61235c8379523f52"},"headline":"IHERIS, une journ\u00e9e de l&rsquo;int\u00e9gration au service de l&rsquo;engagement citoyen ce vendredi","datePublished":"2017-12-20T09:29:32+00:00","mainEntityOfPage":{"@id":"https:\/\/228news.tg\/index.php\/2017\/12\/20\/iheris-une-journee-de-lintegration-au-service-de-lengagement-citoyen-2\/"},"wordCount":514,"commentCount":0,"publisher":{"@id":"https:\/\/228news.tg\/#organization"},"image":{"@id":"https:\/\/228news.tg\/index.php\/2017\/12\/20\/iheris-une-journee-de-lintegration-au-service-de-lengagement-citoyen-2\/#primaryimage"},"thumbnailUrl":"","articleSection":["EDUCATION","Flash","TOGO","Une"],"inLanguage":"fr-FR","potentialAction":[{"@type":"CommentAction","name":"Comment","target":["https:\/\/228news.tg\/index.php\/2017\/12\/20\/iheris-une-journee-de-lintegration-au-service-de-lengagement-citoyen-2\/#respond"]}]},{"@type":"WebPage","@id":"https:\/\/228news.tg\/index.php\/2017\/12\/20\/iheris-une-journee-de-lintegration-au-service-de-lengagement-citoyen-2\/","url":"https:\/\/228news.tg\/index.php\/2017\/12\/20\/iheris-une-journee-de-lintegration-au-service-de-lengagement-citoyen-2\/","name":"IHERIS, une journ\u00e9e de l'int\u00e9gration au service de l'engagement citoyen ce vendredi - 228 News","isPartOf":{"@id":"https:\/\/228news.tg\/#website"},"primaryImageOfPage":{"@id":"https:\/\/228news.tg\/index.php\/2017\/12\/20\/iheris-une-journee-de-lintegration-au-service-de-lengagement-citoyen-2\/#primaryimage"},"image":{"@id":"https:\/\/228news.tg\/index.php\/2017\/12\/20\/iheris-une-journee-de-lintegration-au-service-de-lengagement-citoyen-2\/#primaryimage"},"thumbnailUrl":"","datePublished":"2017-12-20T09:29:32+00:00","breadcrumb":{"@id":"https:\/\/228news.tg\/index.php\/2017\/12\/20\/iheris-une-journee-de-lintegration-au-service-de-lengagement-citoyen-2\/#breadcrumb"},"inLanguage":"fr-FR","potentialAction":[{"@type":"ReadAction","target":["https:\/\/228news.tg\/index.php\/2017\/12\/20\/iheris-une-journee-de-lintegration-au-service-de-lengagement-citoyen-2\/"]}]},{"@type":"ImageObject","inLanguage":"fr-FR","@id":"https:\/\/228news.tg\/index.php\/2017\/12\/20\/iheris-une-journee-de-lintegration-au-service-de-lengagement-citoyen-2\/#primaryimage","url":"","contentUrl":""},{"@type":"BreadcrumbList","@id":"https:\/\/228news.tg\/index.php\/2017\/12\/20\/iheris-une-journee-de-lintegration-au-service-de-lengagement-citoyen-2\/#breadcrumb","itemListElement":[{"@type":"ListItem","position":1,"name":"Home","item":"https:\/\/228news.tg\/"},{"@type":"ListItem","position":2,"name":"IHERIS, une journ\u00e9e de l&rsquo;int\u00e9gration au service de l&rsquo;engagement citoyen ce vendredi"}]},{"@type":"WebSite","@id":"https:\/\/228news.tg\/#website","url":"https:\/\/228news.tg\/","name":"228 News","description":"Soci\u00e9t\u00e9 de m\u00e9dias et d\u2019actualit\u00e9s","publisher":{"@id":"https:\/\/228news.tg\/#organization"},"potentialAction":[{"@type":"SearchAction","target":{"@type":"EntryPoint","urlTemplate":"https:\/\/228news.tg\/?s={search_term_string}"},"query-input":{"@type":"PropertyValueSpecification","valueRequired":true,"valueName":"search_term_string"}}],"inLanguage":"fr-FR"},{"@type":"Organization","@id":"https:\/\/228news.tg\/#organization","name":"228 News","url":"https:\/\/228news.tg\/","logo":{"@type":"ImageObject","inLanguage":"fr-FR","@id":"https:\/\/228news.tg\/#\/schema\/logo\/image\/","url":"https:\/\/228news.tg\/wp-content\/uploads\/2024\/09\/logonew.png","contentUrl":"https:\/\/228news.tg\/wp-content\/uploads\/2024\/09\/logonew.png","width":1640,"height":364,"caption":"228 News"},"image":{"@id":"https:\/\/228news.tg\/#\/schema\/logo\/image\/"}},{"@type":"Person","@id":"https:\/\/228news.tg\/#\/schema\/person\/68d5a6cc0230290e61235c8379523f52","name":"Bienvenu SAVI","image":{"@type":"ImageObject","inLanguage":"fr-FR","@id":"https:\/\/228news.tg\/#\/schema\/person\/image\/","url":"https:\/\/secure.gravatar.com\/avatar\/9db91895c559e510509c33a3e9683998458e9b828fac36d5d1aa23f0f2fd369b?s=96&d=mm&r=g","contentUrl":"https:\/\/secure.gravatar.com\/avatar\/9db91895c559e510509c33a3e9683998458e9b828fac36d5d1aa23f0f2fd369b?s=96&d=mm&r=g","caption":"Bienvenu SAVI"},"url":"https:\/\/228news.tg\/index.php\/author\/bienvenu\/"}]}},"jetpack_featured_media_url":"","_links":{"self":[{"href":"https:\/\/228news.tg\/index.php\/wp-json\/wp\/v2\/posts\/14319","targetHints":{"allow":["GET"]}}],"collection":[{"href":"https:\/\/228news.tg\/index.php\/wp-json\/wp\/v2\/posts"}],"about":[{"href":"https:\/\/228news.tg\/index.php\/wp-json\/wp\/v2\/types\/post"}],"author":[{"embeddable":true,"href":"https:\/\/228news.tg\/index.php\/wp-json\/wp\/v2\/users\/2"}],"replies":[{"embeddable":true,"href":"https:\/\/228news.tg\/index.php\/wp-json\/wp\/v2\/comments?post=14319"}],"version-history":[{"count":0,"href":"https:\/\/228news.tg\/index.php\/wp-json\/wp\/v2\/posts\/14319\/revisions"}],"wp:featuredmedia":[{"embeddable":true,"href":"https:\/\/228news.tg\/index.php\/wp-json\/"}],"wp:attachment":[{"href":"https:\/\/228news.tg\/index.php\/wp-json\/wp\/v2\/media?parent=14319"}],"wp:term":[{"taxonomy":"category","embeddable":true,"href":"https:\/\/228news.tg\/index.php\/wp-json\/wp\/v2\/categories?post=14319"},{"taxonomy":"post_tag","embeddable":true,"href":"https:\/\/228news.tg\/index.php\/wp-json\/wp\/v2\/tags?post=14319"}],"curies":[{"name":"wp","href":"https:\/\/api.w.org\/{rel}","templated":true}]}}