{"id":14310,"date":"2017-12-11T08:27:29","date_gmt":"2017-12-11T08:27:29","guid":{"rendered":"http:\/\/localhost\/site\/228news\/?p=2088"},"modified":"2017-12-11T08:27:29","modified_gmt":"2017-12-11T08:27:29","slug":"des-voies-urbaines-ouvertes-a-djikame-2","status":"publish","type":"post","link":"https:\/\/228news.tg\/index.php\/2017\/12\/11\/des-voies-urbaines-ouvertes-a-djikame-2\/","title":{"rendered":"Des voies urbaines ouvertes \u00e0 Djikam\u00e9"},"content":{"rendered":"<p>Le Pr\u00e9sident de la d\u00e9l\u00e9gation sp\u00e9ciale de la pr\u00e9fecture du Golfe, M. Aboka Kossi \u00e9tait ce vendredi 08 d\u00e9cembre dans la matin\u00e9e \u00e0 Djikam\u00e9, un canton situ\u00e9 \u00e0 la sortie nord-est d&rsquo;Ago\u00e8 pour proc\u00e9der au lancement des travaux d&rsquo;ouverture de voies urbaines dans la localit\u00e9.<\/p>\n<p>D&rsquo;un co\u00fbt global de 15 millions, financ\u00e9s sur fonds propres par la d\u00e9l\u00e9gation sp\u00e9ciale, ces travaux qui vont durer un mois permettront aux populations de Djikam\u00e9 de vaquer plus ais\u00e9ment \u00e0 leurs occupations en toute tranquillit\u00e9, ce qui esp\u00e8re le pr\u00e9sident de la d\u00e9l\u00e9gation sp\u00e9ciale, contribuera au d\u00e9veloppement \u00e9conomique et social des activit\u00e9s dans le canton.<\/p>\n<p>Ces fonds sont essentiellement constitu\u00e9s des taxes communaut\u00e9s, des droit d&rsquo;encombrements et de carri\u00e8res.<\/p>\n<p>Il a \u00e9galement lanc\u00e9 un appel au civisme fiscal, aux retour de tous aux valeurs citoyennes ainsi qu&rsquo;\u00e0 la culture de la paix par toutes les populations de Djikam\u00e9.<\/p>\n<p>La voie ouverte aura une dimension de 30 m de largeur sur 1 km de longueur.<\/p>\n<p><strong>D\u00e9mocrate<\/strong><\/p>\n","protected":false},"excerpt":{"rendered":"<p>Le Pr\u00e9sident de la d\u00e9l\u00e9gation sp\u00e9ciale de la pr\u00e9fecture du Golfe, M. Aboka Kossi \u00e9tait ce vendredi 08 d\u00e9cembre dans la matin\u00e9e \u00e0 Djikam\u00e9, un canton situ\u00e9 \u00e0 la sortie nord-est d&rsquo;Ago\u00e8 pour proc\u00e9der au lancement des travaux d&rsquo;ouverture de voies urbaines dans la localit\u00e9. D&rsquo;un co\u00fbt global de 15 millions, financ\u00e9s sur fonds propres &#8230; <a title=\"Des voies urbaines ouvertes \u00e0 Djikam\u00e9\" class=\"read-more\" href=\"https:\/\/228news.tg\/index.php\/2017\/12\/11\/des-voies-urbaines-ouvertes-a-djikame-2\/\" aria-label=\"En savoir plus sur Des voies urbaines ouvertes \u00e0 Djikam\u00e9\">Lire la suite<\/a><\/p>\n","protected":false},"author":2,"featured_media":1982,"comment_status":"open","ping_status":"open","sticky":false,"template":"","format":"chat","meta":{"footnotes":""},"categories":[31,35,25,34],"tags":[],"class_list":["post-14310","post","type-post","status-publish","format-chat","has-post-thumbnail","hentry","category-developpement","category-flash","category-togo","category-une","post_format-post-format-chat"],"yoast_head":"<!-- This site is optimized with the Yoast SEO plugin v26.4 - https:\/\/yoast.com\/wordpress\/plugins\/seo\/ -->\n<title>Des voies urbaines ouvertes \u00e0 Djikam\u00e9 - 228 News<\/title>\n<meta name=\"robots\" content=\"index, follow, max-snippet:-1, max-image-preview:large, max-video-preview:-1\" \/>\n<link rel=\"canonical\" href=\"https:\/\/228news.tg\/index.php\/2017\/12\/11\/des-voies-urbaines-ouvertes-a-djikame-2\/\" \/>\n<meta property=\"og:locale\" content=\"fr_FR\" \/>\n<meta property=\"og:type\" content=\"article\" \/>\n<meta property=\"og:title\" content=\"Des voies urbaines ouvertes \u00e0 Djikam\u00e9 - 228 News\" \/>\n<meta property=\"og:description\" content=\"Le Pr\u00e9sident de la d\u00e9l\u00e9gation sp\u00e9ciale de la pr\u00e9fecture du Golfe, M. Aboka Kossi \u00e9tait ce vendredi 08 d\u00e9cembre dans la matin\u00e9e \u00e0 Djikam\u00e9, un canton situ\u00e9 \u00e0 la sortie nord-est d&rsquo;Ago\u00e8 pour proc\u00e9der au lancement des travaux d&rsquo;ouverture de voies urbaines dans la localit\u00e9. D&rsquo;un co\u00fbt global de 15 millions, financ\u00e9s sur fonds propres ... Lire la suite\" \/>\n<meta property=\"og:url\" content=\"https:\/\/228news.tg\/index.php\/2017\/12\/11\/des-voies-urbaines-ouvertes-a-djikame-2\/\" \/>\n<meta property=\"og:site_name\" content=\"228 News\" \/>\n<meta property=\"article:published_time\" content=\"2017-12-11T08:27:29+00:00\" \/>\n<meta name=\"author\" content=\"Bienvenu SAVI\" \/>\n<meta name=\"twitter:card\" content=\"summary_large_image\" \/>\n<meta name=\"twitter:label1\" content=\"\u00c9crit par\" \/>\n\t<meta name=\"twitter:data1\" content=\"Bienvenu SAVI\" \/>\n\t<meta name=\"twitter:label2\" content=\"Dur\u00e9e de lecture estim\u00e9e\" \/>\n\t<meta name=\"twitter:data2\" content=\"1 minute\" \/>\n<script type=\"application\/ld+json\" class=\"yoast-schema-graph\">{\"@context\":\"https:\/\/schema.org\",\"@graph\":[{\"@type\":\"Article\",\"@id\":\"https:\/\/228news.tg\/index.php\/2017\/12\/11\/des-voies-urbaines-ouvertes-a-djikame-2\/#article\",\"isPartOf\":{\"@id\":\"https:\/\/228news.tg\/index.php\/2017\/12\/11\/des-voies-urbaines-ouvertes-a-djikame-2\/\"},\"author\":{\"name\":\"Bienvenu SAVI\",\"@id\":\"https:\/\/228news.tg\/#\/schema\/person\/68d5a6cc0230290e61235c8379523f52\"},\"headline\":\"Des voies urbaines ouvertes \u00e0 Djikam\u00e9\",\"datePublished\":\"2017-12-11T08:27:29+00:00\",\"mainEntityOfPage\":{\"@id\":\"https:\/\/228news.tg\/index.php\/2017\/12\/11\/des-voies-urbaines-ouvertes-a-djikame-2\/\"},\"wordCount\":188,\"commentCount\":0,\"publisher\":{\"@id\":\"https:\/\/228news.tg\/#organization\"},\"image\":{\"@id\":\"https:\/\/228news.tg\/index.php\/2017\/12\/11\/des-voies-urbaines-ouvertes-a-djikame-2\/#primaryimage\"},\"thumbnailUrl\":\"https:\/\/228news.tg\/wp-content\/uploads\/2024\/09\/photo_2019-01-04_18-00-07.jpg\",\"articleSection\":[\"DEVELOPPEMENT\",\"Flash\",\"TOGO\",\"Une\"],\"inLanguage\":\"fr-FR\",\"potentialAction\":[{\"@type\":\"CommentAction\",\"name\":\"Comment\",\"target\":[\"https:\/\/228news.tg\/index.php\/2017\/12\/11\/des-voies-urbaines-ouvertes-a-djikame-2\/#respond\"]}]},{\"@type\":\"WebPage\",\"@id\":\"https:\/\/228news.tg\/index.php\/2017\/12\/11\/des-voies-urbaines-ouvertes-a-djikame-2\/\",\"url\":\"https:\/\/228news.tg\/index.php\/2017\/12\/11\/des-voies-urbaines-ouvertes-a-djikame-2\/\",\"name\":\"Des voies urbaines ouvertes \u00e0 Djikam\u00e9 - 228 News\",\"isPartOf\":{\"@id\":\"https:\/\/228news.tg\/#website\"},\"primaryImageOfPage\":{\"@id\":\"https:\/\/228news.tg\/index.php\/2017\/12\/11\/des-voies-urbaines-ouvertes-a-djikame-2\/#primaryimage\"},\"image\":{\"@id\":\"https:\/\/228news.tg\/index.php\/2017\/12\/11\/des-voies-urbaines-ouvertes-a-djikame-2\/#primaryimage\"},\"thumbnailUrl\":\"https:\/\/228news.tg\/wp-content\/uploads\/2024\/09\/photo_2019-01-04_18-00-07.jpg\",\"datePublished\":\"2017-12-11T08:27:29+00:00\",\"breadcrumb\":{\"@id\":\"https:\/\/228news.tg\/index.php\/2017\/12\/11\/des-voies-urbaines-ouvertes-a-djikame-2\/#breadcrumb\"},\"inLanguage\":\"fr-FR\",\"potentialAction\":[{\"@type\":\"ReadAction\",\"target\":[\"https:\/\/228news.tg\/index.php\/2017\/12\/11\/des-voies-urbaines-ouvertes-a-djikame-2\/\"]}]},{\"@type\":\"ImageObject\",\"inLanguage\":\"fr-FR\",\"@id\":\"https:\/\/228news.tg\/index.php\/2017\/12\/11\/des-voies-urbaines-ouvertes-a-djikame-2\/#primaryimage\",\"url\":\"https:\/\/228news.tg\/wp-content\/uploads\/2024\/09\/photo_2019-01-04_18-00-07.jpg\",\"contentUrl\":\"https:\/\/228news.tg\/wp-content\/uploads\/2024\/09\/photo_2019-01-04_18-00-07.jpg\",\"width\":1040,\"height\":780},{\"@type\":\"BreadcrumbList\",\"@id\":\"https:\/\/228news.tg\/index.php\/2017\/12\/11\/des-voies-urbaines-ouvertes-a-djikame-2\/#breadcrumb\",\"itemListElement\":[{\"@type\":\"ListItem\",\"position\":1,\"name\":\"Home\",\"item\":\"https:\/\/228news.tg\/\"},{\"@type\":\"ListItem\",\"position\":2,\"name\":\"Des voies urbaines ouvertes \u00e0 Djikam\u00e9\"}]},{\"@type\":\"WebSite\",\"@id\":\"https:\/\/228news.tg\/#website\",\"url\":\"https:\/\/228news.tg\/\",\"name\":\"228 News\",\"description\":\"Soci\u00e9t\u00e9 de m\u00e9dias et d\u2019actualit\u00e9s\",\"publisher\":{\"@id\":\"https:\/\/228news.tg\/#organization\"},\"potentialAction\":[{\"@type\":\"SearchAction\",\"target\":{\"@type\":\"EntryPoint\",\"urlTemplate\":\"https:\/\/228news.tg\/?s={search_term_string}\"},\"query-input\":{\"@type\":\"PropertyValueSpecification\",\"valueRequired\":true,\"valueName\":\"search_term_string\"}}],\"inLanguage\":\"fr-FR\"},{\"@type\":\"Organization\",\"@id\":\"https:\/\/228news.tg\/#organization\",\"name\":\"228 News\",\"url\":\"https:\/\/228news.tg\/\",\"logo\":{\"@type\":\"ImageObject\",\"inLanguage\":\"fr-FR\",\"@id\":\"https:\/\/228news.tg\/#\/schema\/logo\/image\/\",\"url\":\"https:\/\/228news.tg\/wp-content\/uploads\/2024\/09\/logonew.png\",\"contentUrl\":\"https:\/\/228news.tg\/wp-content\/uploads\/2024\/09\/logonew.png\",\"width\":1640,\"height\":364,\"caption\":\"228 News\"},\"image\":{\"@id\":\"https:\/\/228news.tg\/#\/schema\/logo\/image\/\"}},{\"@type\":\"Person\",\"@id\":\"https:\/\/228news.tg\/#\/schema\/person\/68d5a6cc0230290e61235c8379523f52\",\"name\":\"Bienvenu SAVI\",\"image\":{\"@type\":\"ImageObject\",\"inLanguage\":\"fr-FR\",\"@id\":\"https:\/\/228news.tg\/#\/schema\/person\/image\/\",\"url\":\"https:\/\/secure.gravatar.com\/avatar\/9db91895c559e510509c33a3e9683998458e9b828fac36d5d1aa23f0f2fd369b?s=96&d=mm&r=g\",\"contentUrl\":\"https:\/\/secure.gravatar.com\/avatar\/9db91895c559e510509c33a3e9683998458e9b828fac36d5d1aa23f0f2fd369b?s=96&d=mm&r=g\",\"caption\":\"Bienvenu SAVI\"},\"url\":\"https:\/\/228news.tg\/index.php\/author\/bienvenu\/\"}]}<\/script>\n<!-- \/ Yoast SEO plugin. -->","yoast_head_json":{"title":"Des voies urbaines ouvertes \u00e0 Djikam\u00e9 - 228 News","robots":{"index":"index","follow":"follow","max-snippet":"max-snippet:-1","max-image-preview":"max-image-preview:large","max-video-preview":"max-video-preview:-1"},"canonical":"https:\/\/228news.tg\/index.php\/2017\/12\/11\/des-voies-urbaines-ouvertes-a-djikame-2\/","og_locale":"fr_FR","og_type":"article","og_title":"Des voies urbaines ouvertes \u00e0 Djikam\u00e9 - 228 News","og_description":"Le Pr\u00e9sident de la d\u00e9l\u00e9gation sp\u00e9ciale de la pr\u00e9fecture du Golfe, M. Aboka Kossi \u00e9tait ce vendredi 08 d\u00e9cembre dans la matin\u00e9e \u00e0 Djikam\u00e9, un canton situ\u00e9 \u00e0 la sortie nord-est d&rsquo;Ago\u00e8 pour proc\u00e9der au lancement des travaux d&rsquo;ouverture de voies urbaines dans la localit\u00e9. D&rsquo;un co\u00fbt global de 15 millions, financ\u00e9s sur fonds propres ... Lire la suite","og_url":"https:\/\/228news.tg\/index.php\/2017\/12\/11\/des-voies-urbaines-ouvertes-a-djikame-2\/","og_site_name":"228 News","article_published_time":"2017-12-11T08:27:29+00:00","author":"Bienvenu SAVI","twitter_card":"summary_large_image","twitter_misc":{"\u00c9crit par":"Bienvenu SAVI","Dur\u00e9e de lecture estim\u00e9e":"1 minute"},"schema":{"@context":"https:\/\/schema.org","@graph":[{"@type":"Article","@id":"https:\/\/228news.tg\/index.php\/2017\/12\/11\/des-voies-urbaines-ouvertes-a-djikame-2\/#article","isPartOf":{"@id":"https:\/\/228news.tg\/index.php\/2017\/12\/11\/des-voies-urbaines-ouvertes-a-djikame-2\/"},"author":{"name":"Bienvenu SAVI","@id":"https:\/\/228news.tg\/#\/schema\/person\/68d5a6cc0230290e61235c8379523f52"},"headline":"Des voies urbaines ouvertes \u00e0 Djikam\u00e9","datePublished":"2017-12-11T08:27:29+00:00","mainEntityOfPage":{"@id":"https:\/\/228news.tg\/index.php\/2017\/12\/11\/des-voies-urbaines-ouvertes-a-djikame-2\/"},"wordCount":188,"commentCount":0,"publisher":{"@id":"https:\/\/228news.tg\/#organization"},"image":{"@id":"https:\/\/228news.tg\/index.php\/2017\/12\/11\/des-voies-urbaines-ouvertes-a-djikame-2\/#primaryimage"},"thumbnailUrl":"https:\/\/228news.tg\/wp-content\/uploads\/2024\/09\/photo_2019-01-04_18-00-07.jpg","articleSection":["DEVELOPPEMENT","Flash","TOGO","Une"],"inLanguage":"fr-FR","potentialAction":[{"@type":"CommentAction","name":"Comment","target":["https:\/\/228news.tg\/index.php\/2017\/12\/11\/des-voies-urbaines-ouvertes-a-djikame-2\/#respond"]}]},{"@type":"WebPage","@id":"https:\/\/228news.tg\/index.php\/2017\/12\/11\/des-voies-urbaines-ouvertes-a-djikame-2\/","url":"https:\/\/228news.tg\/index.php\/2017\/12\/11\/des-voies-urbaines-ouvertes-a-djikame-2\/","name":"Des voies urbaines ouvertes \u00e0 Djikam\u00e9 - 228 News","isPartOf":{"@id":"https:\/\/228news.tg\/#website"},"primaryImageOfPage":{"@id":"https:\/\/228news.tg\/index.php\/2017\/12\/11\/des-voies-urbaines-ouvertes-a-djikame-2\/#primaryimage"},"image":{"@id":"https:\/\/228news.tg\/index.php\/2017\/12\/11\/des-voies-urbaines-ouvertes-a-djikame-2\/#primaryimage"},"thumbnailUrl":"https:\/\/228news.tg\/wp-content\/uploads\/2024\/09\/photo_2019-01-04_18-00-07.jpg","datePublished":"2017-12-11T08:27:29+00:00","breadcrumb":{"@id":"https:\/\/228news.tg\/index.php\/2017\/12\/11\/des-voies-urbaines-ouvertes-a-djikame-2\/#breadcrumb"},"inLanguage":"fr-FR","potentialAction":[{"@type":"ReadAction","target":["https:\/\/228news.tg\/index.php\/2017\/12\/11\/des-voies-urbaines-ouvertes-a-djikame-2\/"]}]},{"@type":"ImageObject","inLanguage":"fr-FR","@id":"https:\/\/228news.tg\/index.php\/2017\/12\/11\/des-voies-urbaines-ouvertes-a-djikame-2\/#primaryimage","url":"https:\/\/228news.tg\/wp-content\/uploads\/2024\/09\/photo_2019-01-04_18-00-07.jpg","contentUrl":"https:\/\/228news.tg\/wp-content\/uploads\/2024\/09\/photo_2019-01-04_18-00-07.jpg","width":1040,"height":780},{"@type":"BreadcrumbList","@id":"https:\/\/228news.tg\/index.php\/2017\/12\/11\/des-voies-urbaines-ouvertes-a-djikame-2\/#breadcrumb","itemListElement":[{"@type":"ListItem","position":1,"name":"Home","item":"https:\/\/228news.tg\/"},{"@type":"ListItem","position":2,"name":"Des voies urbaines ouvertes \u00e0 Djikam\u00e9"}]},{"@type":"WebSite","@id":"https:\/\/228news.tg\/#website","url":"https:\/\/228news.tg\/","name":"228 News","description":"Soci\u00e9t\u00e9 de m\u00e9dias et d\u2019actualit\u00e9s","publisher":{"@id":"https:\/\/228news.tg\/#organization"},"potentialAction":[{"@type":"SearchAction","target":{"@type":"EntryPoint","urlTemplate":"https:\/\/228news.tg\/?s={search_term_string}"},"query-input":{"@type":"PropertyValueSpecification","valueRequired":true,"valueName":"search_term_string"}}],"inLanguage":"fr-FR"},{"@type":"Organization","@id":"https:\/\/228news.tg\/#organization","name":"228 News","url":"https:\/\/228news.tg\/","logo":{"@type":"ImageObject","inLanguage":"fr-FR","@id":"https:\/\/228news.tg\/#\/schema\/logo\/image\/","url":"https:\/\/228news.tg\/wp-content\/uploads\/2024\/09\/logonew.png","contentUrl":"https:\/\/228news.tg\/wp-content\/uploads\/2024\/09\/logonew.png","width":1640,"height":364,"caption":"228 News"},"image":{"@id":"https:\/\/228news.tg\/#\/schema\/logo\/image\/"}},{"@type":"Person","@id":"https:\/\/228news.tg\/#\/schema\/person\/68d5a6cc0230290e61235c8379523f52","name":"Bienvenu SAVI","image":{"@type":"ImageObject","inLanguage":"fr-FR","@id":"https:\/\/228news.tg\/#\/schema\/person\/image\/","url":"https:\/\/secure.gravatar.com\/avatar\/9db91895c559e510509c33a3e9683998458e9b828fac36d5d1aa23f0f2fd369b?s=96&d=mm&r=g","contentUrl":"https:\/\/secure.gravatar.com\/avatar\/9db91895c559e510509c33a3e9683998458e9b828fac36d5d1aa23f0f2fd369b?s=96&d=mm&r=g","caption":"Bienvenu SAVI"},"url":"https:\/\/228news.tg\/index.php\/author\/bienvenu\/"}]}},"jetpack_featured_media_url":"https:\/\/228news.tg\/wp-content\/uploads\/2024\/09\/photo_2019-01-04_18-00-07.jpg","_links":{"self":[{"href":"https:\/\/228news.tg\/index.php\/wp-json\/wp\/v2\/posts\/14310","targetHints":{"allow":["GET"]}}],"collection":[{"href":"https:\/\/228news.tg\/index.php\/wp-json\/wp\/v2\/posts"}],"about":[{"href":"https:\/\/228news.tg\/index.php\/wp-json\/wp\/v2\/types\/post"}],"author":[{"embeddable":true,"href":"https:\/\/228news.tg\/index.php\/wp-json\/wp\/v2\/users\/2"}],"replies":[{"embeddable":true,"href":"https:\/\/228news.tg\/index.php\/wp-json\/wp\/v2\/comments?post=14310"}],"version-history":[{"count":0,"href":"https:\/\/228news.tg\/index.php\/wp-json\/wp\/v2\/posts\/14310\/revisions"}],"wp:featuredmedia":[{"embeddable":true,"href":"https:\/\/228news.tg\/index.php\/wp-json\/wp\/v2\/media\/1982"}],"wp:attachment":[{"href":"https:\/\/228news.tg\/index.php\/wp-json\/wp\/v2\/media?parent=14310"}],"wp:term":[{"taxonomy":"category","embeddable":true,"href":"https:\/\/228news.tg\/index.php\/wp-json\/wp\/v2\/categories?post=14310"},{"taxonomy":"post_tag","embeddable":true,"href":"https:\/\/228news.tg\/index.php\/wp-json\/wp\/v2\/tags?post=14310"}],"curies":[{"name":"wp","href":"https:\/\/api.w.org\/{rel}","templated":true}]}}