{"id":14302,"date":"2017-12-06T19:18:03","date_gmt":"2017-12-06T19:18:03","guid":{"rendered":"http:\/\/localhost\/site\/228news\/?p=2051"},"modified":"2017-12-06T19:18:03","modified_gmt":"2017-12-06T19:18:03","slug":"des-journees-portes-ouvertes-au-gout-du-jubile-detain-du-conapp-2","status":"publish","type":"post","link":"https:\/\/228news.tg\/index.php\/2017\/12\/06\/des-journees-portes-ouvertes-au-gout-du-jubile-detain-du-conapp-2\/","title":{"rendered":"Des Journ\u00e9es Portes Ouvertes au go\u00fbt du jubil\u00e9 d&rsquo;\u00e9tain du CONAPP"},"content":{"rendered":"<p>Les 4\u00e8mes Journ\u00e9es portes ouvertes de la presse togolaise s&rsquo;ouvrent ce jeudi 07 d\u00e9cembre et referment leurs portes le 09 d\u00e9cembre prochain \u00e0 l\u2019Agora Senghor de Lom\u00e9.\u00a0Rendez-vous d\u00e9sormais\u00a0annuel, institutionnalis\u00e9 par le Conseil National des patrons de Presse (CONAPP) autour de la presse togolaises, les JPO de cette ann\u00e9e co\u00efncide avec\u00a0 la c\u00e9l\u00e9bration des 10 ans d\u2019existence du CONAPP.<\/p>\n<p>Au menu des festivit\u00e9s, plusieurs conf\u00e9rences-d\u00e9bats seront anim\u00e9es afin de rassembler les acteurs du m\u00e9tier de l\u2019information. Plusieurs th\u00e9matiques seront au centre des d\u00e9bats dont la responsabilit\u00e9 du journaliste en p\u00e9riode de crise et la responsabilit\u00e9 du web journalistes face aux r\u00e9seaux sociaux et leur flux important d\u2019informations.<\/p>\n<p>D\u00e9j\u00e0 ce jeudi 07 d\u00e9cembre, un match de football opposera l\u2019\u00e9quipe des m\u00e9dias (M\u00e9dias FC) \u00e0 celle des Forces arm\u00e9es togolaises (FAT). S\u2019en suivra un d\u00eener de gala au Grand Rex de Lom\u00e9.<\/p>\n<p><strong>228news<\/strong><\/p>\n<p>&nbsp;<\/p>\n","protected":false},"excerpt":{"rendered":"<p>Les 4\u00e8mes Journ\u00e9es portes ouvertes de la presse togolaise s&rsquo;ouvrent ce jeudi 07 d\u00e9cembre et referment leurs portes le 09 d\u00e9cembre prochain \u00e0 l\u2019Agora Senghor de Lom\u00e9.\u00a0Rendez-vous d\u00e9sormais\u00a0annuel, institutionnalis\u00e9 par le Conseil National des patrons de Presse (CONAPP) autour de la presse togolaises, les JPO de cette ann\u00e9e co\u00efncide avec\u00a0 la c\u00e9l\u00e9bration des 10 ans &#8230; <a title=\"Des Journ\u00e9es Portes Ouvertes au go\u00fbt du jubil\u00e9 d&rsquo;\u00e9tain du CONAPP\" class=\"read-more\" href=\"https:\/\/228news.tg\/index.php\/2017\/12\/06\/des-journees-portes-ouvertes-au-gout-du-jubile-detain-du-conapp-2\/\" aria-label=\"En savoir plus sur Des Journ\u00e9es Portes Ouvertes au go\u00fbt du jubil\u00e9 d&rsquo;\u00e9tain du CONAPP\">Lire la suite<\/a><\/p>\n","protected":false},"author":2,"featured_media":2052,"comment_status":"open","ping_status":"open","sticky":false,"template":"","format":"chat","meta":{"footnotes":""},"categories":[31,35,25,34],"tags":[],"class_list":["post-14302","post","type-post","status-publish","format-chat","has-post-thumbnail","hentry","category-developpement","category-flash","category-togo","category-une","post_format-post-format-chat"],"yoast_head":"<!-- This site is optimized with the Yoast SEO plugin v26.4 - https:\/\/yoast.com\/wordpress\/plugins\/seo\/ -->\n<title>Des Journ\u00e9es Portes Ouvertes au go\u00fbt du jubil\u00e9 d&#039;\u00e9tain du CONAPP - 228 News<\/title>\n<meta name=\"robots\" content=\"index, follow, max-snippet:-1, max-image-preview:large, max-video-preview:-1\" \/>\n<link rel=\"canonical\" href=\"https:\/\/228news.tg\/index.php\/2017\/12\/06\/des-journees-portes-ouvertes-au-gout-du-jubile-detain-du-conapp-2\/\" \/>\n<meta property=\"og:locale\" content=\"fr_FR\" \/>\n<meta property=\"og:type\" content=\"article\" \/>\n<meta property=\"og:title\" content=\"Des Journ\u00e9es Portes Ouvertes au go\u00fbt du jubil\u00e9 d&#039;\u00e9tain du CONAPP - 228 News\" \/>\n<meta property=\"og:description\" content=\"Les 4\u00e8mes Journ\u00e9es portes ouvertes de la presse togolaise s&rsquo;ouvrent ce jeudi 07 d\u00e9cembre et referment leurs portes le 09 d\u00e9cembre prochain \u00e0 l\u2019Agora Senghor de Lom\u00e9.\u00a0Rendez-vous d\u00e9sormais\u00a0annuel, institutionnalis\u00e9 par le Conseil National des patrons de Presse (CONAPP) autour de la presse togolaises, les JPO de cette ann\u00e9e co\u00efncide avec\u00a0 la c\u00e9l\u00e9bration des 10 ans ... Lire la suite\" \/>\n<meta property=\"og:url\" content=\"https:\/\/228news.tg\/index.php\/2017\/12\/06\/des-journees-portes-ouvertes-au-gout-du-jubile-detain-du-conapp-2\/\" \/>\n<meta property=\"og:site_name\" content=\"228 News\" \/>\n<meta property=\"article:published_time\" content=\"2017-12-06T19:18:03+00:00\" \/>\n<meta name=\"author\" content=\"Bienvenu SAVI\" \/>\n<meta name=\"twitter:card\" content=\"summary_large_image\" \/>\n<meta name=\"twitter:label1\" content=\"\u00c9crit par\" \/>\n\t<meta name=\"twitter:data1\" content=\"Bienvenu SAVI\" \/>\n\t<meta name=\"twitter:label2\" content=\"Dur\u00e9e de lecture estim\u00e9e\" \/>\n\t<meta name=\"twitter:data2\" content=\"1 minute\" \/>\n<script type=\"application\/ld+json\" class=\"yoast-schema-graph\">{\"@context\":\"https:\/\/schema.org\",\"@graph\":[{\"@type\":\"Article\",\"@id\":\"https:\/\/228news.tg\/index.php\/2017\/12\/06\/des-journees-portes-ouvertes-au-gout-du-jubile-detain-du-conapp-2\/#article\",\"isPartOf\":{\"@id\":\"https:\/\/228news.tg\/index.php\/2017\/12\/06\/des-journees-portes-ouvertes-au-gout-du-jubile-detain-du-conapp-2\/\"},\"author\":{\"name\":\"Bienvenu SAVI\",\"@id\":\"https:\/\/228news.tg\/#\/schema\/person\/68d5a6cc0230290e61235c8379523f52\"},\"headline\":\"Des Journ\u00e9es Portes Ouvertes au go\u00fbt du jubil\u00e9 d&rsquo;\u00e9tain du CONAPP\",\"datePublished\":\"2017-12-06T19:18:03+00:00\",\"mainEntityOfPage\":{\"@id\":\"https:\/\/228news.tg\/index.php\/2017\/12\/06\/des-journees-portes-ouvertes-au-gout-du-jubile-detain-du-conapp-2\/\"},\"wordCount\":181,\"commentCount\":0,\"publisher\":{\"@id\":\"https:\/\/228news.tg\/#organization\"},\"image\":{\"@id\":\"https:\/\/228news.tg\/index.php\/2017\/12\/06\/des-journees-portes-ouvertes-au-gout-du-jubile-detain-du-conapp-2\/#primaryimage\"},\"thumbnailUrl\":\"\",\"articleSection\":[\"DEVELOPPEMENT\",\"Flash\",\"TOGO\",\"Une\"],\"inLanguage\":\"fr-FR\",\"potentialAction\":[{\"@type\":\"CommentAction\",\"name\":\"Comment\",\"target\":[\"https:\/\/228news.tg\/index.php\/2017\/12\/06\/des-journees-portes-ouvertes-au-gout-du-jubile-detain-du-conapp-2\/#respond\"]}]},{\"@type\":\"WebPage\",\"@id\":\"https:\/\/228news.tg\/index.php\/2017\/12\/06\/des-journees-portes-ouvertes-au-gout-du-jubile-detain-du-conapp-2\/\",\"url\":\"https:\/\/228news.tg\/index.php\/2017\/12\/06\/des-journees-portes-ouvertes-au-gout-du-jubile-detain-du-conapp-2\/\",\"name\":\"Des Journ\u00e9es Portes Ouvertes au go\u00fbt du jubil\u00e9 d'\u00e9tain du CONAPP - 228 News\",\"isPartOf\":{\"@id\":\"https:\/\/228news.tg\/#website\"},\"primaryImageOfPage\":{\"@id\":\"https:\/\/228news.tg\/index.php\/2017\/12\/06\/des-journees-portes-ouvertes-au-gout-du-jubile-detain-du-conapp-2\/#primaryimage\"},\"image\":{\"@id\":\"https:\/\/228news.tg\/index.php\/2017\/12\/06\/des-journees-portes-ouvertes-au-gout-du-jubile-detain-du-conapp-2\/#primaryimage\"},\"thumbnailUrl\":\"\",\"datePublished\":\"2017-12-06T19:18:03+00:00\",\"breadcrumb\":{\"@id\":\"https:\/\/228news.tg\/index.php\/2017\/12\/06\/des-journees-portes-ouvertes-au-gout-du-jubile-detain-du-conapp-2\/#breadcrumb\"},\"inLanguage\":\"fr-FR\",\"potentialAction\":[{\"@type\":\"ReadAction\",\"target\":[\"https:\/\/228news.tg\/index.php\/2017\/12\/06\/des-journees-portes-ouvertes-au-gout-du-jubile-detain-du-conapp-2\/\"]}]},{\"@type\":\"ImageObject\",\"inLanguage\":\"fr-FR\",\"@id\":\"https:\/\/228news.tg\/index.php\/2017\/12\/06\/des-journees-portes-ouvertes-au-gout-du-jubile-detain-du-conapp-2\/#primaryimage\",\"url\":\"\",\"contentUrl\":\"\"},{\"@type\":\"BreadcrumbList\",\"@id\":\"https:\/\/228news.tg\/index.php\/2017\/12\/06\/des-journees-portes-ouvertes-au-gout-du-jubile-detain-du-conapp-2\/#breadcrumb\",\"itemListElement\":[{\"@type\":\"ListItem\",\"position\":1,\"name\":\"Home\",\"item\":\"https:\/\/228news.tg\/\"},{\"@type\":\"ListItem\",\"position\":2,\"name\":\"Des Journ\u00e9es Portes Ouvertes au go\u00fbt du jubil\u00e9 d&rsquo;\u00e9tain du CONAPP\"}]},{\"@type\":\"WebSite\",\"@id\":\"https:\/\/228news.tg\/#website\",\"url\":\"https:\/\/228news.tg\/\",\"name\":\"228 News\",\"description\":\"Soci\u00e9t\u00e9 de m\u00e9dias et d\u2019actualit\u00e9s\",\"publisher\":{\"@id\":\"https:\/\/228news.tg\/#organization\"},\"potentialAction\":[{\"@type\":\"SearchAction\",\"target\":{\"@type\":\"EntryPoint\",\"urlTemplate\":\"https:\/\/228news.tg\/?s={search_term_string}\"},\"query-input\":{\"@type\":\"PropertyValueSpecification\",\"valueRequired\":true,\"valueName\":\"search_term_string\"}}],\"inLanguage\":\"fr-FR\"},{\"@type\":\"Organization\",\"@id\":\"https:\/\/228news.tg\/#organization\",\"name\":\"228 News\",\"url\":\"https:\/\/228news.tg\/\",\"logo\":{\"@type\":\"ImageObject\",\"inLanguage\":\"fr-FR\",\"@id\":\"https:\/\/228news.tg\/#\/schema\/logo\/image\/\",\"url\":\"https:\/\/228news.tg\/wp-content\/uploads\/2024\/09\/logonew.png\",\"contentUrl\":\"https:\/\/228news.tg\/wp-content\/uploads\/2024\/09\/logonew.png\",\"width\":1640,\"height\":364,\"caption\":\"228 News\"},\"image\":{\"@id\":\"https:\/\/228news.tg\/#\/schema\/logo\/image\/\"}},{\"@type\":\"Person\",\"@id\":\"https:\/\/228news.tg\/#\/schema\/person\/68d5a6cc0230290e61235c8379523f52\",\"name\":\"Bienvenu SAVI\",\"image\":{\"@type\":\"ImageObject\",\"inLanguage\":\"fr-FR\",\"@id\":\"https:\/\/228news.tg\/#\/schema\/person\/image\/\",\"url\":\"https:\/\/secure.gravatar.com\/avatar\/9db91895c559e510509c33a3e9683998458e9b828fac36d5d1aa23f0f2fd369b?s=96&d=mm&r=g\",\"contentUrl\":\"https:\/\/secure.gravatar.com\/avatar\/9db91895c559e510509c33a3e9683998458e9b828fac36d5d1aa23f0f2fd369b?s=96&d=mm&r=g\",\"caption\":\"Bienvenu SAVI\"},\"url\":\"https:\/\/228news.tg\/index.php\/author\/bienvenu\/\"}]}<\/script>\n<!-- \/ Yoast SEO plugin. -->","yoast_head_json":{"title":"Des Journ\u00e9es Portes Ouvertes au go\u00fbt du jubil\u00e9 d'\u00e9tain du CONAPP - 228 News","robots":{"index":"index","follow":"follow","max-snippet":"max-snippet:-1","max-image-preview":"max-image-preview:large","max-video-preview":"max-video-preview:-1"},"canonical":"https:\/\/228news.tg\/index.php\/2017\/12\/06\/des-journees-portes-ouvertes-au-gout-du-jubile-detain-du-conapp-2\/","og_locale":"fr_FR","og_type":"article","og_title":"Des Journ\u00e9es Portes Ouvertes au go\u00fbt du jubil\u00e9 d'\u00e9tain du CONAPP - 228 News","og_description":"Les 4\u00e8mes Journ\u00e9es portes ouvertes de la presse togolaise s&rsquo;ouvrent ce jeudi 07 d\u00e9cembre et referment leurs portes le 09 d\u00e9cembre prochain \u00e0 l\u2019Agora Senghor de Lom\u00e9.\u00a0Rendez-vous d\u00e9sormais\u00a0annuel, institutionnalis\u00e9 par le Conseil National des patrons de Presse (CONAPP) autour de la presse togolaises, les JPO de cette ann\u00e9e co\u00efncide avec\u00a0 la c\u00e9l\u00e9bration des 10 ans ... Lire la suite","og_url":"https:\/\/228news.tg\/index.php\/2017\/12\/06\/des-journees-portes-ouvertes-au-gout-du-jubile-detain-du-conapp-2\/","og_site_name":"228 News","article_published_time":"2017-12-06T19:18:03+00:00","author":"Bienvenu SAVI","twitter_card":"summary_large_image","twitter_misc":{"\u00c9crit par":"Bienvenu SAVI","Dur\u00e9e de lecture estim\u00e9e":"1 minute"},"schema":{"@context":"https:\/\/schema.org","@graph":[{"@type":"Article","@id":"https:\/\/228news.tg\/index.php\/2017\/12\/06\/des-journees-portes-ouvertes-au-gout-du-jubile-detain-du-conapp-2\/#article","isPartOf":{"@id":"https:\/\/228news.tg\/index.php\/2017\/12\/06\/des-journees-portes-ouvertes-au-gout-du-jubile-detain-du-conapp-2\/"},"author":{"name":"Bienvenu SAVI","@id":"https:\/\/228news.tg\/#\/schema\/person\/68d5a6cc0230290e61235c8379523f52"},"headline":"Des Journ\u00e9es Portes Ouvertes au go\u00fbt du jubil\u00e9 d&rsquo;\u00e9tain du CONAPP","datePublished":"2017-12-06T19:18:03+00:00","mainEntityOfPage":{"@id":"https:\/\/228news.tg\/index.php\/2017\/12\/06\/des-journees-portes-ouvertes-au-gout-du-jubile-detain-du-conapp-2\/"},"wordCount":181,"commentCount":0,"publisher":{"@id":"https:\/\/228news.tg\/#organization"},"image":{"@id":"https:\/\/228news.tg\/index.php\/2017\/12\/06\/des-journees-portes-ouvertes-au-gout-du-jubile-detain-du-conapp-2\/#primaryimage"},"thumbnailUrl":"","articleSection":["DEVELOPPEMENT","Flash","TOGO","Une"],"inLanguage":"fr-FR","potentialAction":[{"@type":"CommentAction","name":"Comment","target":["https:\/\/228news.tg\/index.php\/2017\/12\/06\/des-journees-portes-ouvertes-au-gout-du-jubile-detain-du-conapp-2\/#respond"]}]},{"@type":"WebPage","@id":"https:\/\/228news.tg\/index.php\/2017\/12\/06\/des-journees-portes-ouvertes-au-gout-du-jubile-detain-du-conapp-2\/","url":"https:\/\/228news.tg\/index.php\/2017\/12\/06\/des-journees-portes-ouvertes-au-gout-du-jubile-detain-du-conapp-2\/","name":"Des Journ\u00e9es Portes Ouvertes au go\u00fbt du jubil\u00e9 d'\u00e9tain du CONAPP - 228 News","isPartOf":{"@id":"https:\/\/228news.tg\/#website"},"primaryImageOfPage":{"@id":"https:\/\/228news.tg\/index.php\/2017\/12\/06\/des-journees-portes-ouvertes-au-gout-du-jubile-detain-du-conapp-2\/#primaryimage"},"image":{"@id":"https:\/\/228news.tg\/index.php\/2017\/12\/06\/des-journees-portes-ouvertes-au-gout-du-jubile-detain-du-conapp-2\/#primaryimage"},"thumbnailUrl":"","datePublished":"2017-12-06T19:18:03+00:00","breadcrumb":{"@id":"https:\/\/228news.tg\/index.php\/2017\/12\/06\/des-journees-portes-ouvertes-au-gout-du-jubile-detain-du-conapp-2\/#breadcrumb"},"inLanguage":"fr-FR","potentialAction":[{"@type":"ReadAction","target":["https:\/\/228news.tg\/index.php\/2017\/12\/06\/des-journees-portes-ouvertes-au-gout-du-jubile-detain-du-conapp-2\/"]}]},{"@type":"ImageObject","inLanguage":"fr-FR","@id":"https:\/\/228news.tg\/index.php\/2017\/12\/06\/des-journees-portes-ouvertes-au-gout-du-jubile-detain-du-conapp-2\/#primaryimage","url":"","contentUrl":""},{"@type":"BreadcrumbList","@id":"https:\/\/228news.tg\/index.php\/2017\/12\/06\/des-journees-portes-ouvertes-au-gout-du-jubile-detain-du-conapp-2\/#breadcrumb","itemListElement":[{"@type":"ListItem","position":1,"name":"Home","item":"https:\/\/228news.tg\/"},{"@type":"ListItem","position":2,"name":"Des Journ\u00e9es Portes Ouvertes au go\u00fbt du jubil\u00e9 d&rsquo;\u00e9tain du CONAPP"}]},{"@type":"WebSite","@id":"https:\/\/228news.tg\/#website","url":"https:\/\/228news.tg\/","name":"228 News","description":"Soci\u00e9t\u00e9 de m\u00e9dias et d\u2019actualit\u00e9s","publisher":{"@id":"https:\/\/228news.tg\/#organization"},"potentialAction":[{"@type":"SearchAction","target":{"@type":"EntryPoint","urlTemplate":"https:\/\/228news.tg\/?s={search_term_string}"},"query-input":{"@type":"PropertyValueSpecification","valueRequired":true,"valueName":"search_term_string"}}],"inLanguage":"fr-FR"},{"@type":"Organization","@id":"https:\/\/228news.tg\/#organization","name":"228 News","url":"https:\/\/228news.tg\/","logo":{"@type":"ImageObject","inLanguage":"fr-FR","@id":"https:\/\/228news.tg\/#\/schema\/logo\/image\/","url":"https:\/\/228news.tg\/wp-content\/uploads\/2024\/09\/logonew.png","contentUrl":"https:\/\/228news.tg\/wp-content\/uploads\/2024\/09\/logonew.png","width":1640,"height":364,"caption":"228 News"},"image":{"@id":"https:\/\/228news.tg\/#\/schema\/logo\/image\/"}},{"@type":"Person","@id":"https:\/\/228news.tg\/#\/schema\/person\/68d5a6cc0230290e61235c8379523f52","name":"Bienvenu SAVI","image":{"@type":"ImageObject","inLanguage":"fr-FR","@id":"https:\/\/228news.tg\/#\/schema\/person\/image\/","url":"https:\/\/secure.gravatar.com\/avatar\/9db91895c559e510509c33a3e9683998458e9b828fac36d5d1aa23f0f2fd369b?s=96&d=mm&r=g","contentUrl":"https:\/\/secure.gravatar.com\/avatar\/9db91895c559e510509c33a3e9683998458e9b828fac36d5d1aa23f0f2fd369b?s=96&d=mm&r=g","caption":"Bienvenu SAVI"},"url":"https:\/\/228news.tg\/index.php\/author\/bienvenu\/"}]}},"jetpack_featured_media_url":"","_links":{"self":[{"href":"https:\/\/228news.tg\/index.php\/wp-json\/wp\/v2\/posts\/14302","targetHints":{"allow":["GET"]}}],"collection":[{"href":"https:\/\/228news.tg\/index.php\/wp-json\/wp\/v2\/posts"}],"about":[{"href":"https:\/\/228news.tg\/index.php\/wp-json\/wp\/v2\/types\/post"}],"author":[{"embeddable":true,"href":"https:\/\/228news.tg\/index.php\/wp-json\/wp\/v2\/users\/2"}],"replies":[{"embeddable":true,"href":"https:\/\/228news.tg\/index.php\/wp-json\/wp\/v2\/comments?post=14302"}],"version-history":[{"count":0,"href":"https:\/\/228news.tg\/index.php\/wp-json\/wp\/v2\/posts\/14302\/revisions"}],"wp:featuredmedia":[{"embeddable":true,"href":"https:\/\/228news.tg\/index.php\/wp-json\/wp\/v2\/posts\/2052"}],"wp:attachment":[{"href":"https:\/\/228news.tg\/index.php\/wp-json\/wp\/v2\/media?parent=14302"}],"wp:term":[{"taxonomy":"category","embeddable":true,"href":"https:\/\/228news.tg\/index.php\/wp-json\/wp\/v2\/categories?post=14302"},{"taxonomy":"post_tag","embeddable":true,"href":"https:\/\/228news.tg\/index.php\/wp-json\/wp\/v2\/tags?post=14302"}],"curies":[{"name":"wp","href":"https:\/\/api.w.org\/{rel}","templated":true}]}}