{"id":14290,"date":"2017-11-17T07:45:55","date_gmt":"2017-11-17T07:45:55","guid":{"rendered":"http:\/\/localhost\/site\/228news\/?p=1996"},"modified":"2017-11-17T07:45:55","modified_gmt":"2017-11-17T07:45:55","slug":"une-premiere-journee-pacifique-2","status":"publish","type":"post","link":"https:\/\/228news.tg\/index.php\/2017\/11\/17\/une-premiere-journee-pacifique-2\/","title":{"rendered":"Une premi\u00e8re journ\u00e9e pacifique"},"content":{"rendered":"<p>\u00ab\u00a0Nous nous r\u00e9jouissons que cette premi\u00e8re journ\u00e9e de manifestation de la coalition des 14 partis de l&rsquo;opposition soit r\u00e9ellement pacifique et exhortons tous les acteurs \u00e0 tout mettre en oeuvre pour pr\u00e9server ce climat de paix et de respect de la libert\u00e9 de tous\u00a0\u00bb, a d\u00e9clar\u00e9 ce jeudi 16 novembre le Lt-Col Akobi Mensah, Secr\u00e9taire G\u00e9n\u00e9ral (SG) du Minist\u00e8re de la S\u00e9curit\u00e9 et de la Protection Civile (MSPC), \u00e0 l&rsquo;issue de la premi\u00e8re journ\u00e9e de marche de la coalition des 14 partis de l&rsquo;opposition.<\/p>\n<p>En l&rsquo;absence du ministre Yark Damehame qui fait habituellement le point, le SG du MSPC a \u00e9galement dress\u00e9 un bilan statistique de cette premi\u00e8re journ\u00e9e qui fait \u00e9tat d&rsquo;environ 7000 manifestants \u00e0 Lom\u00e9 qui pour la plupart n&rsquo;ont pas atteint le point de chute pr\u00e9vu \u00e0 la place en face de l&rsquo;h\u00f4tel Sancta Maria, pour des raisons de pluie.<\/p>\n<p>Les localit\u00e9s de Vogan, Assahoun, Ani\u00e9, Badou, Kpalim\u00e9 et Tchamba, \u00e0 l&rsquo;int\u00e9rieur du Togo ont \u00e9galement connu des manifestations pacifique sans aucun incident, a pr\u00e9cis\u00e9 le SG, avec en tout environ 500 manifestations.<\/p>\n<p>Il a enfin invit\u00e9 les organisateurs des manif, les observateurs tous azimuts et les organisations de promotion et de d\u00e9fense des droits humains \u00e0 maintenir le cap durant les deux journ\u00e9es restantes.<\/p>\n<p>En rappel, ces manifestations qui secoue le Togo depuis le 19 ao\u00fbt dernier \u00e0 l&rsquo;initiative du Parti National Panafricain (PNP) avec \u00e0 sa t\u00eate Tikpi Atchadam vise le retour \u00e0 la constitution de 1992, le droit de vote de la diaspora, de m\u00eame que des r\u00e9formes politiques profondes au Togo.<\/p>\n<p><strong>D\u00e9mocrate<\/strong><\/p>\n<p><strong>(00228) 91 85 40 14<\/strong><\/p>\n<p><strong>98 60 67 68<\/strong><\/p>\n<p><strong>democrate2010@gmail.com<\/strong><\/p>\n","protected":false},"excerpt":{"rendered":"<p>\u00ab\u00a0Nous nous r\u00e9jouissons que cette premi\u00e8re journ\u00e9e de manifestation de la coalition des 14 partis de l&rsquo;opposition soit r\u00e9ellement pacifique et exhortons tous les acteurs \u00e0 tout mettre en oeuvre pour pr\u00e9server ce climat de paix et de respect de la libert\u00e9 de tous\u00a0\u00bb, a d\u00e9clar\u00e9 ce jeudi 16 novembre le Lt-Col Akobi Mensah, Secr\u00e9taire &#8230; <a title=\"Une premi\u00e8re journ\u00e9e pacifique\" class=\"read-more\" href=\"https:\/\/228news.tg\/index.php\/2017\/11\/17\/une-premiere-journee-pacifique-2\/\" aria-label=\"En savoir plus sur Une premi\u00e8re journ\u00e9e pacifique\">Lire la suite<\/a><\/p>\n","protected":false},"author":2,"featured_media":1975,"comment_status":"open","ping_status":"open","sticky":false,"template":"","format":"chat","meta":{"footnotes":""},"categories":[35,33,25,34],"tags":[],"class_list":["post-14290","post","type-post","status-publish","format-chat","has-post-thumbnail","hentry","category-flash","category-politique","category-togo","category-une","post_format-post-format-chat"],"yoast_head":"<!-- This site is optimized with the Yoast SEO plugin v26.4 - https:\/\/yoast.com\/wordpress\/plugins\/seo\/ -->\n<title>Une premi\u00e8re journ\u00e9e pacifique - 228 News<\/title>\n<meta name=\"robots\" content=\"index, follow, max-snippet:-1, max-image-preview:large, max-video-preview:-1\" \/>\n<link rel=\"canonical\" href=\"https:\/\/228news.tg\/index.php\/2017\/11\/17\/une-premiere-journee-pacifique-2\/\" \/>\n<meta property=\"og:locale\" content=\"fr_FR\" \/>\n<meta property=\"og:type\" content=\"article\" \/>\n<meta property=\"og:title\" content=\"Une premi\u00e8re journ\u00e9e pacifique - 228 News\" \/>\n<meta property=\"og:description\" content=\"\u00ab\u00a0Nous nous r\u00e9jouissons que cette premi\u00e8re journ\u00e9e de manifestation de la coalition des 14 partis de l&rsquo;opposition soit r\u00e9ellement pacifique et exhortons tous les acteurs \u00e0 tout mettre en oeuvre pour pr\u00e9server ce climat de paix et de respect de la libert\u00e9 de tous\u00a0\u00bb, a d\u00e9clar\u00e9 ce jeudi 16 novembre le Lt-Col Akobi Mensah, Secr\u00e9taire ... Lire la suite\" \/>\n<meta property=\"og:url\" content=\"https:\/\/228news.tg\/index.php\/2017\/11\/17\/une-premiere-journee-pacifique-2\/\" \/>\n<meta property=\"og:site_name\" content=\"228 News\" \/>\n<meta property=\"article:published_time\" content=\"2017-11-17T07:45:55+00:00\" \/>\n<meta name=\"author\" content=\"Bienvenu SAVI\" \/>\n<meta name=\"twitter:card\" content=\"summary_large_image\" \/>\n<meta name=\"twitter:label1\" content=\"\u00c9crit par\" \/>\n\t<meta name=\"twitter:data1\" content=\"Bienvenu SAVI\" \/>\n\t<meta name=\"twitter:label2\" content=\"Dur\u00e9e de lecture estim\u00e9e\" \/>\n\t<meta name=\"twitter:data2\" content=\"1 minute\" \/>\n<script type=\"application\/ld+json\" class=\"yoast-schema-graph\">{\"@context\":\"https:\/\/schema.org\",\"@graph\":[{\"@type\":\"Article\",\"@id\":\"https:\/\/228news.tg\/index.php\/2017\/11\/17\/une-premiere-journee-pacifique-2\/#article\",\"isPartOf\":{\"@id\":\"https:\/\/228news.tg\/index.php\/2017\/11\/17\/une-premiere-journee-pacifique-2\/\"},\"author\":{\"name\":\"Bienvenu SAVI\",\"@id\":\"https:\/\/228news.tg\/#\/schema\/person\/68d5a6cc0230290e61235c8379523f52\"},\"headline\":\"Une premi\u00e8re journ\u00e9e pacifique\",\"datePublished\":\"2017-11-17T07:45:55+00:00\",\"mainEntityOfPage\":{\"@id\":\"https:\/\/228news.tg\/index.php\/2017\/11\/17\/une-premiere-journee-pacifique-2\/\"},\"wordCount\":288,\"commentCount\":0,\"publisher\":{\"@id\":\"https:\/\/228news.tg\/#organization\"},\"image\":{\"@id\":\"https:\/\/228news.tg\/index.php\/2017\/11\/17\/une-premiere-journee-pacifique-2\/#primaryimage\"},\"thumbnailUrl\":\"https:\/\/228news.tg\/wp-content\/uploads\/2024\/09\/photo_2019-01-04_17-50-01.jpg\",\"articleSection\":[\"Flash\",\"POLITIQUE\",\"TOGO\",\"Une\"],\"inLanguage\":\"fr-FR\",\"potentialAction\":[{\"@type\":\"CommentAction\",\"name\":\"Comment\",\"target\":[\"https:\/\/228news.tg\/index.php\/2017\/11\/17\/une-premiere-journee-pacifique-2\/#respond\"]}]},{\"@type\":\"WebPage\",\"@id\":\"https:\/\/228news.tg\/index.php\/2017\/11\/17\/une-premiere-journee-pacifique-2\/\",\"url\":\"https:\/\/228news.tg\/index.php\/2017\/11\/17\/une-premiere-journee-pacifique-2\/\",\"name\":\"Une premi\u00e8re journ\u00e9e pacifique - 228 News\",\"isPartOf\":{\"@id\":\"https:\/\/228news.tg\/#website\"},\"primaryImageOfPage\":{\"@id\":\"https:\/\/228news.tg\/index.php\/2017\/11\/17\/une-premiere-journee-pacifique-2\/#primaryimage\"},\"image\":{\"@id\":\"https:\/\/228news.tg\/index.php\/2017\/11\/17\/une-premiere-journee-pacifique-2\/#primaryimage\"},\"thumbnailUrl\":\"https:\/\/228news.tg\/wp-content\/uploads\/2024\/09\/photo_2019-01-04_17-50-01.jpg\",\"datePublished\":\"2017-11-17T07:45:55+00:00\",\"breadcrumb\":{\"@id\":\"https:\/\/228news.tg\/index.php\/2017\/11\/17\/une-premiere-journee-pacifique-2\/#breadcrumb\"},\"inLanguage\":\"fr-FR\",\"potentialAction\":[{\"@type\":\"ReadAction\",\"target\":[\"https:\/\/228news.tg\/index.php\/2017\/11\/17\/une-premiere-journee-pacifique-2\/\"]}]},{\"@type\":\"ImageObject\",\"inLanguage\":\"fr-FR\",\"@id\":\"https:\/\/228news.tg\/index.php\/2017\/11\/17\/une-premiere-journee-pacifique-2\/#primaryimage\",\"url\":\"https:\/\/228news.tg\/wp-content\/uploads\/2024\/09\/photo_2019-01-04_17-50-01.jpg\",\"contentUrl\":\"https:\/\/228news.tg\/wp-content\/uploads\/2024\/09\/photo_2019-01-04_17-50-01.jpg\",\"width\":1080,\"height\":730},{\"@type\":\"BreadcrumbList\",\"@id\":\"https:\/\/228news.tg\/index.php\/2017\/11\/17\/une-premiere-journee-pacifique-2\/#breadcrumb\",\"itemListElement\":[{\"@type\":\"ListItem\",\"position\":1,\"name\":\"Home\",\"item\":\"https:\/\/228news.tg\/\"},{\"@type\":\"ListItem\",\"position\":2,\"name\":\"Une premi\u00e8re journ\u00e9e pacifique\"}]},{\"@type\":\"WebSite\",\"@id\":\"https:\/\/228news.tg\/#website\",\"url\":\"https:\/\/228news.tg\/\",\"name\":\"228 News\",\"description\":\"Soci\u00e9t\u00e9 de m\u00e9dias et d\u2019actualit\u00e9s\",\"publisher\":{\"@id\":\"https:\/\/228news.tg\/#organization\"},\"potentialAction\":[{\"@type\":\"SearchAction\",\"target\":{\"@type\":\"EntryPoint\",\"urlTemplate\":\"https:\/\/228news.tg\/?s={search_term_string}\"},\"query-input\":{\"@type\":\"PropertyValueSpecification\",\"valueRequired\":true,\"valueName\":\"search_term_string\"}}],\"inLanguage\":\"fr-FR\"},{\"@type\":\"Organization\",\"@id\":\"https:\/\/228news.tg\/#organization\",\"name\":\"228 News\",\"url\":\"https:\/\/228news.tg\/\",\"logo\":{\"@type\":\"ImageObject\",\"inLanguage\":\"fr-FR\",\"@id\":\"https:\/\/228news.tg\/#\/schema\/logo\/image\/\",\"url\":\"https:\/\/228news.tg\/wp-content\/uploads\/2024\/09\/logonew.png\",\"contentUrl\":\"https:\/\/228news.tg\/wp-content\/uploads\/2024\/09\/logonew.png\",\"width\":1640,\"height\":364,\"caption\":\"228 News\"},\"image\":{\"@id\":\"https:\/\/228news.tg\/#\/schema\/logo\/image\/\"}},{\"@type\":\"Person\",\"@id\":\"https:\/\/228news.tg\/#\/schema\/person\/68d5a6cc0230290e61235c8379523f52\",\"name\":\"Bienvenu SAVI\",\"image\":{\"@type\":\"ImageObject\",\"inLanguage\":\"fr-FR\",\"@id\":\"https:\/\/228news.tg\/#\/schema\/person\/image\/\",\"url\":\"https:\/\/secure.gravatar.com\/avatar\/9db91895c559e510509c33a3e9683998458e9b828fac36d5d1aa23f0f2fd369b?s=96&d=mm&r=g\",\"contentUrl\":\"https:\/\/secure.gravatar.com\/avatar\/9db91895c559e510509c33a3e9683998458e9b828fac36d5d1aa23f0f2fd369b?s=96&d=mm&r=g\",\"caption\":\"Bienvenu SAVI\"},\"url\":\"https:\/\/228news.tg\/index.php\/author\/bienvenu\/\"}]}<\/script>\n<!-- \/ Yoast SEO plugin. -->","yoast_head_json":{"title":"Une premi\u00e8re journ\u00e9e pacifique - 228 News","robots":{"index":"index","follow":"follow","max-snippet":"max-snippet:-1","max-image-preview":"max-image-preview:large","max-video-preview":"max-video-preview:-1"},"canonical":"https:\/\/228news.tg\/index.php\/2017\/11\/17\/une-premiere-journee-pacifique-2\/","og_locale":"fr_FR","og_type":"article","og_title":"Une premi\u00e8re journ\u00e9e pacifique - 228 News","og_description":"\u00ab\u00a0Nous nous r\u00e9jouissons que cette premi\u00e8re journ\u00e9e de manifestation de la coalition des 14 partis de l&rsquo;opposition soit r\u00e9ellement pacifique et exhortons tous les acteurs \u00e0 tout mettre en oeuvre pour pr\u00e9server ce climat de paix et de respect de la libert\u00e9 de tous\u00a0\u00bb, a d\u00e9clar\u00e9 ce jeudi 16 novembre le Lt-Col Akobi Mensah, Secr\u00e9taire ... Lire la suite","og_url":"https:\/\/228news.tg\/index.php\/2017\/11\/17\/une-premiere-journee-pacifique-2\/","og_site_name":"228 News","article_published_time":"2017-11-17T07:45:55+00:00","author":"Bienvenu SAVI","twitter_card":"summary_large_image","twitter_misc":{"\u00c9crit par":"Bienvenu SAVI","Dur\u00e9e de lecture estim\u00e9e":"1 minute"},"schema":{"@context":"https:\/\/schema.org","@graph":[{"@type":"Article","@id":"https:\/\/228news.tg\/index.php\/2017\/11\/17\/une-premiere-journee-pacifique-2\/#article","isPartOf":{"@id":"https:\/\/228news.tg\/index.php\/2017\/11\/17\/une-premiere-journee-pacifique-2\/"},"author":{"name":"Bienvenu SAVI","@id":"https:\/\/228news.tg\/#\/schema\/person\/68d5a6cc0230290e61235c8379523f52"},"headline":"Une premi\u00e8re journ\u00e9e pacifique","datePublished":"2017-11-17T07:45:55+00:00","mainEntityOfPage":{"@id":"https:\/\/228news.tg\/index.php\/2017\/11\/17\/une-premiere-journee-pacifique-2\/"},"wordCount":288,"commentCount":0,"publisher":{"@id":"https:\/\/228news.tg\/#organization"},"image":{"@id":"https:\/\/228news.tg\/index.php\/2017\/11\/17\/une-premiere-journee-pacifique-2\/#primaryimage"},"thumbnailUrl":"https:\/\/228news.tg\/wp-content\/uploads\/2024\/09\/photo_2019-01-04_17-50-01.jpg","articleSection":["Flash","POLITIQUE","TOGO","Une"],"inLanguage":"fr-FR","potentialAction":[{"@type":"CommentAction","name":"Comment","target":["https:\/\/228news.tg\/index.php\/2017\/11\/17\/une-premiere-journee-pacifique-2\/#respond"]}]},{"@type":"WebPage","@id":"https:\/\/228news.tg\/index.php\/2017\/11\/17\/une-premiere-journee-pacifique-2\/","url":"https:\/\/228news.tg\/index.php\/2017\/11\/17\/une-premiere-journee-pacifique-2\/","name":"Une premi\u00e8re journ\u00e9e pacifique - 228 News","isPartOf":{"@id":"https:\/\/228news.tg\/#website"},"primaryImageOfPage":{"@id":"https:\/\/228news.tg\/index.php\/2017\/11\/17\/une-premiere-journee-pacifique-2\/#primaryimage"},"image":{"@id":"https:\/\/228news.tg\/index.php\/2017\/11\/17\/une-premiere-journee-pacifique-2\/#primaryimage"},"thumbnailUrl":"https:\/\/228news.tg\/wp-content\/uploads\/2024\/09\/photo_2019-01-04_17-50-01.jpg","datePublished":"2017-11-17T07:45:55+00:00","breadcrumb":{"@id":"https:\/\/228news.tg\/index.php\/2017\/11\/17\/une-premiere-journee-pacifique-2\/#breadcrumb"},"inLanguage":"fr-FR","potentialAction":[{"@type":"ReadAction","target":["https:\/\/228news.tg\/index.php\/2017\/11\/17\/une-premiere-journee-pacifique-2\/"]}]},{"@type":"ImageObject","inLanguage":"fr-FR","@id":"https:\/\/228news.tg\/index.php\/2017\/11\/17\/une-premiere-journee-pacifique-2\/#primaryimage","url":"https:\/\/228news.tg\/wp-content\/uploads\/2024\/09\/photo_2019-01-04_17-50-01.jpg","contentUrl":"https:\/\/228news.tg\/wp-content\/uploads\/2024\/09\/photo_2019-01-04_17-50-01.jpg","width":1080,"height":730},{"@type":"BreadcrumbList","@id":"https:\/\/228news.tg\/index.php\/2017\/11\/17\/une-premiere-journee-pacifique-2\/#breadcrumb","itemListElement":[{"@type":"ListItem","position":1,"name":"Home","item":"https:\/\/228news.tg\/"},{"@type":"ListItem","position":2,"name":"Une premi\u00e8re journ\u00e9e pacifique"}]},{"@type":"WebSite","@id":"https:\/\/228news.tg\/#website","url":"https:\/\/228news.tg\/","name":"228 News","description":"Soci\u00e9t\u00e9 de m\u00e9dias et d\u2019actualit\u00e9s","publisher":{"@id":"https:\/\/228news.tg\/#organization"},"potentialAction":[{"@type":"SearchAction","target":{"@type":"EntryPoint","urlTemplate":"https:\/\/228news.tg\/?s={search_term_string}"},"query-input":{"@type":"PropertyValueSpecification","valueRequired":true,"valueName":"search_term_string"}}],"inLanguage":"fr-FR"},{"@type":"Organization","@id":"https:\/\/228news.tg\/#organization","name":"228 News","url":"https:\/\/228news.tg\/","logo":{"@type":"ImageObject","inLanguage":"fr-FR","@id":"https:\/\/228news.tg\/#\/schema\/logo\/image\/","url":"https:\/\/228news.tg\/wp-content\/uploads\/2024\/09\/logonew.png","contentUrl":"https:\/\/228news.tg\/wp-content\/uploads\/2024\/09\/logonew.png","width":1640,"height":364,"caption":"228 News"},"image":{"@id":"https:\/\/228news.tg\/#\/schema\/logo\/image\/"}},{"@type":"Person","@id":"https:\/\/228news.tg\/#\/schema\/person\/68d5a6cc0230290e61235c8379523f52","name":"Bienvenu SAVI","image":{"@type":"ImageObject","inLanguage":"fr-FR","@id":"https:\/\/228news.tg\/#\/schema\/person\/image\/","url":"https:\/\/secure.gravatar.com\/avatar\/9db91895c559e510509c33a3e9683998458e9b828fac36d5d1aa23f0f2fd369b?s=96&d=mm&r=g","contentUrl":"https:\/\/secure.gravatar.com\/avatar\/9db91895c559e510509c33a3e9683998458e9b828fac36d5d1aa23f0f2fd369b?s=96&d=mm&r=g","caption":"Bienvenu SAVI"},"url":"https:\/\/228news.tg\/index.php\/author\/bienvenu\/"}]}},"jetpack_featured_media_url":"https:\/\/228news.tg\/wp-content\/uploads\/2024\/09\/photo_2019-01-04_17-50-01.jpg","_links":{"self":[{"href":"https:\/\/228news.tg\/index.php\/wp-json\/wp\/v2\/posts\/14290","targetHints":{"allow":["GET"]}}],"collection":[{"href":"https:\/\/228news.tg\/index.php\/wp-json\/wp\/v2\/posts"}],"about":[{"href":"https:\/\/228news.tg\/index.php\/wp-json\/wp\/v2\/types\/post"}],"author":[{"embeddable":true,"href":"https:\/\/228news.tg\/index.php\/wp-json\/wp\/v2\/users\/2"}],"replies":[{"embeddable":true,"href":"https:\/\/228news.tg\/index.php\/wp-json\/wp\/v2\/comments?post=14290"}],"version-history":[{"count":0,"href":"https:\/\/228news.tg\/index.php\/wp-json\/wp\/v2\/posts\/14290\/revisions"}],"wp:featuredmedia":[{"embeddable":true,"href":"https:\/\/228news.tg\/index.php\/wp-json\/wp\/v2\/media\/1975"}],"wp:attachment":[{"href":"https:\/\/228news.tg\/index.php\/wp-json\/wp\/v2\/media?parent=14290"}],"wp:term":[{"taxonomy":"category","embeddable":true,"href":"https:\/\/228news.tg\/index.php\/wp-json\/wp\/v2\/categories?post=14290"},{"taxonomy":"post_tag","embeddable":true,"href":"https:\/\/228news.tg\/index.php\/wp-json\/wp\/v2\/tags?post=14290"}],"curies":[{"name":"wp","href":"https:\/\/api.w.org\/{rel}","templated":true}]}}