{"id":14289,"date":"2017-11-16T07:29:30","date_gmt":"2017-11-16T07:29:30","guid":{"rendered":"http:\/\/localhost\/site\/228news\/?p=1992"},"modified":"2017-11-16T07:29:30","modified_gmt":"2017-11-16T07:29:30","slug":"la-foire-internationale-dans-une-crise-nationale-2","status":"publish","type":"post","link":"https:\/\/228news.tg\/index.php\/2017\/11\/16\/la-foire-internationale-dans-une-crise-nationale-2\/","title":{"rendered":"la foire internationale dans une crise nationale"},"content":{"rendered":"<p>Les infrastructures ne suffisent pas pour organiser des \u00e9v\u00e9nements importants dans un pays. Parmi les crit\u00e8res il faut aussi la \u00ab\u00a0PAIX\u00a0\u00bb. Mais cela d\u00e9pend de comment vous l\u2019ecrivez. La paix est le d\u00e9nominateur commun de toute r\u00e9ussite. Cette paix manque aujourd\u2019hui aux togolais pour organiser la 14 \u00e8me foire internationale de Lom\u00e9. Cette 14\u00e8me foire va vibrer cette ann\u00e9e avec le mouvement de 14 partis politiques. La foire a toujours pour slogan \u00e9ternel, la foire de toutes les opportunit\u00e9s. Mais cette ann\u00e9e l\u2019opportunit\u00e9 sera tr\u00e8s grande avec les contestations politiques. Si les grands sommets ou les grandes rencontres sont annul\u00e9es cette ann\u00e9e au Togo \u00e0 cause des chapelets de contestations de l\u2019opposition , ce n\u2019est pas la foire internationale de Lom\u00e9 qui ferait exception. La psychose s\u2019empare des exposants et la population . C\u2019est la peur. Quand vous faites un tour \u00e0 la foire actuellement , vous verrez que les \u00e9lectriciens et les menuisiers sont en pleine tractation. Mais bon nombre s\u2019en interrogent toujours\u00a0: \u00ab\u00a0anani fifa, la foire va tenir\u00a0?\u00a0\u00bb<\/p>\n<p>Les organisateurs en sont conscients, raison m\u00eame pour laquelle la communication sur cette 14\u00e8me foire \u00e9volue en dents de scie. Les radios n\u2019en parlent pas tellement. C\u2019est quand des rumeurs de report retentissent que les organisateurs ont fait appel aux communicateurs wamzampains. Le pouvoir n\u2019a jamais donn\u00e9 l\u2019impression qu\u2019il y a crise au Togo. voil\u00e0 pourquoi il tient \u00e0 organiser cette foire. Ce qui est g\u00e9nial c\u2019est que nous avons d\u00e9couvert le sur \u00ab\u00a0wamzamp\u00a0\u00bb qui devient les satellites des pauvres. Quand un chinois p\u00e8te en chine nous sommes inform\u00e9s 3 secondes apr\u00e8s. Je ne vais pas dire que je n\u2019irai pas \u00e0 la foire si cela tient. Car c\u2019est l\u00e0 je rencontre la plupart de mes femmes-fans. Mais cela ne m\u2019emp\u00eache pas de faire mon analyse en fran\u00e7ais facile. L\u2019atmosph\u00e8re politique actuel au Togo ne rassure pas une bonne organisation de cette foire. C\u2019est \u00e9galement la peur au niveau des sponsors et des partenaires mais une chose est s\u00fbre le gouvernement ne va jamais reporter cette foire. Soyons clairs\u00a0! Mais pour r\u00e9ussir une foire commerciale il faut 3 \u00e9l\u00e9ments\u00a0: une bonne pr\u00e9paration des organisateurs, la pr\u00e9sence effective des exposants avec leurs produits de bonnes qualit\u00e9s et une affluence \u00e9norme des visiteurs. Chaque ann\u00e9e comme l\u2019accoutum\u00e9e c\u2019est toujours la bonne pr\u00e9paration avec des innovations ou particularit\u00e9s. Mais \u00e0 quoi sert une foire quand les exposants commencent d\u00e9j\u00e0 \u00e0 douter pour raison de crise politique\u00a0?<\/p>\n<p>L\u2019\u00e9l\u00e9ment qui fait r\u00e9ussir la foire avec une recette financi\u00e8re colossale est la pr\u00e9sence des visiteurs. La vente des tickets suffit pour que le bilan de la foire soit satisfaisant. Alors quel nombre record de visiteurs esp\u00e8rent les organisateurs cette ann\u00e9e quand plus de 800 togolais sont d\u00e9j\u00e0 en exil au Ghana\u00a0? On me dira que c\u2019est au nord. La crise togolaise a d\u00e9j\u00e0 fait une dizaine de morts depuis le 19 ao\u00fbt. Or certains de ces personnes tu\u00e9es \u00e9taient \u00e0 la foire l\u2019ann\u00e9e pass\u00e9e. Actuellement on d\u00e9nombre des centaines d\u2019arrestations dont la plupart \u00e9taient \u00e9galement \u00e0 la foire pr\u00e9c\u00e9dente. Je ne sais pas si \u00ab\u00a0CETEF\u00a0\u00bb va annuler cette foire pour l\u2019organiser dans les prisons aux personnes arr\u00eat\u00e9es . Autrement dit nous manquons de paix pour organiser une foire commerciale. Le Togo est en crise monstrueuse. Ceux qui viendront acheter ne seront pas en s\u00e9curit\u00e9. Je ne suis pas s\u00fbr. Je ne peux pas aussi compter sur la s\u00e9curit\u00e9. Puisque deux seraient d\u00e9capit\u00e9es pour emprunter les mots de celui qui ne parle pas beaucoup ( mon pr\u00e9sident ne parle pas beaucoup) . Dans un pays o\u00f9 des groupes d\u2019auto-d\u00e9fenses se forment avec des atrocit\u00e9s pas possible est-il important d\u2019y organiser une foire commerciale\u00a0? C\u2019est pour acheter quoi\u00a0? Pour acheter des machettes, des gourdins et des cagoules\u00a0?<\/p>\n<p>Dans un pays o\u00f9 il y a la psychose g\u00e9n\u00e9rale on n\u2019organise pas ces genres d\u2019\u00e9v\u00e9nements car je crains des troubles qui occasionneront des dettes pour les exposants.<\/p>\n<p>\u00ab\u00a0Il faut \u00eatre courageux pour louer un stand quand on sait que la crise politique est au paroxysme de l\u2019incroyabilit\u00e9\u00a0\u00bb.<\/p>\n<p>Je rappel que c\u2019est seulement la minorit\u00e9 qui accapare les richesses du Togo qui ach\u00e8te plus \u00e0 la foire. Certains amis exposants du Nigeria et du Ghana ne cessent de m\u2019appeler pour savoir s\u2019il y a apaisement de la crise. Ils me fatiguent trop car je ne comprends pas l\u2019anglais. A Chaque fois je reponds malgr\u00e9 moi\u00a0:<\/p>\n<p>\u00ab\u00a0togo crise yes\u00a0!Is not finish\u00a0! Thursday march, friday march and saturday march\u00a0!Follow informations on wamzamp plizzz\u00a0!\u00a0\u00bb<\/p>\n<p>Les exposants qui viendront \u00e0 cette foire auront pour cible les visiteurs. Or la plupart des visiteurs ont peur des milices. Les milices sont plus craints qu\u2019ebola. Quand ebola t\u2019attaque tu as la chance d\u2019\u00eatre \u00e9vacu\u00e9 \u00e0 l\u2019h\u00f4pital avant de mourir . Mais quand les milices te prennent c\u2019est fini pour toi. Certains ont peur de ces hommes cagoul\u00e9s. Ils pr\u00e9f\u00e8rent boycotter la foire. Voil\u00e0 aussi les cons\u00e9quences de la complicit\u00e9 du pouvoir avec ces histoires de milices. Si on annule les manifestations au nord soi-disant les armes circulent je ne vois pas pourquoi on ne peux pas annuler la foire pour les m\u00eames motifs. Les armes auraient aussi circul\u00e9 \u00e0 Lom\u00e9. Les armes circulaient chez les braqueurs bien avant m\u00eame le 19 Ao\u00fbt. Pourquoi n\u2019avions nous pas interdit des manifestations \u00e0 Lom\u00e9\u00a0? Nous utilisons des arguments pour bloquer les mouvements de l\u2019opposition ignorant que cela va se diriger contre nous. Il y a une ann\u00e9e la foire a \u00e9t\u00e9 annul\u00e9e au Togo pour raison d\u2019ebola. Or ebola n\u2019a tu\u00e9 personne ici. Si les exposants et les visiteurs doutent de la foire de cette ann\u00e9e c\u2019est parce que la crise politique elle seule a fait d\u00e9j\u00e0 une dizaine de morts. *Cette crise politique togolaise a tu\u00e9 plus qu\u2019ebola au Togo raison suffisante pour reporter la foire*. Je donne raison \u00e0 ces menuisiers que je vois \u00e0 la foire et qui me demandent si la foire va tenir. Si quelqu\u2019un pr\u00e9pare ce rendez-vous commercial et se pose encore de question il faut comprendre qu\u2019il est conscient de l\u2019ampleur de la crise politique au Togo. Je ne vois pas ce que les familles des morts dans cette crise feraient \u00e0 la foire cette ann\u00e9e. A moins que quelqu\u2019un exposerait \u00e0 la foire des cercueils. Ne soyez pas surpris si le communiqu\u00e9 sur la 14\u00e8me foire retentit dans vos oreilles. C\u2019est parce que le climat politique actuel au Togo pr\u00e9sage un boycotte du c\u00f4t\u00e9 des exposants et surtout des visiteurs. Les bandes annonces sur la foire c\u2019est pour rassurer tout le monde mais malheureusement nous qui sommes proches du wc sentons mieux son odeur que quiconque.<\/p>\n<p>Cette 14 \u00e8me foire internationale, m\u00eame si elle va tenir n\u2019aura pas le m\u00eame engouement que les pr\u00e9c\u00e9dentes. Car \u00e9tant la foire de toutes les opportunit\u00e9s, elle offre malheureusement cette ann\u00e9e une grande opportunit\u00e9 \u00e0 la crise politique togolaise. D\u2019o\u00f9 la foire internationale dans une crise nationale.<\/p>\n<p>A. FIFA DU GROUPE TROP C\u2019EST TROP<\/p>\n","protected":false},"excerpt":{"rendered":"<p>Les infrastructures ne suffisent pas pour organiser des \u00e9v\u00e9nements importants dans un pays. Parmi les crit\u00e8res il faut aussi la \u00ab\u00a0PAIX\u00a0\u00bb. Mais cela d\u00e9pend de comment vous l\u2019ecrivez. La paix est le d\u00e9nominateur commun de toute r\u00e9ussite. Cette paix manque aujourd\u2019hui aux togolais pour organiser la 14 \u00e8me foire internationale de Lom\u00e9. Cette 14\u00e8me foire &#8230; <a title=\"la foire internationale dans une crise nationale\" class=\"read-more\" href=\"https:\/\/228news.tg\/index.php\/2017\/11\/16\/la-foire-internationale-dans-une-crise-nationale-2\/\" aria-label=\"En savoir plus sur la foire internationale dans une crise nationale\">Lire la suite<\/a><\/p>\n","protected":false},"author":2,"featured_media":1993,"comment_status":"open","ping_status":"open","sticky":false,"template":"","format":"chat","meta":{"footnotes":""},"categories":[30,35,25,34],"tags":[],"class_list":["post-14289","post","type-post","status-publish","format-chat","has-post-thumbnail","hentry","category-economie","category-flash","category-togo","category-une","post_format-post-format-chat"],"yoast_head":"<!-- This site is optimized with the Yoast SEO plugin v26.4 - https:\/\/yoast.com\/wordpress\/plugins\/seo\/ -->\n<title>la foire internationale dans une crise nationale - 228 News<\/title>\n<meta name=\"robots\" content=\"index, follow, max-snippet:-1, max-image-preview:large, max-video-preview:-1\" \/>\n<link rel=\"canonical\" href=\"https:\/\/228news.tg\/index.php\/2017\/11\/16\/la-foire-internationale-dans-une-crise-nationale-2\/\" \/>\n<meta property=\"og:locale\" content=\"fr_FR\" \/>\n<meta property=\"og:type\" content=\"article\" \/>\n<meta property=\"og:title\" content=\"la foire internationale dans une crise nationale - 228 News\" \/>\n<meta property=\"og:description\" content=\"Les infrastructures ne suffisent pas pour organiser des \u00e9v\u00e9nements importants dans un pays. Parmi les crit\u00e8res il faut aussi la \u00ab\u00a0PAIX\u00a0\u00bb. Mais cela d\u00e9pend de comment vous l\u2019ecrivez. La paix est le d\u00e9nominateur commun de toute r\u00e9ussite. Cette paix manque aujourd\u2019hui aux togolais pour organiser la 14 \u00e8me foire internationale de Lom\u00e9. Cette 14\u00e8me foire ... Lire la suite\" \/>\n<meta property=\"og:url\" content=\"https:\/\/228news.tg\/index.php\/2017\/11\/16\/la-foire-internationale-dans-une-crise-nationale-2\/\" \/>\n<meta property=\"og:site_name\" content=\"228 News\" \/>\n<meta property=\"article:published_time\" content=\"2017-11-16T07:29:30+00:00\" \/>\n<meta name=\"author\" content=\"Bienvenu SAVI\" \/>\n<meta name=\"twitter:card\" content=\"summary_large_image\" \/>\n<meta name=\"twitter:label1\" content=\"\u00c9crit par\" \/>\n\t<meta name=\"twitter:data1\" content=\"Bienvenu SAVI\" \/>\n\t<meta name=\"twitter:label2\" content=\"Dur\u00e9e de lecture estim\u00e9e\" \/>\n\t<meta name=\"twitter:data2\" content=\"6 minutes\" \/>\n<script type=\"application\/ld+json\" class=\"yoast-schema-graph\">{\"@context\":\"https:\/\/schema.org\",\"@graph\":[{\"@type\":\"Article\",\"@id\":\"https:\/\/228news.tg\/index.php\/2017\/11\/16\/la-foire-internationale-dans-une-crise-nationale-2\/#article\",\"isPartOf\":{\"@id\":\"https:\/\/228news.tg\/index.php\/2017\/11\/16\/la-foire-internationale-dans-une-crise-nationale-2\/\"},\"author\":{\"name\":\"Bienvenu SAVI\",\"@id\":\"https:\/\/228news.tg\/#\/schema\/person\/68d5a6cc0230290e61235c8379523f52\"},\"headline\":\"la foire internationale dans une crise nationale\",\"datePublished\":\"2017-11-16T07:29:30+00:00\",\"mainEntityOfPage\":{\"@id\":\"https:\/\/228news.tg\/index.php\/2017\/11\/16\/la-foire-internationale-dans-une-crise-nationale-2\/\"},\"wordCount\":1261,\"commentCount\":0,\"publisher\":{\"@id\":\"https:\/\/228news.tg\/#organization\"},\"image\":{\"@id\":\"https:\/\/228news.tg\/index.php\/2017\/11\/16\/la-foire-internationale-dans-une-crise-nationale-2\/#primaryimage\"},\"thumbnailUrl\":\"https:\/\/228news.tg\/wp-content\/uploads\/2024\/09\/tsevie.jpg\",\"articleSection\":[\"ECONOMIE\",\"Flash\",\"TOGO\",\"Une\"],\"inLanguage\":\"fr-FR\",\"potentialAction\":[{\"@type\":\"CommentAction\",\"name\":\"Comment\",\"target\":[\"https:\/\/228news.tg\/index.php\/2017\/11\/16\/la-foire-internationale-dans-une-crise-nationale-2\/#respond\"]}]},{\"@type\":\"WebPage\",\"@id\":\"https:\/\/228news.tg\/index.php\/2017\/11\/16\/la-foire-internationale-dans-une-crise-nationale-2\/\",\"url\":\"https:\/\/228news.tg\/index.php\/2017\/11\/16\/la-foire-internationale-dans-une-crise-nationale-2\/\",\"name\":\"la foire internationale dans une crise nationale - 228 News\",\"isPartOf\":{\"@id\":\"https:\/\/228news.tg\/#website\"},\"primaryImageOfPage\":{\"@id\":\"https:\/\/228news.tg\/index.php\/2017\/11\/16\/la-foire-internationale-dans-une-crise-nationale-2\/#primaryimage\"},\"image\":{\"@id\":\"https:\/\/228news.tg\/index.php\/2017\/11\/16\/la-foire-internationale-dans-une-crise-nationale-2\/#primaryimage\"},\"thumbnailUrl\":\"https:\/\/228news.tg\/wp-content\/uploads\/2024\/09\/tsevie.jpg\",\"datePublished\":\"2017-11-16T07:29:30+00:00\",\"breadcrumb\":{\"@id\":\"https:\/\/228news.tg\/index.php\/2017\/11\/16\/la-foire-internationale-dans-une-crise-nationale-2\/#breadcrumb\"},\"inLanguage\":\"fr-FR\",\"potentialAction\":[{\"@type\":\"ReadAction\",\"target\":[\"https:\/\/228news.tg\/index.php\/2017\/11\/16\/la-foire-internationale-dans-une-crise-nationale-2\/\"]}]},{\"@type\":\"ImageObject\",\"inLanguage\":\"fr-FR\",\"@id\":\"https:\/\/228news.tg\/index.php\/2017\/11\/16\/la-foire-internationale-dans-une-crise-nationale-2\/#primaryimage\",\"url\":\"https:\/\/228news.tg\/wp-content\/uploads\/2024\/09\/tsevie.jpg\",\"contentUrl\":\"https:\/\/228news.tg\/wp-content\/uploads\/2024\/09\/tsevie.jpg\",\"width\":600,\"height\":450},{\"@type\":\"BreadcrumbList\",\"@id\":\"https:\/\/228news.tg\/index.php\/2017\/11\/16\/la-foire-internationale-dans-une-crise-nationale-2\/#breadcrumb\",\"itemListElement\":[{\"@type\":\"ListItem\",\"position\":1,\"name\":\"Home\",\"item\":\"https:\/\/228news.tg\/\"},{\"@type\":\"ListItem\",\"position\":2,\"name\":\"la foire internationale dans une crise nationale\"}]},{\"@type\":\"WebSite\",\"@id\":\"https:\/\/228news.tg\/#website\",\"url\":\"https:\/\/228news.tg\/\",\"name\":\"228 News\",\"description\":\"Soci\u00e9t\u00e9 de m\u00e9dias et d\u2019actualit\u00e9s\",\"publisher\":{\"@id\":\"https:\/\/228news.tg\/#organization\"},\"potentialAction\":[{\"@type\":\"SearchAction\",\"target\":{\"@type\":\"EntryPoint\",\"urlTemplate\":\"https:\/\/228news.tg\/?s={search_term_string}\"},\"query-input\":{\"@type\":\"PropertyValueSpecification\",\"valueRequired\":true,\"valueName\":\"search_term_string\"}}],\"inLanguage\":\"fr-FR\"},{\"@type\":\"Organization\",\"@id\":\"https:\/\/228news.tg\/#organization\",\"name\":\"228 News\",\"url\":\"https:\/\/228news.tg\/\",\"logo\":{\"@type\":\"ImageObject\",\"inLanguage\":\"fr-FR\",\"@id\":\"https:\/\/228news.tg\/#\/schema\/logo\/image\/\",\"url\":\"https:\/\/228news.tg\/wp-content\/uploads\/2024\/09\/logonew.png\",\"contentUrl\":\"https:\/\/228news.tg\/wp-content\/uploads\/2024\/09\/logonew.png\",\"width\":1640,\"height\":364,\"caption\":\"228 News\"},\"image\":{\"@id\":\"https:\/\/228news.tg\/#\/schema\/logo\/image\/\"}},{\"@type\":\"Person\",\"@id\":\"https:\/\/228news.tg\/#\/schema\/person\/68d5a6cc0230290e61235c8379523f52\",\"name\":\"Bienvenu SAVI\",\"image\":{\"@type\":\"ImageObject\",\"inLanguage\":\"fr-FR\",\"@id\":\"https:\/\/228news.tg\/#\/schema\/person\/image\/\",\"url\":\"https:\/\/secure.gravatar.com\/avatar\/9db91895c559e510509c33a3e9683998458e9b828fac36d5d1aa23f0f2fd369b?s=96&d=mm&r=g\",\"contentUrl\":\"https:\/\/secure.gravatar.com\/avatar\/9db91895c559e510509c33a3e9683998458e9b828fac36d5d1aa23f0f2fd369b?s=96&d=mm&r=g\",\"caption\":\"Bienvenu SAVI\"},\"url\":\"https:\/\/228news.tg\/index.php\/author\/bienvenu\/\"}]}<\/script>\n<!-- \/ Yoast SEO plugin. -->","yoast_head_json":{"title":"la foire internationale dans une crise nationale - 228 News","robots":{"index":"index","follow":"follow","max-snippet":"max-snippet:-1","max-image-preview":"max-image-preview:large","max-video-preview":"max-video-preview:-1"},"canonical":"https:\/\/228news.tg\/index.php\/2017\/11\/16\/la-foire-internationale-dans-une-crise-nationale-2\/","og_locale":"fr_FR","og_type":"article","og_title":"la foire internationale dans une crise nationale - 228 News","og_description":"Les infrastructures ne suffisent pas pour organiser des \u00e9v\u00e9nements importants dans un pays. Parmi les crit\u00e8res il faut aussi la \u00ab\u00a0PAIX\u00a0\u00bb. Mais cela d\u00e9pend de comment vous l\u2019ecrivez. La paix est le d\u00e9nominateur commun de toute r\u00e9ussite. Cette paix manque aujourd\u2019hui aux togolais pour organiser la 14 \u00e8me foire internationale de Lom\u00e9. Cette 14\u00e8me foire ... Lire la suite","og_url":"https:\/\/228news.tg\/index.php\/2017\/11\/16\/la-foire-internationale-dans-une-crise-nationale-2\/","og_site_name":"228 News","article_published_time":"2017-11-16T07:29:30+00:00","author":"Bienvenu SAVI","twitter_card":"summary_large_image","twitter_misc":{"\u00c9crit par":"Bienvenu SAVI","Dur\u00e9e de lecture estim\u00e9e":"6 minutes"},"schema":{"@context":"https:\/\/schema.org","@graph":[{"@type":"Article","@id":"https:\/\/228news.tg\/index.php\/2017\/11\/16\/la-foire-internationale-dans-une-crise-nationale-2\/#article","isPartOf":{"@id":"https:\/\/228news.tg\/index.php\/2017\/11\/16\/la-foire-internationale-dans-une-crise-nationale-2\/"},"author":{"name":"Bienvenu SAVI","@id":"https:\/\/228news.tg\/#\/schema\/person\/68d5a6cc0230290e61235c8379523f52"},"headline":"la foire internationale dans une crise nationale","datePublished":"2017-11-16T07:29:30+00:00","mainEntityOfPage":{"@id":"https:\/\/228news.tg\/index.php\/2017\/11\/16\/la-foire-internationale-dans-une-crise-nationale-2\/"},"wordCount":1261,"commentCount":0,"publisher":{"@id":"https:\/\/228news.tg\/#organization"},"image":{"@id":"https:\/\/228news.tg\/index.php\/2017\/11\/16\/la-foire-internationale-dans-une-crise-nationale-2\/#primaryimage"},"thumbnailUrl":"https:\/\/228news.tg\/wp-content\/uploads\/2024\/09\/tsevie.jpg","articleSection":["ECONOMIE","Flash","TOGO","Une"],"inLanguage":"fr-FR","potentialAction":[{"@type":"CommentAction","name":"Comment","target":["https:\/\/228news.tg\/index.php\/2017\/11\/16\/la-foire-internationale-dans-une-crise-nationale-2\/#respond"]}]},{"@type":"WebPage","@id":"https:\/\/228news.tg\/index.php\/2017\/11\/16\/la-foire-internationale-dans-une-crise-nationale-2\/","url":"https:\/\/228news.tg\/index.php\/2017\/11\/16\/la-foire-internationale-dans-une-crise-nationale-2\/","name":"la foire internationale dans une crise nationale - 228 News","isPartOf":{"@id":"https:\/\/228news.tg\/#website"},"primaryImageOfPage":{"@id":"https:\/\/228news.tg\/index.php\/2017\/11\/16\/la-foire-internationale-dans-une-crise-nationale-2\/#primaryimage"},"image":{"@id":"https:\/\/228news.tg\/index.php\/2017\/11\/16\/la-foire-internationale-dans-une-crise-nationale-2\/#primaryimage"},"thumbnailUrl":"https:\/\/228news.tg\/wp-content\/uploads\/2024\/09\/tsevie.jpg","datePublished":"2017-11-16T07:29:30+00:00","breadcrumb":{"@id":"https:\/\/228news.tg\/index.php\/2017\/11\/16\/la-foire-internationale-dans-une-crise-nationale-2\/#breadcrumb"},"inLanguage":"fr-FR","potentialAction":[{"@type":"ReadAction","target":["https:\/\/228news.tg\/index.php\/2017\/11\/16\/la-foire-internationale-dans-une-crise-nationale-2\/"]}]},{"@type":"ImageObject","inLanguage":"fr-FR","@id":"https:\/\/228news.tg\/index.php\/2017\/11\/16\/la-foire-internationale-dans-une-crise-nationale-2\/#primaryimage","url":"https:\/\/228news.tg\/wp-content\/uploads\/2024\/09\/tsevie.jpg","contentUrl":"https:\/\/228news.tg\/wp-content\/uploads\/2024\/09\/tsevie.jpg","width":600,"height":450},{"@type":"BreadcrumbList","@id":"https:\/\/228news.tg\/index.php\/2017\/11\/16\/la-foire-internationale-dans-une-crise-nationale-2\/#breadcrumb","itemListElement":[{"@type":"ListItem","position":1,"name":"Home","item":"https:\/\/228news.tg\/"},{"@type":"ListItem","position":2,"name":"la foire internationale dans une crise nationale"}]},{"@type":"WebSite","@id":"https:\/\/228news.tg\/#website","url":"https:\/\/228news.tg\/","name":"228 News","description":"Soci\u00e9t\u00e9 de m\u00e9dias et d\u2019actualit\u00e9s","publisher":{"@id":"https:\/\/228news.tg\/#organization"},"potentialAction":[{"@type":"SearchAction","target":{"@type":"EntryPoint","urlTemplate":"https:\/\/228news.tg\/?s={search_term_string}"},"query-input":{"@type":"PropertyValueSpecification","valueRequired":true,"valueName":"search_term_string"}}],"inLanguage":"fr-FR"},{"@type":"Organization","@id":"https:\/\/228news.tg\/#organization","name":"228 News","url":"https:\/\/228news.tg\/","logo":{"@type":"ImageObject","inLanguage":"fr-FR","@id":"https:\/\/228news.tg\/#\/schema\/logo\/image\/","url":"https:\/\/228news.tg\/wp-content\/uploads\/2024\/09\/logonew.png","contentUrl":"https:\/\/228news.tg\/wp-content\/uploads\/2024\/09\/logonew.png","width":1640,"height":364,"caption":"228 News"},"image":{"@id":"https:\/\/228news.tg\/#\/schema\/logo\/image\/"}},{"@type":"Person","@id":"https:\/\/228news.tg\/#\/schema\/person\/68d5a6cc0230290e61235c8379523f52","name":"Bienvenu SAVI","image":{"@type":"ImageObject","inLanguage":"fr-FR","@id":"https:\/\/228news.tg\/#\/schema\/person\/image\/","url":"https:\/\/secure.gravatar.com\/avatar\/9db91895c559e510509c33a3e9683998458e9b828fac36d5d1aa23f0f2fd369b?s=96&d=mm&r=g","contentUrl":"https:\/\/secure.gravatar.com\/avatar\/9db91895c559e510509c33a3e9683998458e9b828fac36d5d1aa23f0f2fd369b?s=96&d=mm&r=g","caption":"Bienvenu SAVI"},"url":"https:\/\/228news.tg\/index.php\/author\/bienvenu\/"}]}},"jetpack_featured_media_url":"https:\/\/228news.tg\/wp-content\/uploads\/2024\/09\/tsevie.jpg","_links":{"self":[{"href":"https:\/\/228news.tg\/index.php\/wp-json\/wp\/v2\/posts\/14289","targetHints":{"allow":["GET"]}}],"collection":[{"href":"https:\/\/228news.tg\/index.php\/wp-json\/wp\/v2\/posts"}],"about":[{"href":"https:\/\/228news.tg\/index.php\/wp-json\/wp\/v2\/types\/post"}],"author":[{"embeddable":true,"href":"https:\/\/228news.tg\/index.php\/wp-json\/wp\/v2\/users\/2"}],"replies":[{"embeddable":true,"href":"https:\/\/228news.tg\/index.php\/wp-json\/wp\/v2\/comments?post=14289"}],"version-history":[{"count":0,"href":"https:\/\/228news.tg\/index.php\/wp-json\/wp\/v2\/posts\/14289\/revisions"}],"wp:featuredmedia":[{"embeddable":true,"href":"https:\/\/228news.tg\/index.php\/wp-json\/wp\/v2\/media\/1993"}],"wp:attachment":[{"href":"https:\/\/228news.tg\/index.php\/wp-json\/wp\/v2\/media?parent=14289"}],"wp:term":[{"taxonomy":"category","embeddable":true,"href":"https:\/\/228news.tg\/index.php\/wp-json\/wp\/v2\/categories?post=14289"},{"taxonomy":"post_tag","embeddable":true,"href":"https:\/\/228news.tg\/index.php\/wp-json\/wp\/v2\/tags?post=14289"}],"curies":[{"name":"wp","href":"https:\/\/api.w.org\/{rel}","templated":true}]}}