{"id":14280,"date":"2017-10-25T19:22:53","date_gmt":"2017-10-25T19:22:53","guid":{"rendered":"http:\/\/localhost\/site\/228news\/?p=1949"},"modified":"2017-10-25T19:22:53","modified_gmt":"2017-10-25T19:22:53","slug":"crise-politique-togolaise-la-france-se-mouille-enfin-2","status":"publish","type":"post","link":"https:\/\/228news.tg\/index.php\/2017\/10\/25\/crise-politique-togolaise-la-france-se-mouille-enfin-2\/","title":{"rendered":"Crise politique togolaise, la France se mouille enfin"},"content":{"rendered":"<p>Apr\u00e8s l\u2019inqui\u00e9tude des Etats Unis d\u2019Am\u00e9rique par rapport aux violences tous azimuts qui caract\u00e9risent la crise sociopolitique que traverse le Togo depuis bient\u00f4t trois mois, c\u2019est au tour de la France de se prononcer officiellement sur la situation et de faire part de ses vives pr\u00e9occupations.<\/p>\n<p>\u00ab\u00a0La France reste attentive \u00e0 l&rsquo;\u00e9volution de la situation au Togo. Nous sommes pr\u00e9occup\u00e9s par les rapports sur la pr\u00e9sence d&rsquo;hommes en civil aux c\u00f4t\u00e9s des forces de l&rsquo;ordre, pouvant s&rsquo;apparenter \u00e0 des milices\u00a0\u00bb, tels sont les propos la Porte-parole du Quai d&rsquo;Orsay Agn\u00e8s Romatet-Espagne, ce mercredi en r\u00e9ponse \u00e0 une question d\u2019un confr\u00e8re par rapport \u00e0 la r\u00e9ponse de la France \u00e0 l\u2019opposant Tikpi Atchadam qui a l\u2019appel\u00e9e il y a quelques jours \u00e0 intervenir pour trouver une solution.<\/p>\n<p>Elle a r\u00e9affirm\u00e9 la position de la France qui demande au gouvernement togolais de respecter le droit de manifester et d\u2019ouvrir d&rsquo;un dialogue \u00ab\u00a0imm\u00e9diat\u00a0\u00bb qui doit\u00a0mener aux r\u00e9formes politiques attendues, en particulier la r\u00e9vision de la Constitution pr\u00e9voyant la limitation \u00e0 deux (2) mandats pr\u00e9sidentiels et l&rsquo;instauration d&rsquo;un scrutin pr\u00e9sidentiel \u00e0 deux (2) tours.<\/p>\n<p><strong>D\u00e9mocrate<\/strong><\/p>\n<p><strong>(00228) 91 85 40 14<\/strong><\/p>\n<p><strong>98 60 67 68<\/strong><\/p>\n<p><strong>democrate2010@gmail.com<\/strong><\/p>\n<p>&nbsp;<\/p>\n","protected":false},"excerpt":{"rendered":"<p>Apr\u00e8s l\u2019inqui\u00e9tude des Etats Unis d\u2019Am\u00e9rique par rapport aux violences tous azimuts qui caract\u00e9risent la crise sociopolitique que traverse le Togo depuis bient\u00f4t trois mois, c\u2019est au tour de la France de se prononcer officiellement sur la situation et de faire part de ses vives pr\u00e9occupations. \u00ab\u00a0La France reste attentive \u00e0 l&rsquo;\u00e9volution de la situation &#8230; <a title=\"Crise politique togolaise, la France se mouille enfin\" class=\"read-more\" href=\"https:\/\/228news.tg\/index.php\/2017\/10\/25\/crise-politique-togolaise-la-france-se-mouille-enfin-2\/\" aria-label=\"En savoir plus sur Crise politique togolaise, la France se mouille enfin\">Lire la suite<\/a><\/p>\n","protected":false},"author":2,"featured_media":1950,"comment_status":"open","ping_status":"open","sticky":false,"template":"","format":"chat","meta":{"footnotes":""},"categories":[35,33,25,34],"tags":[],"class_list":["post-14280","post","type-post","status-publish","format-chat","has-post-thumbnail","hentry","category-flash","category-politique","category-togo","category-une","post_format-post-format-chat"],"yoast_head":"<!-- This site is optimized with the Yoast SEO plugin v26.4 - https:\/\/yoast.com\/wordpress\/plugins\/seo\/ -->\n<title>Crise politique togolaise, la France se mouille enfin - 228 News<\/title>\n<meta name=\"robots\" content=\"index, follow, max-snippet:-1, max-image-preview:large, max-video-preview:-1\" \/>\n<link rel=\"canonical\" href=\"https:\/\/228news.tg\/index.php\/2017\/10\/25\/crise-politique-togolaise-la-france-se-mouille-enfin-2\/\" \/>\n<meta property=\"og:locale\" content=\"fr_FR\" \/>\n<meta property=\"og:type\" content=\"article\" \/>\n<meta property=\"og:title\" content=\"Crise politique togolaise, la France se mouille enfin - 228 News\" \/>\n<meta property=\"og:description\" content=\"Apr\u00e8s l\u2019inqui\u00e9tude des Etats Unis d\u2019Am\u00e9rique par rapport aux violences tous azimuts qui caract\u00e9risent la crise sociopolitique que traverse le Togo depuis bient\u00f4t trois mois, c\u2019est au tour de la France de se prononcer officiellement sur la situation et de faire part de ses vives pr\u00e9occupations. \u00ab\u00a0La France reste attentive \u00e0 l&rsquo;\u00e9volution de la situation ... Lire la suite\" \/>\n<meta property=\"og:url\" content=\"https:\/\/228news.tg\/index.php\/2017\/10\/25\/crise-politique-togolaise-la-france-se-mouille-enfin-2\/\" \/>\n<meta property=\"og:site_name\" content=\"228 News\" \/>\n<meta property=\"article:published_time\" content=\"2017-10-25T19:22:53+00:00\" \/>\n<meta name=\"author\" content=\"Bienvenu SAVI\" \/>\n<meta name=\"twitter:card\" content=\"summary_large_image\" \/>\n<meta name=\"twitter:label1\" content=\"\u00c9crit par\" \/>\n\t<meta name=\"twitter:data1\" content=\"Bienvenu SAVI\" \/>\n\t<meta name=\"twitter:label2\" content=\"Dur\u00e9e de lecture estim\u00e9e\" \/>\n\t<meta name=\"twitter:data2\" content=\"1 minute\" \/>\n<script type=\"application\/ld+json\" class=\"yoast-schema-graph\">{\"@context\":\"https:\/\/schema.org\",\"@graph\":[{\"@type\":\"Article\",\"@id\":\"https:\/\/228news.tg\/index.php\/2017\/10\/25\/crise-politique-togolaise-la-france-se-mouille-enfin-2\/#article\",\"isPartOf\":{\"@id\":\"https:\/\/228news.tg\/index.php\/2017\/10\/25\/crise-politique-togolaise-la-france-se-mouille-enfin-2\/\"},\"author\":{\"name\":\"Bienvenu SAVI\",\"@id\":\"https:\/\/228news.tg\/#\/schema\/person\/68d5a6cc0230290e61235c8379523f52\"},\"headline\":\"Crise politique togolaise, la France se mouille enfin\",\"datePublished\":\"2017-10-25T19:22:53+00:00\",\"mainEntityOfPage\":{\"@id\":\"https:\/\/228news.tg\/index.php\/2017\/10\/25\/crise-politique-togolaise-la-france-se-mouille-enfin-2\/\"},\"wordCount\":223,\"commentCount\":0,\"publisher\":{\"@id\":\"https:\/\/228news.tg\/#organization\"},\"image\":{\"@id\":\"https:\/\/228news.tg\/index.php\/2017\/10\/25\/crise-politique-togolaise-la-france-se-mouille-enfin-2\/#primaryimage\"},\"thumbnailUrl\":\"https:\/\/228news.tg\/wp-content\/uploads\/2024\/09\/photo_2018-12-27_14-04-42.jpg\",\"articleSection\":[\"Flash\",\"POLITIQUE\",\"TOGO\",\"Une\"],\"inLanguage\":\"fr-FR\",\"potentialAction\":[{\"@type\":\"CommentAction\",\"name\":\"Comment\",\"target\":[\"https:\/\/228news.tg\/index.php\/2017\/10\/25\/crise-politique-togolaise-la-france-se-mouille-enfin-2\/#respond\"]}]},{\"@type\":\"WebPage\",\"@id\":\"https:\/\/228news.tg\/index.php\/2017\/10\/25\/crise-politique-togolaise-la-france-se-mouille-enfin-2\/\",\"url\":\"https:\/\/228news.tg\/index.php\/2017\/10\/25\/crise-politique-togolaise-la-france-se-mouille-enfin-2\/\",\"name\":\"Crise politique togolaise, la France se mouille enfin - 228 News\",\"isPartOf\":{\"@id\":\"https:\/\/228news.tg\/#website\"},\"primaryImageOfPage\":{\"@id\":\"https:\/\/228news.tg\/index.php\/2017\/10\/25\/crise-politique-togolaise-la-france-se-mouille-enfin-2\/#primaryimage\"},\"image\":{\"@id\":\"https:\/\/228news.tg\/index.php\/2017\/10\/25\/crise-politique-togolaise-la-france-se-mouille-enfin-2\/#primaryimage\"},\"thumbnailUrl\":\"https:\/\/228news.tg\/wp-content\/uploads\/2024\/09\/photo_2018-12-27_14-04-42.jpg\",\"datePublished\":\"2017-10-25T19:22:53+00:00\",\"breadcrumb\":{\"@id\":\"https:\/\/228news.tg\/index.php\/2017\/10\/25\/crise-politique-togolaise-la-france-se-mouille-enfin-2\/#breadcrumb\"},\"inLanguage\":\"fr-FR\",\"potentialAction\":[{\"@type\":\"ReadAction\",\"target\":[\"https:\/\/228news.tg\/index.php\/2017\/10\/25\/crise-politique-togolaise-la-france-se-mouille-enfin-2\/\"]}]},{\"@type\":\"ImageObject\",\"inLanguage\":\"fr-FR\",\"@id\":\"https:\/\/228news.tg\/index.php\/2017\/10\/25\/crise-politique-togolaise-la-france-se-mouille-enfin-2\/#primaryimage\",\"url\":\"https:\/\/228news.tg\/wp-content\/uploads\/2024\/09\/photo_2018-12-27_14-04-42.jpg\",\"contentUrl\":\"https:\/\/228news.tg\/wp-content\/uploads\/2024\/09\/photo_2018-12-27_14-04-42.jpg\",\"width\":1280,\"height\":960},{\"@type\":\"BreadcrumbList\",\"@id\":\"https:\/\/228news.tg\/index.php\/2017\/10\/25\/crise-politique-togolaise-la-france-se-mouille-enfin-2\/#breadcrumb\",\"itemListElement\":[{\"@type\":\"ListItem\",\"position\":1,\"name\":\"Home\",\"item\":\"https:\/\/228news.tg\/\"},{\"@type\":\"ListItem\",\"position\":2,\"name\":\"Crise politique togolaise, la France se mouille enfin\"}]},{\"@type\":\"WebSite\",\"@id\":\"https:\/\/228news.tg\/#website\",\"url\":\"https:\/\/228news.tg\/\",\"name\":\"228 News\",\"description\":\"Soci\u00e9t\u00e9 de m\u00e9dias et d\u2019actualit\u00e9s\",\"publisher\":{\"@id\":\"https:\/\/228news.tg\/#organization\"},\"potentialAction\":[{\"@type\":\"SearchAction\",\"target\":{\"@type\":\"EntryPoint\",\"urlTemplate\":\"https:\/\/228news.tg\/?s={search_term_string}\"},\"query-input\":{\"@type\":\"PropertyValueSpecification\",\"valueRequired\":true,\"valueName\":\"search_term_string\"}}],\"inLanguage\":\"fr-FR\"},{\"@type\":\"Organization\",\"@id\":\"https:\/\/228news.tg\/#organization\",\"name\":\"228 News\",\"url\":\"https:\/\/228news.tg\/\",\"logo\":{\"@type\":\"ImageObject\",\"inLanguage\":\"fr-FR\",\"@id\":\"https:\/\/228news.tg\/#\/schema\/logo\/image\/\",\"url\":\"https:\/\/228news.tg\/wp-content\/uploads\/2024\/09\/logonew.png\",\"contentUrl\":\"https:\/\/228news.tg\/wp-content\/uploads\/2024\/09\/logonew.png\",\"width\":1640,\"height\":364,\"caption\":\"228 News\"},\"image\":{\"@id\":\"https:\/\/228news.tg\/#\/schema\/logo\/image\/\"}},{\"@type\":\"Person\",\"@id\":\"https:\/\/228news.tg\/#\/schema\/person\/68d5a6cc0230290e61235c8379523f52\",\"name\":\"Bienvenu SAVI\",\"image\":{\"@type\":\"ImageObject\",\"inLanguage\":\"fr-FR\",\"@id\":\"https:\/\/228news.tg\/#\/schema\/person\/image\/\",\"url\":\"https:\/\/secure.gravatar.com\/avatar\/9db91895c559e510509c33a3e9683998458e9b828fac36d5d1aa23f0f2fd369b?s=96&d=mm&r=g\",\"contentUrl\":\"https:\/\/secure.gravatar.com\/avatar\/9db91895c559e510509c33a3e9683998458e9b828fac36d5d1aa23f0f2fd369b?s=96&d=mm&r=g\",\"caption\":\"Bienvenu SAVI\"},\"url\":\"https:\/\/228news.tg\/index.php\/author\/bienvenu\/\"}]}<\/script>\n<!-- \/ Yoast SEO plugin. -->","yoast_head_json":{"title":"Crise politique togolaise, la France se mouille enfin - 228 News","robots":{"index":"index","follow":"follow","max-snippet":"max-snippet:-1","max-image-preview":"max-image-preview:large","max-video-preview":"max-video-preview:-1"},"canonical":"https:\/\/228news.tg\/index.php\/2017\/10\/25\/crise-politique-togolaise-la-france-se-mouille-enfin-2\/","og_locale":"fr_FR","og_type":"article","og_title":"Crise politique togolaise, la France se mouille enfin - 228 News","og_description":"Apr\u00e8s l\u2019inqui\u00e9tude des Etats Unis d\u2019Am\u00e9rique par rapport aux violences tous azimuts qui caract\u00e9risent la crise sociopolitique que traverse le Togo depuis bient\u00f4t trois mois, c\u2019est au tour de la France de se prononcer officiellement sur la situation et de faire part de ses vives pr\u00e9occupations. \u00ab\u00a0La France reste attentive \u00e0 l&rsquo;\u00e9volution de la situation ... Lire la suite","og_url":"https:\/\/228news.tg\/index.php\/2017\/10\/25\/crise-politique-togolaise-la-france-se-mouille-enfin-2\/","og_site_name":"228 News","article_published_time":"2017-10-25T19:22:53+00:00","author":"Bienvenu SAVI","twitter_card":"summary_large_image","twitter_misc":{"\u00c9crit par":"Bienvenu SAVI","Dur\u00e9e de lecture estim\u00e9e":"1 minute"},"schema":{"@context":"https:\/\/schema.org","@graph":[{"@type":"Article","@id":"https:\/\/228news.tg\/index.php\/2017\/10\/25\/crise-politique-togolaise-la-france-se-mouille-enfin-2\/#article","isPartOf":{"@id":"https:\/\/228news.tg\/index.php\/2017\/10\/25\/crise-politique-togolaise-la-france-se-mouille-enfin-2\/"},"author":{"name":"Bienvenu SAVI","@id":"https:\/\/228news.tg\/#\/schema\/person\/68d5a6cc0230290e61235c8379523f52"},"headline":"Crise politique togolaise, la France se mouille enfin","datePublished":"2017-10-25T19:22:53+00:00","mainEntityOfPage":{"@id":"https:\/\/228news.tg\/index.php\/2017\/10\/25\/crise-politique-togolaise-la-france-se-mouille-enfin-2\/"},"wordCount":223,"commentCount":0,"publisher":{"@id":"https:\/\/228news.tg\/#organization"},"image":{"@id":"https:\/\/228news.tg\/index.php\/2017\/10\/25\/crise-politique-togolaise-la-france-se-mouille-enfin-2\/#primaryimage"},"thumbnailUrl":"https:\/\/228news.tg\/wp-content\/uploads\/2024\/09\/photo_2018-12-27_14-04-42.jpg","articleSection":["Flash","POLITIQUE","TOGO","Une"],"inLanguage":"fr-FR","potentialAction":[{"@type":"CommentAction","name":"Comment","target":["https:\/\/228news.tg\/index.php\/2017\/10\/25\/crise-politique-togolaise-la-france-se-mouille-enfin-2\/#respond"]}]},{"@type":"WebPage","@id":"https:\/\/228news.tg\/index.php\/2017\/10\/25\/crise-politique-togolaise-la-france-se-mouille-enfin-2\/","url":"https:\/\/228news.tg\/index.php\/2017\/10\/25\/crise-politique-togolaise-la-france-se-mouille-enfin-2\/","name":"Crise politique togolaise, la France se mouille enfin - 228 News","isPartOf":{"@id":"https:\/\/228news.tg\/#website"},"primaryImageOfPage":{"@id":"https:\/\/228news.tg\/index.php\/2017\/10\/25\/crise-politique-togolaise-la-france-se-mouille-enfin-2\/#primaryimage"},"image":{"@id":"https:\/\/228news.tg\/index.php\/2017\/10\/25\/crise-politique-togolaise-la-france-se-mouille-enfin-2\/#primaryimage"},"thumbnailUrl":"https:\/\/228news.tg\/wp-content\/uploads\/2024\/09\/photo_2018-12-27_14-04-42.jpg","datePublished":"2017-10-25T19:22:53+00:00","breadcrumb":{"@id":"https:\/\/228news.tg\/index.php\/2017\/10\/25\/crise-politique-togolaise-la-france-se-mouille-enfin-2\/#breadcrumb"},"inLanguage":"fr-FR","potentialAction":[{"@type":"ReadAction","target":["https:\/\/228news.tg\/index.php\/2017\/10\/25\/crise-politique-togolaise-la-france-se-mouille-enfin-2\/"]}]},{"@type":"ImageObject","inLanguage":"fr-FR","@id":"https:\/\/228news.tg\/index.php\/2017\/10\/25\/crise-politique-togolaise-la-france-se-mouille-enfin-2\/#primaryimage","url":"https:\/\/228news.tg\/wp-content\/uploads\/2024\/09\/photo_2018-12-27_14-04-42.jpg","contentUrl":"https:\/\/228news.tg\/wp-content\/uploads\/2024\/09\/photo_2018-12-27_14-04-42.jpg","width":1280,"height":960},{"@type":"BreadcrumbList","@id":"https:\/\/228news.tg\/index.php\/2017\/10\/25\/crise-politique-togolaise-la-france-se-mouille-enfin-2\/#breadcrumb","itemListElement":[{"@type":"ListItem","position":1,"name":"Home","item":"https:\/\/228news.tg\/"},{"@type":"ListItem","position":2,"name":"Crise politique togolaise, la France se mouille enfin"}]},{"@type":"WebSite","@id":"https:\/\/228news.tg\/#website","url":"https:\/\/228news.tg\/","name":"228 News","description":"Soci\u00e9t\u00e9 de m\u00e9dias et d\u2019actualit\u00e9s","publisher":{"@id":"https:\/\/228news.tg\/#organization"},"potentialAction":[{"@type":"SearchAction","target":{"@type":"EntryPoint","urlTemplate":"https:\/\/228news.tg\/?s={search_term_string}"},"query-input":{"@type":"PropertyValueSpecification","valueRequired":true,"valueName":"search_term_string"}}],"inLanguage":"fr-FR"},{"@type":"Organization","@id":"https:\/\/228news.tg\/#organization","name":"228 News","url":"https:\/\/228news.tg\/","logo":{"@type":"ImageObject","inLanguage":"fr-FR","@id":"https:\/\/228news.tg\/#\/schema\/logo\/image\/","url":"https:\/\/228news.tg\/wp-content\/uploads\/2024\/09\/logonew.png","contentUrl":"https:\/\/228news.tg\/wp-content\/uploads\/2024\/09\/logonew.png","width":1640,"height":364,"caption":"228 News"},"image":{"@id":"https:\/\/228news.tg\/#\/schema\/logo\/image\/"}},{"@type":"Person","@id":"https:\/\/228news.tg\/#\/schema\/person\/68d5a6cc0230290e61235c8379523f52","name":"Bienvenu SAVI","image":{"@type":"ImageObject","inLanguage":"fr-FR","@id":"https:\/\/228news.tg\/#\/schema\/person\/image\/","url":"https:\/\/secure.gravatar.com\/avatar\/9db91895c559e510509c33a3e9683998458e9b828fac36d5d1aa23f0f2fd369b?s=96&d=mm&r=g","contentUrl":"https:\/\/secure.gravatar.com\/avatar\/9db91895c559e510509c33a3e9683998458e9b828fac36d5d1aa23f0f2fd369b?s=96&d=mm&r=g","caption":"Bienvenu SAVI"},"url":"https:\/\/228news.tg\/index.php\/author\/bienvenu\/"}]}},"jetpack_featured_media_url":"https:\/\/228news.tg\/wp-content\/uploads\/2024\/09\/photo_2018-12-27_14-04-42.jpg","_links":{"self":[{"href":"https:\/\/228news.tg\/index.php\/wp-json\/wp\/v2\/posts\/14280","targetHints":{"allow":["GET"]}}],"collection":[{"href":"https:\/\/228news.tg\/index.php\/wp-json\/wp\/v2\/posts"}],"about":[{"href":"https:\/\/228news.tg\/index.php\/wp-json\/wp\/v2\/types\/post"}],"author":[{"embeddable":true,"href":"https:\/\/228news.tg\/index.php\/wp-json\/wp\/v2\/users\/2"}],"replies":[{"embeddable":true,"href":"https:\/\/228news.tg\/index.php\/wp-json\/wp\/v2\/comments?post=14280"}],"version-history":[{"count":0,"href":"https:\/\/228news.tg\/index.php\/wp-json\/wp\/v2\/posts\/14280\/revisions"}],"wp:featuredmedia":[{"embeddable":true,"href":"https:\/\/228news.tg\/index.php\/wp-json\/wp\/v2\/media\/1950"}],"wp:attachment":[{"href":"https:\/\/228news.tg\/index.php\/wp-json\/wp\/v2\/media?parent=14280"}],"wp:term":[{"taxonomy":"category","embeddable":true,"href":"https:\/\/228news.tg\/index.php\/wp-json\/wp\/v2\/categories?post=14280"},{"taxonomy":"post_tag","embeddable":true,"href":"https:\/\/228news.tg\/index.php\/wp-json\/wp\/v2\/tags?post=14280"}],"curies":[{"name":"wp","href":"https:\/\/api.w.org\/{rel}","templated":true}]}}