{"id":14279,"date":"2017-10-25T19:13:16","date_gmt":"2017-10-25T19:13:16","guid":{"rendered":"http:\/\/localhost\/site\/228news\/?p=1946"},"modified":"2017-10-25T19:13:16","modified_gmt":"2017-10-25T19:13:16","slug":"conference-ministerielle-de-la-francophonie-paris-gere-2","status":"publish","type":"post","link":"https:\/\/228news.tg\/index.php\/2017\/10\/25\/conference-ministerielle-de-la-francophonie-paris-gere-2\/","title":{"rendered":"Conf\u00e9rence minist\u00e9rielle de la Francophonie: Paris g\u00e8re"},"content":{"rendered":"<p><span style=\"font-family: 'Georgia','serif'; color: #333333;\">Un jour apr\u00e8s le report annonc\u00e9 par le Togo de la Conf\u00e9rence des ministres de la Francophonie pr\u00e9vue pour se tenir \u00e0 Lom\u00e9 les 25 et 26 novembre prochains \u00e0 une date ult\u00e9rieure, l&rsquo;Organisation a sorti un communiqu\u00e9 pour plut\u00f4t parler d&rsquo;une renonciation du pouvoir de Lom\u00e9.<\/span><\/p>\n<p><span style=\"font-family: 'Georgia','serif'; color: #333333;\">Ainsi , la Conf\u00e9rence minist\u00e9rielle de la francophonie change de capitale mais pas de date ni de th\u00e8me. Dans son communiqu\u00e9, l\u2019Organisation internationale de la francophonie (OIF) a accept\u00e9 la d\u00e9cision de renonciation prise par les autorit\u00e9s togolaises \u00ab\u00a0\u00e0 grand regret\u00a0\u00bb de ne plus abriter la prochaine Conf\u00e9rence minist\u00e9rielle de la francophonie (CMF) mais maintient sa tenue \u00e0 Paris, sur les 25 et 26 novembre prochains.<\/span><\/p>\n<p><span style=\"font-family: 'Georgia','serif'; color: #333333;\">Le th\u00e8me inchang\u00e9 de cette conf\u00e9rence est\u00a0\u00ab Economies nouvelles : \u00e9conomie bleue, \u00e9conomie verte\u2013nouveaux moteurs de cr\u00e9ation de richesse, d\u2019inclusion sociale et du d\u00e9veloppement durable\u00bb.<\/span><\/p>\n<p><span style=\"font-family: 'Georgia','serif'; color: #333333;\">D&rsquo;apr\u00e8s ce m\u00eame communiqu\u00e9, la Francophonie r\u00e9affirme son engagement aux c\u00f4t\u00e9s du Togo pour dit-elle, \u00a0\u00ab\u00a0contribuer \u00e0 l\u2019instauration d\u2019un dialogue inclusif qui suppose la paix des esprits et un climat de s\u00e9curit\u00e9\u00a0\u00bb.<\/span><\/p>\n<p><span style=\"font-family: 'Georgia','serif'; color: #333333;\">En effet,\u00a0la Secr\u00e9taire g\u00e9n\u00e9rale n\u2019a de cesse depuis plusieurs semaines d\u2019\u00e9changer avec les plus hautes autorit\u00e9s togolaises ainsi qu\u2019avec les partenaires r\u00e9gionaux et internationaux. Elle porte \u00e9galement la plus grande attention aux pr\u00e9occupations exprim\u00e9es par les acteurs politiques et la soci\u00e9t\u00e9 civile.<\/span><\/p>\n<p><strong><span style=\"font-family: 'Georgia','serif'; color: #333333;\">D\u00e9mocrate<\/span><\/strong><\/p>\n<p><strong><span style=\"font-family: 'Georgia','serif'; color: #333333;\">(00228) 91 85 40 14<\/span><\/strong><\/p>\n<p><strong><span style=\"font-family: 'Georgia','serif'; color: #333333;\">98 60 67 68<\/span><\/strong><\/p>\n<p><strong><span style=\"font-family: 'Georgia','serif'; color: #333333;\">democrate2010@gmail.com<\/span><\/strong><\/p>\n","protected":false},"excerpt":{"rendered":"<p>Un jour apr\u00e8s le report annonc\u00e9 par le Togo de la Conf\u00e9rence des ministres de la Francophonie pr\u00e9vue pour se tenir \u00e0 Lom\u00e9 les 25 et 26 novembre prochains \u00e0 une date ult\u00e9rieure, l&rsquo;Organisation a sorti un communiqu\u00e9 pour plut\u00f4t parler d&rsquo;une renonciation du pouvoir de Lom\u00e9. Ainsi , la Conf\u00e9rence minist\u00e9rielle de la francophonie &#8230; <a title=\"Conf\u00e9rence minist\u00e9rielle de la Francophonie: Paris g\u00e8re\" class=\"read-more\" href=\"https:\/\/228news.tg\/index.php\/2017\/10\/25\/conference-ministerielle-de-la-francophonie-paris-gere-2\/\" aria-label=\"En savoir plus sur Conf\u00e9rence minist\u00e9rielle de la Francophonie: Paris g\u00e8re\">Lire la suite<\/a><\/p>\n","protected":false},"author":2,"featured_media":1947,"comment_status":"open","ping_status":"open","sticky":false,"template":"","format":"chat","meta":{"footnotes":""},"categories":[35,33,25,34],"tags":[],"class_list":["post-14279","post","type-post","status-publish","format-chat","has-post-thumbnail","hentry","category-flash","category-politique","category-togo","category-une","post_format-post-format-chat"],"yoast_head":"<!-- This site is optimized with the Yoast SEO plugin v26.4 - https:\/\/yoast.com\/wordpress\/plugins\/seo\/ -->\n<title>Conf\u00e9rence minist\u00e9rielle de la Francophonie: Paris g\u00e8re - 228 News<\/title>\n<meta name=\"robots\" content=\"index, follow, max-snippet:-1, max-image-preview:large, max-video-preview:-1\" \/>\n<link rel=\"canonical\" href=\"https:\/\/228news.tg\/index.php\/2017\/10\/25\/conference-ministerielle-de-la-francophonie-paris-gere-2\/\" \/>\n<meta property=\"og:locale\" content=\"fr_FR\" \/>\n<meta property=\"og:type\" content=\"article\" \/>\n<meta property=\"og:title\" content=\"Conf\u00e9rence minist\u00e9rielle de la Francophonie: Paris g\u00e8re - 228 News\" \/>\n<meta property=\"og:description\" content=\"Un jour apr\u00e8s le report annonc\u00e9 par le Togo de la Conf\u00e9rence des ministres de la Francophonie pr\u00e9vue pour se tenir \u00e0 Lom\u00e9 les 25 et 26 novembre prochains \u00e0 une date ult\u00e9rieure, l&rsquo;Organisation a sorti un communiqu\u00e9 pour plut\u00f4t parler d&rsquo;une renonciation du pouvoir de Lom\u00e9. Ainsi , la Conf\u00e9rence minist\u00e9rielle de la francophonie ... Lire la suite\" \/>\n<meta property=\"og:url\" content=\"https:\/\/228news.tg\/index.php\/2017\/10\/25\/conference-ministerielle-de-la-francophonie-paris-gere-2\/\" \/>\n<meta property=\"og:site_name\" content=\"228 News\" \/>\n<meta property=\"article:published_time\" content=\"2017-10-25T19:13:16+00:00\" \/>\n<meta name=\"author\" content=\"Bienvenu SAVI\" \/>\n<meta name=\"twitter:card\" content=\"summary_large_image\" \/>\n<meta name=\"twitter:label1\" content=\"\u00c9crit par\" \/>\n\t<meta name=\"twitter:data1\" content=\"Bienvenu SAVI\" \/>\n\t<meta name=\"twitter:label2\" content=\"Dur\u00e9e de lecture estim\u00e9e\" \/>\n\t<meta name=\"twitter:data2\" content=\"1 minute\" \/>\n<script type=\"application\/ld+json\" class=\"yoast-schema-graph\">{\"@context\":\"https:\/\/schema.org\",\"@graph\":[{\"@type\":\"Article\",\"@id\":\"https:\/\/228news.tg\/index.php\/2017\/10\/25\/conference-ministerielle-de-la-francophonie-paris-gere-2\/#article\",\"isPartOf\":{\"@id\":\"https:\/\/228news.tg\/index.php\/2017\/10\/25\/conference-ministerielle-de-la-francophonie-paris-gere-2\/\"},\"author\":{\"name\":\"Bienvenu SAVI\",\"@id\":\"https:\/\/228news.tg\/#\/schema\/person\/68d5a6cc0230290e61235c8379523f52\"},\"headline\":\"Conf\u00e9rence minist\u00e9rielle de la Francophonie: Paris g\u00e8re\",\"datePublished\":\"2017-10-25T19:13:16+00:00\",\"mainEntityOfPage\":{\"@id\":\"https:\/\/228news.tg\/index.php\/2017\/10\/25\/conference-ministerielle-de-la-francophonie-paris-gere-2\/\"},\"wordCount\":258,\"commentCount\":0,\"publisher\":{\"@id\":\"https:\/\/228news.tg\/#organization\"},\"image\":{\"@id\":\"https:\/\/228news.tg\/index.php\/2017\/10\/25\/conference-ministerielle-de-la-francophonie-paris-gere-2\/#primaryimage\"},\"thumbnailUrl\":\"https:\/\/228news.tg\/wp-content\/uploads\/2024\/09\/photo_2018-12-27_14-04-56.jpg\",\"articleSection\":[\"Flash\",\"POLITIQUE\",\"TOGO\",\"Une\"],\"inLanguage\":\"fr-FR\",\"potentialAction\":[{\"@type\":\"CommentAction\",\"name\":\"Comment\",\"target\":[\"https:\/\/228news.tg\/index.php\/2017\/10\/25\/conference-ministerielle-de-la-francophonie-paris-gere-2\/#respond\"]}]},{\"@type\":\"WebPage\",\"@id\":\"https:\/\/228news.tg\/index.php\/2017\/10\/25\/conference-ministerielle-de-la-francophonie-paris-gere-2\/\",\"url\":\"https:\/\/228news.tg\/index.php\/2017\/10\/25\/conference-ministerielle-de-la-francophonie-paris-gere-2\/\",\"name\":\"Conf\u00e9rence minist\u00e9rielle de la Francophonie: Paris g\u00e8re - 228 News\",\"isPartOf\":{\"@id\":\"https:\/\/228news.tg\/#website\"},\"primaryImageOfPage\":{\"@id\":\"https:\/\/228news.tg\/index.php\/2017\/10\/25\/conference-ministerielle-de-la-francophonie-paris-gere-2\/#primaryimage\"},\"image\":{\"@id\":\"https:\/\/228news.tg\/index.php\/2017\/10\/25\/conference-ministerielle-de-la-francophonie-paris-gere-2\/#primaryimage\"},\"thumbnailUrl\":\"https:\/\/228news.tg\/wp-content\/uploads\/2024\/09\/photo_2018-12-27_14-04-56.jpg\",\"datePublished\":\"2017-10-25T19:13:16+00:00\",\"breadcrumb\":{\"@id\":\"https:\/\/228news.tg\/index.php\/2017\/10\/25\/conference-ministerielle-de-la-francophonie-paris-gere-2\/#breadcrumb\"},\"inLanguage\":\"fr-FR\",\"potentialAction\":[{\"@type\":\"ReadAction\",\"target\":[\"https:\/\/228news.tg\/index.php\/2017\/10\/25\/conference-ministerielle-de-la-francophonie-paris-gere-2\/\"]}]},{\"@type\":\"ImageObject\",\"inLanguage\":\"fr-FR\",\"@id\":\"https:\/\/228news.tg\/index.php\/2017\/10\/25\/conference-ministerielle-de-la-francophonie-paris-gere-2\/#primaryimage\",\"url\":\"https:\/\/228news.tg\/wp-content\/uploads\/2024\/09\/photo_2018-12-27_14-04-56.jpg\",\"contentUrl\":\"https:\/\/228news.tg\/wp-content\/uploads\/2024\/09\/photo_2018-12-27_14-04-56.jpg\",\"width\":1280,\"height\":960},{\"@type\":\"BreadcrumbList\",\"@id\":\"https:\/\/228news.tg\/index.php\/2017\/10\/25\/conference-ministerielle-de-la-francophonie-paris-gere-2\/#breadcrumb\",\"itemListElement\":[{\"@type\":\"ListItem\",\"position\":1,\"name\":\"Home\",\"item\":\"https:\/\/228news.tg\/\"},{\"@type\":\"ListItem\",\"position\":2,\"name\":\"Conf\u00e9rence minist\u00e9rielle de la Francophonie: Paris g\u00e8re\"}]},{\"@type\":\"WebSite\",\"@id\":\"https:\/\/228news.tg\/#website\",\"url\":\"https:\/\/228news.tg\/\",\"name\":\"228 News\",\"description\":\"Soci\u00e9t\u00e9 de m\u00e9dias et d\u2019actualit\u00e9s\",\"publisher\":{\"@id\":\"https:\/\/228news.tg\/#organization\"},\"potentialAction\":[{\"@type\":\"SearchAction\",\"target\":{\"@type\":\"EntryPoint\",\"urlTemplate\":\"https:\/\/228news.tg\/?s={search_term_string}\"},\"query-input\":{\"@type\":\"PropertyValueSpecification\",\"valueRequired\":true,\"valueName\":\"search_term_string\"}}],\"inLanguage\":\"fr-FR\"},{\"@type\":\"Organization\",\"@id\":\"https:\/\/228news.tg\/#organization\",\"name\":\"228 News\",\"url\":\"https:\/\/228news.tg\/\",\"logo\":{\"@type\":\"ImageObject\",\"inLanguage\":\"fr-FR\",\"@id\":\"https:\/\/228news.tg\/#\/schema\/logo\/image\/\",\"url\":\"https:\/\/228news.tg\/wp-content\/uploads\/2024\/09\/logonew.png\",\"contentUrl\":\"https:\/\/228news.tg\/wp-content\/uploads\/2024\/09\/logonew.png\",\"width\":1640,\"height\":364,\"caption\":\"228 News\"},\"image\":{\"@id\":\"https:\/\/228news.tg\/#\/schema\/logo\/image\/\"}},{\"@type\":\"Person\",\"@id\":\"https:\/\/228news.tg\/#\/schema\/person\/68d5a6cc0230290e61235c8379523f52\",\"name\":\"Bienvenu SAVI\",\"image\":{\"@type\":\"ImageObject\",\"inLanguage\":\"fr-FR\",\"@id\":\"https:\/\/228news.tg\/#\/schema\/person\/image\/\",\"url\":\"https:\/\/secure.gravatar.com\/avatar\/9db91895c559e510509c33a3e9683998458e9b828fac36d5d1aa23f0f2fd369b?s=96&d=mm&r=g\",\"contentUrl\":\"https:\/\/secure.gravatar.com\/avatar\/9db91895c559e510509c33a3e9683998458e9b828fac36d5d1aa23f0f2fd369b?s=96&d=mm&r=g\",\"caption\":\"Bienvenu SAVI\"},\"url\":\"https:\/\/228news.tg\/index.php\/author\/bienvenu\/\"}]}<\/script>\n<!-- \/ Yoast SEO plugin. -->","yoast_head_json":{"title":"Conf\u00e9rence minist\u00e9rielle de la Francophonie: Paris g\u00e8re - 228 News","robots":{"index":"index","follow":"follow","max-snippet":"max-snippet:-1","max-image-preview":"max-image-preview:large","max-video-preview":"max-video-preview:-1"},"canonical":"https:\/\/228news.tg\/index.php\/2017\/10\/25\/conference-ministerielle-de-la-francophonie-paris-gere-2\/","og_locale":"fr_FR","og_type":"article","og_title":"Conf\u00e9rence minist\u00e9rielle de la Francophonie: Paris g\u00e8re - 228 News","og_description":"Un jour apr\u00e8s le report annonc\u00e9 par le Togo de la Conf\u00e9rence des ministres de la Francophonie pr\u00e9vue pour se tenir \u00e0 Lom\u00e9 les 25 et 26 novembre prochains \u00e0 une date ult\u00e9rieure, l&rsquo;Organisation a sorti un communiqu\u00e9 pour plut\u00f4t parler d&rsquo;une renonciation du pouvoir de Lom\u00e9. Ainsi , la Conf\u00e9rence minist\u00e9rielle de la francophonie ... Lire la suite","og_url":"https:\/\/228news.tg\/index.php\/2017\/10\/25\/conference-ministerielle-de-la-francophonie-paris-gere-2\/","og_site_name":"228 News","article_published_time":"2017-10-25T19:13:16+00:00","author":"Bienvenu SAVI","twitter_card":"summary_large_image","twitter_misc":{"\u00c9crit par":"Bienvenu SAVI","Dur\u00e9e de lecture estim\u00e9e":"1 minute"},"schema":{"@context":"https:\/\/schema.org","@graph":[{"@type":"Article","@id":"https:\/\/228news.tg\/index.php\/2017\/10\/25\/conference-ministerielle-de-la-francophonie-paris-gere-2\/#article","isPartOf":{"@id":"https:\/\/228news.tg\/index.php\/2017\/10\/25\/conference-ministerielle-de-la-francophonie-paris-gere-2\/"},"author":{"name":"Bienvenu SAVI","@id":"https:\/\/228news.tg\/#\/schema\/person\/68d5a6cc0230290e61235c8379523f52"},"headline":"Conf\u00e9rence minist\u00e9rielle de la Francophonie: Paris g\u00e8re","datePublished":"2017-10-25T19:13:16+00:00","mainEntityOfPage":{"@id":"https:\/\/228news.tg\/index.php\/2017\/10\/25\/conference-ministerielle-de-la-francophonie-paris-gere-2\/"},"wordCount":258,"commentCount":0,"publisher":{"@id":"https:\/\/228news.tg\/#organization"},"image":{"@id":"https:\/\/228news.tg\/index.php\/2017\/10\/25\/conference-ministerielle-de-la-francophonie-paris-gere-2\/#primaryimage"},"thumbnailUrl":"https:\/\/228news.tg\/wp-content\/uploads\/2024\/09\/photo_2018-12-27_14-04-56.jpg","articleSection":["Flash","POLITIQUE","TOGO","Une"],"inLanguage":"fr-FR","potentialAction":[{"@type":"CommentAction","name":"Comment","target":["https:\/\/228news.tg\/index.php\/2017\/10\/25\/conference-ministerielle-de-la-francophonie-paris-gere-2\/#respond"]}]},{"@type":"WebPage","@id":"https:\/\/228news.tg\/index.php\/2017\/10\/25\/conference-ministerielle-de-la-francophonie-paris-gere-2\/","url":"https:\/\/228news.tg\/index.php\/2017\/10\/25\/conference-ministerielle-de-la-francophonie-paris-gere-2\/","name":"Conf\u00e9rence minist\u00e9rielle de la Francophonie: Paris g\u00e8re - 228 News","isPartOf":{"@id":"https:\/\/228news.tg\/#website"},"primaryImageOfPage":{"@id":"https:\/\/228news.tg\/index.php\/2017\/10\/25\/conference-ministerielle-de-la-francophonie-paris-gere-2\/#primaryimage"},"image":{"@id":"https:\/\/228news.tg\/index.php\/2017\/10\/25\/conference-ministerielle-de-la-francophonie-paris-gere-2\/#primaryimage"},"thumbnailUrl":"https:\/\/228news.tg\/wp-content\/uploads\/2024\/09\/photo_2018-12-27_14-04-56.jpg","datePublished":"2017-10-25T19:13:16+00:00","breadcrumb":{"@id":"https:\/\/228news.tg\/index.php\/2017\/10\/25\/conference-ministerielle-de-la-francophonie-paris-gere-2\/#breadcrumb"},"inLanguage":"fr-FR","potentialAction":[{"@type":"ReadAction","target":["https:\/\/228news.tg\/index.php\/2017\/10\/25\/conference-ministerielle-de-la-francophonie-paris-gere-2\/"]}]},{"@type":"ImageObject","inLanguage":"fr-FR","@id":"https:\/\/228news.tg\/index.php\/2017\/10\/25\/conference-ministerielle-de-la-francophonie-paris-gere-2\/#primaryimage","url":"https:\/\/228news.tg\/wp-content\/uploads\/2024\/09\/photo_2018-12-27_14-04-56.jpg","contentUrl":"https:\/\/228news.tg\/wp-content\/uploads\/2024\/09\/photo_2018-12-27_14-04-56.jpg","width":1280,"height":960},{"@type":"BreadcrumbList","@id":"https:\/\/228news.tg\/index.php\/2017\/10\/25\/conference-ministerielle-de-la-francophonie-paris-gere-2\/#breadcrumb","itemListElement":[{"@type":"ListItem","position":1,"name":"Home","item":"https:\/\/228news.tg\/"},{"@type":"ListItem","position":2,"name":"Conf\u00e9rence minist\u00e9rielle de la Francophonie: Paris g\u00e8re"}]},{"@type":"WebSite","@id":"https:\/\/228news.tg\/#website","url":"https:\/\/228news.tg\/","name":"228 News","description":"Soci\u00e9t\u00e9 de m\u00e9dias et d\u2019actualit\u00e9s","publisher":{"@id":"https:\/\/228news.tg\/#organization"},"potentialAction":[{"@type":"SearchAction","target":{"@type":"EntryPoint","urlTemplate":"https:\/\/228news.tg\/?s={search_term_string}"},"query-input":{"@type":"PropertyValueSpecification","valueRequired":true,"valueName":"search_term_string"}}],"inLanguage":"fr-FR"},{"@type":"Organization","@id":"https:\/\/228news.tg\/#organization","name":"228 News","url":"https:\/\/228news.tg\/","logo":{"@type":"ImageObject","inLanguage":"fr-FR","@id":"https:\/\/228news.tg\/#\/schema\/logo\/image\/","url":"https:\/\/228news.tg\/wp-content\/uploads\/2024\/09\/logonew.png","contentUrl":"https:\/\/228news.tg\/wp-content\/uploads\/2024\/09\/logonew.png","width":1640,"height":364,"caption":"228 News"},"image":{"@id":"https:\/\/228news.tg\/#\/schema\/logo\/image\/"}},{"@type":"Person","@id":"https:\/\/228news.tg\/#\/schema\/person\/68d5a6cc0230290e61235c8379523f52","name":"Bienvenu SAVI","image":{"@type":"ImageObject","inLanguage":"fr-FR","@id":"https:\/\/228news.tg\/#\/schema\/person\/image\/","url":"https:\/\/secure.gravatar.com\/avatar\/9db91895c559e510509c33a3e9683998458e9b828fac36d5d1aa23f0f2fd369b?s=96&d=mm&r=g","contentUrl":"https:\/\/secure.gravatar.com\/avatar\/9db91895c559e510509c33a3e9683998458e9b828fac36d5d1aa23f0f2fd369b?s=96&d=mm&r=g","caption":"Bienvenu SAVI"},"url":"https:\/\/228news.tg\/index.php\/author\/bienvenu\/"}]}},"jetpack_featured_media_url":"https:\/\/228news.tg\/wp-content\/uploads\/2024\/09\/photo_2018-12-27_14-04-56.jpg","_links":{"self":[{"href":"https:\/\/228news.tg\/index.php\/wp-json\/wp\/v2\/posts\/14279","targetHints":{"allow":["GET"]}}],"collection":[{"href":"https:\/\/228news.tg\/index.php\/wp-json\/wp\/v2\/posts"}],"about":[{"href":"https:\/\/228news.tg\/index.php\/wp-json\/wp\/v2\/types\/post"}],"author":[{"embeddable":true,"href":"https:\/\/228news.tg\/index.php\/wp-json\/wp\/v2\/users\/2"}],"replies":[{"embeddable":true,"href":"https:\/\/228news.tg\/index.php\/wp-json\/wp\/v2\/comments?post=14279"}],"version-history":[{"count":0,"href":"https:\/\/228news.tg\/index.php\/wp-json\/wp\/v2\/posts\/14279\/revisions"}],"wp:featuredmedia":[{"embeddable":true,"href":"https:\/\/228news.tg\/index.php\/wp-json\/wp\/v2\/media\/1947"}],"wp:attachment":[{"href":"https:\/\/228news.tg\/index.php\/wp-json\/wp\/v2\/media?parent=14279"}],"wp:term":[{"taxonomy":"category","embeddable":true,"href":"https:\/\/228news.tg\/index.php\/wp-json\/wp\/v2\/categories?post=14279"},{"taxonomy":"post_tag","embeddable":true,"href":"https:\/\/228news.tg\/index.php\/wp-json\/wp\/v2\/tags?post=14279"}],"curies":[{"name":"wp","href":"https:\/\/api.w.org\/{rel}","templated":true}]}}