{"id":14254,"date":"2017-09-18T18:52:56","date_gmt":"2017-09-18T18:52:56","guid":{"rendered":"http:\/\/localhost\/site\/228news\/?p=1830"},"modified":"2017-09-18T18:52:56","modified_gmt":"2017-09-18T18:52:56","slug":"leglise-aux-cotes-du-peuple-2","status":"publish","type":"post","link":"https:\/\/228news.tg\/index.php\/2017\/09\/18\/leglise-aux-cotes-du-peuple-2\/","title":{"rendered":"L&rsquo;Eglise aux c\u00f4t\u00e9s du \u00ab\u00a0peuple\u00a0\u00bb"},"content":{"rendered":"<p>Apr\u00e8s avoir appel\u00e9 l&rsquo;ensemble de la communaut\u00e9 catholique \u00e0 prier pour le Togo ce dimanche 17 septembre, la conf\u00e9rence des Ev\u00eaques du Togo a rendu publique une d\u00e9claration sur la situation sociopolitique actuelle du Togo. Elle interpelle vivement les acteurs de la vie sociopolitique du pays \u00e0 \u0153uvrer sans cesse pour le retour \u00e0 la constitution de 1992, r\u00e9pondre aux aspirations du peuple,&#8230; Voici l&rsquo;int\u00e9gralit\u00e9 de la d\u00e9claration.<\/p>\n<p>&nbsp;<\/p>\n<p><strong>\u00ab Et toi, fils d\u2019homme, je fais de toi un guetteur pour la maison d\u2019Isra\u00ebl. Lorsque tu entendras une parole de ma bouche, tu les avertiras de ma part. Si je dis au m\u00e9chant : \u201cTu vas mourir\u201d, et que tu ne l\u2019avertis pas, si tu ne lui dis pas d\u2019abandonner sa conduite mauvaise, lui, le m\u00e9chant, mourra de son p\u00e9ch\u00e9, mais \u00e0 toi, je demanderai compte de son sang. Au contraire, si tu avertis le m\u00e9chant d\u2019abandonner sa conduite, et qu\u2019il ne s\u2019en d\u00e9tourne pas, lui mourra de son p\u00e9ch\u00e9, mais toi, tu auras sauv\u00e9 ta vie \u00bb. (Ez\u00e9chiel 33,7-9)<\/strong><\/p>\n<p>Chers fils et filles du Togo,<\/p>\n<p>Interpell\u00e9e par cette parole de Dieu adress\u00e9e au proph\u00e8te Ez\u00e9chiel, la Conf\u00e9rence des Ev\u00eaques du Togo n\u2019a cess\u00e9 de tirer la sonnette d\u2019alarme sur la crise que traverse notre Pays. Vivement pr\u00e9occup\u00e9e par la situation sociopolitique que nous vivons depuis quelques semaines, elle a jug\u00e9 opportun d\u2019organiser dans tous les dioc\u00e8ses, une pri\u00e8re de supplication en faveur de la paix, plus pr\u00e9cis\u00e9ment en faveur des r\u00e9formes institutionnelles et constitutionnelles. Son objectif est d\u2019implorer la lumi\u00e8re de l\u2019Esprit Saint sur les plus hautes Autorit\u00e9s de notre Pays afin qu\u2019elles op\u00e8rent urgemment les r\u00e9formes demand\u00e9es par le peuple conform\u00e9ment \u00e0 la Constitution de 1992. La Conf\u00e9rence des Ev\u00eaques du Togo attache une importance particuli\u00e8re \u00e0 ces r\u00e9formes sans lesquelles il est impossible de ramener la paix et la coh\u00e9sion sociale dans notre Pays. Elle est convaincue qu\u2019elles sont indispensables \u00e0 notre vivre ensemble et invitent les protagonistes \u00e0 s\u2019inscrire dans une d\u00e9marche responsable, sinc\u00e8re et constructive.<\/p>\n<p>Par ailleurs, la Conf\u00e9rence des Ev\u00eaques du Togo exprime sa vive inqui\u00e9tude face aux nouvelles qui lui parviennent au sujet de r\u00e9pressions en cours dans notre Pays ainsi que d\u2019appels \u00e0 la haine ethnique \u00e0 travers les r\u00e9seaux sociaux. De telles attitudes ne font que compromettre davantage la paix sociale d\u00e9j\u00e0 si fragile dans notre Pays. Ils appellent \u00e0 un usage responsable de tous les m\u00e9dias et r\u00e9seaux sociaux en vue de sauvegarder la coh\u00e9sion sociale.<\/p>\n<p>Les Ev\u00eaques sont particuli\u00e8rement pr\u00e9occup\u00e9s par les violences exerc\u00e9es par les Forces de l\u2019Ordre et de S\u00e9curit\u00e9 sur les populations dans certaines localit\u00e9s de notre Pays, apr\u00e8s les manifestations des 6 et 7 septembre 2017. Ils condamnent l\u2019usage excessif de la force contre des concitoyens, parfois jusque dans leurs propres domiciles. Les Ev\u00eaques estiment que les auteurs de ces actes ainsi que leurs commanditaires d\u00e9shonorent le corps auquel ils appartiennent ainsi que la foi qu\u2019ils professent.<\/p>\n<p>Les Ev\u00eaques exhortent, en particulier, l\u2019Arm\u00e9e \u00e0 adopter une attitude r\u00e9publicaine de neutralit\u00e9 en \u00e9vitant toute immixtion dans le d\u00e9bat politique, conform\u00e9ment \u00e0 notre Constitution. De m\u00eame, ils invitent les responsables des Institutions de la R\u00e9publique \u00e0 \u00e9viter d\u2019afficher publiquement leur appartenance politique.<\/p>\n<p>Les Ev\u00eaques demandent aux leaders politiques de notre Pays d\u2019\u00e9viter d\u2019organiser le m\u00eame jour des manifestations antagonistes, de peur que ces rassemblements ne d\u00e9bouchent sur des affrontements aux cons\u00e9quences impr\u00e9visibles. De m\u00eame, ils invitent les populations \u00e0 ne pas c\u00e9der \u00e0 la tentation de commettre des actes de violence ou des repr\u00e9sailles contre leurs fr\u00e8res et s\u0153urs d\u2019autres convictions politiques.<\/p>\n<p>Pour tout cela, les Ev\u00eaques invitent les fid\u00e8les \u00e0 continuer de prier pour notre Pays le Togo dans leurs paroisses, les CCCB et les diverses associations, afin qu\u2019une paix durable s\u2019\u00e9tablisse dans les c\u0153urs des concitoyens et que se calment les tensions sociopolitiques qui secouent notre Pays.<\/p>\n<p>Nous supplions le Seigneur de nous pardonner nos p\u00e9ch\u00e9s et de nous donner le courage d\u2019op\u00e9rer les changements vivement attendus par notre Peuple.<\/p>\n<p>Pri\u00e8re pour la paix au Togo.<\/p>\n<p>B\u00e9n\u00e9diction finale<\/p>\n<p>Fait \u00e0 Atakpam\u00e9, le 14 septembre 2017<br \/>\nEn la f\u00eate de la Croix Glorieuse<br \/>\n<strong>S.E. Mgr Beno\u00eet ALOWONOU S.E. Mgr Denis AMUZU-DZAKPAH<br \/>\nEv\u00eaque de Kpalim\u00e9 Archev\u00eaque de Lom\u00e9<br \/>\nPr\u00e9sident de la C.E.T. Vice-Pr\u00e9sident de la C.E.T.<br \/>\nS.E. Mgr Isaac Jogues GAGLO S.E. Mgr Nicod\u00e8me BARRIGAH-<br \/>\nBENISSAN<br \/>\nEv\u00eaque d\u2019An\u00e9ho Ev\u00eaque d\u2019Atakpam\u00e9<br \/>\nS.E. Mgr Jacques LONGA S.E Mgr C\u00e9lestin-Marie GAOUA<br \/>\nEv\u00eaque de Kara Ev\u00eaque de Sokod\u00e9<br \/>\nS.E. Mgr Dominique GUIGBILE S.E. Mgr Philippe KPODZRO<br \/>\nEv\u00eaque de Dapaong Archev\u00eaque Em\u00e9rite de Lom\u00e9<br \/>\nS.E. Mgr Jacques N.T. ANYILUNDA S.E. Mgr Ambroise DJOLIBA<br \/>\nEv\u00eaque Em\u00e9rite de Dapaong Ev\u00eaque Em\u00e9rite de Sokod\u00e9<\/strong><\/p>\n","protected":false},"excerpt":{"rendered":"<p>Apr\u00e8s avoir appel\u00e9 l&rsquo;ensemble de la communaut\u00e9 catholique \u00e0 prier pour le Togo ce dimanche 17 septembre, la conf\u00e9rence des Ev\u00eaques du Togo a rendu publique une d\u00e9claration sur la situation sociopolitique actuelle du Togo. Elle interpelle vivement les acteurs de la vie sociopolitique du pays \u00e0 \u0153uvrer sans cesse pour le retour \u00e0 la &#8230; <a title=\"L&rsquo;Eglise aux c\u00f4t\u00e9s du \u00ab\u00a0peuple\u00a0\u00bb\" class=\"read-more\" href=\"https:\/\/228news.tg\/index.php\/2017\/09\/18\/leglise-aux-cotes-du-peuple-2\/\" aria-label=\"En savoir plus sur L&rsquo;Eglise aux c\u00f4t\u00e9s du \u00ab\u00a0peuple\u00a0\u00bb\">Lire la suite<\/a><\/p>\n","protected":false},"author":2,"featured_media":1831,"comment_status":"open","ping_status":"open","sticky":false,"template":"","format":"chat","meta":{"footnotes":""},"categories":[35,33,25,34],"tags":[],"class_list":["post-14254","post","type-post","status-publish","format-chat","has-post-thumbnail","hentry","category-flash","category-politique","category-togo","category-une","post_format-post-format-chat"],"yoast_head":"<!-- This site is optimized with the Yoast SEO plugin v26.4 - https:\/\/yoast.com\/wordpress\/plugins\/seo\/ -->\n<title>L&#039;Eglise aux c\u00f4t\u00e9s du &quot;peuple&quot; - 228 News<\/title>\n<meta name=\"robots\" content=\"index, follow, max-snippet:-1, max-image-preview:large, max-video-preview:-1\" \/>\n<link rel=\"canonical\" href=\"https:\/\/228news.tg\/index.php\/2017\/09\/18\/leglise-aux-cotes-du-peuple-2\/\" \/>\n<meta property=\"og:locale\" content=\"fr_FR\" \/>\n<meta property=\"og:type\" content=\"article\" \/>\n<meta property=\"og:title\" content=\"L&#039;Eglise aux c\u00f4t\u00e9s du &quot;peuple&quot; - 228 News\" \/>\n<meta property=\"og:description\" content=\"Apr\u00e8s avoir appel\u00e9 l&rsquo;ensemble de la communaut\u00e9 catholique \u00e0 prier pour le Togo ce dimanche 17 septembre, la conf\u00e9rence des Ev\u00eaques du Togo a rendu publique une d\u00e9claration sur la situation sociopolitique actuelle du Togo. Elle interpelle vivement les acteurs de la vie sociopolitique du pays \u00e0 \u0153uvrer sans cesse pour le retour \u00e0 la ... Lire la suite\" \/>\n<meta property=\"og:url\" content=\"https:\/\/228news.tg\/index.php\/2017\/09\/18\/leglise-aux-cotes-du-peuple-2\/\" \/>\n<meta property=\"og:site_name\" content=\"228 News\" \/>\n<meta property=\"article:published_time\" content=\"2017-09-18T18:52:56+00:00\" \/>\n<meta name=\"author\" content=\"Bienvenu SAVI\" \/>\n<meta name=\"twitter:card\" content=\"summary_large_image\" \/>\n<meta name=\"twitter:label1\" content=\"\u00c9crit par\" \/>\n\t<meta name=\"twitter:data1\" content=\"Bienvenu SAVI\" \/>\n\t<meta name=\"twitter:label2\" content=\"Dur\u00e9e de lecture estim\u00e9e\" \/>\n\t<meta name=\"twitter:data2\" content=\"4 minutes\" \/>\n<script type=\"application\/ld+json\" class=\"yoast-schema-graph\">{\"@context\":\"https:\/\/schema.org\",\"@graph\":[{\"@type\":\"Article\",\"@id\":\"https:\/\/228news.tg\/index.php\/2017\/09\/18\/leglise-aux-cotes-du-peuple-2\/#article\",\"isPartOf\":{\"@id\":\"https:\/\/228news.tg\/index.php\/2017\/09\/18\/leglise-aux-cotes-du-peuple-2\/\"},\"author\":{\"name\":\"Bienvenu SAVI\",\"@id\":\"https:\/\/228news.tg\/#\/schema\/person\/68d5a6cc0230290e61235c8379523f52\"},\"headline\":\"L&rsquo;Eglise aux c\u00f4t\u00e9s du \u00ab\u00a0peuple\u00a0\u00bb\",\"datePublished\":\"2017-09-18T18:52:56+00:00\",\"mainEntityOfPage\":{\"@id\":\"https:\/\/228news.tg\/index.php\/2017\/09\/18\/leglise-aux-cotes-du-peuple-2\/\"},\"wordCount\":890,\"commentCount\":0,\"publisher\":{\"@id\":\"https:\/\/228news.tg\/#organization\"},\"image\":{\"@id\":\"https:\/\/228news.tg\/index.php\/2017\/09\/18\/leglise-aux-cotes-du-peuple-2\/#primaryimage\"},\"thumbnailUrl\":\"\",\"articleSection\":[\"Flash\",\"POLITIQUE\",\"TOGO\",\"Une\"],\"inLanguage\":\"fr-FR\",\"potentialAction\":[{\"@type\":\"CommentAction\",\"name\":\"Comment\",\"target\":[\"https:\/\/228news.tg\/index.php\/2017\/09\/18\/leglise-aux-cotes-du-peuple-2\/#respond\"]}]},{\"@type\":\"WebPage\",\"@id\":\"https:\/\/228news.tg\/index.php\/2017\/09\/18\/leglise-aux-cotes-du-peuple-2\/\",\"url\":\"https:\/\/228news.tg\/index.php\/2017\/09\/18\/leglise-aux-cotes-du-peuple-2\/\",\"name\":\"L'Eglise aux c\u00f4t\u00e9s du \\\"peuple\\\" - 228 News\",\"isPartOf\":{\"@id\":\"https:\/\/228news.tg\/#website\"},\"primaryImageOfPage\":{\"@id\":\"https:\/\/228news.tg\/index.php\/2017\/09\/18\/leglise-aux-cotes-du-peuple-2\/#primaryimage\"},\"image\":{\"@id\":\"https:\/\/228news.tg\/index.php\/2017\/09\/18\/leglise-aux-cotes-du-peuple-2\/#primaryimage\"},\"thumbnailUrl\":\"\",\"datePublished\":\"2017-09-18T18:52:56+00:00\",\"breadcrumb\":{\"@id\":\"https:\/\/228news.tg\/index.php\/2017\/09\/18\/leglise-aux-cotes-du-peuple-2\/#breadcrumb\"},\"inLanguage\":\"fr-FR\",\"potentialAction\":[{\"@type\":\"ReadAction\",\"target\":[\"https:\/\/228news.tg\/index.php\/2017\/09\/18\/leglise-aux-cotes-du-peuple-2\/\"]}]},{\"@type\":\"ImageObject\",\"inLanguage\":\"fr-FR\",\"@id\":\"https:\/\/228news.tg\/index.php\/2017\/09\/18\/leglise-aux-cotes-du-peuple-2\/#primaryimage\",\"url\":\"\",\"contentUrl\":\"\"},{\"@type\":\"BreadcrumbList\",\"@id\":\"https:\/\/228news.tg\/index.php\/2017\/09\/18\/leglise-aux-cotes-du-peuple-2\/#breadcrumb\",\"itemListElement\":[{\"@type\":\"ListItem\",\"position\":1,\"name\":\"Home\",\"item\":\"https:\/\/228news.tg\/\"},{\"@type\":\"ListItem\",\"position\":2,\"name\":\"L&rsquo;Eglise aux c\u00f4t\u00e9s du \u00ab\u00a0peuple\u00a0\u00bb\"}]},{\"@type\":\"WebSite\",\"@id\":\"https:\/\/228news.tg\/#website\",\"url\":\"https:\/\/228news.tg\/\",\"name\":\"228 News\",\"description\":\"Soci\u00e9t\u00e9 de m\u00e9dias et d\u2019actualit\u00e9s\",\"publisher\":{\"@id\":\"https:\/\/228news.tg\/#organization\"},\"potentialAction\":[{\"@type\":\"SearchAction\",\"target\":{\"@type\":\"EntryPoint\",\"urlTemplate\":\"https:\/\/228news.tg\/?s={search_term_string}\"},\"query-input\":{\"@type\":\"PropertyValueSpecification\",\"valueRequired\":true,\"valueName\":\"search_term_string\"}}],\"inLanguage\":\"fr-FR\"},{\"@type\":\"Organization\",\"@id\":\"https:\/\/228news.tg\/#organization\",\"name\":\"228 News\",\"url\":\"https:\/\/228news.tg\/\",\"logo\":{\"@type\":\"ImageObject\",\"inLanguage\":\"fr-FR\",\"@id\":\"https:\/\/228news.tg\/#\/schema\/logo\/image\/\",\"url\":\"https:\/\/228news.tg\/wp-content\/uploads\/2024\/09\/logonew.png\",\"contentUrl\":\"https:\/\/228news.tg\/wp-content\/uploads\/2024\/09\/logonew.png\",\"width\":1640,\"height\":364,\"caption\":\"228 News\"},\"image\":{\"@id\":\"https:\/\/228news.tg\/#\/schema\/logo\/image\/\"}},{\"@type\":\"Person\",\"@id\":\"https:\/\/228news.tg\/#\/schema\/person\/68d5a6cc0230290e61235c8379523f52\",\"name\":\"Bienvenu SAVI\",\"image\":{\"@type\":\"ImageObject\",\"inLanguage\":\"fr-FR\",\"@id\":\"https:\/\/228news.tg\/#\/schema\/person\/image\/\",\"url\":\"https:\/\/secure.gravatar.com\/avatar\/9db91895c559e510509c33a3e9683998458e9b828fac36d5d1aa23f0f2fd369b?s=96&d=mm&r=g\",\"contentUrl\":\"https:\/\/secure.gravatar.com\/avatar\/9db91895c559e510509c33a3e9683998458e9b828fac36d5d1aa23f0f2fd369b?s=96&d=mm&r=g\",\"caption\":\"Bienvenu SAVI\"},\"url\":\"https:\/\/228news.tg\/index.php\/author\/bienvenu\/\"}]}<\/script>\n<!-- \/ Yoast SEO plugin. -->","yoast_head_json":{"title":"L'Eglise aux c\u00f4t\u00e9s du \"peuple\" - 228 News","robots":{"index":"index","follow":"follow","max-snippet":"max-snippet:-1","max-image-preview":"max-image-preview:large","max-video-preview":"max-video-preview:-1"},"canonical":"https:\/\/228news.tg\/index.php\/2017\/09\/18\/leglise-aux-cotes-du-peuple-2\/","og_locale":"fr_FR","og_type":"article","og_title":"L'Eglise aux c\u00f4t\u00e9s du \"peuple\" - 228 News","og_description":"Apr\u00e8s avoir appel\u00e9 l&rsquo;ensemble de la communaut\u00e9 catholique \u00e0 prier pour le Togo ce dimanche 17 septembre, la conf\u00e9rence des Ev\u00eaques du Togo a rendu publique une d\u00e9claration sur la situation sociopolitique actuelle du Togo. Elle interpelle vivement les acteurs de la vie sociopolitique du pays \u00e0 \u0153uvrer sans cesse pour le retour \u00e0 la ... Lire la suite","og_url":"https:\/\/228news.tg\/index.php\/2017\/09\/18\/leglise-aux-cotes-du-peuple-2\/","og_site_name":"228 News","article_published_time":"2017-09-18T18:52:56+00:00","author":"Bienvenu SAVI","twitter_card":"summary_large_image","twitter_misc":{"\u00c9crit par":"Bienvenu SAVI","Dur\u00e9e de lecture estim\u00e9e":"4 minutes"},"schema":{"@context":"https:\/\/schema.org","@graph":[{"@type":"Article","@id":"https:\/\/228news.tg\/index.php\/2017\/09\/18\/leglise-aux-cotes-du-peuple-2\/#article","isPartOf":{"@id":"https:\/\/228news.tg\/index.php\/2017\/09\/18\/leglise-aux-cotes-du-peuple-2\/"},"author":{"name":"Bienvenu SAVI","@id":"https:\/\/228news.tg\/#\/schema\/person\/68d5a6cc0230290e61235c8379523f52"},"headline":"L&rsquo;Eglise aux c\u00f4t\u00e9s du \u00ab\u00a0peuple\u00a0\u00bb","datePublished":"2017-09-18T18:52:56+00:00","mainEntityOfPage":{"@id":"https:\/\/228news.tg\/index.php\/2017\/09\/18\/leglise-aux-cotes-du-peuple-2\/"},"wordCount":890,"commentCount":0,"publisher":{"@id":"https:\/\/228news.tg\/#organization"},"image":{"@id":"https:\/\/228news.tg\/index.php\/2017\/09\/18\/leglise-aux-cotes-du-peuple-2\/#primaryimage"},"thumbnailUrl":"","articleSection":["Flash","POLITIQUE","TOGO","Une"],"inLanguage":"fr-FR","potentialAction":[{"@type":"CommentAction","name":"Comment","target":["https:\/\/228news.tg\/index.php\/2017\/09\/18\/leglise-aux-cotes-du-peuple-2\/#respond"]}]},{"@type":"WebPage","@id":"https:\/\/228news.tg\/index.php\/2017\/09\/18\/leglise-aux-cotes-du-peuple-2\/","url":"https:\/\/228news.tg\/index.php\/2017\/09\/18\/leglise-aux-cotes-du-peuple-2\/","name":"L'Eglise aux c\u00f4t\u00e9s du \"peuple\" - 228 News","isPartOf":{"@id":"https:\/\/228news.tg\/#website"},"primaryImageOfPage":{"@id":"https:\/\/228news.tg\/index.php\/2017\/09\/18\/leglise-aux-cotes-du-peuple-2\/#primaryimage"},"image":{"@id":"https:\/\/228news.tg\/index.php\/2017\/09\/18\/leglise-aux-cotes-du-peuple-2\/#primaryimage"},"thumbnailUrl":"","datePublished":"2017-09-18T18:52:56+00:00","breadcrumb":{"@id":"https:\/\/228news.tg\/index.php\/2017\/09\/18\/leglise-aux-cotes-du-peuple-2\/#breadcrumb"},"inLanguage":"fr-FR","potentialAction":[{"@type":"ReadAction","target":["https:\/\/228news.tg\/index.php\/2017\/09\/18\/leglise-aux-cotes-du-peuple-2\/"]}]},{"@type":"ImageObject","inLanguage":"fr-FR","@id":"https:\/\/228news.tg\/index.php\/2017\/09\/18\/leglise-aux-cotes-du-peuple-2\/#primaryimage","url":"","contentUrl":""},{"@type":"BreadcrumbList","@id":"https:\/\/228news.tg\/index.php\/2017\/09\/18\/leglise-aux-cotes-du-peuple-2\/#breadcrumb","itemListElement":[{"@type":"ListItem","position":1,"name":"Home","item":"https:\/\/228news.tg\/"},{"@type":"ListItem","position":2,"name":"L&rsquo;Eglise aux c\u00f4t\u00e9s du \u00ab\u00a0peuple\u00a0\u00bb"}]},{"@type":"WebSite","@id":"https:\/\/228news.tg\/#website","url":"https:\/\/228news.tg\/","name":"228 News","description":"Soci\u00e9t\u00e9 de m\u00e9dias et d\u2019actualit\u00e9s","publisher":{"@id":"https:\/\/228news.tg\/#organization"},"potentialAction":[{"@type":"SearchAction","target":{"@type":"EntryPoint","urlTemplate":"https:\/\/228news.tg\/?s={search_term_string}"},"query-input":{"@type":"PropertyValueSpecification","valueRequired":true,"valueName":"search_term_string"}}],"inLanguage":"fr-FR"},{"@type":"Organization","@id":"https:\/\/228news.tg\/#organization","name":"228 News","url":"https:\/\/228news.tg\/","logo":{"@type":"ImageObject","inLanguage":"fr-FR","@id":"https:\/\/228news.tg\/#\/schema\/logo\/image\/","url":"https:\/\/228news.tg\/wp-content\/uploads\/2024\/09\/logonew.png","contentUrl":"https:\/\/228news.tg\/wp-content\/uploads\/2024\/09\/logonew.png","width":1640,"height":364,"caption":"228 News"},"image":{"@id":"https:\/\/228news.tg\/#\/schema\/logo\/image\/"}},{"@type":"Person","@id":"https:\/\/228news.tg\/#\/schema\/person\/68d5a6cc0230290e61235c8379523f52","name":"Bienvenu SAVI","image":{"@type":"ImageObject","inLanguage":"fr-FR","@id":"https:\/\/228news.tg\/#\/schema\/person\/image\/","url":"https:\/\/secure.gravatar.com\/avatar\/9db91895c559e510509c33a3e9683998458e9b828fac36d5d1aa23f0f2fd369b?s=96&d=mm&r=g","contentUrl":"https:\/\/secure.gravatar.com\/avatar\/9db91895c559e510509c33a3e9683998458e9b828fac36d5d1aa23f0f2fd369b?s=96&d=mm&r=g","caption":"Bienvenu SAVI"},"url":"https:\/\/228news.tg\/index.php\/author\/bienvenu\/"}]}},"jetpack_featured_media_url":"","_links":{"self":[{"href":"https:\/\/228news.tg\/index.php\/wp-json\/wp\/v2\/posts\/14254","targetHints":{"allow":["GET"]}}],"collection":[{"href":"https:\/\/228news.tg\/index.php\/wp-json\/wp\/v2\/posts"}],"about":[{"href":"https:\/\/228news.tg\/index.php\/wp-json\/wp\/v2\/types\/post"}],"author":[{"embeddable":true,"href":"https:\/\/228news.tg\/index.php\/wp-json\/wp\/v2\/users\/2"}],"replies":[{"embeddable":true,"href":"https:\/\/228news.tg\/index.php\/wp-json\/wp\/v2\/comments?post=14254"}],"version-history":[{"count":0,"href":"https:\/\/228news.tg\/index.php\/wp-json\/wp\/v2\/posts\/14254\/revisions"}],"wp:featuredmedia":[{"embeddable":true,"href":"https:\/\/228news.tg\/index.php\/wp-json\/wp\/v2\/posts\/1831"}],"wp:attachment":[{"href":"https:\/\/228news.tg\/index.php\/wp-json\/wp\/v2\/media?parent=14254"}],"wp:term":[{"taxonomy":"category","embeddable":true,"href":"https:\/\/228news.tg\/index.php\/wp-json\/wp\/v2\/categories?post=14254"},{"taxonomy":"post_tag","embeddable":true,"href":"https:\/\/228news.tg\/index.php\/wp-json\/wp\/v2\/tags?post=14254"}],"curies":[{"name":"wp","href":"https:\/\/api.w.org\/{rel}","templated":true}]}}