{"id":14252,"date":"2017-09-18T18:37:14","date_gmt":"2017-09-18T18:37:14","guid":{"rendered":"http:\/\/localhost\/site\/228news\/?p=1824"},"modified":"2017-09-18T18:37:14","modified_gmt":"2017-09-18T18:37:14","slug":"bornefonden-pour-une-ecole-davenir-au-togo-2","status":"publish","type":"post","link":"https:\/\/228news.tg\/index.php\/2017\/09\/18\/bornefonden-pour-une-ecole-davenir-au-togo-2\/","title":{"rendered":"BorneFonden pour une \u00e9cole d\u2019avenir au Togo"},"content":{"rendered":"<p>\u00ab\u00a0<em>\u00c9cole de l\u2019avenir\u00a0\u2013 Renforcer le Potentiel des Jeunes<\/em><em>\u00a0\u00bb, tel est le pprojet lanc\u00e9 ce vendredi 15 septembre par M. Georges A\u00efdam, <\/em>ministre de l\u2019enseignement technique et de la formation professionnelle.<\/p>\n<p>Visant \u00e0 renforcer les comp\u00e9tences techniques des enseignants sur les nouvelles m\u00e9thodes d\u2019apprentissage et cr\u00e9er chez les adolescents et jeunes, l\u2019esprit d\u2019entreprenariat indispensable \u00e0 l\u2019am\u00e9lioration de la production, la productivit\u00e9, ce projet est une initiative de l\u2019ONG Bornefonden et Implement Consulting Group.<\/p>\n<p>Il b\u00e9n\u00e9ficie de l\u2019appui technique de l\u2019Institut National des Sciences de l\u2019Education (INSE) et l\u2019Universit\u00e9 P\u00e9dagogique du Danemark (DPU) et contribuera \u00e0 terme \u00e0 la r\u00e9solution du probl\u00e8me de l\u2019emploi des jeunes, d\u2019apr\u00e8s le ministre togolais en charge du secteur de l\u2019enseignement technique.<\/p>\n<p><em>\u00ab\u00a0Le renforcement des capacit\u00e9s de nos formateurs et enseignants appara\u00eet de nos jours comme une exigence vitale devant leur permettre d\u2019\u00eatre en phase avec l\u2019\u00e9volution p\u00e9dagogique et technologique\u00a0\u00bb, a-t-il confi\u00e9.<\/em><\/p>\n<p><em>La pr\u00e9sidente de l\u2019ONG BorneFonden a pour sa part fait montre de l\u2019int\u00e9r\u00eat de son organisation ainsi que celui de ses partenaires \u00e0 accompagner le Togo dans cette voie.<\/em><\/p>\n<p>La mise en \u0153uvre du projet commence la semaine prochaine avec une phase pilote qui permettra de former pendant 5 jours, \u00a06 directeurs et 100 enseignants d\u2019\u00e9tablissements\u00a0 d\u2019enseignement technique \u00e0 Lom\u00e9. S\u2019en suivra une g\u00e9n\u00e9ralisation sur toute l\u2019\u00e9tendue du territoire.<\/p>\n<p><strong>D\u00e9mocrate<\/strong><\/p>\n<p><strong>(00228) 91 85 40 14<\/strong><\/p>\n<p><strong>98 60 67 68<\/strong><\/p>\n<p><strong>democrate2010@gmail.com<\/strong><\/p>\n","protected":false},"excerpt":{"rendered":"<p>\u00ab\u00a0\u00c9cole de l\u2019avenir\u00a0\u2013 Renforcer le Potentiel des Jeunes\u00a0\u00bb, tel est le pprojet lanc\u00e9 ce vendredi 15 septembre par M. Georges A\u00efdam, ministre de l\u2019enseignement technique et de la formation professionnelle. Visant \u00e0 renforcer les comp\u00e9tences techniques des enseignants sur les nouvelles m\u00e9thodes d\u2019apprentissage et cr\u00e9er chez les adolescents et jeunes, l\u2019esprit d\u2019entreprenariat indispensable \u00e0 l\u2019am\u00e9lioration &#8230; <a title=\"BorneFonden pour une \u00e9cole d\u2019avenir au Togo\" class=\"read-more\" href=\"https:\/\/228news.tg\/index.php\/2017\/09\/18\/bornefonden-pour-une-ecole-davenir-au-togo-2\/\" aria-label=\"En savoir plus sur BorneFonden pour une \u00e9cole d\u2019avenir au Togo\">Lire la suite<\/a><\/p>\n","protected":false},"author":2,"featured_media":1825,"comment_status":"open","ping_status":"open","sticky":false,"template":"","format":"chat","meta":{"footnotes":""},"categories":[28,35,25,34],"tags":[],"class_list":["post-14252","post","type-post","status-publish","format-chat","has-post-thumbnail","hentry","category-education","category-flash","category-togo","category-une","post_format-post-format-chat"],"yoast_head":"<!-- This site is optimized with the Yoast SEO plugin v26.4 - https:\/\/yoast.com\/wordpress\/plugins\/seo\/ -->\n<title>BorneFonden pour une \u00e9cole d\u2019avenir au Togo - 228 News<\/title>\n<meta name=\"robots\" content=\"index, follow, max-snippet:-1, max-image-preview:large, max-video-preview:-1\" \/>\n<link rel=\"canonical\" href=\"https:\/\/228news.tg\/index.php\/2017\/09\/18\/bornefonden-pour-une-ecole-davenir-au-togo-2\/\" \/>\n<meta property=\"og:locale\" content=\"fr_FR\" \/>\n<meta property=\"og:type\" content=\"article\" \/>\n<meta property=\"og:title\" content=\"BorneFonden pour une \u00e9cole d\u2019avenir au Togo - 228 News\" \/>\n<meta property=\"og:description\" content=\"\u00ab\u00a0\u00c9cole de l\u2019avenir\u00a0\u2013 Renforcer le Potentiel des Jeunes\u00a0\u00bb, tel est le pprojet lanc\u00e9 ce vendredi 15 septembre par M. Georges A\u00efdam, ministre de l\u2019enseignement technique et de la formation professionnelle. Visant \u00e0 renforcer les comp\u00e9tences techniques des enseignants sur les nouvelles m\u00e9thodes d\u2019apprentissage et cr\u00e9er chez les adolescents et jeunes, l\u2019esprit d\u2019entreprenariat indispensable \u00e0 l\u2019am\u00e9lioration ... Lire la suite\" \/>\n<meta property=\"og:url\" content=\"https:\/\/228news.tg\/index.php\/2017\/09\/18\/bornefonden-pour-une-ecole-davenir-au-togo-2\/\" \/>\n<meta property=\"og:site_name\" content=\"228 News\" \/>\n<meta property=\"article:published_time\" content=\"2017-09-18T18:37:14+00:00\" \/>\n<meta name=\"author\" content=\"Bienvenu SAVI\" \/>\n<meta name=\"twitter:card\" content=\"summary_large_image\" \/>\n<meta name=\"twitter:label1\" content=\"\u00c9crit par\" \/>\n\t<meta name=\"twitter:data1\" content=\"Bienvenu SAVI\" \/>\n\t<meta name=\"twitter:label2\" content=\"Dur\u00e9e de lecture estim\u00e9e\" \/>\n\t<meta name=\"twitter:data2\" content=\"1 minute\" \/>\n<script type=\"application\/ld+json\" class=\"yoast-schema-graph\">{\"@context\":\"https:\/\/schema.org\",\"@graph\":[{\"@type\":\"Article\",\"@id\":\"https:\/\/228news.tg\/index.php\/2017\/09\/18\/bornefonden-pour-une-ecole-davenir-au-togo-2\/#article\",\"isPartOf\":{\"@id\":\"https:\/\/228news.tg\/index.php\/2017\/09\/18\/bornefonden-pour-une-ecole-davenir-au-togo-2\/\"},\"author\":{\"name\":\"Bienvenu SAVI\",\"@id\":\"https:\/\/228news.tg\/#\/schema\/person\/68d5a6cc0230290e61235c8379523f52\"},\"headline\":\"BorneFonden pour une \u00e9cole d\u2019avenir au Togo\",\"datePublished\":\"2017-09-18T18:37:14+00:00\",\"mainEntityOfPage\":{\"@id\":\"https:\/\/228news.tg\/index.php\/2017\/09\/18\/bornefonden-pour-une-ecole-davenir-au-togo-2\/\"},\"wordCount\":258,\"commentCount\":0,\"publisher\":{\"@id\":\"https:\/\/228news.tg\/#organization\"},\"image\":{\"@id\":\"https:\/\/228news.tg\/index.php\/2017\/09\/18\/bornefonden-pour-une-ecole-davenir-au-togo-2\/#primaryimage\"},\"thumbnailUrl\":\"\",\"articleSection\":[\"EDUCATION\",\"Flash\",\"TOGO\",\"Une\"],\"inLanguage\":\"fr-FR\",\"potentialAction\":[{\"@type\":\"CommentAction\",\"name\":\"Comment\",\"target\":[\"https:\/\/228news.tg\/index.php\/2017\/09\/18\/bornefonden-pour-une-ecole-davenir-au-togo-2\/#respond\"]}]},{\"@type\":\"WebPage\",\"@id\":\"https:\/\/228news.tg\/index.php\/2017\/09\/18\/bornefonden-pour-une-ecole-davenir-au-togo-2\/\",\"url\":\"https:\/\/228news.tg\/index.php\/2017\/09\/18\/bornefonden-pour-une-ecole-davenir-au-togo-2\/\",\"name\":\"BorneFonden pour une \u00e9cole d\u2019avenir au Togo - 228 News\",\"isPartOf\":{\"@id\":\"https:\/\/228news.tg\/#website\"},\"primaryImageOfPage\":{\"@id\":\"https:\/\/228news.tg\/index.php\/2017\/09\/18\/bornefonden-pour-une-ecole-davenir-au-togo-2\/#primaryimage\"},\"image\":{\"@id\":\"https:\/\/228news.tg\/index.php\/2017\/09\/18\/bornefonden-pour-une-ecole-davenir-au-togo-2\/#primaryimage\"},\"thumbnailUrl\":\"\",\"datePublished\":\"2017-09-18T18:37:14+00:00\",\"breadcrumb\":{\"@id\":\"https:\/\/228news.tg\/index.php\/2017\/09\/18\/bornefonden-pour-une-ecole-davenir-au-togo-2\/#breadcrumb\"},\"inLanguage\":\"fr-FR\",\"potentialAction\":[{\"@type\":\"ReadAction\",\"target\":[\"https:\/\/228news.tg\/index.php\/2017\/09\/18\/bornefonden-pour-une-ecole-davenir-au-togo-2\/\"]}]},{\"@type\":\"ImageObject\",\"inLanguage\":\"fr-FR\",\"@id\":\"https:\/\/228news.tg\/index.php\/2017\/09\/18\/bornefonden-pour-une-ecole-davenir-au-togo-2\/#primaryimage\",\"url\":\"\",\"contentUrl\":\"\"},{\"@type\":\"BreadcrumbList\",\"@id\":\"https:\/\/228news.tg\/index.php\/2017\/09\/18\/bornefonden-pour-une-ecole-davenir-au-togo-2\/#breadcrumb\",\"itemListElement\":[{\"@type\":\"ListItem\",\"position\":1,\"name\":\"Home\",\"item\":\"https:\/\/228news.tg\/\"},{\"@type\":\"ListItem\",\"position\":2,\"name\":\"BorneFonden pour une \u00e9cole d\u2019avenir au Togo\"}]},{\"@type\":\"WebSite\",\"@id\":\"https:\/\/228news.tg\/#website\",\"url\":\"https:\/\/228news.tg\/\",\"name\":\"228 News\",\"description\":\"Soci\u00e9t\u00e9 de m\u00e9dias et d\u2019actualit\u00e9s\",\"publisher\":{\"@id\":\"https:\/\/228news.tg\/#organization\"},\"potentialAction\":[{\"@type\":\"SearchAction\",\"target\":{\"@type\":\"EntryPoint\",\"urlTemplate\":\"https:\/\/228news.tg\/?s={search_term_string}\"},\"query-input\":{\"@type\":\"PropertyValueSpecification\",\"valueRequired\":true,\"valueName\":\"search_term_string\"}}],\"inLanguage\":\"fr-FR\"},{\"@type\":\"Organization\",\"@id\":\"https:\/\/228news.tg\/#organization\",\"name\":\"228 News\",\"url\":\"https:\/\/228news.tg\/\",\"logo\":{\"@type\":\"ImageObject\",\"inLanguage\":\"fr-FR\",\"@id\":\"https:\/\/228news.tg\/#\/schema\/logo\/image\/\",\"url\":\"https:\/\/228news.tg\/wp-content\/uploads\/2024\/09\/logonew.png\",\"contentUrl\":\"https:\/\/228news.tg\/wp-content\/uploads\/2024\/09\/logonew.png\",\"width\":1640,\"height\":364,\"caption\":\"228 News\"},\"image\":{\"@id\":\"https:\/\/228news.tg\/#\/schema\/logo\/image\/\"}},{\"@type\":\"Person\",\"@id\":\"https:\/\/228news.tg\/#\/schema\/person\/68d5a6cc0230290e61235c8379523f52\",\"name\":\"Bienvenu SAVI\",\"image\":{\"@type\":\"ImageObject\",\"inLanguage\":\"fr-FR\",\"@id\":\"https:\/\/228news.tg\/#\/schema\/person\/image\/\",\"url\":\"https:\/\/secure.gravatar.com\/avatar\/9db91895c559e510509c33a3e9683998458e9b828fac36d5d1aa23f0f2fd369b?s=96&d=mm&r=g\",\"contentUrl\":\"https:\/\/secure.gravatar.com\/avatar\/9db91895c559e510509c33a3e9683998458e9b828fac36d5d1aa23f0f2fd369b?s=96&d=mm&r=g\",\"caption\":\"Bienvenu SAVI\"},\"url\":\"https:\/\/228news.tg\/index.php\/author\/bienvenu\/\"}]}<\/script>\n<!-- \/ Yoast SEO plugin. -->","yoast_head_json":{"title":"BorneFonden pour une \u00e9cole d\u2019avenir au Togo - 228 News","robots":{"index":"index","follow":"follow","max-snippet":"max-snippet:-1","max-image-preview":"max-image-preview:large","max-video-preview":"max-video-preview:-1"},"canonical":"https:\/\/228news.tg\/index.php\/2017\/09\/18\/bornefonden-pour-une-ecole-davenir-au-togo-2\/","og_locale":"fr_FR","og_type":"article","og_title":"BorneFonden pour une \u00e9cole d\u2019avenir au Togo - 228 News","og_description":"\u00ab\u00a0\u00c9cole de l\u2019avenir\u00a0\u2013 Renforcer le Potentiel des Jeunes\u00a0\u00bb, tel est le pprojet lanc\u00e9 ce vendredi 15 septembre par M. Georges A\u00efdam, ministre de l\u2019enseignement technique et de la formation professionnelle. Visant \u00e0 renforcer les comp\u00e9tences techniques des enseignants sur les nouvelles m\u00e9thodes d\u2019apprentissage et cr\u00e9er chez les adolescents et jeunes, l\u2019esprit d\u2019entreprenariat indispensable \u00e0 l\u2019am\u00e9lioration ... Lire la suite","og_url":"https:\/\/228news.tg\/index.php\/2017\/09\/18\/bornefonden-pour-une-ecole-davenir-au-togo-2\/","og_site_name":"228 News","article_published_time":"2017-09-18T18:37:14+00:00","author":"Bienvenu SAVI","twitter_card":"summary_large_image","twitter_misc":{"\u00c9crit par":"Bienvenu SAVI","Dur\u00e9e de lecture estim\u00e9e":"1 minute"},"schema":{"@context":"https:\/\/schema.org","@graph":[{"@type":"Article","@id":"https:\/\/228news.tg\/index.php\/2017\/09\/18\/bornefonden-pour-une-ecole-davenir-au-togo-2\/#article","isPartOf":{"@id":"https:\/\/228news.tg\/index.php\/2017\/09\/18\/bornefonden-pour-une-ecole-davenir-au-togo-2\/"},"author":{"name":"Bienvenu SAVI","@id":"https:\/\/228news.tg\/#\/schema\/person\/68d5a6cc0230290e61235c8379523f52"},"headline":"BorneFonden pour une \u00e9cole d\u2019avenir au Togo","datePublished":"2017-09-18T18:37:14+00:00","mainEntityOfPage":{"@id":"https:\/\/228news.tg\/index.php\/2017\/09\/18\/bornefonden-pour-une-ecole-davenir-au-togo-2\/"},"wordCount":258,"commentCount":0,"publisher":{"@id":"https:\/\/228news.tg\/#organization"},"image":{"@id":"https:\/\/228news.tg\/index.php\/2017\/09\/18\/bornefonden-pour-une-ecole-davenir-au-togo-2\/#primaryimage"},"thumbnailUrl":"","articleSection":["EDUCATION","Flash","TOGO","Une"],"inLanguage":"fr-FR","potentialAction":[{"@type":"CommentAction","name":"Comment","target":["https:\/\/228news.tg\/index.php\/2017\/09\/18\/bornefonden-pour-une-ecole-davenir-au-togo-2\/#respond"]}]},{"@type":"WebPage","@id":"https:\/\/228news.tg\/index.php\/2017\/09\/18\/bornefonden-pour-une-ecole-davenir-au-togo-2\/","url":"https:\/\/228news.tg\/index.php\/2017\/09\/18\/bornefonden-pour-une-ecole-davenir-au-togo-2\/","name":"BorneFonden pour une \u00e9cole d\u2019avenir au Togo - 228 News","isPartOf":{"@id":"https:\/\/228news.tg\/#website"},"primaryImageOfPage":{"@id":"https:\/\/228news.tg\/index.php\/2017\/09\/18\/bornefonden-pour-une-ecole-davenir-au-togo-2\/#primaryimage"},"image":{"@id":"https:\/\/228news.tg\/index.php\/2017\/09\/18\/bornefonden-pour-une-ecole-davenir-au-togo-2\/#primaryimage"},"thumbnailUrl":"","datePublished":"2017-09-18T18:37:14+00:00","breadcrumb":{"@id":"https:\/\/228news.tg\/index.php\/2017\/09\/18\/bornefonden-pour-une-ecole-davenir-au-togo-2\/#breadcrumb"},"inLanguage":"fr-FR","potentialAction":[{"@type":"ReadAction","target":["https:\/\/228news.tg\/index.php\/2017\/09\/18\/bornefonden-pour-une-ecole-davenir-au-togo-2\/"]}]},{"@type":"ImageObject","inLanguage":"fr-FR","@id":"https:\/\/228news.tg\/index.php\/2017\/09\/18\/bornefonden-pour-une-ecole-davenir-au-togo-2\/#primaryimage","url":"","contentUrl":""},{"@type":"BreadcrumbList","@id":"https:\/\/228news.tg\/index.php\/2017\/09\/18\/bornefonden-pour-une-ecole-davenir-au-togo-2\/#breadcrumb","itemListElement":[{"@type":"ListItem","position":1,"name":"Home","item":"https:\/\/228news.tg\/"},{"@type":"ListItem","position":2,"name":"BorneFonden pour une \u00e9cole d\u2019avenir au Togo"}]},{"@type":"WebSite","@id":"https:\/\/228news.tg\/#website","url":"https:\/\/228news.tg\/","name":"228 News","description":"Soci\u00e9t\u00e9 de m\u00e9dias et d\u2019actualit\u00e9s","publisher":{"@id":"https:\/\/228news.tg\/#organization"},"potentialAction":[{"@type":"SearchAction","target":{"@type":"EntryPoint","urlTemplate":"https:\/\/228news.tg\/?s={search_term_string}"},"query-input":{"@type":"PropertyValueSpecification","valueRequired":true,"valueName":"search_term_string"}}],"inLanguage":"fr-FR"},{"@type":"Organization","@id":"https:\/\/228news.tg\/#organization","name":"228 News","url":"https:\/\/228news.tg\/","logo":{"@type":"ImageObject","inLanguage":"fr-FR","@id":"https:\/\/228news.tg\/#\/schema\/logo\/image\/","url":"https:\/\/228news.tg\/wp-content\/uploads\/2024\/09\/logonew.png","contentUrl":"https:\/\/228news.tg\/wp-content\/uploads\/2024\/09\/logonew.png","width":1640,"height":364,"caption":"228 News"},"image":{"@id":"https:\/\/228news.tg\/#\/schema\/logo\/image\/"}},{"@type":"Person","@id":"https:\/\/228news.tg\/#\/schema\/person\/68d5a6cc0230290e61235c8379523f52","name":"Bienvenu SAVI","image":{"@type":"ImageObject","inLanguage":"fr-FR","@id":"https:\/\/228news.tg\/#\/schema\/person\/image\/","url":"https:\/\/secure.gravatar.com\/avatar\/9db91895c559e510509c33a3e9683998458e9b828fac36d5d1aa23f0f2fd369b?s=96&d=mm&r=g","contentUrl":"https:\/\/secure.gravatar.com\/avatar\/9db91895c559e510509c33a3e9683998458e9b828fac36d5d1aa23f0f2fd369b?s=96&d=mm&r=g","caption":"Bienvenu SAVI"},"url":"https:\/\/228news.tg\/index.php\/author\/bienvenu\/"}]}},"jetpack_featured_media_url":"","_links":{"self":[{"href":"https:\/\/228news.tg\/index.php\/wp-json\/wp\/v2\/posts\/14252","targetHints":{"allow":["GET"]}}],"collection":[{"href":"https:\/\/228news.tg\/index.php\/wp-json\/wp\/v2\/posts"}],"about":[{"href":"https:\/\/228news.tg\/index.php\/wp-json\/wp\/v2\/types\/post"}],"author":[{"embeddable":true,"href":"https:\/\/228news.tg\/index.php\/wp-json\/wp\/v2\/users\/2"}],"replies":[{"embeddable":true,"href":"https:\/\/228news.tg\/index.php\/wp-json\/wp\/v2\/comments?post=14252"}],"version-history":[{"count":0,"href":"https:\/\/228news.tg\/index.php\/wp-json\/wp\/v2\/posts\/14252\/revisions"}],"wp:featuredmedia":[{"embeddable":true,"href":"https:\/\/228news.tg\/index.php\/wp-json\/wp\/v2\/posts\/1825"}],"wp:attachment":[{"href":"https:\/\/228news.tg\/index.php\/wp-json\/wp\/v2\/media?parent=14252"}],"wp:term":[{"taxonomy":"category","embeddable":true,"href":"https:\/\/228news.tg\/index.php\/wp-json\/wp\/v2\/categories?post=14252"},{"taxonomy":"post_tag","embeddable":true,"href":"https:\/\/228news.tg\/index.php\/wp-json\/wp\/v2\/tags?post=14252"}],"curies":[{"name":"wp","href":"https:\/\/api.w.org\/{rel}","templated":true}]}}