{"id":14251,"date":"2017-09-14T18:21:05","date_gmt":"2017-09-14T18:21:05","guid":{"rendered":"http:\/\/localhost\/site\/228news\/?p=1821"},"modified":"2017-09-14T18:21:05","modified_gmt":"2017-09-14T18:21:05","slug":"situation-socio-politique-du-pays-le-gouvernement-fait-le-point-2","status":"publish","type":"post","link":"https:\/\/228news.tg\/index.php\/2017\/09\/14\/situation-socio-politique-du-pays-le-gouvernement-fait-le-point-2\/","title":{"rendered":"Situation socio-politique du pays: le gouvernement fait le point"},"content":{"rendered":"<p>Le gouvernement a fait hier \u00a013 Septembre en fin de journ\u00e9e, une conf\u00e9rence de presse sur la situation socio-politique du pays.<\/p>\n<p>Selon le gouvernement, depuis le 19 Ao\u00fbt, on assiste \u00e0\u00a0 \u00ab\u00a0une crise et mont\u00e9e d\u2019appels de la population \u00e0 la r\u00e9volte avec des actes qui tendent \u00e0 paralyser les activit\u00e9s \u00e9conomiques du pays\u00a0\u00bb. Et ce, malgr\u00e9 la volont\u00e9 du gouvernement qui a adopt\u00e9 et traduit \u00a0au parlement le projet de r\u00e9vision constitutionnelle, en vue de ramener le calme.<\/p>\n<p>Le gouvernement \u00a0appelle les uns et les autres \u00e0 la retenue et invite tout le monde \u00e0 \u0153uvrer pour retrouver\u00a0 le climat de s\u00e9r\u00e9nit\u00e9 et de paix qui pr\u00e9valaient dans le pays.<\/p>\n<p>Il indique qu\u2019\u00e0 l\u2019heure actuelle, \u00e0 l\u2019Assembl\u00e9e nationale, la conf\u00e9rence des pr\u00e9sidents \u00a0a pris possession \u00a0et connaissance du projet de lois portant r\u00e9vision constitutionnelle soumis, apr\u00e8s cette premi\u00e8re \u00e9tape \u00a0le texte sera affect\u00e9 \u00e0 la commission des lois et suivront les autres proc\u00e9dures conform\u00e9ment aux \u00a0r\u00e8gles \u00a0de fonctionnement de l\u2019assembl\u00e9e nationale.<\/p>\n<p>A cet effet, le gouvernement invite la classe politique et toute la population \u00e0 laisser les \u00e9lus pour faire leur travail \u00e0 toute s\u00e9r\u00e9nit\u00e9.<\/p>\n<p>Faisant le bilan des manifestations r\u00e9centes qu\u2019ont connu le pays, le gouvernement rappelle que les \u00a0\u00a0marches du 19 Ao\u00fbt organis\u00e9e par le PNP \u00a0ont enregistr\u00e9 \u00a02 morts, plusieurs bless\u00e9s et arrestations. Les manifestations \u00a0des 6 et 7 Septembre n\u2019ont pas connu de morts \u00a0mais des bless\u00e9s et \u00a0interpellations au soir du 7. \u00ab\u00a0Au total\u00a0 86 personnes ont \u00e9t\u00e9 interpell\u00e9es mais \u00a0elles ont d\u00e9j\u00e0 \u00e9t\u00e9 tous rel\u00e2ch\u00e9es\u00a0\u00bb, indique le gouvernement.<\/p>\n<p>Par ailleurs,\u00a0 selon les anciens ministres Semondji Djossou et Noupokou Dammipi, actuellement conseillers \u00e0 la pr\u00e9sidence, c&rsquo;est pour des raisons de s\u00e9curit\u00e9 que le gouvernement avait coup\u00e9 l&rsquo;internet.<\/p>\n<p><strong>Togotopnews.com<\/strong><\/p>\n","protected":false},"excerpt":{"rendered":"<p>Le gouvernement a fait hier \u00a013 Septembre en fin de journ\u00e9e, une conf\u00e9rence de presse sur la situation socio-politique du pays. Selon le gouvernement, depuis le 19 Ao\u00fbt, on assiste \u00e0\u00a0 \u00ab\u00a0une crise et mont\u00e9e d\u2019appels de la population \u00e0 la r\u00e9volte avec des actes qui tendent \u00e0 paralyser les activit\u00e9s \u00e9conomiques du pays\u00a0\u00bb. Et &#8230; <a title=\"Situation socio-politique du pays: le gouvernement fait le point\" class=\"read-more\" href=\"https:\/\/228news.tg\/index.php\/2017\/09\/14\/situation-socio-politique-du-pays-le-gouvernement-fait-le-point-2\/\" aria-label=\"En savoir plus sur Situation socio-politique du pays: le gouvernement fait le point\">Lire la suite<\/a><\/p>\n","protected":false},"author":2,"featured_media":1822,"comment_status":"open","ping_status":"open","sticky":false,"template":"","format":"chat","meta":{"footnotes":""},"categories":[35,33,25,34],"tags":[],"class_list":["post-14251","post","type-post","status-publish","format-chat","has-post-thumbnail","hentry","category-flash","category-politique","category-togo","category-une","post_format-post-format-chat"],"yoast_head":"<!-- This site is optimized with the Yoast SEO plugin v26.4 - https:\/\/yoast.com\/wordpress\/plugins\/seo\/ -->\n<title>Situation socio-politique du pays: le gouvernement fait le point - 228 News<\/title>\n<meta name=\"robots\" content=\"index, follow, max-snippet:-1, max-image-preview:large, max-video-preview:-1\" \/>\n<link rel=\"canonical\" href=\"https:\/\/228news.tg\/index.php\/2017\/09\/14\/situation-socio-politique-du-pays-le-gouvernement-fait-le-point-2\/\" \/>\n<meta property=\"og:locale\" content=\"fr_FR\" \/>\n<meta property=\"og:type\" content=\"article\" \/>\n<meta property=\"og:title\" content=\"Situation socio-politique du pays: le gouvernement fait le point - 228 News\" \/>\n<meta property=\"og:description\" content=\"Le gouvernement a fait hier \u00a013 Septembre en fin de journ\u00e9e, une conf\u00e9rence de presse sur la situation socio-politique du pays. Selon le gouvernement, depuis le 19 Ao\u00fbt, on assiste \u00e0\u00a0 \u00ab\u00a0une crise et mont\u00e9e d\u2019appels de la population \u00e0 la r\u00e9volte avec des actes qui tendent \u00e0 paralyser les activit\u00e9s \u00e9conomiques du pays\u00a0\u00bb. Et ... Lire la suite\" \/>\n<meta property=\"og:url\" content=\"https:\/\/228news.tg\/index.php\/2017\/09\/14\/situation-socio-politique-du-pays-le-gouvernement-fait-le-point-2\/\" \/>\n<meta property=\"og:site_name\" content=\"228 News\" \/>\n<meta property=\"article:published_time\" content=\"2017-09-14T18:21:05+00:00\" \/>\n<meta name=\"author\" content=\"Bienvenu SAVI\" \/>\n<meta name=\"twitter:card\" content=\"summary_large_image\" \/>\n<meta name=\"twitter:label1\" content=\"\u00c9crit par\" \/>\n\t<meta name=\"twitter:data1\" content=\"Bienvenu SAVI\" \/>\n\t<meta name=\"twitter:label2\" content=\"Dur\u00e9e de lecture estim\u00e9e\" \/>\n\t<meta name=\"twitter:data2\" content=\"2 minutes\" \/>\n<script type=\"application\/ld+json\" class=\"yoast-schema-graph\">{\"@context\":\"https:\/\/schema.org\",\"@graph\":[{\"@type\":\"Article\",\"@id\":\"https:\/\/228news.tg\/index.php\/2017\/09\/14\/situation-socio-politique-du-pays-le-gouvernement-fait-le-point-2\/#article\",\"isPartOf\":{\"@id\":\"https:\/\/228news.tg\/index.php\/2017\/09\/14\/situation-socio-politique-du-pays-le-gouvernement-fait-le-point-2\/\"},\"author\":{\"name\":\"Bienvenu SAVI\",\"@id\":\"https:\/\/228news.tg\/#\/schema\/person\/68d5a6cc0230290e61235c8379523f52\"},\"headline\":\"Situation socio-politique du pays: le gouvernement fait le point\",\"datePublished\":\"2017-09-14T18:21:05+00:00\",\"mainEntityOfPage\":{\"@id\":\"https:\/\/228news.tg\/index.php\/2017\/09\/14\/situation-socio-politique-du-pays-le-gouvernement-fait-le-point-2\/\"},\"wordCount\":317,\"commentCount\":0,\"publisher\":{\"@id\":\"https:\/\/228news.tg\/#organization\"},\"image\":{\"@id\":\"https:\/\/228news.tg\/index.php\/2017\/09\/14\/situation-socio-politique-du-pays-le-gouvernement-fait-le-point-2\/#primaryimage\"},\"thumbnailUrl\":\"https:\/\/228news.tg\/wp-content\/uploads\/2024\/09\/photo_2018-11-06_11-40-26.jpg\",\"articleSection\":[\"Flash\",\"POLITIQUE\",\"TOGO\",\"Une\"],\"inLanguage\":\"fr-FR\",\"potentialAction\":[{\"@type\":\"CommentAction\",\"name\":\"Comment\",\"target\":[\"https:\/\/228news.tg\/index.php\/2017\/09\/14\/situation-socio-politique-du-pays-le-gouvernement-fait-le-point-2\/#respond\"]}]},{\"@type\":\"WebPage\",\"@id\":\"https:\/\/228news.tg\/index.php\/2017\/09\/14\/situation-socio-politique-du-pays-le-gouvernement-fait-le-point-2\/\",\"url\":\"https:\/\/228news.tg\/index.php\/2017\/09\/14\/situation-socio-politique-du-pays-le-gouvernement-fait-le-point-2\/\",\"name\":\"Situation socio-politique du pays: le gouvernement fait le point - 228 News\",\"isPartOf\":{\"@id\":\"https:\/\/228news.tg\/#website\"},\"primaryImageOfPage\":{\"@id\":\"https:\/\/228news.tg\/index.php\/2017\/09\/14\/situation-socio-politique-du-pays-le-gouvernement-fait-le-point-2\/#primaryimage\"},\"image\":{\"@id\":\"https:\/\/228news.tg\/index.php\/2017\/09\/14\/situation-socio-politique-du-pays-le-gouvernement-fait-le-point-2\/#primaryimage\"},\"thumbnailUrl\":\"https:\/\/228news.tg\/wp-content\/uploads\/2024\/09\/photo_2018-11-06_11-40-26.jpg\",\"datePublished\":\"2017-09-14T18:21:05+00:00\",\"breadcrumb\":{\"@id\":\"https:\/\/228news.tg\/index.php\/2017\/09\/14\/situation-socio-politique-du-pays-le-gouvernement-fait-le-point-2\/#breadcrumb\"},\"inLanguage\":\"fr-FR\",\"potentialAction\":[{\"@type\":\"ReadAction\",\"target\":[\"https:\/\/228news.tg\/index.php\/2017\/09\/14\/situation-socio-politique-du-pays-le-gouvernement-fait-le-point-2\/\"]}]},{\"@type\":\"ImageObject\",\"inLanguage\":\"fr-FR\",\"@id\":\"https:\/\/228news.tg\/index.php\/2017\/09\/14\/situation-socio-politique-du-pays-le-gouvernement-fait-le-point-2\/#primaryimage\",\"url\":\"https:\/\/228news.tg\/wp-content\/uploads\/2024\/09\/photo_2018-11-06_11-40-26.jpg\",\"contentUrl\":\"https:\/\/228news.tg\/wp-content\/uploads\/2024\/09\/photo_2018-11-06_11-40-26.jpg\",\"width\":1280,\"height\":960},{\"@type\":\"BreadcrumbList\",\"@id\":\"https:\/\/228news.tg\/index.php\/2017\/09\/14\/situation-socio-politique-du-pays-le-gouvernement-fait-le-point-2\/#breadcrumb\",\"itemListElement\":[{\"@type\":\"ListItem\",\"position\":1,\"name\":\"Home\",\"item\":\"https:\/\/228news.tg\/\"},{\"@type\":\"ListItem\",\"position\":2,\"name\":\"Situation socio-politique du pays: le gouvernement fait le point\"}]},{\"@type\":\"WebSite\",\"@id\":\"https:\/\/228news.tg\/#website\",\"url\":\"https:\/\/228news.tg\/\",\"name\":\"228 News\",\"description\":\"Soci\u00e9t\u00e9 de m\u00e9dias et d\u2019actualit\u00e9s\",\"publisher\":{\"@id\":\"https:\/\/228news.tg\/#organization\"},\"potentialAction\":[{\"@type\":\"SearchAction\",\"target\":{\"@type\":\"EntryPoint\",\"urlTemplate\":\"https:\/\/228news.tg\/?s={search_term_string}\"},\"query-input\":{\"@type\":\"PropertyValueSpecification\",\"valueRequired\":true,\"valueName\":\"search_term_string\"}}],\"inLanguage\":\"fr-FR\"},{\"@type\":\"Organization\",\"@id\":\"https:\/\/228news.tg\/#organization\",\"name\":\"228 News\",\"url\":\"https:\/\/228news.tg\/\",\"logo\":{\"@type\":\"ImageObject\",\"inLanguage\":\"fr-FR\",\"@id\":\"https:\/\/228news.tg\/#\/schema\/logo\/image\/\",\"url\":\"https:\/\/228news.tg\/wp-content\/uploads\/2024\/09\/logonew.png\",\"contentUrl\":\"https:\/\/228news.tg\/wp-content\/uploads\/2024\/09\/logonew.png\",\"width\":1640,\"height\":364,\"caption\":\"228 News\"},\"image\":{\"@id\":\"https:\/\/228news.tg\/#\/schema\/logo\/image\/\"}},{\"@type\":\"Person\",\"@id\":\"https:\/\/228news.tg\/#\/schema\/person\/68d5a6cc0230290e61235c8379523f52\",\"name\":\"Bienvenu SAVI\",\"image\":{\"@type\":\"ImageObject\",\"inLanguage\":\"fr-FR\",\"@id\":\"https:\/\/228news.tg\/#\/schema\/person\/image\/\",\"url\":\"https:\/\/secure.gravatar.com\/avatar\/9db91895c559e510509c33a3e9683998458e9b828fac36d5d1aa23f0f2fd369b?s=96&d=mm&r=g\",\"contentUrl\":\"https:\/\/secure.gravatar.com\/avatar\/9db91895c559e510509c33a3e9683998458e9b828fac36d5d1aa23f0f2fd369b?s=96&d=mm&r=g\",\"caption\":\"Bienvenu SAVI\"},\"url\":\"https:\/\/228news.tg\/index.php\/author\/bienvenu\/\"}]}<\/script>\n<!-- \/ Yoast SEO plugin. -->","yoast_head_json":{"title":"Situation socio-politique du pays: le gouvernement fait le point - 228 News","robots":{"index":"index","follow":"follow","max-snippet":"max-snippet:-1","max-image-preview":"max-image-preview:large","max-video-preview":"max-video-preview:-1"},"canonical":"https:\/\/228news.tg\/index.php\/2017\/09\/14\/situation-socio-politique-du-pays-le-gouvernement-fait-le-point-2\/","og_locale":"fr_FR","og_type":"article","og_title":"Situation socio-politique du pays: le gouvernement fait le point - 228 News","og_description":"Le gouvernement a fait hier \u00a013 Septembre en fin de journ\u00e9e, une conf\u00e9rence de presse sur la situation socio-politique du pays. Selon le gouvernement, depuis le 19 Ao\u00fbt, on assiste \u00e0\u00a0 \u00ab\u00a0une crise et mont\u00e9e d\u2019appels de la population \u00e0 la r\u00e9volte avec des actes qui tendent \u00e0 paralyser les activit\u00e9s \u00e9conomiques du pays\u00a0\u00bb. Et ... Lire la suite","og_url":"https:\/\/228news.tg\/index.php\/2017\/09\/14\/situation-socio-politique-du-pays-le-gouvernement-fait-le-point-2\/","og_site_name":"228 News","article_published_time":"2017-09-14T18:21:05+00:00","author":"Bienvenu SAVI","twitter_card":"summary_large_image","twitter_misc":{"\u00c9crit par":"Bienvenu SAVI","Dur\u00e9e de lecture estim\u00e9e":"2 minutes"},"schema":{"@context":"https:\/\/schema.org","@graph":[{"@type":"Article","@id":"https:\/\/228news.tg\/index.php\/2017\/09\/14\/situation-socio-politique-du-pays-le-gouvernement-fait-le-point-2\/#article","isPartOf":{"@id":"https:\/\/228news.tg\/index.php\/2017\/09\/14\/situation-socio-politique-du-pays-le-gouvernement-fait-le-point-2\/"},"author":{"name":"Bienvenu SAVI","@id":"https:\/\/228news.tg\/#\/schema\/person\/68d5a6cc0230290e61235c8379523f52"},"headline":"Situation socio-politique du pays: le gouvernement fait le point","datePublished":"2017-09-14T18:21:05+00:00","mainEntityOfPage":{"@id":"https:\/\/228news.tg\/index.php\/2017\/09\/14\/situation-socio-politique-du-pays-le-gouvernement-fait-le-point-2\/"},"wordCount":317,"commentCount":0,"publisher":{"@id":"https:\/\/228news.tg\/#organization"},"image":{"@id":"https:\/\/228news.tg\/index.php\/2017\/09\/14\/situation-socio-politique-du-pays-le-gouvernement-fait-le-point-2\/#primaryimage"},"thumbnailUrl":"https:\/\/228news.tg\/wp-content\/uploads\/2024\/09\/photo_2018-11-06_11-40-26.jpg","articleSection":["Flash","POLITIQUE","TOGO","Une"],"inLanguage":"fr-FR","potentialAction":[{"@type":"CommentAction","name":"Comment","target":["https:\/\/228news.tg\/index.php\/2017\/09\/14\/situation-socio-politique-du-pays-le-gouvernement-fait-le-point-2\/#respond"]}]},{"@type":"WebPage","@id":"https:\/\/228news.tg\/index.php\/2017\/09\/14\/situation-socio-politique-du-pays-le-gouvernement-fait-le-point-2\/","url":"https:\/\/228news.tg\/index.php\/2017\/09\/14\/situation-socio-politique-du-pays-le-gouvernement-fait-le-point-2\/","name":"Situation socio-politique du pays: le gouvernement fait le point - 228 News","isPartOf":{"@id":"https:\/\/228news.tg\/#website"},"primaryImageOfPage":{"@id":"https:\/\/228news.tg\/index.php\/2017\/09\/14\/situation-socio-politique-du-pays-le-gouvernement-fait-le-point-2\/#primaryimage"},"image":{"@id":"https:\/\/228news.tg\/index.php\/2017\/09\/14\/situation-socio-politique-du-pays-le-gouvernement-fait-le-point-2\/#primaryimage"},"thumbnailUrl":"https:\/\/228news.tg\/wp-content\/uploads\/2024\/09\/photo_2018-11-06_11-40-26.jpg","datePublished":"2017-09-14T18:21:05+00:00","breadcrumb":{"@id":"https:\/\/228news.tg\/index.php\/2017\/09\/14\/situation-socio-politique-du-pays-le-gouvernement-fait-le-point-2\/#breadcrumb"},"inLanguage":"fr-FR","potentialAction":[{"@type":"ReadAction","target":["https:\/\/228news.tg\/index.php\/2017\/09\/14\/situation-socio-politique-du-pays-le-gouvernement-fait-le-point-2\/"]}]},{"@type":"ImageObject","inLanguage":"fr-FR","@id":"https:\/\/228news.tg\/index.php\/2017\/09\/14\/situation-socio-politique-du-pays-le-gouvernement-fait-le-point-2\/#primaryimage","url":"https:\/\/228news.tg\/wp-content\/uploads\/2024\/09\/photo_2018-11-06_11-40-26.jpg","contentUrl":"https:\/\/228news.tg\/wp-content\/uploads\/2024\/09\/photo_2018-11-06_11-40-26.jpg","width":1280,"height":960},{"@type":"BreadcrumbList","@id":"https:\/\/228news.tg\/index.php\/2017\/09\/14\/situation-socio-politique-du-pays-le-gouvernement-fait-le-point-2\/#breadcrumb","itemListElement":[{"@type":"ListItem","position":1,"name":"Home","item":"https:\/\/228news.tg\/"},{"@type":"ListItem","position":2,"name":"Situation socio-politique du pays: le gouvernement fait le point"}]},{"@type":"WebSite","@id":"https:\/\/228news.tg\/#website","url":"https:\/\/228news.tg\/","name":"228 News","description":"Soci\u00e9t\u00e9 de m\u00e9dias et d\u2019actualit\u00e9s","publisher":{"@id":"https:\/\/228news.tg\/#organization"},"potentialAction":[{"@type":"SearchAction","target":{"@type":"EntryPoint","urlTemplate":"https:\/\/228news.tg\/?s={search_term_string}"},"query-input":{"@type":"PropertyValueSpecification","valueRequired":true,"valueName":"search_term_string"}}],"inLanguage":"fr-FR"},{"@type":"Organization","@id":"https:\/\/228news.tg\/#organization","name":"228 News","url":"https:\/\/228news.tg\/","logo":{"@type":"ImageObject","inLanguage":"fr-FR","@id":"https:\/\/228news.tg\/#\/schema\/logo\/image\/","url":"https:\/\/228news.tg\/wp-content\/uploads\/2024\/09\/logonew.png","contentUrl":"https:\/\/228news.tg\/wp-content\/uploads\/2024\/09\/logonew.png","width":1640,"height":364,"caption":"228 News"},"image":{"@id":"https:\/\/228news.tg\/#\/schema\/logo\/image\/"}},{"@type":"Person","@id":"https:\/\/228news.tg\/#\/schema\/person\/68d5a6cc0230290e61235c8379523f52","name":"Bienvenu SAVI","image":{"@type":"ImageObject","inLanguage":"fr-FR","@id":"https:\/\/228news.tg\/#\/schema\/person\/image\/","url":"https:\/\/secure.gravatar.com\/avatar\/9db91895c559e510509c33a3e9683998458e9b828fac36d5d1aa23f0f2fd369b?s=96&d=mm&r=g","contentUrl":"https:\/\/secure.gravatar.com\/avatar\/9db91895c559e510509c33a3e9683998458e9b828fac36d5d1aa23f0f2fd369b?s=96&d=mm&r=g","caption":"Bienvenu SAVI"},"url":"https:\/\/228news.tg\/index.php\/author\/bienvenu\/"}]}},"jetpack_featured_media_url":"https:\/\/228news.tg\/wp-content\/uploads\/2024\/09\/photo_2018-11-06_11-40-26.jpg","_links":{"self":[{"href":"https:\/\/228news.tg\/index.php\/wp-json\/wp\/v2\/posts\/14251","targetHints":{"allow":["GET"]}}],"collection":[{"href":"https:\/\/228news.tg\/index.php\/wp-json\/wp\/v2\/posts"}],"about":[{"href":"https:\/\/228news.tg\/index.php\/wp-json\/wp\/v2\/types\/post"}],"author":[{"embeddable":true,"href":"https:\/\/228news.tg\/index.php\/wp-json\/wp\/v2\/users\/2"}],"replies":[{"embeddable":true,"href":"https:\/\/228news.tg\/index.php\/wp-json\/wp\/v2\/comments?post=14251"}],"version-history":[{"count":0,"href":"https:\/\/228news.tg\/index.php\/wp-json\/wp\/v2\/posts\/14251\/revisions"}],"wp:featuredmedia":[{"embeddable":true,"href":"https:\/\/228news.tg\/index.php\/wp-json\/wp\/v2\/media\/1822"}],"wp:attachment":[{"href":"https:\/\/228news.tg\/index.php\/wp-json\/wp\/v2\/media?parent=14251"}],"wp:term":[{"taxonomy":"category","embeddable":true,"href":"https:\/\/228news.tg\/index.php\/wp-json\/wp\/v2\/categories?post=14251"},{"taxonomy":"post_tag","embeddable":true,"href":"https:\/\/228news.tg\/index.php\/wp-json\/wp\/v2\/tags?post=14251"}],"curies":[{"name":"wp","href":"https:\/\/api.w.org\/{rel}","templated":true}]}}