{"id":14244,"date":"2017-08-31T19:12:37","date_gmt":"2017-08-31T19:12:37","guid":{"rendered":"http:\/\/localhost\/site\/228news\/?p=1786"},"modified":"2017-08-31T19:12:37","modified_gmt":"2017-08-31T19:12:37","slug":"le-jmd-unit-ses-forces-a-da-ma-dit-pour-une-meilleure-sante-maternelle-et-infantile-en-afrique-2","status":"publish","type":"post","link":"https:\/\/228news.tg\/index.php\/2017\/08\/31\/le-jmd-unit-ses-forces-a-da-ma-dit-pour-une-meilleure-sante-maternelle-et-infantile-en-afrique-2\/","title":{"rendered":"Le JMD unit ses forces \u00e0 \u00ab\u00a0Da m&rsquo;a dit\u00a0\u00bb pour une meilleure sant\u00e9 maternelle et infantile en Afrique"},"content":{"rendered":"<p>\u00ab\u00a0Da m&rsquo;a dit\u00a0\u00bb, une\u00a0association continentale dont la pr\u00e9sidence est bas\u00e9e en France oeuvre depuis plusieurs ann\u00e9es au Togo dans le domaine de la sant\u00e9 maternelle et infantile, dans une approche pr\u00e9ventive.<\/p>\n<p>Avec un centre m\u00e9dico-social construit \u00e0 Yok\u00e9l\u00e9, dont les divers programmes et activit\u00e9s b\u00e9n\u00e9ficient aux populations de la pr\u00e9fecture de Kloto et de ses environs, \u00ab\u00a0Da m&rsquo;a dit vient de faire un grand bons afin d&rsquo;\u00e9tendre ses activit\u00e9s sur l&rsquo;\u00e9tendue du territoire togolais en mati\u00e8re de communication et de visibilit\u00e9.\u00a0\u00a0 <img fetchpriority=\"high\" decoding=\"async\" class=\"size-full wp-image-1769 alignleft\" src=\"http:\/\/localhost\/site\/228news\/wp-content\/uploads\/2017\/08\/d3bd6105c5f900db2b8ec98e7a1416d1.jpeg\" alt=\"\" width=\"256\" height=\"256\" \/><\/p>\n<p>En effet, l&rsquo;association vient de parapher la semaine derni\u00e8re une convention de partenariat avec les Journalistes en Mission pour le D\u00e9veloppement (JMD), un groupe de journalistes de tous genres (t\u00e9l\u00e9vision, radio, presses \u00e9crite et en ligne) qui se sont investis depuis bient\u00f4t trois (3) ans, de la noble mission d\u2019\u0153uvrer au d\u00e9veloppement du Togo \u00e0 travers leurs diff\u00e9rents canaux.<\/p>\n<p>A travers cette convention de partenariat, nous a confi\u00e9 M. Elom Kpogo, coordonnateur du JMD, \u00ab\u00a0les deux parties se sont engag\u00e9es \u00e0 \u0153uvrer \u00e0 la visibilit\u00e9 de l&rsquo;une de l&rsquo;autre \u00e0 travers un\u00a0transfert d\u2019expertise professionnelle et p\u00e9dagogique, des formations \u00e0 distance, des visites, stages et formations du personnel de chacune des parties sur le site de l\u2019autre, la participation des membres des deux parties \u00e0 des projets conjoints de recherche.\u00a0\u00bb<\/p>\n<p>Les activit\u00e9s de \u00ab\u00a0Da m&rsquo;a dit\u00a0\u00bb auront d\u00e9sormais un grand \u00e9cho sur l&rsquo;\u00e9chiquier national et international, si l&rsquo;on sait les retomb\u00e9es dont b<img decoding=\"async\" class=\"size-full wp-image-1789 alignright\" src=\"http:\/\/localhost\/site\/228news\/wp-content\/uploads\/2017\/08\/t\u00e9l\u00e9chargement-3-1.jpg\" alt=\"\" width=\"259\" height=\"194\" \/>\u00e9n\u00e9ficient les publications du JMD. L&rsquo;association en a grand besoin.<\/p>\n<p>L&rsquo;approche pr\u00e9ventive dans le domaine de la sant\u00e9 maternelle et infantile est beaucoup n\u00e9glig\u00e9e dans la soci\u00e9t\u00e9 africaine alors m\u00eame qu&rsquo;elle est tr\u00e8s efficace et moins co\u00fbteuse.<\/p>\n<p>Aussi les JMD s\u2019engagent \u00e0 conjuguer leurs efforts pour la mise en \u0153uvre de cette collaboration, conform\u00e9ment \u00e0 leur vision de d\u00e9veloppement du Togo.<\/p>\n<p>L&rsquo;\u00e9changes des\u00a0informations et des documents pertinents, la participation volontaire aux projets de collaboration, la recherche davantage mutuel, la facilitation des contacts des personnes impliqu\u00e9es dans leurs projets de collaboration, ainsi que la recherche conjointe des sources de financement pour la r\u00e9alisation de ces projets ne seront pas en marge de cette collaboration entre le JMD et l&rsquo;association \u00ab\u00a0Da m&rsquo;a dit\u00a0\u00bb.<\/p>\n<p>Nous y reviendrons.<\/p>\n<p><em>(photos: 1 logo JMD, 2 logo \u00ab\u00a0Da m&rsquo;a dit\u00a0\u00bb, 3 Chanson et comptine enfantines men\u00e9es par la pr\u00e9sidente et Directrice du centre Mme JIMINIGA \u00c9milie)<\/em><\/p>\n<p><strong>D\u00e9mocrate<\/strong><\/p>\n<p><strong>(00228) 91 85 40 14<\/strong><\/p>\n<p><strong>98 60 67 68<\/strong><\/p>\n<p><strong>democrate2010@gmail.com<\/strong><\/p>\n","protected":false},"excerpt":{"rendered":"<p>\u00ab\u00a0Da m&rsquo;a dit\u00a0\u00bb, une\u00a0association continentale dont la pr\u00e9sidence est bas\u00e9e en France oeuvre depuis plusieurs ann\u00e9es au Togo dans le domaine de la sant\u00e9 maternelle et infantile, dans une approche pr\u00e9ventive. Avec un centre m\u00e9dico-social construit \u00e0 Yok\u00e9l\u00e9, dont les divers programmes et activit\u00e9s b\u00e9n\u00e9ficient aux populations de la pr\u00e9fecture de Kloto et de ses &#8230; <a title=\"Le JMD unit ses forces \u00e0 \u00ab\u00a0Da m&rsquo;a dit\u00a0\u00bb pour une meilleure sant\u00e9 maternelle et infantile en Afrique\" class=\"read-more\" href=\"https:\/\/228news.tg\/index.php\/2017\/08\/31\/le-jmd-unit-ses-forces-a-da-ma-dit-pour-une-meilleure-sante-maternelle-et-infantile-en-afrique-2\/\" aria-label=\"En savoir plus sur Le JMD unit ses forces \u00e0 \u00ab\u00a0Da m&rsquo;a dit\u00a0\u00bb pour une meilleure sant\u00e9 maternelle et infantile en Afrique\">Lire la suite<\/a><\/p>\n","protected":false},"author":2,"featured_media":1788,"comment_status":"open","ping_status":"open","sticky":false,"template":"","format":"chat","meta":{"footnotes":""},"categories":[35,27,25,34],"tags":[],"class_list":["post-14244","post","type-post","status-publish","format-chat","has-post-thumbnail","hentry","category-flash","category-sante","category-togo","category-une","post_format-post-format-chat"],"yoast_head":"<!-- This site is optimized with the Yoast SEO plugin v26.4 - https:\/\/yoast.com\/wordpress\/plugins\/seo\/ -->\n<title>Le JMD unit ses forces \u00e0 &quot;Da m&#039;a dit&quot; pour une meilleure sant\u00e9 maternelle et infantile en Afrique - 228 News<\/title>\n<meta name=\"robots\" content=\"index, follow, max-snippet:-1, max-image-preview:large, max-video-preview:-1\" \/>\n<link rel=\"canonical\" href=\"https:\/\/228news.tg\/index.php\/2017\/08\/31\/le-jmd-unit-ses-forces-a-da-ma-dit-pour-une-meilleure-sante-maternelle-et-infantile-en-afrique-2\/\" \/>\n<meta property=\"og:locale\" content=\"fr_FR\" \/>\n<meta property=\"og:type\" content=\"article\" \/>\n<meta property=\"og:title\" content=\"Le JMD unit ses forces \u00e0 &quot;Da m&#039;a dit&quot; pour une meilleure sant\u00e9 maternelle et infantile en Afrique - 228 News\" \/>\n<meta property=\"og:description\" content=\"\u00ab\u00a0Da m&rsquo;a dit\u00a0\u00bb, une\u00a0association continentale dont la pr\u00e9sidence est bas\u00e9e en France oeuvre depuis plusieurs ann\u00e9es au Togo dans le domaine de la sant\u00e9 maternelle et infantile, dans une approche pr\u00e9ventive. Avec un centre m\u00e9dico-social construit \u00e0 Yok\u00e9l\u00e9, dont les divers programmes et activit\u00e9s b\u00e9n\u00e9ficient aux populations de la pr\u00e9fecture de Kloto et de ses ... Lire la suite\" \/>\n<meta property=\"og:url\" content=\"https:\/\/228news.tg\/index.php\/2017\/08\/31\/le-jmd-unit-ses-forces-a-da-ma-dit-pour-une-meilleure-sante-maternelle-et-infantile-en-afrique-2\/\" \/>\n<meta property=\"og:site_name\" content=\"228 News\" \/>\n<meta property=\"article:published_time\" content=\"2017-08-31T19:12:37+00:00\" \/>\n<meta property=\"og:image\" content=\"http:\/\/localhost\/site\/228news\/wp-content\/uploads\/2017\/08\/d3bd6105c5f900db2b8ec98e7a1416d1.jpeg\" \/>\n<meta name=\"author\" content=\"Bienvenu SAVI\" \/>\n<meta name=\"twitter:card\" content=\"summary_large_image\" \/>\n<meta name=\"twitter:label1\" content=\"\u00c9crit par\" \/>\n\t<meta name=\"twitter:data1\" content=\"Bienvenu SAVI\" \/>\n\t<meta name=\"twitter:label2\" content=\"Dur\u00e9e de lecture estim\u00e9e\" \/>\n\t<meta name=\"twitter:data2\" content=\"2 minutes\" \/>\n<script type=\"application\/ld+json\" class=\"yoast-schema-graph\">{\"@context\":\"https:\/\/schema.org\",\"@graph\":[{\"@type\":\"Article\",\"@id\":\"https:\/\/228news.tg\/index.php\/2017\/08\/31\/le-jmd-unit-ses-forces-a-da-ma-dit-pour-une-meilleure-sante-maternelle-et-infantile-en-afrique-2\/#article\",\"isPartOf\":{\"@id\":\"https:\/\/228news.tg\/index.php\/2017\/08\/31\/le-jmd-unit-ses-forces-a-da-ma-dit-pour-une-meilleure-sante-maternelle-et-infantile-en-afrique-2\/\"},\"author\":{\"name\":\"Bienvenu SAVI\",\"@id\":\"https:\/\/228news.tg\/#\/schema\/person\/68d5a6cc0230290e61235c8379523f52\"},\"headline\":\"Le JMD unit ses forces \u00e0 \u00ab\u00a0Da m&rsquo;a dit\u00a0\u00bb pour une meilleure sant\u00e9 maternelle et infantile en Afrique\",\"datePublished\":\"2017-08-31T19:12:37+00:00\",\"mainEntityOfPage\":{\"@id\":\"https:\/\/228news.tg\/index.php\/2017\/08\/31\/le-jmd-unit-ses-forces-a-da-ma-dit-pour-une-meilleure-sante-maternelle-et-infantile-en-afrique-2\/\"},\"wordCount\":454,\"commentCount\":0,\"publisher\":{\"@id\":\"https:\/\/228news.tg\/#organization\"},\"image\":{\"@id\":\"https:\/\/228news.tg\/index.php\/2017\/08\/31\/le-jmd-unit-ses-forces-a-da-ma-dit-pour-une-meilleure-sante-maternelle-et-infantile-en-afrique-2\/#primaryimage\"},\"thumbnailUrl\":\"https:\/\/228news.tg\/wp-content\/uploads\/2024\/09\/photo_2018-10-24_10-39-09.jpg\",\"articleSection\":[\"Flash\",\"Sant\u00e9\",\"TOGO\",\"Une\"],\"inLanguage\":\"fr-FR\",\"potentialAction\":[{\"@type\":\"CommentAction\",\"name\":\"Comment\",\"target\":[\"https:\/\/228news.tg\/index.php\/2017\/08\/31\/le-jmd-unit-ses-forces-a-da-ma-dit-pour-une-meilleure-sante-maternelle-et-infantile-en-afrique-2\/#respond\"]}]},{\"@type\":\"WebPage\",\"@id\":\"https:\/\/228news.tg\/index.php\/2017\/08\/31\/le-jmd-unit-ses-forces-a-da-ma-dit-pour-une-meilleure-sante-maternelle-et-infantile-en-afrique-2\/\",\"url\":\"https:\/\/228news.tg\/index.php\/2017\/08\/31\/le-jmd-unit-ses-forces-a-da-ma-dit-pour-une-meilleure-sante-maternelle-et-infantile-en-afrique-2\/\",\"name\":\"Le JMD unit ses forces \u00e0 \\\"Da m'a dit\\\" pour une meilleure sant\u00e9 maternelle et infantile en Afrique - 228 News\",\"isPartOf\":{\"@id\":\"https:\/\/228news.tg\/#website\"},\"primaryImageOfPage\":{\"@id\":\"https:\/\/228news.tg\/index.php\/2017\/08\/31\/le-jmd-unit-ses-forces-a-da-ma-dit-pour-une-meilleure-sante-maternelle-et-infantile-en-afrique-2\/#primaryimage\"},\"image\":{\"@id\":\"https:\/\/228news.tg\/index.php\/2017\/08\/31\/le-jmd-unit-ses-forces-a-da-ma-dit-pour-une-meilleure-sante-maternelle-et-infantile-en-afrique-2\/#primaryimage\"},\"thumbnailUrl\":\"https:\/\/228news.tg\/wp-content\/uploads\/2024\/09\/photo_2018-10-24_10-39-09.jpg\",\"datePublished\":\"2017-08-31T19:12:37+00:00\",\"breadcrumb\":{\"@id\":\"https:\/\/228news.tg\/index.php\/2017\/08\/31\/le-jmd-unit-ses-forces-a-da-ma-dit-pour-une-meilleure-sante-maternelle-et-infantile-en-afrique-2\/#breadcrumb\"},\"inLanguage\":\"fr-FR\",\"potentialAction\":[{\"@type\":\"ReadAction\",\"target\":[\"https:\/\/228news.tg\/index.php\/2017\/08\/31\/le-jmd-unit-ses-forces-a-da-ma-dit-pour-une-meilleure-sante-maternelle-et-infantile-en-afrique-2\/\"]}]},{\"@type\":\"ImageObject\",\"inLanguage\":\"fr-FR\",\"@id\":\"https:\/\/228news.tg\/index.php\/2017\/08\/31\/le-jmd-unit-ses-forces-a-da-ma-dit-pour-une-meilleure-sante-maternelle-et-infantile-en-afrique-2\/#primaryimage\",\"url\":\"https:\/\/228news.tg\/wp-content\/uploads\/2024\/09\/photo_2018-10-24_10-39-09.jpg\",\"contentUrl\":\"https:\/\/228news.tg\/wp-content\/uploads\/2024\/09\/photo_2018-10-24_10-39-09.jpg\",\"width\":1280,\"height\":960},{\"@type\":\"BreadcrumbList\",\"@id\":\"https:\/\/228news.tg\/index.php\/2017\/08\/31\/le-jmd-unit-ses-forces-a-da-ma-dit-pour-une-meilleure-sante-maternelle-et-infantile-en-afrique-2\/#breadcrumb\",\"itemListElement\":[{\"@type\":\"ListItem\",\"position\":1,\"name\":\"Home\",\"item\":\"https:\/\/228news.tg\/\"},{\"@type\":\"ListItem\",\"position\":2,\"name\":\"Le JMD unit ses forces \u00e0 \u00ab\u00a0Da m&rsquo;a dit\u00a0\u00bb pour une meilleure sant\u00e9 maternelle et infantile en Afrique\"}]},{\"@type\":\"WebSite\",\"@id\":\"https:\/\/228news.tg\/#website\",\"url\":\"https:\/\/228news.tg\/\",\"name\":\"228 News\",\"description\":\"Soci\u00e9t\u00e9 de m\u00e9dias et d\u2019actualit\u00e9s\",\"publisher\":{\"@id\":\"https:\/\/228news.tg\/#organization\"},\"potentialAction\":[{\"@type\":\"SearchAction\",\"target\":{\"@type\":\"EntryPoint\",\"urlTemplate\":\"https:\/\/228news.tg\/?s={search_term_string}\"},\"query-input\":{\"@type\":\"PropertyValueSpecification\",\"valueRequired\":true,\"valueName\":\"search_term_string\"}}],\"inLanguage\":\"fr-FR\"},{\"@type\":\"Organization\",\"@id\":\"https:\/\/228news.tg\/#organization\",\"name\":\"228 News\",\"url\":\"https:\/\/228news.tg\/\",\"logo\":{\"@type\":\"ImageObject\",\"inLanguage\":\"fr-FR\",\"@id\":\"https:\/\/228news.tg\/#\/schema\/logo\/image\/\",\"url\":\"https:\/\/228news.tg\/wp-content\/uploads\/2024\/09\/logonew.png\",\"contentUrl\":\"https:\/\/228news.tg\/wp-content\/uploads\/2024\/09\/logonew.png\",\"width\":1640,\"height\":364,\"caption\":\"228 News\"},\"image\":{\"@id\":\"https:\/\/228news.tg\/#\/schema\/logo\/image\/\"}},{\"@type\":\"Person\",\"@id\":\"https:\/\/228news.tg\/#\/schema\/person\/68d5a6cc0230290e61235c8379523f52\",\"name\":\"Bienvenu SAVI\",\"image\":{\"@type\":\"ImageObject\",\"inLanguage\":\"fr-FR\",\"@id\":\"https:\/\/228news.tg\/#\/schema\/person\/image\/\",\"url\":\"https:\/\/secure.gravatar.com\/avatar\/9db91895c559e510509c33a3e9683998458e9b828fac36d5d1aa23f0f2fd369b?s=96&d=mm&r=g\",\"contentUrl\":\"https:\/\/secure.gravatar.com\/avatar\/9db91895c559e510509c33a3e9683998458e9b828fac36d5d1aa23f0f2fd369b?s=96&d=mm&r=g\",\"caption\":\"Bienvenu SAVI\"},\"url\":\"https:\/\/228news.tg\/index.php\/author\/bienvenu\/\"}]}<\/script>\n<!-- \/ Yoast SEO plugin. -->","yoast_head_json":{"title":"Le JMD unit ses forces \u00e0 \"Da m'a dit\" pour une meilleure sant\u00e9 maternelle et infantile en Afrique - 228 News","robots":{"index":"index","follow":"follow","max-snippet":"max-snippet:-1","max-image-preview":"max-image-preview:large","max-video-preview":"max-video-preview:-1"},"canonical":"https:\/\/228news.tg\/index.php\/2017\/08\/31\/le-jmd-unit-ses-forces-a-da-ma-dit-pour-une-meilleure-sante-maternelle-et-infantile-en-afrique-2\/","og_locale":"fr_FR","og_type":"article","og_title":"Le JMD unit ses forces \u00e0 \"Da m'a dit\" pour une meilleure sant\u00e9 maternelle et infantile en Afrique - 228 News","og_description":"\u00ab\u00a0Da m&rsquo;a dit\u00a0\u00bb, une\u00a0association continentale dont la pr\u00e9sidence est bas\u00e9e en France oeuvre depuis plusieurs ann\u00e9es au Togo dans le domaine de la sant\u00e9 maternelle et infantile, dans une approche pr\u00e9ventive. Avec un centre m\u00e9dico-social construit \u00e0 Yok\u00e9l\u00e9, dont les divers programmes et activit\u00e9s b\u00e9n\u00e9ficient aux populations de la pr\u00e9fecture de Kloto et de ses ... Lire la suite","og_url":"https:\/\/228news.tg\/index.php\/2017\/08\/31\/le-jmd-unit-ses-forces-a-da-ma-dit-pour-une-meilleure-sante-maternelle-et-infantile-en-afrique-2\/","og_site_name":"228 News","article_published_time":"2017-08-31T19:12:37+00:00","og_image":[{"url":"http:\/\/localhost\/site\/228news\/wp-content\/uploads\/2017\/08\/d3bd6105c5f900db2b8ec98e7a1416d1.jpeg","type":"","width":"","height":""}],"author":"Bienvenu SAVI","twitter_card":"summary_large_image","twitter_misc":{"\u00c9crit par":"Bienvenu SAVI","Dur\u00e9e de lecture estim\u00e9e":"2 minutes"},"schema":{"@context":"https:\/\/schema.org","@graph":[{"@type":"Article","@id":"https:\/\/228news.tg\/index.php\/2017\/08\/31\/le-jmd-unit-ses-forces-a-da-ma-dit-pour-une-meilleure-sante-maternelle-et-infantile-en-afrique-2\/#article","isPartOf":{"@id":"https:\/\/228news.tg\/index.php\/2017\/08\/31\/le-jmd-unit-ses-forces-a-da-ma-dit-pour-une-meilleure-sante-maternelle-et-infantile-en-afrique-2\/"},"author":{"name":"Bienvenu SAVI","@id":"https:\/\/228news.tg\/#\/schema\/person\/68d5a6cc0230290e61235c8379523f52"},"headline":"Le JMD unit ses forces \u00e0 \u00ab\u00a0Da m&rsquo;a dit\u00a0\u00bb pour une meilleure sant\u00e9 maternelle et infantile en Afrique","datePublished":"2017-08-31T19:12:37+00:00","mainEntityOfPage":{"@id":"https:\/\/228news.tg\/index.php\/2017\/08\/31\/le-jmd-unit-ses-forces-a-da-ma-dit-pour-une-meilleure-sante-maternelle-et-infantile-en-afrique-2\/"},"wordCount":454,"commentCount":0,"publisher":{"@id":"https:\/\/228news.tg\/#organization"},"image":{"@id":"https:\/\/228news.tg\/index.php\/2017\/08\/31\/le-jmd-unit-ses-forces-a-da-ma-dit-pour-une-meilleure-sante-maternelle-et-infantile-en-afrique-2\/#primaryimage"},"thumbnailUrl":"https:\/\/228news.tg\/wp-content\/uploads\/2024\/09\/photo_2018-10-24_10-39-09.jpg","articleSection":["Flash","Sant\u00e9","TOGO","Une"],"inLanguage":"fr-FR","potentialAction":[{"@type":"CommentAction","name":"Comment","target":["https:\/\/228news.tg\/index.php\/2017\/08\/31\/le-jmd-unit-ses-forces-a-da-ma-dit-pour-une-meilleure-sante-maternelle-et-infantile-en-afrique-2\/#respond"]}]},{"@type":"WebPage","@id":"https:\/\/228news.tg\/index.php\/2017\/08\/31\/le-jmd-unit-ses-forces-a-da-ma-dit-pour-une-meilleure-sante-maternelle-et-infantile-en-afrique-2\/","url":"https:\/\/228news.tg\/index.php\/2017\/08\/31\/le-jmd-unit-ses-forces-a-da-ma-dit-pour-une-meilleure-sante-maternelle-et-infantile-en-afrique-2\/","name":"Le JMD unit ses forces \u00e0 \"Da m'a dit\" pour une meilleure sant\u00e9 maternelle et infantile en Afrique - 228 News","isPartOf":{"@id":"https:\/\/228news.tg\/#website"},"primaryImageOfPage":{"@id":"https:\/\/228news.tg\/index.php\/2017\/08\/31\/le-jmd-unit-ses-forces-a-da-ma-dit-pour-une-meilleure-sante-maternelle-et-infantile-en-afrique-2\/#primaryimage"},"image":{"@id":"https:\/\/228news.tg\/index.php\/2017\/08\/31\/le-jmd-unit-ses-forces-a-da-ma-dit-pour-une-meilleure-sante-maternelle-et-infantile-en-afrique-2\/#primaryimage"},"thumbnailUrl":"https:\/\/228news.tg\/wp-content\/uploads\/2024\/09\/photo_2018-10-24_10-39-09.jpg","datePublished":"2017-08-31T19:12:37+00:00","breadcrumb":{"@id":"https:\/\/228news.tg\/index.php\/2017\/08\/31\/le-jmd-unit-ses-forces-a-da-ma-dit-pour-une-meilleure-sante-maternelle-et-infantile-en-afrique-2\/#breadcrumb"},"inLanguage":"fr-FR","potentialAction":[{"@type":"ReadAction","target":["https:\/\/228news.tg\/index.php\/2017\/08\/31\/le-jmd-unit-ses-forces-a-da-ma-dit-pour-une-meilleure-sante-maternelle-et-infantile-en-afrique-2\/"]}]},{"@type":"ImageObject","inLanguage":"fr-FR","@id":"https:\/\/228news.tg\/index.php\/2017\/08\/31\/le-jmd-unit-ses-forces-a-da-ma-dit-pour-une-meilleure-sante-maternelle-et-infantile-en-afrique-2\/#primaryimage","url":"https:\/\/228news.tg\/wp-content\/uploads\/2024\/09\/photo_2018-10-24_10-39-09.jpg","contentUrl":"https:\/\/228news.tg\/wp-content\/uploads\/2024\/09\/photo_2018-10-24_10-39-09.jpg","width":1280,"height":960},{"@type":"BreadcrumbList","@id":"https:\/\/228news.tg\/index.php\/2017\/08\/31\/le-jmd-unit-ses-forces-a-da-ma-dit-pour-une-meilleure-sante-maternelle-et-infantile-en-afrique-2\/#breadcrumb","itemListElement":[{"@type":"ListItem","position":1,"name":"Home","item":"https:\/\/228news.tg\/"},{"@type":"ListItem","position":2,"name":"Le JMD unit ses forces \u00e0 \u00ab\u00a0Da m&rsquo;a dit\u00a0\u00bb pour une meilleure sant\u00e9 maternelle et infantile en Afrique"}]},{"@type":"WebSite","@id":"https:\/\/228news.tg\/#website","url":"https:\/\/228news.tg\/","name":"228 News","description":"Soci\u00e9t\u00e9 de m\u00e9dias et d\u2019actualit\u00e9s","publisher":{"@id":"https:\/\/228news.tg\/#organization"},"potentialAction":[{"@type":"SearchAction","target":{"@type":"EntryPoint","urlTemplate":"https:\/\/228news.tg\/?s={search_term_string}"},"query-input":{"@type":"PropertyValueSpecification","valueRequired":true,"valueName":"search_term_string"}}],"inLanguage":"fr-FR"},{"@type":"Organization","@id":"https:\/\/228news.tg\/#organization","name":"228 News","url":"https:\/\/228news.tg\/","logo":{"@type":"ImageObject","inLanguage":"fr-FR","@id":"https:\/\/228news.tg\/#\/schema\/logo\/image\/","url":"https:\/\/228news.tg\/wp-content\/uploads\/2024\/09\/logonew.png","contentUrl":"https:\/\/228news.tg\/wp-content\/uploads\/2024\/09\/logonew.png","width":1640,"height":364,"caption":"228 News"},"image":{"@id":"https:\/\/228news.tg\/#\/schema\/logo\/image\/"}},{"@type":"Person","@id":"https:\/\/228news.tg\/#\/schema\/person\/68d5a6cc0230290e61235c8379523f52","name":"Bienvenu SAVI","image":{"@type":"ImageObject","inLanguage":"fr-FR","@id":"https:\/\/228news.tg\/#\/schema\/person\/image\/","url":"https:\/\/secure.gravatar.com\/avatar\/9db91895c559e510509c33a3e9683998458e9b828fac36d5d1aa23f0f2fd369b?s=96&d=mm&r=g","contentUrl":"https:\/\/secure.gravatar.com\/avatar\/9db91895c559e510509c33a3e9683998458e9b828fac36d5d1aa23f0f2fd369b?s=96&d=mm&r=g","caption":"Bienvenu SAVI"},"url":"https:\/\/228news.tg\/index.php\/author\/bienvenu\/"}]}},"jetpack_featured_media_url":"https:\/\/228news.tg\/wp-content\/uploads\/2024\/09\/photo_2018-10-24_10-39-09.jpg","_links":{"self":[{"href":"https:\/\/228news.tg\/index.php\/wp-json\/wp\/v2\/posts\/14244","targetHints":{"allow":["GET"]}}],"collection":[{"href":"https:\/\/228news.tg\/index.php\/wp-json\/wp\/v2\/posts"}],"about":[{"href":"https:\/\/228news.tg\/index.php\/wp-json\/wp\/v2\/types\/post"}],"author":[{"embeddable":true,"href":"https:\/\/228news.tg\/index.php\/wp-json\/wp\/v2\/users\/2"}],"replies":[{"embeddable":true,"href":"https:\/\/228news.tg\/index.php\/wp-json\/wp\/v2\/comments?post=14244"}],"version-history":[{"count":0,"href":"https:\/\/228news.tg\/index.php\/wp-json\/wp\/v2\/posts\/14244\/revisions"}],"wp:featuredmedia":[{"embeddable":true,"href":"https:\/\/228news.tg\/index.php\/wp-json\/wp\/v2\/media\/1788"}],"wp:attachment":[{"href":"https:\/\/228news.tg\/index.php\/wp-json\/wp\/v2\/media?parent=14244"}],"wp:term":[{"taxonomy":"category","embeddable":true,"href":"https:\/\/228news.tg\/index.php\/wp-json\/wp\/v2\/categories?post=14244"},{"taxonomy":"post_tag","embeddable":true,"href":"https:\/\/228news.tg\/index.php\/wp-json\/wp\/v2\/tags?post=14244"}],"curies":[{"name":"wp","href":"https:\/\/api.w.org\/{rel}","templated":true}]}}