{"id":14238,"date":"2017-08-29T09:46:35","date_gmt":"2017-08-29T09:46:35","guid":{"rendered":"http:\/\/localhost\/site\/228news\/?p=1761"},"modified":"2017-08-29T09:46:35","modified_gmt":"2017-08-29T09:46:35","slug":"les-formateurs-de-lotr-a-lecole-des-techniques-de-communication-2","status":"publish","type":"post","link":"https:\/\/228news.tg\/index.php\/2017\/08\/29\/les-formateurs-de-lotr-a-lecole-des-techniques-de-communication-2\/","title":{"rendered":"Les formateurs de l&rsquo;OTR \u00e0 l&rsquo;\u00e9cole des techniques de communication"},"content":{"rendered":"<p>Une formation des formateurs de l\u2019Office Togolais des Recettes (OTR) a d\u00e9marr\u00e9 ce lundi 228 ao\u00fbt dans la capitale togolaise. Pr\u00e9vue pour une dur\u00e9e de deux semaines \u00e0 deux vagues de formateurs, \u00e0 raison d\u2019une vague par semaine, cette formation est ax\u00e9e sur les techniques de formation de ces formateurs \u00e0 l\u2019endroits du contribuable afin de mieux \u00eatre \u00e0 leur \u00e9coute et de mieux leur inculquer les notions de civisme fiscal, ainsi que les valeurs et bien fond\u00e9 d\u2019un acquittement de sa charge fiscale.<\/p>\n<p>Ouverte en pr\u00e9sence de Mme Jeanne Magbega, directrice de la communication de l\u2019OTR, ainsi que des partenaires de l\u2019OTR, cette formation assur\u00e9e par l\u2019Ecole Sup\u00e9rieure des Techniques et Arts de la Communication (ESTAC) avec d\u2019\u00e9minents formateurs \u00e0 l\u2019instar de M. Donko Balogou sera ax\u00e9e sur les techniques et m\u00e9thodes d\u2019animation, les aptitudes et qualit\u00e9s du formateur, des \u00e9tudes de cas et exercices pratiques afin de vivre certaines r\u00e9alit\u00e9s du terrain.<\/p>\n<p>L\u2019importance de la communication pour le formateur, la communication interpersonnelle notamment les principes de base et pratiques ne seront pas en marge de cette formation. A l\u2019issue de cette semaine de formation, ces formateurs de l\u2019OTR seront aguerris et renforc\u00e9s afin de mieux remplir leur fonction et r\u00e9pondre \u00e0 toutes les inqui\u00e9tudes du contribuable togolais.<\/p>\n<p><strong>228news<\/strong><\/p>\n","protected":false},"excerpt":{"rendered":"<p>Une formation des formateurs de l\u2019Office Togolais des Recettes (OTR) a d\u00e9marr\u00e9 ce lundi 228 ao\u00fbt dans la capitale togolaise. Pr\u00e9vue pour une dur\u00e9e de deux semaines \u00e0 deux vagues de formateurs, \u00e0 raison d\u2019une vague par semaine, cette formation est ax\u00e9e sur les techniques de formation de ces formateurs \u00e0 l\u2019endroits du contribuable afin &#8230; <a title=\"Les formateurs de l&rsquo;OTR \u00e0 l&rsquo;\u00e9cole des techniques de communication\" class=\"read-more\" href=\"https:\/\/228news.tg\/index.php\/2017\/08\/29\/les-formateurs-de-lotr-a-lecole-des-techniques-de-communication-2\/\" aria-label=\"En savoir plus sur Les formateurs de l&rsquo;OTR \u00e0 l&rsquo;\u00e9cole des techniques de communication\">Lire la suite<\/a><\/p>\n","protected":false},"author":2,"featured_media":1762,"comment_status":"open","ping_status":"open","sticky":false,"template":"","format":"chat","meta":{"footnotes":""},"categories":[30,35,25,34],"tags":[],"class_list":["post-14238","post","type-post","status-publish","format-chat","has-post-thumbnail","hentry","category-economie","category-flash","category-togo","category-une","post_format-post-format-chat"],"yoast_head":"<!-- This site is optimized with the Yoast SEO plugin v26.4 - https:\/\/yoast.com\/wordpress\/plugins\/seo\/ -->\n<title>Les formateurs de l&#039;OTR \u00e0 l&#039;\u00e9cole des techniques de communication - 228 News<\/title>\n<meta name=\"robots\" content=\"index, follow, max-snippet:-1, max-image-preview:large, max-video-preview:-1\" \/>\n<link rel=\"canonical\" href=\"https:\/\/228news.tg\/index.php\/2017\/08\/29\/les-formateurs-de-lotr-a-lecole-des-techniques-de-communication-2\/\" \/>\n<meta property=\"og:locale\" content=\"fr_FR\" \/>\n<meta property=\"og:type\" content=\"article\" \/>\n<meta property=\"og:title\" content=\"Les formateurs de l&#039;OTR \u00e0 l&#039;\u00e9cole des techniques de communication - 228 News\" \/>\n<meta property=\"og:description\" content=\"Une formation des formateurs de l\u2019Office Togolais des Recettes (OTR) a d\u00e9marr\u00e9 ce lundi 228 ao\u00fbt dans la capitale togolaise. Pr\u00e9vue pour une dur\u00e9e de deux semaines \u00e0 deux vagues de formateurs, \u00e0 raison d\u2019une vague par semaine, cette formation est ax\u00e9e sur les techniques de formation de ces formateurs \u00e0 l\u2019endroits du contribuable afin ... Lire la suite\" \/>\n<meta property=\"og:url\" content=\"https:\/\/228news.tg\/index.php\/2017\/08\/29\/les-formateurs-de-lotr-a-lecole-des-techniques-de-communication-2\/\" \/>\n<meta property=\"og:site_name\" content=\"228 News\" \/>\n<meta property=\"article:published_time\" content=\"2017-08-29T09:46:35+00:00\" \/>\n<meta name=\"author\" content=\"Bienvenu SAVI\" \/>\n<meta name=\"twitter:card\" content=\"summary_large_image\" \/>\n<meta name=\"twitter:label1\" content=\"\u00c9crit par\" \/>\n\t<meta name=\"twitter:data1\" content=\"Bienvenu SAVI\" \/>\n\t<meta name=\"twitter:label2\" content=\"Dur\u00e9e de lecture estim\u00e9e\" \/>\n\t<meta name=\"twitter:data2\" content=\"1 minute\" \/>\n<script type=\"application\/ld+json\" class=\"yoast-schema-graph\">{\"@context\":\"https:\/\/schema.org\",\"@graph\":[{\"@type\":\"Article\",\"@id\":\"https:\/\/228news.tg\/index.php\/2017\/08\/29\/les-formateurs-de-lotr-a-lecole-des-techniques-de-communication-2\/#article\",\"isPartOf\":{\"@id\":\"https:\/\/228news.tg\/index.php\/2017\/08\/29\/les-formateurs-de-lotr-a-lecole-des-techniques-de-communication-2\/\"},\"author\":{\"name\":\"Bienvenu SAVI\",\"@id\":\"https:\/\/228news.tg\/#\/schema\/person\/68d5a6cc0230290e61235c8379523f52\"},\"headline\":\"Les formateurs de l&rsquo;OTR \u00e0 l&rsquo;\u00e9cole des techniques de communication\",\"datePublished\":\"2017-08-29T09:46:35+00:00\",\"mainEntityOfPage\":{\"@id\":\"https:\/\/228news.tg\/index.php\/2017\/08\/29\/les-formateurs-de-lotr-a-lecole-des-techniques-de-communication-2\/\"},\"wordCount\":243,\"commentCount\":0,\"publisher\":{\"@id\":\"https:\/\/228news.tg\/#organization\"},\"image\":{\"@id\":\"https:\/\/228news.tg\/index.php\/2017\/08\/29\/les-formateurs-de-lotr-a-lecole-des-techniques-de-communication-2\/#primaryimage\"},\"thumbnailUrl\":\"https:\/\/228news.tg\/wp-content\/uploads\/2024\/09\/photo_2018-10-15_21-14-28.jpg\",\"articleSection\":[\"ECONOMIE\",\"Flash\",\"TOGO\",\"Une\"],\"inLanguage\":\"fr-FR\",\"potentialAction\":[{\"@type\":\"CommentAction\",\"name\":\"Comment\",\"target\":[\"https:\/\/228news.tg\/index.php\/2017\/08\/29\/les-formateurs-de-lotr-a-lecole-des-techniques-de-communication-2\/#respond\"]}]},{\"@type\":\"WebPage\",\"@id\":\"https:\/\/228news.tg\/index.php\/2017\/08\/29\/les-formateurs-de-lotr-a-lecole-des-techniques-de-communication-2\/\",\"url\":\"https:\/\/228news.tg\/index.php\/2017\/08\/29\/les-formateurs-de-lotr-a-lecole-des-techniques-de-communication-2\/\",\"name\":\"Les formateurs de l'OTR \u00e0 l'\u00e9cole des techniques de communication - 228 News\",\"isPartOf\":{\"@id\":\"https:\/\/228news.tg\/#website\"},\"primaryImageOfPage\":{\"@id\":\"https:\/\/228news.tg\/index.php\/2017\/08\/29\/les-formateurs-de-lotr-a-lecole-des-techniques-de-communication-2\/#primaryimage\"},\"image\":{\"@id\":\"https:\/\/228news.tg\/index.php\/2017\/08\/29\/les-formateurs-de-lotr-a-lecole-des-techniques-de-communication-2\/#primaryimage\"},\"thumbnailUrl\":\"https:\/\/228news.tg\/wp-content\/uploads\/2024\/09\/photo_2018-10-15_21-14-28.jpg\",\"datePublished\":\"2017-08-29T09:46:35+00:00\",\"breadcrumb\":{\"@id\":\"https:\/\/228news.tg\/index.php\/2017\/08\/29\/les-formateurs-de-lotr-a-lecole-des-techniques-de-communication-2\/#breadcrumb\"},\"inLanguage\":\"fr-FR\",\"potentialAction\":[{\"@type\":\"ReadAction\",\"target\":[\"https:\/\/228news.tg\/index.php\/2017\/08\/29\/les-formateurs-de-lotr-a-lecole-des-techniques-de-communication-2\/\"]}]},{\"@type\":\"ImageObject\",\"inLanguage\":\"fr-FR\",\"@id\":\"https:\/\/228news.tg\/index.php\/2017\/08\/29\/les-formateurs-de-lotr-a-lecole-des-techniques-de-communication-2\/#primaryimage\",\"url\":\"https:\/\/228news.tg\/wp-content\/uploads\/2024\/09\/photo_2018-10-15_21-14-28.jpg\",\"contentUrl\":\"https:\/\/228news.tg\/wp-content\/uploads\/2024\/09\/photo_2018-10-15_21-14-28.jpg\",\"width\":1280,\"height\":960},{\"@type\":\"BreadcrumbList\",\"@id\":\"https:\/\/228news.tg\/index.php\/2017\/08\/29\/les-formateurs-de-lotr-a-lecole-des-techniques-de-communication-2\/#breadcrumb\",\"itemListElement\":[{\"@type\":\"ListItem\",\"position\":1,\"name\":\"Home\",\"item\":\"https:\/\/228news.tg\/\"},{\"@type\":\"ListItem\",\"position\":2,\"name\":\"Les formateurs de l&rsquo;OTR \u00e0 l&rsquo;\u00e9cole des techniques de communication\"}]},{\"@type\":\"WebSite\",\"@id\":\"https:\/\/228news.tg\/#website\",\"url\":\"https:\/\/228news.tg\/\",\"name\":\"228 News\",\"description\":\"Soci\u00e9t\u00e9 de m\u00e9dias et d\u2019actualit\u00e9s\",\"publisher\":{\"@id\":\"https:\/\/228news.tg\/#organization\"},\"potentialAction\":[{\"@type\":\"SearchAction\",\"target\":{\"@type\":\"EntryPoint\",\"urlTemplate\":\"https:\/\/228news.tg\/?s={search_term_string}\"},\"query-input\":{\"@type\":\"PropertyValueSpecification\",\"valueRequired\":true,\"valueName\":\"search_term_string\"}}],\"inLanguage\":\"fr-FR\"},{\"@type\":\"Organization\",\"@id\":\"https:\/\/228news.tg\/#organization\",\"name\":\"228 News\",\"url\":\"https:\/\/228news.tg\/\",\"logo\":{\"@type\":\"ImageObject\",\"inLanguage\":\"fr-FR\",\"@id\":\"https:\/\/228news.tg\/#\/schema\/logo\/image\/\",\"url\":\"https:\/\/228news.tg\/wp-content\/uploads\/2024\/09\/logonew.png\",\"contentUrl\":\"https:\/\/228news.tg\/wp-content\/uploads\/2024\/09\/logonew.png\",\"width\":1640,\"height\":364,\"caption\":\"228 News\"},\"image\":{\"@id\":\"https:\/\/228news.tg\/#\/schema\/logo\/image\/\"}},{\"@type\":\"Person\",\"@id\":\"https:\/\/228news.tg\/#\/schema\/person\/68d5a6cc0230290e61235c8379523f52\",\"name\":\"Bienvenu SAVI\",\"image\":{\"@type\":\"ImageObject\",\"inLanguage\":\"fr-FR\",\"@id\":\"https:\/\/228news.tg\/#\/schema\/person\/image\/\",\"url\":\"https:\/\/secure.gravatar.com\/avatar\/9db91895c559e510509c33a3e9683998458e9b828fac36d5d1aa23f0f2fd369b?s=96&d=mm&r=g\",\"contentUrl\":\"https:\/\/secure.gravatar.com\/avatar\/9db91895c559e510509c33a3e9683998458e9b828fac36d5d1aa23f0f2fd369b?s=96&d=mm&r=g\",\"caption\":\"Bienvenu SAVI\"},\"url\":\"https:\/\/228news.tg\/index.php\/author\/bienvenu\/\"}]}<\/script>\n<!-- \/ Yoast SEO plugin. -->","yoast_head_json":{"title":"Les formateurs de l'OTR \u00e0 l'\u00e9cole des techniques de communication - 228 News","robots":{"index":"index","follow":"follow","max-snippet":"max-snippet:-1","max-image-preview":"max-image-preview:large","max-video-preview":"max-video-preview:-1"},"canonical":"https:\/\/228news.tg\/index.php\/2017\/08\/29\/les-formateurs-de-lotr-a-lecole-des-techniques-de-communication-2\/","og_locale":"fr_FR","og_type":"article","og_title":"Les formateurs de l'OTR \u00e0 l'\u00e9cole des techniques de communication - 228 News","og_description":"Une formation des formateurs de l\u2019Office Togolais des Recettes (OTR) a d\u00e9marr\u00e9 ce lundi 228 ao\u00fbt dans la capitale togolaise. Pr\u00e9vue pour une dur\u00e9e de deux semaines \u00e0 deux vagues de formateurs, \u00e0 raison d\u2019une vague par semaine, cette formation est ax\u00e9e sur les techniques de formation de ces formateurs \u00e0 l\u2019endroits du contribuable afin ... Lire la suite","og_url":"https:\/\/228news.tg\/index.php\/2017\/08\/29\/les-formateurs-de-lotr-a-lecole-des-techniques-de-communication-2\/","og_site_name":"228 News","article_published_time":"2017-08-29T09:46:35+00:00","author":"Bienvenu SAVI","twitter_card":"summary_large_image","twitter_misc":{"\u00c9crit par":"Bienvenu SAVI","Dur\u00e9e de lecture estim\u00e9e":"1 minute"},"schema":{"@context":"https:\/\/schema.org","@graph":[{"@type":"Article","@id":"https:\/\/228news.tg\/index.php\/2017\/08\/29\/les-formateurs-de-lotr-a-lecole-des-techniques-de-communication-2\/#article","isPartOf":{"@id":"https:\/\/228news.tg\/index.php\/2017\/08\/29\/les-formateurs-de-lotr-a-lecole-des-techniques-de-communication-2\/"},"author":{"name":"Bienvenu SAVI","@id":"https:\/\/228news.tg\/#\/schema\/person\/68d5a6cc0230290e61235c8379523f52"},"headline":"Les formateurs de l&rsquo;OTR \u00e0 l&rsquo;\u00e9cole des techniques de communication","datePublished":"2017-08-29T09:46:35+00:00","mainEntityOfPage":{"@id":"https:\/\/228news.tg\/index.php\/2017\/08\/29\/les-formateurs-de-lotr-a-lecole-des-techniques-de-communication-2\/"},"wordCount":243,"commentCount":0,"publisher":{"@id":"https:\/\/228news.tg\/#organization"},"image":{"@id":"https:\/\/228news.tg\/index.php\/2017\/08\/29\/les-formateurs-de-lotr-a-lecole-des-techniques-de-communication-2\/#primaryimage"},"thumbnailUrl":"https:\/\/228news.tg\/wp-content\/uploads\/2024\/09\/photo_2018-10-15_21-14-28.jpg","articleSection":["ECONOMIE","Flash","TOGO","Une"],"inLanguage":"fr-FR","potentialAction":[{"@type":"CommentAction","name":"Comment","target":["https:\/\/228news.tg\/index.php\/2017\/08\/29\/les-formateurs-de-lotr-a-lecole-des-techniques-de-communication-2\/#respond"]}]},{"@type":"WebPage","@id":"https:\/\/228news.tg\/index.php\/2017\/08\/29\/les-formateurs-de-lotr-a-lecole-des-techniques-de-communication-2\/","url":"https:\/\/228news.tg\/index.php\/2017\/08\/29\/les-formateurs-de-lotr-a-lecole-des-techniques-de-communication-2\/","name":"Les formateurs de l'OTR \u00e0 l'\u00e9cole des techniques de communication - 228 News","isPartOf":{"@id":"https:\/\/228news.tg\/#website"},"primaryImageOfPage":{"@id":"https:\/\/228news.tg\/index.php\/2017\/08\/29\/les-formateurs-de-lotr-a-lecole-des-techniques-de-communication-2\/#primaryimage"},"image":{"@id":"https:\/\/228news.tg\/index.php\/2017\/08\/29\/les-formateurs-de-lotr-a-lecole-des-techniques-de-communication-2\/#primaryimage"},"thumbnailUrl":"https:\/\/228news.tg\/wp-content\/uploads\/2024\/09\/photo_2018-10-15_21-14-28.jpg","datePublished":"2017-08-29T09:46:35+00:00","breadcrumb":{"@id":"https:\/\/228news.tg\/index.php\/2017\/08\/29\/les-formateurs-de-lotr-a-lecole-des-techniques-de-communication-2\/#breadcrumb"},"inLanguage":"fr-FR","potentialAction":[{"@type":"ReadAction","target":["https:\/\/228news.tg\/index.php\/2017\/08\/29\/les-formateurs-de-lotr-a-lecole-des-techniques-de-communication-2\/"]}]},{"@type":"ImageObject","inLanguage":"fr-FR","@id":"https:\/\/228news.tg\/index.php\/2017\/08\/29\/les-formateurs-de-lotr-a-lecole-des-techniques-de-communication-2\/#primaryimage","url":"https:\/\/228news.tg\/wp-content\/uploads\/2024\/09\/photo_2018-10-15_21-14-28.jpg","contentUrl":"https:\/\/228news.tg\/wp-content\/uploads\/2024\/09\/photo_2018-10-15_21-14-28.jpg","width":1280,"height":960},{"@type":"BreadcrumbList","@id":"https:\/\/228news.tg\/index.php\/2017\/08\/29\/les-formateurs-de-lotr-a-lecole-des-techniques-de-communication-2\/#breadcrumb","itemListElement":[{"@type":"ListItem","position":1,"name":"Home","item":"https:\/\/228news.tg\/"},{"@type":"ListItem","position":2,"name":"Les formateurs de l&rsquo;OTR \u00e0 l&rsquo;\u00e9cole des techniques de communication"}]},{"@type":"WebSite","@id":"https:\/\/228news.tg\/#website","url":"https:\/\/228news.tg\/","name":"228 News","description":"Soci\u00e9t\u00e9 de m\u00e9dias et d\u2019actualit\u00e9s","publisher":{"@id":"https:\/\/228news.tg\/#organization"},"potentialAction":[{"@type":"SearchAction","target":{"@type":"EntryPoint","urlTemplate":"https:\/\/228news.tg\/?s={search_term_string}"},"query-input":{"@type":"PropertyValueSpecification","valueRequired":true,"valueName":"search_term_string"}}],"inLanguage":"fr-FR"},{"@type":"Organization","@id":"https:\/\/228news.tg\/#organization","name":"228 News","url":"https:\/\/228news.tg\/","logo":{"@type":"ImageObject","inLanguage":"fr-FR","@id":"https:\/\/228news.tg\/#\/schema\/logo\/image\/","url":"https:\/\/228news.tg\/wp-content\/uploads\/2024\/09\/logonew.png","contentUrl":"https:\/\/228news.tg\/wp-content\/uploads\/2024\/09\/logonew.png","width":1640,"height":364,"caption":"228 News"},"image":{"@id":"https:\/\/228news.tg\/#\/schema\/logo\/image\/"}},{"@type":"Person","@id":"https:\/\/228news.tg\/#\/schema\/person\/68d5a6cc0230290e61235c8379523f52","name":"Bienvenu SAVI","image":{"@type":"ImageObject","inLanguage":"fr-FR","@id":"https:\/\/228news.tg\/#\/schema\/person\/image\/","url":"https:\/\/secure.gravatar.com\/avatar\/9db91895c559e510509c33a3e9683998458e9b828fac36d5d1aa23f0f2fd369b?s=96&d=mm&r=g","contentUrl":"https:\/\/secure.gravatar.com\/avatar\/9db91895c559e510509c33a3e9683998458e9b828fac36d5d1aa23f0f2fd369b?s=96&d=mm&r=g","caption":"Bienvenu SAVI"},"url":"https:\/\/228news.tg\/index.php\/author\/bienvenu\/"}]}},"jetpack_featured_media_url":"https:\/\/228news.tg\/wp-content\/uploads\/2024\/09\/photo_2018-10-15_21-14-28.jpg","_links":{"self":[{"href":"https:\/\/228news.tg\/index.php\/wp-json\/wp\/v2\/posts\/14238","targetHints":{"allow":["GET"]}}],"collection":[{"href":"https:\/\/228news.tg\/index.php\/wp-json\/wp\/v2\/posts"}],"about":[{"href":"https:\/\/228news.tg\/index.php\/wp-json\/wp\/v2\/types\/post"}],"author":[{"embeddable":true,"href":"https:\/\/228news.tg\/index.php\/wp-json\/wp\/v2\/users\/2"}],"replies":[{"embeddable":true,"href":"https:\/\/228news.tg\/index.php\/wp-json\/wp\/v2\/comments?post=14238"}],"version-history":[{"count":0,"href":"https:\/\/228news.tg\/index.php\/wp-json\/wp\/v2\/posts\/14238\/revisions"}],"wp:featuredmedia":[{"embeddable":true,"href":"https:\/\/228news.tg\/index.php\/wp-json\/wp\/v2\/media\/1762"}],"wp:attachment":[{"href":"https:\/\/228news.tg\/index.php\/wp-json\/wp\/v2\/media?parent=14238"}],"wp:term":[{"taxonomy":"category","embeddable":true,"href":"https:\/\/228news.tg\/index.php\/wp-json\/wp\/v2\/categories?post=14238"},{"taxonomy":"post_tag","embeddable":true,"href":"https:\/\/228news.tg\/index.php\/wp-json\/wp\/v2\/tags?post=14238"}],"curies":[{"name":"wp","href":"https:\/\/api.w.org\/{rel}","templated":true}]}}