{"id":14220,"date":"2017-08-07T10:46:36","date_gmt":"2017-08-07T10:46:36","guid":{"rendered":"http:\/\/localhost\/site\/228news\/?p=1688"},"modified":"2017-08-07T10:46:36","modified_gmt":"2017-08-07T10:46:36","slug":"bilan-de-la-derniere-marche-de-lanc-cap-2015-forum-de-lagoa-actualite-politique-et-sociale-montee-du-pnp-eric-du-dupuy-livre-ses-impressions-2","status":"publish","type":"post","link":"https:\/\/228news.tg\/index.php\/2017\/08\/07\/bilan-de-la-derniere-marche-de-lanc-cap-2015-forum-de-lagoa-actualite-politique-et-sociale-montee-du-pnp-eric-du-dupuy-livre-ses-impressions-2\/","title":{"rendered":"Bilan de la derni\u00e8re marche de l\u2019ANC-CAP 2015, forum de l\u2019AGOA, actualit\u00e9 politique et sociale, mont\u00e9e du PNP,\u2026 Eric du Dupuy livre ses impressions"},"content":{"rendered":"<p>Ce lundi 07 juillet sur une radio de la capitale togolaise, M. Dupuy Eric, conseiller du chef de file de l\u2019opposition charg\u00e9 \u00e0 la communication et des TICs de l\u2019Alliance Nationale pour le Changement (ANC) et du Combat pour l\u2019Alternance Politique en 2015 (CAP 20115) a dress\u00e9 le bilan de la derni\u00e8re marche de protestation politique organis\u00e9e par l\u2019ANC et le CAP 2015.<\/p>\n<p>Pour lui, plus de 50.000 Togolais ont pris part \u00e0 la marche citoyenne et pacifique organis\u00e9e ce jeudi dans les rues de Lom\u00e9 par le Combat pour l\u2019alternance politique en 2015 (CAP 2015) pour exiger une \u00e9ni\u00e8me fois les r\u00e9formes politiques pr\u00e9vues\u00a0 par l\u2019Accord politique global (APG) sign\u00e9 par les acteurs politiques en ao\u00fbt 2006.<\/p>\n<p>\u00ab\u00a0C\u2019est quelque chose de tr\u00e8s \u00e9mouvant et on a vu que le peuple togolais dans son enti\u00e8ret\u00e9, aspire \u00e0 la d\u00e9mocratie, \u00e0 la libert\u00e9 et cela passe par des r\u00e9formes constitutionnelles, institutionnelles et \u00e9lectorales\u00a0\u00bb, a confi\u00e9 l\u2019homme politique.<\/p>\n<p>Tout en demandant au peuple togolais de rester mobilis\u00e9 pour la suite, M. Dupuy reste confiant que si CAP 2015 arrive \u00e0 mobiliser 500.000-600.000 personnes dans les rues, Faure Gnassingb\u00e9 ouvrira le dialogue ou quittera simplement le pouvoir.<\/p>\n<p>Aux d\u00e9tracteurs de sa mouvance qui pensent que la derni\u00e8re sortie dans les rues est une tentative d\u00e9sesp\u00e9r\u00e9e avant de sauver l\u2019h\u00e9g\u00e9monie en perte de vitesse du parti qui ne d\u00e9tient plus le monopole de la rue, l\u2019acteur politique estime que c\u2019est \u00ab\u00a0absurde\u00a0\u00bb de penser cela.<\/p>\n<p>\u00ab\u00a0Ce parti montant n\u2019existait pas en 2012 lorsque nous avons mobilis\u00e9 presqu\u2019un million de personnes dans les rues. Ce qui nous int\u00e9resse aujourd\u2019hui,\u00a0c\u2019est que chaque parti politique, du moins cette partie qui veut r\u00e9ellement l\u2019alternance, s\u2019investisse dans la mobilisation qui n\u2019appartient pas \u00e0 tel ou tel individu, tous les Togolais peuvent mobiliser\u00a0\u00bb, \u00bb, a-t-il rappel\u00e9.<\/p>\n<p>Il a par ailleurs soulign\u00e9 certains faits de soci\u00e9t\u00e9 qui ne devraient pas avoir leur place dans une \u00ab\u00a0vraie d\u00e9mocratie\u00a0\u00bb notamment les d\u00e9penses faramineuses \u00e0 la pr\u00e9sidence qui seraient estim\u00e9es \u00e0 22 millions de F Cfa par jour, du manque de respect par un agent de s\u00e9curit\u00e9 au chef de file de l\u2019opposition qui est rest\u00e9 impuni en violation des textes, de l\u2019organisation du forum de l\u2019AGOA demain qui n\u2019a aucun sens \u00e0 ses yeux car constituant un gouffre financier pour le Togo dont les enfants croupissent dans la mis\u00e8re et n\u2019ont m\u00eame pas de mati\u00e8res concr\u00e8tes et viables \u00e0 exporter aux USA afin de capitaliser sur ces d\u00e9penses\u2026<\/p>\n<p><em>(photo Eric Dupuy)<\/em><\/p>\n<p><strong>D\u00e9mocrate<\/strong><\/p>\n<p><strong>(00228) 91 85 40 14<\/strong><\/p>\n<p><strong>98 60 67 68<\/strong><\/p>\n<p><strong>democrate2010@gmail.com<\/strong><\/p>\n","protected":false},"excerpt":{"rendered":"<p>Ce lundi 07 juillet sur une radio de la capitale togolaise, M. Dupuy Eric, conseiller du chef de file de l\u2019opposition charg\u00e9 \u00e0 la communication et des TICs de l\u2019Alliance Nationale pour le Changement (ANC) et du Combat pour l\u2019Alternance Politique en 2015 (CAP 20115) a dress\u00e9 le bilan de la derni\u00e8re marche de protestation &#8230; <a title=\"Bilan de la derni\u00e8re marche de l\u2019ANC-CAP 2015, forum de l\u2019AGOA, actualit\u00e9 politique et sociale, mont\u00e9e du PNP,\u2026 Eric du Dupuy livre ses impressions\" class=\"read-more\" href=\"https:\/\/228news.tg\/index.php\/2017\/08\/07\/bilan-de-la-derniere-marche-de-lanc-cap-2015-forum-de-lagoa-actualite-politique-et-sociale-montee-du-pnp-eric-du-dupuy-livre-ses-impressions-2\/\" aria-label=\"En savoir plus sur Bilan de la derni\u00e8re marche de l\u2019ANC-CAP 2015, forum de l\u2019AGOA, actualit\u00e9 politique et sociale, mont\u00e9e du PNP,\u2026 Eric du Dupuy livre ses impressions\">Lire la suite<\/a><\/p>\n","protected":false},"author":2,"featured_media":1689,"comment_status":"open","ping_status":"open","sticky":false,"template":"","format":"chat","meta":{"footnotes":""},"categories":[35,33,25,34],"tags":[],"class_list":["post-14220","post","type-post","status-publish","format-chat","has-post-thumbnail","hentry","category-flash","category-politique","category-togo","category-une","post_format-post-format-chat"],"yoast_head":"<!-- This site is optimized with the Yoast SEO plugin v26.4 - https:\/\/yoast.com\/wordpress\/plugins\/seo\/ -->\n<title>Bilan de la derni\u00e8re marche de l\u2019ANC-CAP 2015, forum de l\u2019AGOA, actualit\u00e9 politique et sociale, mont\u00e9e du PNP,\u2026 Eric du Dupuy livre ses impressions - 228 News<\/title>\n<meta name=\"robots\" content=\"index, follow, max-snippet:-1, max-image-preview:large, max-video-preview:-1\" \/>\n<link rel=\"canonical\" href=\"https:\/\/228news.tg\/index.php\/2017\/08\/07\/bilan-de-la-derniere-marche-de-lanc-cap-2015-forum-de-lagoa-actualite-politique-et-sociale-montee-du-pnp-eric-du-dupuy-livre-ses-impressions-2\/\" \/>\n<meta property=\"og:locale\" content=\"fr_FR\" \/>\n<meta property=\"og:type\" content=\"article\" \/>\n<meta property=\"og:title\" content=\"Bilan de la derni\u00e8re marche de l\u2019ANC-CAP 2015, forum de l\u2019AGOA, actualit\u00e9 politique et sociale, mont\u00e9e du PNP,\u2026 Eric du Dupuy livre ses impressions - 228 News\" \/>\n<meta property=\"og:description\" content=\"Ce lundi 07 juillet sur une radio de la capitale togolaise, M. Dupuy Eric, conseiller du chef de file de l\u2019opposition charg\u00e9 \u00e0 la communication et des TICs de l\u2019Alliance Nationale pour le Changement (ANC) et du Combat pour l\u2019Alternance Politique en 2015 (CAP 20115) a dress\u00e9 le bilan de la derni\u00e8re marche de protestation ... Lire la suite\" \/>\n<meta property=\"og:url\" content=\"https:\/\/228news.tg\/index.php\/2017\/08\/07\/bilan-de-la-derniere-marche-de-lanc-cap-2015-forum-de-lagoa-actualite-politique-et-sociale-montee-du-pnp-eric-du-dupuy-livre-ses-impressions-2\/\" \/>\n<meta property=\"og:site_name\" content=\"228 News\" \/>\n<meta property=\"article:published_time\" content=\"2017-08-07T10:46:36+00:00\" \/>\n<meta name=\"author\" content=\"Bienvenu SAVI\" \/>\n<meta name=\"twitter:card\" content=\"summary_large_image\" \/>\n<meta name=\"twitter:label1\" content=\"\u00c9crit par\" \/>\n\t<meta name=\"twitter:data1\" content=\"Bienvenu SAVI\" \/>\n\t<meta name=\"twitter:label2\" content=\"Dur\u00e9e de lecture estim\u00e9e\" \/>\n\t<meta name=\"twitter:data2\" content=\"2 minutes\" \/>\n<script type=\"application\/ld+json\" class=\"yoast-schema-graph\">{\"@context\":\"https:\/\/schema.org\",\"@graph\":[{\"@type\":\"Article\",\"@id\":\"https:\/\/228news.tg\/index.php\/2017\/08\/07\/bilan-de-la-derniere-marche-de-lanc-cap-2015-forum-de-lagoa-actualite-politique-et-sociale-montee-du-pnp-eric-du-dupuy-livre-ses-impressions-2\/#article\",\"isPartOf\":{\"@id\":\"https:\/\/228news.tg\/index.php\/2017\/08\/07\/bilan-de-la-derniere-marche-de-lanc-cap-2015-forum-de-lagoa-actualite-politique-et-sociale-montee-du-pnp-eric-du-dupuy-livre-ses-impressions-2\/\"},\"author\":{\"name\":\"Bienvenu SAVI\",\"@id\":\"https:\/\/228news.tg\/#\/schema\/person\/68d5a6cc0230290e61235c8379523f52\"},\"headline\":\"Bilan de la derni\u00e8re marche de l\u2019ANC-CAP 2015, forum de l\u2019AGOA, actualit\u00e9 politique et sociale, mont\u00e9e du PNP,\u2026 Eric du Dupuy livre ses impressions\",\"datePublished\":\"2017-08-07T10:46:36+00:00\",\"mainEntityOfPage\":{\"@id\":\"https:\/\/228news.tg\/index.php\/2017\/08\/07\/bilan-de-la-derniere-marche-de-lanc-cap-2015-forum-de-lagoa-actualite-politique-et-sociale-montee-du-pnp-eric-du-dupuy-livre-ses-impressions-2\/\"},\"wordCount\":473,\"commentCount\":0,\"publisher\":{\"@id\":\"https:\/\/228news.tg\/#organization\"},\"image\":{\"@id\":\"https:\/\/228news.tg\/index.php\/2017\/08\/07\/bilan-de-la-derniere-marche-de-lanc-cap-2015-forum-de-lagoa-actualite-politique-et-sociale-montee-du-pnp-eric-du-dupuy-livre-ses-impressions-2\/#primaryimage\"},\"thumbnailUrl\":\"\",\"articleSection\":[\"Flash\",\"POLITIQUE\",\"TOGO\",\"Une\"],\"inLanguage\":\"fr-FR\",\"potentialAction\":[{\"@type\":\"CommentAction\",\"name\":\"Comment\",\"target\":[\"https:\/\/228news.tg\/index.php\/2017\/08\/07\/bilan-de-la-derniere-marche-de-lanc-cap-2015-forum-de-lagoa-actualite-politique-et-sociale-montee-du-pnp-eric-du-dupuy-livre-ses-impressions-2\/#respond\"]}]},{\"@type\":\"WebPage\",\"@id\":\"https:\/\/228news.tg\/index.php\/2017\/08\/07\/bilan-de-la-derniere-marche-de-lanc-cap-2015-forum-de-lagoa-actualite-politique-et-sociale-montee-du-pnp-eric-du-dupuy-livre-ses-impressions-2\/\",\"url\":\"https:\/\/228news.tg\/index.php\/2017\/08\/07\/bilan-de-la-derniere-marche-de-lanc-cap-2015-forum-de-lagoa-actualite-politique-et-sociale-montee-du-pnp-eric-du-dupuy-livre-ses-impressions-2\/\",\"name\":\"Bilan de la derni\u00e8re marche de l\u2019ANC-CAP 2015, forum de l\u2019AGOA, actualit\u00e9 politique et sociale, mont\u00e9e du PNP,\u2026 Eric du Dupuy livre ses impressions - 228 News\",\"isPartOf\":{\"@id\":\"https:\/\/228news.tg\/#website\"},\"primaryImageOfPage\":{\"@id\":\"https:\/\/228news.tg\/index.php\/2017\/08\/07\/bilan-de-la-derniere-marche-de-lanc-cap-2015-forum-de-lagoa-actualite-politique-et-sociale-montee-du-pnp-eric-du-dupuy-livre-ses-impressions-2\/#primaryimage\"},\"image\":{\"@id\":\"https:\/\/228news.tg\/index.php\/2017\/08\/07\/bilan-de-la-derniere-marche-de-lanc-cap-2015-forum-de-lagoa-actualite-politique-et-sociale-montee-du-pnp-eric-du-dupuy-livre-ses-impressions-2\/#primaryimage\"},\"thumbnailUrl\":\"\",\"datePublished\":\"2017-08-07T10:46:36+00:00\",\"breadcrumb\":{\"@id\":\"https:\/\/228news.tg\/index.php\/2017\/08\/07\/bilan-de-la-derniere-marche-de-lanc-cap-2015-forum-de-lagoa-actualite-politique-et-sociale-montee-du-pnp-eric-du-dupuy-livre-ses-impressions-2\/#breadcrumb\"},\"inLanguage\":\"fr-FR\",\"potentialAction\":[{\"@type\":\"ReadAction\",\"target\":[\"https:\/\/228news.tg\/index.php\/2017\/08\/07\/bilan-de-la-derniere-marche-de-lanc-cap-2015-forum-de-lagoa-actualite-politique-et-sociale-montee-du-pnp-eric-du-dupuy-livre-ses-impressions-2\/\"]}]},{\"@type\":\"ImageObject\",\"inLanguage\":\"fr-FR\",\"@id\":\"https:\/\/228news.tg\/index.php\/2017\/08\/07\/bilan-de-la-derniere-marche-de-lanc-cap-2015-forum-de-lagoa-actualite-politique-et-sociale-montee-du-pnp-eric-du-dupuy-livre-ses-impressions-2\/#primaryimage\",\"url\":\"\",\"contentUrl\":\"\"},{\"@type\":\"BreadcrumbList\",\"@id\":\"https:\/\/228news.tg\/index.php\/2017\/08\/07\/bilan-de-la-derniere-marche-de-lanc-cap-2015-forum-de-lagoa-actualite-politique-et-sociale-montee-du-pnp-eric-du-dupuy-livre-ses-impressions-2\/#breadcrumb\",\"itemListElement\":[{\"@type\":\"ListItem\",\"position\":1,\"name\":\"Home\",\"item\":\"https:\/\/228news.tg\/\"},{\"@type\":\"ListItem\",\"position\":2,\"name\":\"Bilan de la derni\u00e8re marche de l\u2019ANC-CAP 2015, forum de l\u2019AGOA, actualit\u00e9 politique et sociale, mont\u00e9e du PNP,\u2026 Eric du Dupuy livre ses impressions\"}]},{\"@type\":\"WebSite\",\"@id\":\"https:\/\/228news.tg\/#website\",\"url\":\"https:\/\/228news.tg\/\",\"name\":\"228 News\",\"description\":\"Soci\u00e9t\u00e9 de m\u00e9dias et d\u2019actualit\u00e9s\",\"publisher\":{\"@id\":\"https:\/\/228news.tg\/#organization\"},\"potentialAction\":[{\"@type\":\"SearchAction\",\"target\":{\"@type\":\"EntryPoint\",\"urlTemplate\":\"https:\/\/228news.tg\/?s={search_term_string}\"},\"query-input\":{\"@type\":\"PropertyValueSpecification\",\"valueRequired\":true,\"valueName\":\"search_term_string\"}}],\"inLanguage\":\"fr-FR\"},{\"@type\":\"Organization\",\"@id\":\"https:\/\/228news.tg\/#organization\",\"name\":\"228 News\",\"url\":\"https:\/\/228news.tg\/\",\"logo\":{\"@type\":\"ImageObject\",\"inLanguage\":\"fr-FR\",\"@id\":\"https:\/\/228news.tg\/#\/schema\/logo\/image\/\",\"url\":\"https:\/\/228news.tg\/wp-content\/uploads\/2024\/09\/logonew.png\",\"contentUrl\":\"https:\/\/228news.tg\/wp-content\/uploads\/2024\/09\/logonew.png\",\"width\":1640,\"height\":364,\"caption\":\"228 News\"},\"image\":{\"@id\":\"https:\/\/228news.tg\/#\/schema\/logo\/image\/\"}},{\"@type\":\"Person\",\"@id\":\"https:\/\/228news.tg\/#\/schema\/person\/68d5a6cc0230290e61235c8379523f52\",\"name\":\"Bienvenu SAVI\",\"image\":{\"@type\":\"ImageObject\",\"inLanguage\":\"fr-FR\",\"@id\":\"https:\/\/228news.tg\/#\/schema\/person\/image\/\",\"url\":\"https:\/\/secure.gravatar.com\/avatar\/9db91895c559e510509c33a3e9683998458e9b828fac36d5d1aa23f0f2fd369b?s=96&d=mm&r=g\",\"contentUrl\":\"https:\/\/secure.gravatar.com\/avatar\/9db91895c559e510509c33a3e9683998458e9b828fac36d5d1aa23f0f2fd369b?s=96&d=mm&r=g\",\"caption\":\"Bienvenu SAVI\"},\"url\":\"https:\/\/228news.tg\/index.php\/author\/bienvenu\/\"}]}<\/script>\n<!-- \/ Yoast SEO plugin. -->","yoast_head_json":{"title":"Bilan de la derni\u00e8re marche de l\u2019ANC-CAP 2015, forum de l\u2019AGOA, actualit\u00e9 politique et sociale, mont\u00e9e du PNP,\u2026 Eric du Dupuy livre ses impressions - 228 News","robots":{"index":"index","follow":"follow","max-snippet":"max-snippet:-1","max-image-preview":"max-image-preview:large","max-video-preview":"max-video-preview:-1"},"canonical":"https:\/\/228news.tg\/index.php\/2017\/08\/07\/bilan-de-la-derniere-marche-de-lanc-cap-2015-forum-de-lagoa-actualite-politique-et-sociale-montee-du-pnp-eric-du-dupuy-livre-ses-impressions-2\/","og_locale":"fr_FR","og_type":"article","og_title":"Bilan de la derni\u00e8re marche de l\u2019ANC-CAP 2015, forum de l\u2019AGOA, actualit\u00e9 politique et sociale, mont\u00e9e du PNP,\u2026 Eric du Dupuy livre ses impressions - 228 News","og_description":"Ce lundi 07 juillet sur une radio de la capitale togolaise, M. Dupuy Eric, conseiller du chef de file de l\u2019opposition charg\u00e9 \u00e0 la communication et des TICs de l\u2019Alliance Nationale pour le Changement (ANC) et du Combat pour l\u2019Alternance Politique en 2015 (CAP 20115) a dress\u00e9 le bilan de la derni\u00e8re marche de protestation ... Lire la suite","og_url":"https:\/\/228news.tg\/index.php\/2017\/08\/07\/bilan-de-la-derniere-marche-de-lanc-cap-2015-forum-de-lagoa-actualite-politique-et-sociale-montee-du-pnp-eric-du-dupuy-livre-ses-impressions-2\/","og_site_name":"228 News","article_published_time":"2017-08-07T10:46:36+00:00","author":"Bienvenu SAVI","twitter_card":"summary_large_image","twitter_misc":{"\u00c9crit par":"Bienvenu SAVI","Dur\u00e9e de lecture estim\u00e9e":"2 minutes"},"schema":{"@context":"https:\/\/schema.org","@graph":[{"@type":"Article","@id":"https:\/\/228news.tg\/index.php\/2017\/08\/07\/bilan-de-la-derniere-marche-de-lanc-cap-2015-forum-de-lagoa-actualite-politique-et-sociale-montee-du-pnp-eric-du-dupuy-livre-ses-impressions-2\/#article","isPartOf":{"@id":"https:\/\/228news.tg\/index.php\/2017\/08\/07\/bilan-de-la-derniere-marche-de-lanc-cap-2015-forum-de-lagoa-actualite-politique-et-sociale-montee-du-pnp-eric-du-dupuy-livre-ses-impressions-2\/"},"author":{"name":"Bienvenu SAVI","@id":"https:\/\/228news.tg\/#\/schema\/person\/68d5a6cc0230290e61235c8379523f52"},"headline":"Bilan de la derni\u00e8re marche de l\u2019ANC-CAP 2015, forum de l\u2019AGOA, actualit\u00e9 politique et sociale, mont\u00e9e du PNP,\u2026 Eric du Dupuy livre ses impressions","datePublished":"2017-08-07T10:46:36+00:00","mainEntityOfPage":{"@id":"https:\/\/228news.tg\/index.php\/2017\/08\/07\/bilan-de-la-derniere-marche-de-lanc-cap-2015-forum-de-lagoa-actualite-politique-et-sociale-montee-du-pnp-eric-du-dupuy-livre-ses-impressions-2\/"},"wordCount":473,"commentCount":0,"publisher":{"@id":"https:\/\/228news.tg\/#organization"},"image":{"@id":"https:\/\/228news.tg\/index.php\/2017\/08\/07\/bilan-de-la-derniere-marche-de-lanc-cap-2015-forum-de-lagoa-actualite-politique-et-sociale-montee-du-pnp-eric-du-dupuy-livre-ses-impressions-2\/#primaryimage"},"thumbnailUrl":"","articleSection":["Flash","POLITIQUE","TOGO","Une"],"inLanguage":"fr-FR","potentialAction":[{"@type":"CommentAction","name":"Comment","target":["https:\/\/228news.tg\/index.php\/2017\/08\/07\/bilan-de-la-derniere-marche-de-lanc-cap-2015-forum-de-lagoa-actualite-politique-et-sociale-montee-du-pnp-eric-du-dupuy-livre-ses-impressions-2\/#respond"]}]},{"@type":"WebPage","@id":"https:\/\/228news.tg\/index.php\/2017\/08\/07\/bilan-de-la-derniere-marche-de-lanc-cap-2015-forum-de-lagoa-actualite-politique-et-sociale-montee-du-pnp-eric-du-dupuy-livre-ses-impressions-2\/","url":"https:\/\/228news.tg\/index.php\/2017\/08\/07\/bilan-de-la-derniere-marche-de-lanc-cap-2015-forum-de-lagoa-actualite-politique-et-sociale-montee-du-pnp-eric-du-dupuy-livre-ses-impressions-2\/","name":"Bilan de la derni\u00e8re marche de l\u2019ANC-CAP 2015, forum de l\u2019AGOA, actualit\u00e9 politique et sociale, mont\u00e9e du PNP,\u2026 Eric du Dupuy livre ses impressions - 228 News","isPartOf":{"@id":"https:\/\/228news.tg\/#website"},"primaryImageOfPage":{"@id":"https:\/\/228news.tg\/index.php\/2017\/08\/07\/bilan-de-la-derniere-marche-de-lanc-cap-2015-forum-de-lagoa-actualite-politique-et-sociale-montee-du-pnp-eric-du-dupuy-livre-ses-impressions-2\/#primaryimage"},"image":{"@id":"https:\/\/228news.tg\/index.php\/2017\/08\/07\/bilan-de-la-derniere-marche-de-lanc-cap-2015-forum-de-lagoa-actualite-politique-et-sociale-montee-du-pnp-eric-du-dupuy-livre-ses-impressions-2\/#primaryimage"},"thumbnailUrl":"","datePublished":"2017-08-07T10:46:36+00:00","breadcrumb":{"@id":"https:\/\/228news.tg\/index.php\/2017\/08\/07\/bilan-de-la-derniere-marche-de-lanc-cap-2015-forum-de-lagoa-actualite-politique-et-sociale-montee-du-pnp-eric-du-dupuy-livre-ses-impressions-2\/#breadcrumb"},"inLanguage":"fr-FR","potentialAction":[{"@type":"ReadAction","target":["https:\/\/228news.tg\/index.php\/2017\/08\/07\/bilan-de-la-derniere-marche-de-lanc-cap-2015-forum-de-lagoa-actualite-politique-et-sociale-montee-du-pnp-eric-du-dupuy-livre-ses-impressions-2\/"]}]},{"@type":"ImageObject","inLanguage":"fr-FR","@id":"https:\/\/228news.tg\/index.php\/2017\/08\/07\/bilan-de-la-derniere-marche-de-lanc-cap-2015-forum-de-lagoa-actualite-politique-et-sociale-montee-du-pnp-eric-du-dupuy-livre-ses-impressions-2\/#primaryimage","url":"","contentUrl":""},{"@type":"BreadcrumbList","@id":"https:\/\/228news.tg\/index.php\/2017\/08\/07\/bilan-de-la-derniere-marche-de-lanc-cap-2015-forum-de-lagoa-actualite-politique-et-sociale-montee-du-pnp-eric-du-dupuy-livre-ses-impressions-2\/#breadcrumb","itemListElement":[{"@type":"ListItem","position":1,"name":"Home","item":"https:\/\/228news.tg\/"},{"@type":"ListItem","position":2,"name":"Bilan de la derni\u00e8re marche de l\u2019ANC-CAP 2015, forum de l\u2019AGOA, actualit\u00e9 politique et sociale, mont\u00e9e du PNP,\u2026 Eric du Dupuy livre ses impressions"}]},{"@type":"WebSite","@id":"https:\/\/228news.tg\/#website","url":"https:\/\/228news.tg\/","name":"228 News","description":"Soci\u00e9t\u00e9 de m\u00e9dias et d\u2019actualit\u00e9s","publisher":{"@id":"https:\/\/228news.tg\/#organization"},"potentialAction":[{"@type":"SearchAction","target":{"@type":"EntryPoint","urlTemplate":"https:\/\/228news.tg\/?s={search_term_string}"},"query-input":{"@type":"PropertyValueSpecification","valueRequired":true,"valueName":"search_term_string"}}],"inLanguage":"fr-FR"},{"@type":"Organization","@id":"https:\/\/228news.tg\/#organization","name":"228 News","url":"https:\/\/228news.tg\/","logo":{"@type":"ImageObject","inLanguage":"fr-FR","@id":"https:\/\/228news.tg\/#\/schema\/logo\/image\/","url":"https:\/\/228news.tg\/wp-content\/uploads\/2024\/09\/logonew.png","contentUrl":"https:\/\/228news.tg\/wp-content\/uploads\/2024\/09\/logonew.png","width":1640,"height":364,"caption":"228 News"},"image":{"@id":"https:\/\/228news.tg\/#\/schema\/logo\/image\/"}},{"@type":"Person","@id":"https:\/\/228news.tg\/#\/schema\/person\/68d5a6cc0230290e61235c8379523f52","name":"Bienvenu SAVI","image":{"@type":"ImageObject","inLanguage":"fr-FR","@id":"https:\/\/228news.tg\/#\/schema\/person\/image\/","url":"https:\/\/secure.gravatar.com\/avatar\/9db91895c559e510509c33a3e9683998458e9b828fac36d5d1aa23f0f2fd369b?s=96&d=mm&r=g","contentUrl":"https:\/\/secure.gravatar.com\/avatar\/9db91895c559e510509c33a3e9683998458e9b828fac36d5d1aa23f0f2fd369b?s=96&d=mm&r=g","caption":"Bienvenu SAVI"},"url":"https:\/\/228news.tg\/index.php\/author\/bienvenu\/"}]}},"jetpack_featured_media_url":"","_links":{"self":[{"href":"https:\/\/228news.tg\/index.php\/wp-json\/wp\/v2\/posts\/14220","targetHints":{"allow":["GET"]}}],"collection":[{"href":"https:\/\/228news.tg\/index.php\/wp-json\/wp\/v2\/posts"}],"about":[{"href":"https:\/\/228news.tg\/index.php\/wp-json\/wp\/v2\/types\/post"}],"author":[{"embeddable":true,"href":"https:\/\/228news.tg\/index.php\/wp-json\/wp\/v2\/users\/2"}],"replies":[{"embeddable":true,"href":"https:\/\/228news.tg\/index.php\/wp-json\/wp\/v2\/comments?post=14220"}],"version-history":[{"count":0,"href":"https:\/\/228news.tg\/index.php\/wp-json\/wp\/v2\/posts\/14220\/revisions"}],"wp:featuredmedia":[{"embeddable":true,"href":"https:\/\/228news.tg\/index.php\/wp-json\/"}],"wp:attachment":[{"href":"https:\/\/228news.tg\/index.php\/wp-json\/wp\/v2\/media?parent=14220"}],"wp:term":[{"taxonomy":"category","embeddable":true,"href":"https:\/\/228news.tg\/index.php\/wp-json\/wp\/v2\/categories?post=14220"},{"taxonomy":"post_tag","embeddable":true,"href":"https:\/\/228news.tg\/index.php\/wp-json\/wp\/v2\/tags?post=14220"}],"curies":[{"name":"wp","href":"https:\/\/api.w.org\/{rel}","templated":true}]}}