{"id":14213,"date":"2017-07-31T19:29:52","date_gmt":"2017-07-31T19:29:52","guid":{"rendered":"http:\/\/localhost\/site\/228news\/?p=1655"},"modified":"2017-07-31T19:29:52","modified_gmt":"2017-07-31T19:29:52","slug":"damadit-agir-pour-materner-developper-et-instruire-les-enfants-de-la-terre-2","status":"publish","type":"post","link":"https:\/\/228news.tg\/index.php\/2017\/07\/31\/damadit-agir-pour-materner-developper-et-instruire-les-enfants-de-la-terre-2\/","title":{"rendered":"\u00ab Da m&rsquo;a dit \u00bb, donner c&rsquo;est agir pour materner, d\u00e9velopper et instruire les enfants de la terre"},"content":{"rendered":"<p><img fetchpriority=\"high\" decoding=\"async\" class=\"alignleft wp-image-1660\" src=\"http:\/\/localhost\/site\/228news\/wp-content\/uploads\/2017\/07\/p10401582-300x225.jpg\" alt=\"\" width=\"261\" height=\"196\" \/>En mars 2012 en terre fran\u00e7aise, une association aux racines togolaises voyait le jour\u00a0: \u00ab\u00a0Da m&rsquo;a dit\u00a0\u00bb, qui litt\u00e9ralement veut dire en Ew\u00e9, langue vernaculaire parl\u00e9 au Togo \u00ab\u00a0Maman m\u2019a dit\u00a0\u00bb, tel est son nom empreint d\u2019un particulier attachement aux sources de son initiatrice, Mme Emilie, r\u00e9sidente fran\u00e7aise d\u2019origine africaine.<img decoding=\"async\" class=\"size-medium wp-image-1657 alignright\" src=\"http:\/\/localhost\/site\/228news\/wp-content\/uploads\/2017\/07\/dsc_0132-300x200.jpg\" alt=\"\" width=\"300\" height=\"200\" \/><\/p>\n<p>Confront\u00e9e \u00e0 chacun de ses retours au Togo, au v\u00e9cu des m\u00e8res et des enfants, elle a vu combien la pauvret\u00e9 engendre de drames qui pourraient \u00eatre \u00e9vit\u00e9s, cette derni\u00e8re, forte d\u2019une vingtaine d\u2019ann\u00e9es d\u2019exp\u00e9riences professionnelles en mati\u00e8res d\u2019\u00e9ducation des jeunes enfants et de protection maternelle et infantile n\u2019a pu r\u00e9sister \u00e0 ce karma d\u2019\u0153uvrer au bien \u00eatre de ces derniers.<\/p>\n<p>Afin de donner un sens \u00e0 la mission, l\u2019association fut lanc\u00e9e dans le mois de d\u00e9cembre de la m\u00eame ann\u00e9e au Togo, sur les terres africaines, th\u00e9\u00e2tres des actions et missions majeures de la jeune association.<\/p>\n<p><img decoding=\"async\" class=\"size-medium wp-image-1658 alignleft\" src=\"http:\/\/localhost\/site\/228news\/wp-content\/uploads\/2017\/07\/p1040253-crop-u15506-300x196.jpg\" alt=\"\" width=\"300\" height=\"196\" \/>\u00ab\u00a0Permettre \u00e0 chaque enfant, l&rsquo;acc\u00e8s aux vaccins et aux soins m\u00e9dicaux appropri\u00e9s d\u00e8s la naissance et\u00a0 faire un travail d\u2019accompagnement aupr\u00e8s de la m\u00e8re et du petit enfant d\u00e8s la sortie de la maternit\u00e9\u00a0; promouvoir la sant\u00e9 de la m\u00e8re et de l\u2019enfant en assurant les premiers soins m\u00e9dicaux du nouveau n\u00e9 et plus largement, offrir \u00e0 la famille, une prise en charge globale de la sant\u00e9 au sens de l\u2019Organisation Mondiale de la Sant\u00e9 (OMS) qui d\u00e9finit celle-ci comme un \u00e9tat de complet bien-\u00eatre physique, mental et social\u00a0; informer, \u00e0 l&rsquo;aide de divers moyens, les populations sur la probl\u00e9matique de la sant\u00e9 publique en Afrique.\u00a0\u00bb, tel est le leitmotiv qui guide au quotidien les pas de \u00ab\u00a0Da m&rsquo;a dit\u00a0\u00bb un peu partout en France et en Afrique, revendique fi\u00e8rement l\u2019association sur son site internet officiel.<img loading=\"lazy\" decoding=\"async\" class=\"size-medium wp-image-1659 alignright\" src=\"http:\/\/localhost\/site\/228news\/wp-content\/uploads\/2017\/07\/p1040291-300x225.jpg\" alt=\"\" width=\"300\" height=\"225\" \/><\/p>\n<p>Groupe de volontaires menant des actions pr\u00e9ventives et \u00e9ducatives en direction des familles \u00ab\u00a0Da m&rsquo;a dit\u00a0\u00bb est une association \u00e0 vocation humanitaire qui a \u00e0 c\u0153ur la sant\u00e9 et le bien \u00eatre des femmes et des enfants et pour objectif la construction de plusieurs centres de Protection Maternelle et Infantile (PMI) en Afrique.<\/p>\n<p>Forte de plusieurs actions et missions en Afrique et au Togo caract\u00e9ris\u00e9es par l\u2019humanitaire, les dons de forages, les constructions d&rsquo;infrastructures sanitaires dans les zones rurales ou qui ne disposent pas, l\u2019association compte d\u2019ici la fin de cette ann\u00e9e renforcer sa pr\u00e9sence en Afrique en g\u00e9n\u00e9ral et au Togo en particulier \u00e0 travers diverses actions et davantage de communication. Nous y reviendrons.<\/p>\n<p><em>(photos, des r\u00e9alisations et actions de Da m&rsquo;a dit)<\/em><\/p>\n<p><strong>D\u00e9mocrate<\/strong><\/p>\n<p><strong>(00228) 91 85 40 14<\/strong><\/p>\n<p><strong>98 60 67 68<\/strong><\/p>\n<p><strong>democrate2010@gmail.com<\/strong><\/p>\n","protected":false},"excerpt":{"rendered":"<p>En mars 2012 en terre fran\u00e7aise, une association aux racines togolaises voyait le jour\u00a0: \u00ab\u00a0Da m&rsquo;a dit\u00a0\u00bb, qui litt\u00e9ralement veut dire en Ew\u00e9, langue vernaculaire parl\u00e9 au Togo \u00ab\u00a0Maman m\u2019a dit\u00a0\u00bb, tel est son nom empreint d\u2019un particulier attachement aux sources de son initiatrice, Mme Emilie, r\u00e9sidente fran\u00e7aise d\u2019origine africaine. Confront\u00e9e \u00e0 chacun de ses &#8230; <a title=\"\u00ab Da m&rsquo;a dit \u00bb, donner c&rsquo;est agir pour materner, d\u00e9velopper et instruire les enfants de la terre\" class=\"read-more\" href=\"https:\/\/228news.tg\/index.php\/2017\/07\/31\/damadit-agir-pour-materner-developper-et-instruire-les-enfants-de-la-terre-2\/\" aria-label=\"En savoir plus sur \u00ab Da m&rsquo;a dit \u00bb, donner c&rsquo;est agir pour materner, d\u00e9velopper et instruire les enfants de la terre\">Lire la suite<\/a><\/p>\n","protected":false},"author":2,"featured_media":1656,"comment_status":"open","ping_status":"open","sticky":false,"template":"","format":"chat","meta":{"footnotes":""},"categories":[26,35,27,34],"tags":[],"class_list":["post-14213","post","type-post","status-publish","format-chat","has-post-thumbnail","hentry","category-afrique","category-flash","category-sante","category-une","post_format-post-format-chat"],"yoast_head":"<!-- This site is optimized with the Yoast SEO plugin v26.4 - https:\/\/yoast.com\/wordpress\/plugins\/seo\/ -->\n<title>\u00ab Da m&#039;a dit \u00bb, donner c&#039;est agir pour materner, d\u00e9velopper et instruire les enfants de la terre - 228 News<\/title>\n<meta name=\"robots\" content=\"index, follow, max-snippet:-1, max-image-preview:large, max-video-preview:-1\" \/>\n<link rel=\"canonical\" href=\"https:\/\/228news.tg\/index.php\/2017\/07\/31\/damadit-agir-pour-materner-developper-et-instruire-les-enfants-de-la-terre-2\/\" \/>\n<meta property=\"og:locale\" content=\"fr_FR\" \/>\n<meta property=\"og:type\" content=\"article\" \/>\n<meta property=\"og:title\" content=\"\u00ab Da m&#039;a dit \u00bb, donner c&#039;est agir pour materner, d\u00e9velopper et instruire les enfants de la terre - 228 News\" \/>\n<meta property=\"og:description\" content=\"En mars 2012 en terre fran\u00e7aise, une association aux racines togolaises voyait le jour\u00a0: \u00ab\u00a0Da m&rsquo;a dit\u00a0\u00bb, qui litt\u00e9ralement veut dire en Ew\u00e9, langue vernaculaire parl\u00e9 au Togo \u00ab\u00a0Maman m\u2019a dit\u00a0\u00bb, tel est son nom empreint d\u2019un particulier attachement aux sources de son initiatrice, Mme Emilie, r\u00e9sidente fran\u00e7aise d\u2019origine africaine. Confront\u00e9e \u00e0 chacun de ses ... Lire la suite\" \/>\n<meta property=\"og:url\" content=\"https:\/\/228news.tg\/index.php\/2017\/07\/31\/damadit-agir-pour-materner-developper-et-instruire-les-enfants-de-la-terre-2\/\" \/>\n<meta property=\"og:site_name\" content=\"228 News\" \/>\n<meta property=\"article:published_time\" content=\"2017-07-31T19:29:52+00:00\" \/>\n<meta property=\"og:image\" content=\"http:\/\/localhost\/site\/228news\/wp-content\/uploads\/2017\/07\/p10401582-300x225.jpg\" \/>\n<meta name=\"author\" content=\"Bienvenu SAVI\" \/>\n<meta name=\"twitter:card\" content=\"summary_large_image\" \/>\n<meta name=\"twitter:label1\" content=\"\u00c9crit par\" \/>\n\t<meta name=\"twitter:data1\" content=\"Bienvenu SAVI\" \/>\n\t<meta name=\"twitter:label2\" content=\"Dur\u00e9e de lecture estim\u00e9e\" \/>\n\t<meta name=\"twitter:data2\" content=\"2 minutes\" \/>\n<script type=\"application\/ld+json\" class=\"yoast-schema-graph\">{\"@context\":\"https:\/\/schema.org\",\"@graph\":[{\"@type\":\"Article\",\"@id\":\"https:\/\/228news.tg\/index.php\/2017\/07\/31\/damadit-agir-pour-materner-developper-et-instruire-les-enfants-de-la-terre-2\/#article\",\"isPartOf\":{\"@id\":\"https:\/\/228news.tg\/index.php\/2017\/07\/31\/damadit-agir-pour-materner-developper-et-instruire-les-enfants-de-la-terre-2\/\"},\"author\":{\"name\":\"Bienvenu SAVI\",\"@id\":\"https:\/\/228news.tg\/#\/schema\/person\/68d5a6cc0230290e61235c8379523f52\"},\"headline\":\"\u00ab Da m&rsquo;a dit \u00bb, donner c&rsquo;est agir pour materner, d\u00e9velopper et instruire les enfants de la terre\",\"datePublished\":\"2017-07-31T19:29:52+00:00\",\"mainEntityOfPage\":{\"@id\":\"https:\/\/228news.tg\/index.php\/2017\/07\/31\/damadit-agir-pour-materner-developper-et-instruire-les-enfants-de-la-terre-2\/\"},\"wordCount\":485,\"commentCount\":0,\"publisher\":{\"@id\":\"https:\/\/228news.tg\/#organization\"},\"image\":{\"@id\":\"https:\/\/228news.tg\/index.php\/2017\/07\/31\/damadit-agir-pour-materner-developper-et-instruire-les-enfants-de-la-terre-2\/#primaryimage\"},\"thumbnailUrl\":\"https:\/\/228news.tg\/wp-content\/uploads\/2024\/09\/photo_2018-08-13_22-00-04.jpg\",\"articleSection\":[\"AFRIQUE\",\"Flash\",\"Sant\u00e9\",\"Une\"],\"inLanguage\":\"fr-FR\",\"potentialAction\":[{\"@type\":\"CommentAction\",\"name\":\"Comment\",\"target\":[\"https:\/\/228news.tg\/index.php\/2017\/07\/31\/damadit-agir-pour-materner-developper-et-instruire-les-enfants-de-la-terre-2\/#respond\"]}]},{\"@type\":\"WebPage\",\"@id\":\"https:\/\/228news.tg\/index.php\/2017\/07\/31\/damadit-agir-pour-materner-developper-et-instruire-les-enfants-de-la-terre-2\/\",\"url\":\"https:\/\/228news.tg\/index.php\/2017\/07\/31\/damadit-agir-pour-materner-developper-et-instruire-les-enfants-de-la-terre-2\/\",\"name\":\"\u00ab Da m'a dit \u00bb, donner c'est agir pour materner, d\u00e9velopper et instruire les enfants de la terre - 228 News\",\"isPartOf\":{\"@id\":\"https:\/\/228news.tg\/#website\"},\"primaryImageOfPage\":{\"@id\":\"https:\/\/228news.tg\/index.php\/2017\/07\/31\/damadit-agir-pour-materner-developper-et-instruire-les-enfants-de-la-terre-2\/#primaryimage\"},\"image\":{\"@id\":\"https:\/\/228news.tg\/index.php\/2017\/07\/31\/damadit-agir-pour-materner-developper-et-instruire-les-enfants-de-la-terre-2\/#primaryimage\"},\"thumbnailUrl\":\"https:\/\/228news.tg\/wp-content\/uploads\/2024\/09\/photo_2018-08-13_22-00-04.jpg\",\"datePublished\":\"2017-07-31T19:29:52+00:00\",\"breadcrumb\":{\"@id\":\"https:\/\/228news.tg\/index.php\/2017\/07\/31\/damadit-agir-pour-materner-developper-et-instruire-les-enfants-de-la-terre-2\/#breadcrumb\"},\"inLanguage\":\"fr-FR\",\"potentialAction\":[{\"@type\":\"ReadAction\",\"target\":[\"https:\/\/228news.tg\/index.php\/2017\/07\/31\/damadit-agir-pour-materner-developper-et-instruire-les-enfants-de-la-terre-2\/\"]}]},{\"@type\":\"ImageObject\",\"inLanguage\":\"fr-FR\",\"@id\":\"https:\/\/228news.tg\/index.php\/2017\/07\/31\/damadit-agir-pour-materner-developper-et-instruire-les-enfants-de-la-terre-2\/#primaryimage\",\"url\":\"https:\/\/228news.tg\/wp-content\/uploads\/2024\/09\/photo_2018-08-13_22-00-04.jpg\",\"contentUrl\":\"https:\/\/228news.tg\/wp-content\/uploads\/2024\/09\/photo_2018-08-13_22-00-04.jpg\",\"width\":1280,\"height\":960},{\"@type\":\"BreadcrumbList\",\"@id\":\"https:\/\/228news.tg\/index.php\/2017\/07\/31\/damadit-agir-pour-materner-developper-et-instruire-les-enfants-de-la-terre-2\/#breadcrumb\",\"itemListElement\":[{\"@type\":\"ListItem\",\"position\":1,\"name\":\"Home\",\"item\":\"https:\/\/228news.tg\/\"},{\"@type\":\"ListItem\",\"position\":2,\"name\":\"\u00ab Da m&rsquo;a dit \u00bb, donner c&rsquo;est agir pour materner, d\u00e9velopper et instruire les enfants de la terre\"}]},{\"@type\":\"WebSite\",\"@id\":\"https:\/\/228news.tg\/#website\",\"url\":\"https:\/\/228news.tg\/\",\"name\":\"228 News\",\"description\":\"Soci\u00e9t\u00e9 de m\u00e9dias et d\u2019actualit\u00e9s\",\"publisher\":{\"@id\":\"https:\/\/228news.tg\/#organization\"},\"potentialAction\":[{\"@type\":\"SearchAction\",\"target\":{\"@type\":\"EntryPoint\",\"urlTemplate\":\"https:\/\/228news.tg\/?s={search_term_string}\"},\"query-input\":{\"@type\":\"PropertyValueSpecification\",\"valueRequired\":true,\"valueName\":\"search_term_string\"}}],\"inLanguage\":\"fr-FR\"},{\"@type\":\"Organization\",\"@id\":\"https:\/\/228news.tg\/#organization\",\"name\":\"228 News\",\"url\":\"https:\/\/228news.tg\/\",\"logo\":{\"@type\":\"ImageObject\",\"inLanguage\":\"fr-FR\",\"@id\":\"https:\/\/228news.tg\/#\/schema\/logo\/image\/\",\"url\":\"https:\/\/228news.tg\/wp-content\/uploads\/2024\/09\/logonew.png\",\"contentUrl\":\"https:\/\/228news.tg\/wp-content\/uploads\/2024\/09\/logonew.png\",\"width\":1640,\"height\":364,\"caption\":\"228 News\"},\"image\":{\"@id\":\"https:\/\/228news.tg\/#\/schema\/logo\/image\/\"}},{\"@type\":\"Person\",\"@id\":\"https:\/\/228news.tg\/#\/schema\/person\/68d5a6cc0230290e61235c8379523f52\",\"name\":\"Bienvenu SAVI\",\"image\":{\"@type\":\"ImageObject\",\"inLanguage\":\"fr-FR\",\"@id\":\"https:\/\/228news.tg\/#\/schema\/person\/image\/\",\"url\":\"https:\/\/secure.gravatar.com\/avatar\/9db91895c559e510509c33a3e9683998458e9b828fac36d5d1aa23f0f2fd369b?s=96&d=mm&r=g\",\"contentUrl\":\"https:\/\/secure.gravatar.com\/avatar\/9db91895c559e510509c33a3e9683998458e9b828fac36d5d1aa23f0f2fd369b?s=96&d=mm&r=g\",\"caption\":\"Bienvenu SAVI\"},\"url\":\"https:\/\/228news.tg\/index.php\/author\/bienvenu\/\"}]}<\/script>\n<!-- \/ Yoast SEO plugin. -->","yoast_head_json":{"title":"\u00ab Da m'a dit \u00bb, donner c'est agir pour materner, d\u00e9velopper et instruire les enfants de la terre - 228 News","robots":{"index":"index","follow":"follow","max-snippet":"max-snippet:-1","max-image-preview":"max-image-preview:large","max-video-preview":"max-video-preview:-1"},"canonical":"https:\/\/228news.tg\/index.php\/2017\/07\/31\/damadit-agir-pour-materner-developper-et-instruire-les-enfants-de-la-terre-2\/","og_locale":"fr_FR","og_type":"article","og_title":"\u00ab Da m'a dit \u00bb, donner c'est agir pour materner, d\u00e9velopper et instruire les enfants de la terre - 228 News","og_description":"En mars 2012 en terre fran\u00e7aise, une association aux racines togolaises voyait le jour\u00a0: \u00ab\u00a0Da m&rsquo;a dit\u00a0\u00bb, qui litt\u00e9ralement veut dire en Ew\u00e9, langue vernaculaire parl\u00e9 au Togo \u00ab\u00a0Maman m\u2019a dit\u00a0\u00bb, tel est son nom empreint d\u2019un particulier attachement aux sources de son initiatrice, Mme Emilie, r\u00e9sidente fran\u00e7aise d\u2019origine africaine. Confront\u00e9e \u00e0 chacun de ses ... Lire la suite","og_url":"https:\/\/228news.tg\/index.php\/2017\/07\/31\/damadit-agir-pour-materner-developper-et-instruire-les-enfants-de-la-terre-2\/","og_site_name":"228 News","article_published_time":"2017-07-31T19:29:52+00:00","og_image":[{"url":"http:\/\/localhost\/site\/228news\/wp-content\/uploads\/2017\/07\/p10401582-300x225.jpg","type":"","width":"","height":""}],"author":"Bienvenu SAVI","twitter_card":"summary_large_image","twitter_misc":{"\u00c9crit par":"Bienvenu SAVI","Dur\u00e9e de lecture estim\u00e9e":"2 minutes"},"schema":{"@context":"https:\/\/schema.org","@graph":[{"@type":"Article","@id":"https:\/\/228news.tg\/index.php\/2017\/07\/31\/damadit-agir-pour-materner-developper-et-instruire-les-enfants-de-la-terre-2\/#article","isPartOf":{"@id":"https:\/\/228news.tg\/index.php\/2017\/07\/31\/damadit-agir-pour-materner-developper-et-instruire-les-enfants-de-la-terre-2\/"},"author":{"name":"Bienvenu SAVI","@id":"https:\/\/228news.tg\/#\/schema\/person\/68d5a6cc0230290e61235c8379523f52"},"headline":"\u00ab Da m&rsquo;a dit \u00bb, donner c&rsquo;est agir pour materner, d\u00e9velopper et instruire les enfants de la terre","datePublished":"2017-07-31T19:29:52+00:00","mainEntityOfPage":{"@id":"https:\/\/228news.tg\/index.php\/2017\/07\/31\/damadit-agir-pour-materner-developper-et-instruire-les-enfants-de-la-terre-2\/"},"wordCount":485,"commentCount":0,"publisher":{"@id":"https:\/\/228news.tg\/#organization"},"image":{"@id":"https:\/\/228news.tg\/index.php\/2017\/07\/31\/damadit-agir-pour-materner-developper-et-instruire-les-enfants-de-la-terre-2\/#primaryimage"},"thumbnailUrl":"https:\/\/228news.tg\/wp-content\/uploads\/2024\/09\/photo_2018-08-13_22-00-04.jpg","articleSection":["AFRIQUE","Flash","Sant\u00e9","Une"],"inLanguage":"fr-FR","potentialAction":[{"@type":"CommentAction","name":"Comment","target":["https:\/\/228news.tg\/index.php\/2017\/07\/31\/damadit-agir-pour-materner-developper-et-instruire-les-enfants-de-la-terre-2\/#respond"]}]},{"@type":"WebPage","@id":"https:\/\/228news.tg\/index.php\/2017\/07\/31\/damadit-agir-pour-materner-developper-et-instruire-les-enfants-de-la-terre-2\/","url":"https:\/\/228news.tg\/index.php\/2017\/07\/31\/damadit-agir-pour-materner-developper-et-instruire-les-enfants-de-la-terre-2\/","name":"\u00ab Da m'a dit \u00bb, donner c'est agir pour materner, d\u00e9velopper et instruire les enfants de la terre - 228 News","isPartOf":{"@id":"https:\/\/228news.tg\/#website"},"primaryImageOfPage":{"@id":"https:\/\/228news.tg\/index.php\/2017\/07\/31\/damadit-agir-pour-materner-developper-et-instruire-les-enfants-de-la-terre-2\/#primaryimage"},"image":{"@id":"https:\/\/228news.tg\/index.php\/2017\/07\/31\/damadit-agir-pour-materner-developper-et-instruire-les-enfants-de-la-terre-2\/#primaryimage"},"thumbnailUrl":"https:\/\/228news.tg\/wp-content\/uploads\/2024\/09\/photo_2018-08-13_22-00-04.jpg","datePublished":"2017-07-31T19:29:52+00:00","breadcrumb":{"@id":"https:\/\/228news.tg\/index.php\/2017\/07\/31\/damadit-agir-pour-materner-developper-et-instruire-les-enfants-de-la-terre-2\/#breadcrumb"},"inLanguage":"fr-FR","potentialAction":[{"@type":"ReadAction","target":["https:\/\/228news.tg\/index.php\/2017\/07\/31\/damadit-agir-pour-materner-developper-et-instruire-les-enfants-de-la-terre-2\/"]}]},{"@type":"ImageObject","inLanguage":"fr-FR","@id":"https:\/\/228news.tg\/index.php\/2017\/07\/31\/damadit-agir-pour-materner-developper-et-instruire-les-enfants-de-la-terre-2\/#primaryimage","url":"https:\/\/228news.tg\/wp-content\/uploads\/2024\/09\/photo_2018-08-13_22-00-04.jpg","contentUrl":"https:\/\/228news.tg\/wp-content\/uploads\/2024\/09\/photo_2018-08-13_22-00-04.jpg","width":1280,"height":960},{"@type":"BreadcrumbList","@id":"https:\/\/228news.tg\/index.php\/2017\/07\/31\/damadit-agir-pour-materner-developper-et-instruire-les-enfants-de-la-terre-2\/#breadcrumb","itemListElement":[{"@type":"ListItem","position":1,"name":"Home","item":"https:\/\/228news.tg\/"},{"@type":"ListItem","position":2,"name":"\u00ab Da m&rsquo;a dit \u00bb, donner c&rsquo;est agir pour materner, d\u00e9velopper et instruire les enfants de la terre"}]},{"@type":"WebSite","@id":"https:\/\/228news.tg\/#website","url":"https:\/\/228news.tg\/","name":"228 News","description":"Soci\u00e9t\u00e9 de m\u00e9dias et d\u2019actualit\u00e9s","publisher":{"@id":"https:\/\/228news.tg\/#organization"},"potentialAction":[{"@type":"SearchAction","target":{"@type":"EntryPoint","urlTemplate":"https:\/\/228news.tg\/?s={search_term_string}"},"query-input":{"@type":"PropertyValueSpecification","valueRequired":true,"valueName":"search_term_string"}}],"inLanguage":"fr-FR"},{"@type":"Organization","@id":"https:\/\/228news.tg\/#organization","name":"228 News","url":"https:\/\/228news.tg\/","logo":{"@type":"ImageObject","inLanguage":"fr-FR","@id":"https:\/\/228news.tg\/#\/schema\/logo\/image\/","url":"https:\/\/228news.tg\/wp-content\/uploads\/2024\/09\/logonew.png","contentUrl":"https:\/\/228news.tg\/wp-content\/uploads\/2024\/09\/logonew.png","width":1640,"height":364,"caption":"228 News"},"image":{"@id":"https:\/\/228news.tg\/#\/schema\/logo\/image\/"}},{"@type":"Person","@id":"https:\/\/228news.tg\/#\/schema\/person\/68d5a6cc0230290e61235c8379523f52","name":"Bienvenu SAVI","image":{"@type":"ImageObject","inLanguage":"fr-FR","@id":"https:\/\/228news.tg\/#\/schema\/person\/image\/","url":"https:\/\/secure.gravatar.com\/avatar\/9db91895c559e510509c33a3e9683998458e9b828fac36d5d1aa23f0f2fd369b?s=96&d=mm&r=g","contentUrl":"https:\/\/secure.gravatar.com\/avatar\/9db91895c559e510509c33a3e9683998458e9b828fac36d5d1aa23f0f2fd369b?s=96&d=mm&r=g","caption":"Bienvenu SAVI"},"url":"https:\/\/228news.tg\/index.php\/author\/bienvenu\/"}]}},"jetpack_featured_media_url":"https:\/\/228news.tg\/wp-content\/uploads\/2024\/09\/photo_2018-08-13_22-00-04.jpg","_links":{"self":[{"href":"https:\/\/228news.tg\/index.php\/wp-json\/wp\/v2\/posts\/14213","targetHints":{"allow":["GET"]}}],"collection":[{"href":"https:\/\/228news.tg\/index.php\/wp-json\/wp\/v2\/posts"}],"about":[{"href":"https:\/\/228news.tg\/index.php\/wp-json\/wp\/v2\/types\/post"}],"author":[{"embeddable":true,"href":"https:\/\/228news.tg\/index.php\/wp-json\/wp\/v2\/users\/2"}],"replies":[{"embeddable":true,"href":"https:\/\/228news.tg\/index.php\/wp-json\/wp\/v2\/comments?post=14213"}],"version-history":[{"count":0,"href":"https:\/\/228news.tg\/index.php\/wp-json\/wp\/v2\/posts\/14213\/revisions"}],"wp:featuredmedia":[{"embeddable":true,"href":"https:\/\/228news.tg\/index.php\/wp-json\/wp\/v2\/media\/1656"}],"wp:attachment":[{"href":"https:\/\/228news.tg\/index.php\/wp-json\/wp\/v2\/media?parent=14213"}],"wp:term":[{"taxonomy":"category","embeddable":true,"href":"https:\/\/228news.tg\/index.php\/wp-json\/wp\/v2\/categories?post=14213"},{"taxonomy":"post_tag","embeddable":true,"href":"https:\/\/228news.tg\/index.php\/wp-json\/wp\/v2\/tags?post=14213"}],"curies":[{"name":"wp","href":"https:\/\/api.w.org\/{rel}","templated":true}]}}