{"id":14210,"date":"2017-07-28T14:12:27","date_gmt":"2017-07-28T14:12:27","guid":{"rendered":"http:\/\/localhost\/site\/228news\/?p=1644"},"modified":"2017-07-28T14:12:27","modified_gmt":"2017-07-28T14:12:27","slug":"renforcement-de-la-cooperation-et-des-relations-bilaterales-la-4eme-session-de-la-commission-mixte-togo-ghana-prend-fin-ce-vendredi-2","status":"publish","type":"post","link":"https:\/\/228news.tg\/index.php\/2017\/07\/28\/renforcement-de-la-cooperation-et-des-relations-bilaterales-la-4eme-session-de-la-commission-mixte-togo-ghana-prend-fin-ce-vendredi-2\/","title":{"rendered":"Renforcement de la coop\u00e9ration et des relations bilat\u00e9rales\u00a0: La 4\u00e8me session de la Commission mixte Togo-Ghana prend fin ce vendredi"},"content":{"rendered":"<p>Les travaux de la 4<sup>e<\/sup>\u00a0session de la Commission mixte Togo-Ghana, ouverte ce jeudi 27 juillet, prennent fin ce vendredi \u00e0 Accra.<\/p>\n<p>Portant sur la d\u00e9fense et la s\u00e9curit\u00e9, la coop\u00e9ration judiciaire, l\u2019action sociale, le d\u00e9veloppement du tourisme, le commerce, l\u2019administration territoriale, les t\u00e9l\u00e9communications et la coop\u00e9ration douani\u00e8re, les travaux de cette Commission mixte r\u00e9sultent de l\u2019engagement des deux Etats voisins \u00e0 franchir un palier en mati\u00e8re de coop\u00e9ration et relations bilat\u00e9rales.<\/p>\n<p>Pour le ministre Togolais des affaires \u00e9trang\u00e8res et chef de la d\u00e9l\u00e9gation togolaise \u00e0 Accra, \u00ab\u00a0cette 4<sup>e<\/sup>\u00a0session de la Commission mixte refl\u00e8te l\u2019engagement de nos deux pays \u00e0 d\u00e9velopper une coop\u00e9ration qui favorise le d\u00e9veloppement de nos deux pays. Le Togo et le Ghana partagent les valeurs fondamentales de d\u00e9mocratie, de stabilit\u00e9, de bonne gouvernance et de lutte contre la corruption \u00bb.<\/p>\n<p>Le chef de la d\u00e9l\u00e9gation togolaise compte dans ce processus sur l\u2019accession \u00e0 la pr\u00e9sidence de la Communaut\u00e9 Economique des Etats de l\u2019Afrique de l\u2019Ouest (CEDEAO) par le Chef de l\u2019Etat Togolais, Faure Gnassingb\u00e9 afin de dynamiser ces \u00e9changes bilat\u00e9raux.<\/p>\n<p>Le reste de la d\u00e9l\u00e9gation togolaise est compos\u00e9e du ministre de la S\u00e9curit\u00e9 Yark Damehame,\u00a0son coll\u00e8gue de la Sant\u00e9, Moustafa Mijiyawa, Commissaire g\u00e9n\u00e9ral de l\u2019Office togolais des recettes (OTR) ainsi que Directeur g\u00e9n\u00e9ral de la police nationale.<\/p>\n<p><em>(photo de famille de la Commission mixte)<\/em><\/p>\n<p><strong>D\u00e9mocrate<\/strong><\/p>\n<p><strong>(00228) 91 85 40 14<\/strong><\/p>\n<p><strong>98 60 67 68<\/strong><\/p>\n<p><strong><a href=\"mailto:democrate2010@gmail.com\">democrate2010@gmail.com<\/a><\/strong><\/p>\n","protected":false},"excerpt":{"rendered":"<p>Les travaux de la 4e\u00a0session de la Commission mixte Togo-Ghana, ouverte ce jeudi 27 juillet, prennent fin ce vendredi \u00e0 Accra. Portant sur la d\u00e9fense et la s\u00e9curit\u00e9, la coop\u00e9ration judiciaire, l\u2019action sociale, le d\u00e9veloppement du tourisme, le commerce, l\u2019administration territoriale, les t\u00e9l\u00e9communications et la coop\u00e9ration douani\u00e8re, les travaux de cette Commission mixte r\u00e9sultent de &#8230; <a title=\"Renforcement de la coop\u00e9ration et des relations bilat\u00e9rales\u00a0: La 4\u00e8me session de la Commission mixte Togo-Ghana prend fin ce vendredi\" class=\"read-more\" href=\"https:\/\/228news.tg\/index.php\/2017\/07\/28\/renforcement-de-la-cooperation-et-des-relations-bilaterales-la-4eme-session-de-la-commission-mixte-togo-ghana-prend-fin-ce-vendredi-2\/\" aria-label=\"En savoir plus sur Renforcement de la coop\u00e9ration et des relations bilat\u00e9rales\u00a0: La 4\u00e8me session de la Commission mixte Togo-Ghana prend fin ce vendredi\">Lire la suite<\/a><\/p>\n","protected":false},"author":2,"featured_media":1645,"comment_status":"open","ping_status":"open","sticky":false,"template":"","format":"chat","meta":{"footnotes":""},"categories":[31,35,25,34],"tags":[],"class_list":["post-14210","post","type-post","status-publish","format-chat","has-post-thumbnail","hentry","category-developpement","category-flash","category-togo","category-une","post_format-post-format-chat"],"yoast_head":"<!-- This site is optimized with the Yoast SEO plugin v26.4 - https:\/\/yoast.com\/wordpress\/plugins\/seo\/ -->\n<title>Renforcement de la coop\u00e9ration et des relations bilat\u00e9rales\u00a0: La 4\u00e8me session de la Commission mixte Togo-Ghana prend fin ce vendredi - 228 News<\/title>\n<meta name=\"robots\" content=\"index, follow, max-snippet:-1, max-image-preview:large, max-video-preview:-1\" \/>\n<link rel=\"canonical\" href=\"https:\/\/228news.tg\/index.php\/2017\/07\/28\/renforcement-de-la-cooperation-et-des-relations-bilaterales-la-4eme-session-de-la-commission-mixte-togo-ghana-prend-fin-ce-vendredi-2\/\" \/>\n<meta property=\"og:locale\" content=\"fr_FR\" \/>\n<meta property=\"og:type\" content=\"article\" \/>\n<meta property=\"og:title\" content=\"Renforcement de la coop\u00e9ration et des relations bilat\u00e9rales\u00a0: La 4\u00e8me session de la Commission mixte Togo-Ghana prend fin ce vendredi - 228 News\" \/>\n<meta property=\"og:description\" content=\"Les travaux de la 4e\u00a0session de la Commission mixte Togo-Ghana, ouverte ce jeudi 27 juillet, prennent fin ce vendredi \u00e0 Accra. Portant sur la d\u00e9fense et la s\u00e9curit\u00e9, la coop\u00e9ration judiciaire, l\u2019action sociale, le d\u00e9veloppement du tourisme, le commerce, l\u2019administration territoriale, les t\u00e9l\u00e9communications et la coop\u00e9ration douani\u00e8re, les travaux de cette Commission mixte r\u00e9sultent de ... Lire la suite\" \/>\n<meta property=\"og:url\" content=\"https:\/\/228news.tg\/index.php\/2017\/07\/28\/renforcement-de-la-cooperation-et-des-relations-bilaterales-la-4eme-session-de-la-commission-mixte-togo-ghana-prend-fin-ce-vendredi-2\/\" \/>\n<meta property=\"og:site_name\" content=\"228 News\" \/>\n<meta property=\"article:published_time\" content=\"2017-07-28T14:12:27+00:00\" \/>\n<meta name=\"author\" content=\"Bienvenu SAVI\" \/>\n<meta name=\"twitter:card\" content=\"summary_large_image\" \/>\n<meta name=\"twitter:label1\" content=\"\u00c9crit par\" \/>\n\t<meta name=\"twitter:data1\" content=\"Bienvenu SAVI\" \/>\n\t<meta name=\"twitter:label2\" content=\"Dur\u00e9e de lecture estim\u00e9e\" \/>\n\t<meta name=\"twitter:data2\" content=\"1 minute\" \/>\n<script type=\"application\/ld+json\" class=\"yoast-schema-graph\">{\"@context\":\"https:\/\/schema.org\",\"@graph\":[{\"@type\":\"Article\",\"@id\":\"https:\/\/228news.tg\/index.php\/2017\/07\/28\/renforcement-de-la-cooperation-et-des-relations-bilaterales-la-4eme-session-de-la-commission-mixte-togo-ghana-prend-fin-ce-vendredi-2\/#article\",\"isPartOf\":{\"@id\":\"https:\/\/228news.tg\/index.php\/2017\/07\/28\/renforcement-de-la-cooperation-et-des-relations-bilaterales-la-4eme-session-de-la-commission-mixte-togo-ghana-prend-fin-ce-vendredi-2\/\"},\"author\":{\"name\":\"Bienvenu SAVI\",\"@id\":\"https:\/\/228news.tg\/#\/schema\/person\/68d5a6cc0230290e61235c8379523f52\"},\"headline\":\"Renforcement de la coop\u00e9ration et des relations bilat\u00e9rales\u00a0: La 4\u00e8me session de la Commission mixte Togo-Ghana prend fin ce vendredi\",\"datePublished\":\"2017-07-28T14:12:27+00:00\",\"mainEntityOfPage\":{\"@id\":\"https:\/\/228news.tg\/index.php\/2017\/07\/28\/renforcement-de-la-cooperation-et-des-relations-bilaterales-la-4eme-session-de-la-commission-mixte-togo-ghana-prend-fin-ce-vendredi-2\/\"},\"wordCount\":282,\"commentCount\":0,\"publisher\":{\"@id\":\"https:\/\/228news.tg\/#organization\"},\"image\":{\"@id\":\"https:\/\/228news.tg\/index.php\/2017\/07\/28\/renforcement-de-la-cooperation-et-des-relations-bilaterales-la-4eme-session-de-la-commission-mixte-togo-ghana-prend-fin-ce-vendredi-2\/#primaryimage\"},\"thumbnailUrl\":\"\",\"articleSection\":[\"DEVELOPPEMENT\",\"Flash\",\"TOGO\",\"Une\"],\"inLanguage\":\"fr-FR\",\"potentialAction\":[{\"@type\":\"CommentAction\",\"name\":\"Comment\",\"target\":[\"https:\/\/228news.tg\/index.php\/2017\/07\/28\/renforcement-de-la-cooperation-et-des-relations-bilaterales-la-4eme-session-de-la-commission-mixte-togo-ghana-prend-fin-ce-vendredi-2\/#respond\"]}]},{\"@type\":\"WebPage\",\"@id\":\"https:\/\/228news.tg\/index.php\/2017\/07\/28\/renforcement-de-la-cooperation-et-des-relations-bilaterales-la-4eme-session-de-la-commission-mixte-togo-ghana-prend-fin-ce-vendredi-2\/\",\"url\":\"https:\/\/228news.tg\/index.php\/2017\/07\/28\/renforcement-de-la-cooperation-et-des-relations-bilaterales-la-4eme-session-de-la-commission-mixte-togo-ghana-prend-fin-ce-vendredi-2\/\",\"name\":\"Renforcement de la coop\u00e9ration et des relations bilat\u00e9rales\u00a0: La 4\u00e8me session de la Commission mixte Togo-Ghana prend fin ce vendredi - 228 News\",\"isPartOf\":{\"@id\":\"https:\/\/228news.tg\/#website\"},\"primaryImageOfPage\":{\"@id\":\"https:\/\/228news.tg\/index.php\/2017\/07\/28\/renforcement-de-la-cooperation-et-des-relations-bilaterales-la-4eme-session-de-la-commission-mixte-togo-ghana-prend-fin-ce-vendredi-2\/#primaryimage\"},\"image\":{\"@id\":\"https:\/\/228news.tg\/index.php\/2017\/07\/28\/renforcement-de-la-cooperation-et-des-relations-bilaterales-la-4eme-session-de-la-commission-mixte-togo-ghana-prend-fin-ce-vendredi-2\/#primaryimage\"},\"thumbnailUrl\":\"\",\"datePublished\":\"2017-07-28T14:12:27+00:00\",\"breadcrumb\":{\"@id\":\"https:\/\/228news.tg\/index.php\/2017\/07\/28\/renforcement-de-la-cooperation-et-des-relations-bilaterales-la-4eme-session-de-la-commission-mixte-togo-ghana-prend-fin-ce-vendredi-2\/#breadcrumb\"},\"inLanguage\":\"fr-FR\",\"potentialAction\":[{\"@type\":\"ReadAction\",\"target\":[\"https:\/\/228news.tg\/index.php\/2017\/07\/28\/renforcement-de-la-cooperation-et-des-relations-bilaterales-la-4eme-session-de-la-commission-mixte-togo-ghana-prend-fin-ce-vendredi-2\/\"]}]},{\"@type\":\"ImageObject\",\"inLanguage\":\"fr-FR\",\"@id\":\"https:\/\/228news.tg\/index.php\/2017\/07\/28\/renforcement-de-la-cooperation-et-des-relations-bilaterales-la-4eme-session-de-la-commission-mixte-togo-ghana-prend-fin-ce-vendredi-2\/#primaryimage\",\"url\":\"\",\"contentUrl\":\"\"},{\"@type\":\"BreadcrumbList\",\"@id\":\"https:\/\/228news.tg\/index.php\/2017\/07\/28\/renforcement-de-la-cooperation-et-des-relations-bilaterales-la-4eme-session-de-la-commission-mixte-togo-ghana-prend-fin-ce-vendredi-2\/#breadcrumb\",\"itemListElement\":[{\"@type\":\"ListItem\",\"position\":1,\"name\":\"Home\",\"item\":\"https:\/\/228news.tg\/\"},{\"@type\":\"ListItem\",\"position\":2,\"name\":\"Renforcement de la coop\u00e9ration et des relations bilat\u00e9rales\u00a0: La 4\u00e8me session de la Commission mixte Togo-Ghana prend fin ce vendredi\"}]},{\"@type\":\"WebSite\",\"@id\":\"https:\/\/228news.tg\/#website\",\"url\":\"https:\/\/228news.tg\/\",\"name\":\"228 News\",\"description\":\"Soci\u00e9t\u00e9 de m\u00e9dias et d\u2019actualit\u00e9s\",\"publisher\":{\"@id\":\"https:\/\/228news.tg\/#organization\"},\"potentialAction\":[{\"@type\":\"SearchAction\",\"target\":{\"@type\":\"EntryPoint\",\"urlTemplate\":\"https:\/\/228news.tg\/?s={search_term_string}\"},\"query-input\":{\"@type\":\"PropertyValueSpecification\",\"valueRequired\":true,\"valueName\":\"search_term_string\"}}],\"inLanguage\":\"fr-FR\"},{\"@type\":\"Organization\",\"@id\":\"https:\/\/228news.tg\/#organization\",\"name\":\"228 News\",\"url\":\"https:\/\/228news.tg\/\",\"logo\":{\"@type\":\"ImageObject\",\"inLanguage\":\"fr-FR\",\"@id\":\"https:\/\/228news.tg\/#\/schema\/logo\/image\/\",\"url\":\"https:\/\/228news.tg\/wp-content\/uploads\/2024\/09\/logonew.png\",\"contentUrl\":\"https:\/\/228news.tg\/wp-content\/uploads\/2024\/09\/logonew.png\",\"width\":1640,\"height\":364,\"caption\":\"228 News\"},\"image\":{\"@id\":\"https:\/\/228news.tg\/#\/schema\/logo\/image\/\"}},{\"@type\":\"Person\",\"@id\":\"https:\/\/228news.tg\/#\/schema\/person\/68d5a6cc0230290e61235c8379523f52\",\"name\":\"Bienvenu SAVI\",\"image\":{\"@type\":\"ImageObject\",\"inLanguage\":\"fr-FR\",\"@id\":\"https:\/\/228news.tg\/#\/schema\/person\/image\/\",\"url\":\"https:\/\/secure.gravatar.com\/avatar\/9db91895c559e510509c33a3e9683998458e9b828fac36d5d1aa23f0f2fd369b?s=96&d=mm&r=g\",\"contentUrl\":\"https:\/\/secure.gravatar.com\/avatar\/9db91895c559e510509c33a3e9683998458e9b828fac36d5d1aa23f0f2fd369b?s=96&d=mm&r=g\",\"caption\":\"Bienvenu SAVI\"},\"url\":\"https:\/\/228news.tg\/index.php\/author\/bienvenu\/\"}]}<\/script>\n<!-- \/ Yoast SEO plugin. -->","yoast_head_json":{"title":"Renforcement de la coop\u00e9ration et des relations bilat\u00e9rales\u00a0: La 4\u00e8me session de la Commission mixte Togo-Ghana prend fin ce vendredi - 228 News","robots":{"index":"index","follow":"follow","max-snippet":"max-snippet:-1","max-image-preview":"max-image-preview:large","max-video-preview":"max-video-preview:-1"},"canonical":"https:\/\/228news.tg\/index.php\/2017\/07\/28\/renforcement-de-la-cooperation-et-des-relations-bilaterales-la-4eme-session-de-la-commission-mixte-togo-ghana-prend-fin-ce-vendredi-2\/","og_locale":"fr_FR","og_type":"article","og_title":"Renforcement de la coop\u00e9ration et des relations bilat\u00e9rales\u00a0: La 4\u00e8me session de la Commission mixte Togo-Ghana prend fin ce vendredi - 228 News","og_description":"Les travaux de la 4e\u00a0session de la Commission mixte Togo-Ghana, ouverte ce jeudi 27 juillet, prennent fin ce vendredi \u00e0 Accra. Portant sur la d\u00e9fense et la s\u00e9curit\u00e9, la coop\u00e9ration judiciaire, l\u2019action sociale, le d\u00e9veloppement du tourisme, le commerce, l\u2019administration territoriale, les t\u00e9l\u00e9communications et la coop\u00e9ration douani\u00e8re, les travaux de cette Commission mixte r\u00e9sultent de ... Lire la suite","og_url":"https:\/\/228news.tg\/index.php\/2017\/07\/28\/renforcement-de-la-cooperation-et-des-relations-bilaterales-la-4eme-session-de-la-commission-mixte-togo-ghana-prend-fin-ce-vendredi-2\/","og_site_name":"228 News","article_published_time":"2017-07-28T14:12:27+00:00","author":"Bienvenu SAVI","twitter_card":"summary_large_image","twitter_misc":{"\u00c9crit par":"Bienvenu SAVI","Dur\u00e9e de lecture estim\u00e9e":"1 minute"},"schema":{"@context":"https:\/\/schema.org","@graph":[{"@type":"Article","@id":"https:\/\/228news.tg\/index.php\/2017\/07\/28\/renforcement-de-la-cooperation-et-des-relations-bilaterales-la-4eme-session-de-la-commission-mixte-togo-ghana-prend-fin-ce-vendredi-2\/#article","isPartOf":{"@id":"https:\/\/228news.tg\/index.php\/2017\/07\/28\/renforcement-de-la-cooperation-et-des-relations-bilaterales-la-4eme-session-de-la-commission-mixte-togo-ghana-prend-fin-ce-vendredi-2\/"},"author":{"name":"Bienvenu SAVI","@id":"https:\/\/228news.tg\/#\/schema\/person\/68d5a6cc0230290e61235c8379523f52"},"headline":"Renforcement de la coop\u00e9ration et des relations bilat\u00e9rales\u00a0: La 4\u00e8me session de la Commission mixte Togo-Ghana prend fin ce vendredi","datePublished":"2017-07-28T14:12:27+00:00","mainEntityOfPage":{"@id":"https:\/\/228news.tg\/index.php\/2017\/07\/28\/renforcement-de-la-cooperation-et-des-relations-bilaterales-la-4eme-session-de-la-commission-mixte-togo-ghana-prend-fin-ce-vendredi-2\/"},"wordCount":282,"commentCount":0,"publisher":{"@id":"https:\/\/228news.tg\/#organization"},"image":{"@id":"https:\/\/228news.tg\/index.php\/2017\/07\/28\/renforcement-de-la-cooperation-et-des-relations-bilaterales-la-4eme-session-de-la-commission-mixte-togo-ghana-prend-fin-ce-vendredi-2\/#primaryimage"},"thumbnailUrl":"","articleSection":["DEVELOPPEMENT","Flash","TOGO","Une"],"inLanguage":"fr-FR","potentialAction":[{"@type":"CommentAction","name":"Comment","target":["https:\/\/228news.tg\/index.php\/2017\/07\/28\/renforcement-de-la-cooperation-et-des-relations-bilaterales-la-4eme-session-de-la-commission-mixte-togo-ghana-prend-fin-ce-vendredi-2\/#respond"]}]},{"@type":"WebPage","@id":"https:\/\/228news.tg\/index.php\/2017\/07\/28\/renforcement-de-la-cooperation-et-des-relations-bilaterales-la-4eme-session-de-la-commission-mixte-togo-ghana-prend-fin-ce-vendredi-2\/","url":"https:\/\/228news.tg\/index.php\/2017\/07\/28\/renforcement-de-la-cooperation-et-des-relations-bilaterales-la-4eme-session-de-la-commission-mixte-togo-ghana-prend-fin-ce-vendredi-2\/","name":"Renforcement de la coop\u00e9ration et des relations bilat\u00e9rales\u00a0: La 4\u00e8me session de la Commission mixte Togo-Ghana prend fin ce vendredi - 228 News","isPartOf":{"@id":"https:\/\/228news.tg\/#website"},"primaryImageOfPage":{"@id":"https:\/\/228news.tg\/index.php\/2017\/07\/28\/renforcement-de-la-cooperation-et-des-relations-bilaterales-la-4eme-session-de-la-commission-mixte-togo-ghana-prend-fin-ce-vendredi-2\/#primaryimage"},"image":{"@id":"https:\/\/228news.tg\/index.php\/2017\/07\/28\/renforcement-de-la-cooperation-et-des-relations-bilaterales-la-4eme-session-de-la-commission-mixte-togo-ghana-prend-fin-ce-vendredi-2\/#primaryimage"},"thumbnailUrl":"","datePublished":"2017-07-28T14:12:27+00:00","breadcrumb":{"@id":"https:\/\/228news.tg\/index.php\/2017\/07\/28\/renforcement-de-la-cooperation-et-des-relations-bilaterales-la-4eme-session-de-la-commission-mixte-togo-ghana-prend-fin-ce-vendredi-2\/#breadcrumb"},"inLanguage":"fr-FR","potentialAction":[{"@type":"ReadAction","target":["https:\/\/228news.tg\/index.php\/2017\/07\/28\/renforcement-de-la-cooperation-et-des-relations-bilaterales-la-4eme-session-de-la-commission-mixte-togo-ghana-prend-fin-ce-vendredi-2\/"]}]},{"@type":"ImageObject","inLanguage":"fr-FR","@id":"https:\/\/228news.tg\/index.php\/2017\/07\/28\/renforcement-de-la-cooperation-et-des-relations-bilaterales-la-4eme-session-de-la-commission-mixte-togo-ghana-prend-fin-ce-vendredi-2\/#primaryimage","url":"","contentUrl":""},{"@type":"BreadcrumbList","@id":"https:\/\/228news.tg\/index.php\/2017\/07\/28\/renforcement-de-la-cooperation-et-des-relations-bilaterales-la-4eme-session-de-la-commission-mixte-togo-ghana-prend-fin-ce-vendredi-2\/#breadcrumb","itemListElement":[{"@type":"ListItem","position":1,"name":"Home","item":"https:\/\/228news.tg\/"},{"@type":"ListItem","position":2,"name":"Renforcement de la coop\u00e9ration et des relations bilat\u00e9rales\u00a0: La 4\u00e8me session de la Commission mixte Togo-Ghana prend fin ce vendredi"}]},{"@type":"WebSite","@id":"https:\/\/228news.tg\/#website","url":"https:\/\/228news.tg\/","name":"228 News","description":"Soci\u00e9t\u00e9 de m\u00e9dias et d\u2019actualit\u00e9s","publisher":{"@id":"https:\/\/228news.tg\/#organization"},"potentialAction":[{"@type":"SearchAction","target":{"@type":"EntryPoint","urlTemplate":"https:\/\/228news.tg\/?s={search_term_string}"},"query-input":{"@type":"PropertyValueSpecification","valueRequired":true,"valueName":"search_term_string"}}],"inLanguage":"fr-FR"},{"@type":"Organization","@id":"https:\/\/228news.tg\/#organization","name":"228 News","url":"https:\/\/228news.tg\/","logo":{"@type":"ImageObject","inLanguage":"fr-FR","@id":"https:\/\/228news.tg\/#\/schema\/logo\/image\/","url":"https:\/\/228news.tg\/wp-content\/uploads\/2024\/09\/logonew.png","contentUrl":"https:\/\/228news.tg\/wp-content\/uploads\/2024\/09\/logonew.png","width":1640,"height":364,"caption":"228 News"},"image":{"@id":"https:\/\/228news.tg\/#\/schema\/logo\/image\/"}},{"@type":"Person","@id":"https:\/\/228news.tg\/#\/schema\/person\/68d5a6cc0230290e61235c8379523f52","name":"Bienvenu SAVI","image":{"@type":"ImageObject","inLanguage":"fr-FR","@id":"https:\/\/228news.tg\/#\/schema\/person\/image\/","url":"https:\/\/secure.gravatar.com\/avatar\/9db91895c559e510509c33a3e9683998458e9b828fac36d5d1aa23f0f2fd369b?s=96&d=mm&r=g","contentUrl":"https:\/\/secure.gravatar.com\/avatar\/9db91895c559e510509c33a3e9683998458e9b828fac36d5d1aa23f0f2fd369b?s=96&d=mm&r=g","caption":"Bienvenu SAVI"},"url":"https:\/\/228news.tg\/index.php\/author\/bienvenu\/"}]}},"jetpack_featured_media_url":"","_links":{"self":[{"href":"https:\/\/228news.tg\/index.php\/wp-json\/wp\/v2\/posts\/14210","targetHints":{"allow":["GET"]}}],"collection":[{"href":"https:\/\/228news.tg\/index.php\/wp-json\/wp\/v2\/posts"}],"about":[{"href":"https:\/\/228news.tg\/index.php\/wp-json\/wp\/v2\/types\/post"}],"author":[{"embeddable":true,"href":"https:\/\/228news.tg\/index.php\/wp-json\/wp\/v2\/users\/2"}],"replies":[{"embeddable":true,"href":"https:\/\/228news.tg\/index.php\/wp-json\/wp\/v2\/comments?post=14210"}],"version-history":[{"count":0,"href":"https:\/\/228news.tg\/index.php\/wp-json\/wp\/v2\/posts\/14210\/revisions"}],"wp:featuredmedia":[{"embeddable":true,"href":"https:\/\/228news.tg\/index.php\/wp-json\/"}],"wp:attachment":[{"href":"https:\/\/228news.tg\/index.php\/wp-json\/wp\/v2\/media?parent=14210"}],"wp:term":[{"taxonomy":"category","embeddable":true,"href":"https:\/\/228news.tg\/index.php\/wp-json\/wp\/v2\/categories?post=14210"},{"taxonomy":"post_tag","embeddable":true,"href":"https:\/\/228news.tg\/index.php\/wp-json\/wp\/v2\/tags?post=14210"}],"curies":[{"name":"wp","href":"https:\/\/api.w.org\/{rel}","templated":true}]}}