{"id":14207,"date":"2017-07-28T13:33:50","date_gmt":"2017-07-28T13:33:50","guid":{"rendered":"http:\/\/localhost\/site\/228news\/?p=1633"},"modified":"2017-07-28T13:33:50","modified_gmt":"2017-07-28T13:33:50","slug":"4eme-lac-le-ministre-agadazi-sur-les-sentiers-battus-2","status":"publish","type":"post","link":"https:\/\/228news.tg\/index.php\/2017\/07\/28\/4eme-lac-le-ministre-agadazi-sur-les-sentiers-battus-2\/","title":{"rendered":"PAUT II\/4\u00e8me lac, le ministre Agadazi sur les sentiers battus"},"content":{"rendered":"<p>Une d\u00e9l\u00e9gation compos\u00e9e du ministre de l\u2019Agriculture, de l\u2019Elevage, \u00a0de la P\u00eache et de l\u2019Hydraulique, le\u00a0 Colonel Ouro-Koura Agadazi, du Chef de D\u00e9l\u00e9gation de l\u2019Union Europ\u00e9enne au Togo, M. Nicolas Martinez Berlanga, des repr\u00e9sentants de l\u2019Agence Fran\u00e7aise de D\u00e9veloppement\u00a0 (AFD) etc, est all\u00e9e s\u2019assurer s\u2019est f\u00e9licit\u00e9 de l\u2019\u00e9volution des travaux sur le site du 4<sup>\u00e8me<\/sup> lac, inscrit dans la deuxi\u00e8me phase\u00a0du Projet d\u2019Am\u00e9nagement Urbain du Togo(PAUT 2) ce jeudi 27 juillet.<\/p>\n<p>La visite visait aussi, en ces temps de pluies diluviennes, \u00e0 mesurer le degr\u00e9 d\u2019efficacit\u00e9 des ouvrages en construction par EIFFAGE, l\u2019entreprise fran\u00e7aise en charge du chantier<em>.<\/em><\/p>\n<p><em>\u00a0\u00ab\u00a0 La qualit\u00e9 des ouvrages est irr\u00e9prochable\u00a0\u2026 Tout se fait suivant le cahier de charges avec rigueur et je salue une avanc\u00e9e des travaux de 5%. A cette allure, <\/em>Les ouvrages pourraient \u00eatre livr\u00e9s en avril 2018, au\u00a0 lieu de juin 2018<em> \u00a0\u00bb,<\/em>\u00a0 s\u2019est f\u00e9licit\u00e9 le ministre en charge de l\u2019agriculture \u00e0 l\u2019issue de la visite.<\/p>\n<p><img fetchpriority=\"high\" decoding=\"async\" class=\"alignleft size-medium wp-image-1635\" src=\"http:\/\/localhost\/site\/228news\/wp-content\/uploads\/2017\/07\/BERLAN_i480-300x200.jpg\" alt=\"\" width=\"300\" height=\"200\" \/>Berlanga Martinez, a plaid\u00e9 pour la prise en compte de deux principales raisons qui pourraient inciter l\u2019Union Europ\u00e9enne\u00a0 \u00e0 trouver des ressources additionnelles\u00a0\u00a0 en vue de\u00a0 renforcer les travaux en cours. Il s\u2019agit de la mise en place d\u2019un cadre institutionnel clair pour la gestion des travaux et de l\u2019\u00e9ducation civique des populations riveraines pour l\u2019entretien \u00a0des ouvrages.<\/p>\n<p>Lanc\u00e9s en avril 2016 par le Chef de l\u2019Etat Togolais, les travaux du PAUT 2 ont d\u00e9marr\u00e9 le 03 juin de la m\u00eame ann\u00e9e pour une dur\u00e9e de 24 mois.<\/p>\n<p>Financ\u00e9 par l\u2019Union Europ\u00e9enne \u00e0 hauteur de 28,2 milliards de FCFA avec une contrepartie \u00a0nationale de 7 milliards de FCFA pour les indemnisations, les d\u00e9dommagements, le d\u00e9placement des r\u00e9seaux, l\u2019entretien du syst\u00e8me lagunaire et le fonctionnement des organes, ce projet de r\u00e9alisation des travaux d\u2019assainissement en milieux urbains, vise \u00e0 am\u00e9liorer l\u2019environnement \u00a0urbain et r\u00e9duire les risques d\u2019inondation dans la zone Est de\u00a0 la ville de Lom\u00e9. Il concerne les quartiers\u00a0d\u2019Anfam\u00e9, Akodessewa-Kpota, Akodessewa-Kponou, Kanyikop\u00e9,Adakpam\u00e9,Kagom\u00e9, Adamavo et Baguida.<\/p>\n<p>A mi-parcours, il affiche de satisfaisants r\u00e9sultats notamment une consommation de d\u00e9lai contractuel de 55% y compris deux mois de mobilisation\u00a0, un avancement physique\u00a0 de 57% avec une avance de 5% sur le planning pr\u00e9visionnel \u00a0se traduisant\u00a0 en terme de quantit\u00e9 d\u2019ouvrages r\u00e9alis\u00e9s par\u00a0380.000m<sup>3<\/sup>\u00a0de lac excav\u00e9s sur 780.000m<sup>3<\/sup>\u00a0pr\u00e9vus, 17.400 m\u00e8tres lin\u00e9aires\u00a0 de canaux construis sur 36\u00a0.400 m\u00e8tres lin\u00e9aires pr\u00e9vus avec plus de 80% d\u2019\u00e9l\u00e9ments d\u00e9j\u00e0 pr\u00e9fabriqu\u00e9s et bien d\u2019autres parties d\u2019ouvrages connexes r\u00e9alis\u00e9es\u00a0sur\u00a0un d\u00e9caissement financier de 46% du montant des march\u00e9s des travaux.<\/p>\n<p><em>(photo, 1 le ministre Agadazi, 2 Nicalos Berlanga Martinez)<\/em><\/p>\n<p><strong>D\u00e9mocrate<\/strong><\/p>\n<p><strong>(00228) 91 85 40 14<\/strong><\/p>\n<p><strong>98 60 67 68<\/strong><\/p>\n<p><strong><a href=\"mailto:democrate2010@gmail.com\">democrate2010@gmail.com<\/a><\/strong><\/p>\n","protected":false},"excerpt":{"rendered":"<p>Une d\u00e9l\u00e9gation compos\u00e9e du ministre de l\u2019Agriculture, de l\u2019Elevage, \u00a0de la P\u00eache et de l\u2019Hydraulique, le\u00a0 Colonel Ouro-Koura Agadazi, du Chef de D\u00e9l\u00e9gation de l\u2019Union Europ\u00e9enne au Togo, M. Nicolas Martinez Berlanga, des repr\u00e9sentants de l\u2019Agence Fran\u00e7aise de D\u00e9veloppement\u00a0 (AFD) etc, est all\u00e9e s\u2019assurer s\u2019est f\u00e9licit\u00e9 de l\u2019\u00e9volution des travaux sur le site du 4\u00e8me &#8230; <a title=\"PAUT II\/4\u00e8me lac, le ministre Agadazi sur les sentiers battus\" class=\"read-more\" href=\"https:\/\/228news.tg\/index.php\/2017\/07\/28\/4eme-lac-le-ministre-agadazi-sur-les-sentiers-battus-2\/\" aria-label=\"En savoir plus sur PAUT II\/4\u00e8me lac, le ministre Agadazi sur les sentiers battus\">Lire la suite<\/a><\/p>\n","protected":false},"author":2,"featured_media":1634,"comment_status":"open","ping_status":"open","sticky":false,"template":"","format":"chat","meta":{"footnotes":""},"categories":[31,35,25,34],"tags":[],"class_list":["post-14207","post","type-post","status-publish","format-chat","has-post-thumbnail","hentry","category-developpement","category-flash","category-togo","category-une","post_format-post-format-chat"],"yoast_head":"<!-- This site is optimized with the Yoast SEO plugin v26.4 - https:\/\/yoast.com\/wordpress\/plugins\/seo\/ -->\n<title>PAUT II\/4\u00e8me lac, le ministre Agadazi sur les sentiers battus - 228 News<\/title>\n<meta name=\"robots\" content=\"index, follow, max-snippet:-1, max-image-preview:large, max-video-preview:-1\" \/>\n<link rel=\"canonical\" href=\"https:\/\/228news.tg\/index.php\/2017\/07\/28\/4eme-lac-le-ministre-agadazi-sur-les-sentiers-battus-2\/\" \/>\n<meta property=\"og:locale\" content=\"fr_FR\" \/>\n<meta property=\"og:type\" content=\"article\" \/>\n<meta property=\"og:title\" content=\"PAUT II\/4\u00e8me lac, le ministre Agadazi sur les sentiers battus - 228 News\" \/>\n<meta property=\"og:description\" content=\"Une d\u00e9l\u00e9gation compos\u00e9e du ministre de l\u2019Agriculture, de l\u2019Elevage, \u00a0de la P\u00eache et de l\u2019Hydraulique, le\u00a0 Colonel Ouro-Koura Agadazi, du Chef de D\u00e9l\u00e9gation de l\u2019Union Europ\u00e9enne au Togo, M. Nicolas Martinez Berlanga, des repr\u00e9sentants de l\u2019Agence Fran\u00e7aise de D\u00e9veloppement\u00a0 (AFD) etc, est all\u00e9e s\u2019assurer s\u2019est f\u00e9licit\u00e9 de l\u2019\u00e9volution des travaux sur le site du 4\u00e8me ... Lire la suite\" \/>\n<meta property=\"og:url\" content=\"https:\/\/228news.tg\/index.php\/2017\/07\/28\/4eme-lac-le-ministre-agadazi-sur-les-sentiers-battus-2\/\" \/>\n<meta property=\"og:site_name\" content=\"228 News\" \/>\n<meta property=\"article:published_time\" content=\"2017-07-28T13:33:50+00:00\" \/>\n<meta property=\"og:image\" content=\"http:\/\/localhost\/site\/228news\/wp-content\/uploads\/2017\/07\/BERLAN_i480-300x200.jpg\" \/>\n<meta name=\"author\" content=\"Bienvenu SAVI\" \/>\n<meta name=\"twitter:card\" content=\"summary_large_image\" \/>\n<meta name=\"twitter:label1\" content=\"\u00c9crit par\" \/>\n\t<meta name=\"twitter:data1\" content=\"Bienvenu SAVI\" \/>\n\t<meta name=\"twitter:label2\" content=\"Dur\u00e9e de lecture estim\u00e9e\" \/>\n\t<meta name=\"twitter:data2\" content=\"2 minutes\" \/>\n<script type=\"application\/ld+json\" class=\"yoast-schema-graph\">{\"@context\":\"https:\/\/schema.org\",\"@graph\":[{\"@type\":\"Article\",\"@id\":\"https:\/\/228news.tg\/index.php\/2017\/07\/28\/4eme-lac-le-ministre-agadazi-sur-les-sentiers-battus-2\/#article\",\"isPartOf\":{\"@id\":\"https:\/\/228news.tg\/index.php\/2017\/07\/28\/4eme-lac-le-ministre-agadazi-sur-les-sentiers-battus-2\/\"},\"author\":{\"name\":\"Bienvenu SAVI\",\"@id\":\"https:\/\/228news.tg\/#\/schema\/person\/68d5a6cc0230290e61235c8379523f52\"},\"headline\":\"PAUT II\/4\u00e8me lac, le ministre Agadazi sur les sentiers battus\",\"datePublished\":\"2017-07-28T13:33:50+00:00\",\"mainEntityOfPage\":{\"@id\":\"https:\/\/228news.tg\/index.php\/2017\/07\/28\/4eme-lac-le-ministre-agadazi-sur-les-sentiers-battus-2\/\"},\"wordCount\":493,\"commentCount\":0,\"publisher\":{\"@id\":\"https:\/\/228news.tg\/#organization\"},\"image\":{\"@id\":\"https:\/\/228news.tg\/index.php\/2017\/07\/28\/4eme-lac-le-ministre-agadazi-sur-les-sentiers-battus-2\/#primaryimage\"},\"thumbnailUrl\":\"\",\"articleSection\":[\"DEVELOPPEMENT\",\"Flash\",\"TOGO\",\"Une\"],\"inLanguage\":\"fr-FR\",\"potentialAction\":[{\"@type\":\"CommentAction\",\"name\":\"Comment\",\"target\":[\"https:\/\/228news.tg\/index.php\/2017\/07\/28\/4eme-lac-le-ministre-agadazi-sur-les-sentiers-battus-2\/#respond\"]}]},{\"@type\":\"WebPage\",\"@id\":\"https:\/\/228news.tg\/index.php\/2017\/07\/28\/4eme-lac-le-ministre-agadazi-sur-les-sentiers-battus-2\/\",\"url\":\"https:\/\/228news.tg\/index.php\/2017\/07\/28\/4eme-lac-le-ministre-agadazi-sur-les-sentiers-battus-2\/\",\"name\":\"PAUT II\/4\u00e8me lac, le ministre Agadazi sur les sentiers battus - 228 News\",\"isPartOf\":{\"@id\":\"https:\/\/228news.tg\/#website\"},\"primaryImageOfPage\":{\"@id\":\"https:\/\/228news.tg\/index.php\/2017\/07\/28\/4eme-lac-le-ministre-agadazi-sur-les-sentiers-battus-2\/#primaryimage\"},\"image\":{\"@id\":\"https:\/\/228news.tg\/index.php\/2017\/07\/28\/4eme-lac-le-ministre-agadazi-sur-les-sentiers-battus-2\/#primaryimage\"},\"thumbnailUrl\":\"\",\"datePublished\":\"2017-07-28T13:33:50+00:00\",\"breadcrumb\":{\"@id\":\"https:\/\/228news.tg\/index.php\/2017\/07\/28\/4eme-lac-le-ministre-agadazi-sur-les-sentiers-battus-2\/#breadcrumb\"},\"inLanguage\":\"fr-FR\",\"potentialAction\":[{\"@type\":\"ReadAction\",\"target\":[\"https:\/\/228news.tg\/index.php\/2017\/07\/28\/4eme-lac-le-ministre-agadazi-sur-les-sentiers-battus-2\/\"]}]},{\"@type\":\"ImageObject\",\"inLanguage\":\"fr-FR\",\"@id\":\"https:\/\/228news.tg\/index.php\/2017\/07\/28\/4eme-lac-le-ministre-agadazi-sur-les-sentiers-battus-2\/#primaryimage\",\"url\":\"\",\"contentUrl\":\"\"},{\"@type\":\"BreadcrumbList\",\"@id\":\"https:\/\/228news.tg\/index.php\/2017\/07\/28\/4eme-lac-le-ministre-agadazi-sur-les-sentiers-battus-2\/#breadcrumb\",\"itemListElement\":[{\"@type\":\"ListItem\",\"position\":1,\"name\":\"Home\",\"item\":\"https:\/\/228news.tg\/\"},{\"@type\":\"ListItem\",\"position\":2,\"name\":\"PAUT II\/4\u00e8me lac, le ministre Agadazi sur les sentiers battus\"}]},{\"@type\":\"WebSite\",\"@id\":\"https:\/\/228news.tg\/#website\",\"url\":\"https:\/\/228news.tg\/\",\"name\":\"228 News\",\"description\":\"Soci\u00e9t\u00e9 de m\u00e9dias et d\u2019actualit\u00e9s\",\"publisher\":{\"@id\":\"https:\/\/228news.tg\/#organization\"},\"potentialAction\":[{\"@type\":\"SearchAction\",\"target\":{\"@type\":\"EntryPoint\",\"urlTemplate\":\"https:\/\/228news.tg\/?s={search_term_string}\"},\"query-input\":{\"@type\":\"PropertyValueSpecification\",\"valueRequired\":true,\"valueName\":\"search_term_string\"}}],\"inLanguage\":\"fr-FR\"},{\"@type\":\"Organization\",\"@id\":\"https:\/\/228news.tg\/#organization\",\"name\":\"228 News\",\"url\":\"https:\/\/228news.tg\/\",\"logo\":{\"@type\":\"ImageObject\",\"inLanguage\":\"fr-FR\",\"@id\":\"https:\/\/228news.tg\/#\/schema\/logo\/image\/\",\"url\":\"https:\/\/228news.tg\/wp-content\/uploads\/2024\/09\/logonew.png\",\"contentUrl\":\"https:\/\/228news.tg\/wp-content\/uploads\/2024\/09\/logonew.png\",\"width\":1640,\"height\":364,\"caption\":\"228 News\"},\"image\":{\"@id\":\"https:\/\/228news.tg\/#\/schema\/logo\/image\/\"}},{\"@type\":\"Person\",\"@id\":\"https:\/\/228news.tg\/#\/schema\/person\/68d5a6cc0230290e61235c8379523f52\",\"name\":\"Bienvenu SAVI\",\"image\":{\"@type\":\"ImageObject\",\"inLanguage\":\"fr-FR\",\"@id\":\"https:\/\/228news.tg\/#\/schema\/person\/image\/\",\"url\":\"https:\/\/secure.gravatar.com\/avatar\/9db91895c559e510509c33a3e9683998458e9b828fac36d5d1aa23f0f2fd369b?s=96&d=mm&r=g\",\"contentUrl\":\"https:\/\/secure.gravatar.com\/avatar\/9db91895c559e510509c33a3e9683998458e9b828fac36d5d1aa23f0f2fd369b?s=96&d=mm&r=g\",\"caption\":\"Bienvenu SAVI\"},\"url\":\"https:\/\/228news.tg\/index.php\/author\/bienvenu\/\"}]}<\/script>\n<!-- \/ Yoast SEO plugin. -->","yoast_head_json":{"title":"PAUT II\/4\u00e8me lac, le ministre Agadazi sur les sentiers battus - 228 News","robots":{"index":"index","follow":"follow","max-snippet":"max-snippet:-1","max-image-preview":"max-image-preview:large","max-video-preview":"max-video-preview:-1"},"canonical":"https:\/\/228news.tg\/index.php\/2017\/07\/28\/4eme-lac-le-ministre-agadazi-sur-les-sentiers-battus-2\/","og_locale":"fr_FR","og_type":"article","og_title":"PAUT II\/4\u00e8me lac, le ministre Agadazi sur les sentiers battus - 228 News","og_description":"Une d\u00e9l\u00e9gation compos\u00e9e du ministre de l\u2019Agriculture, de l\u2019Elevage, \u00a0de la P\u00eache et de l\u2019Hydraulique, le\u00a0 Colonel Ouro-Koura Agadazi, du Chef de D\u00e9l\u00e9gation de l\u2019Union Europ\u00e9enne au Togo, M. Nicolas Martinez Berlanga, des repr\u00e9sentants de l\u2019Agence Fran\u00e7aise de D\u00e9veloppement\u00a0 (AFD) etc, est all\u00e9e s\u2019assurer s\u2019est f\u00e9licit\u00e9 de l\u2019\u00e9volution des travaux sur le site du 4\u00e8me ... Lire la suite","og_url":"https:\/\/228news.tg\/index.php\/2017\/07\/28\/4eme-lac-le-ministre-agadazi-sur-les-sentiers-battus-2\/","og_site_name":"228 News","article_published_time":"2017-07-28T13:33:50+00:00","og_image":[{"url":"http:\/\/localhost\/site\/228news\/wp-content\/uploads\/2017\/07\/BERLAN_i480-300x200.jpg","type":"","width":"","height":""}],"author":"Bienvenu SAVI","twitter_card":"summary_large_image","twitter_misc":{"\u00c9crit par":"Bienvenu SAVI","Dur\u00e9e de lecture estim\u00e9e":"2 minutes"},"schema":{"@context":"https:\/\/schema.org","@graph":[{"@type":"Article","@id":"https:\/\/228news.tg\/index.php\/2017\/07\/28\/4eme-lac-le-ministre-agadazi-sur-les-sentiers-battus-2\/#article","isPartOf":{"@id":"https:\/\/228news.tg\/index.php\/2017\/07\/28\/4eme-lac-le-ministre-agadazi-sur-les-sentiers-battus-2\/"},"author":{"name":"Bienvenu SAVI","@id":"https:\/\/228news.tg\/#\/schema\/person\/68d5a6cc0230290e61235c8379523f52"},"headline":"PAUT II\/4\u00e8me lac, le ministre Agadazi sur les sentiers battus","datePublished":"2017-07-28T13:33:50+00:00","mainEntityOfPage":{"@id":"https:\/\/228news.tg\/index.php\/2017\/07\/28\/4eme-lac-le-ministre-agadazi-sur-les-sentiers-battus-2\/"},"wordCount":493,"commentCount":0,"publisher":{"@id":"https:\/\/228news.tg\/#organization"},"image":{"@id":"https:\/\/228news.tg\/index.php\/2017\/07\/28\/4eme-lac-le-ministre-agadazi-sur-les-sentiers-battus-2\/#primaryimage"},"thumbnailUrl":"","articleSection":["DEVELOPPEMENT","Flash","TOGO","Une"],"inLanguage":"fr-FR","potentialAction":[{"@type":"CommentAction","name":"Comment","target":["https:\/\/228news.tg\/index.php\/2017\/07\/28\/4eme-lac-le-ministre-agadazi-sur-les-sentiers-battus-2\/#respond"]}]},{"@type":"WebPage","@id":"https:\/\/228news.tg\/index.php\/2017\/07\/28\/4eme-lac-le-ministre-agadazi-sur-les-sentiers-battus-2\/","url":"https:\/\/228news.tg\/index.php\/2017\/07\/28\/4eme-lac-le-ministre-agadazi-sur-les-sentiers-battus-2\/","name":"PAUT II\/4\u00e8me lac, le ministre Agadazi sur les sentiers battus - 228 News","isPartOf":{"@id":"https:\/\/228news.tg\/#website"},"primaryImageOfPage":{"@id":"https:\/\/228news.tg\/index.php\/2017\/07\/28\/4eme-lac-le-ministre-agadazi-sur-les-sentiers-battus-2\/#primaryimage"},"image":{"@id":"https:\/\/228news.tg\/index.php\/2017\/07\/28\/4eme-lac-le-ministre-agadazi-sur-les-sentiers-battus-2\/#primaryimage"},"thumbnailUrl":"","datePublished":"2017-07-28T13:33:50+00:00","breadcrumb":{"@id":"https:\/\/228news.tg\/index.php\/2017\/07\/28\/4eme-lac-le-ministre-agadazi-sur-les-sentiers-battus-2\/#breadcrumb"},"inLanguage":"fr-FR","potentialAction":[{"@type":"ReadAction","target":["https:\/\/228news.tg\/index.php\/2017\/07\/28\/4eme-lac-le-ministre-agadazi-sur-les-sentiers-battus-2\/"]}]},{"@type":"ImageObject","inLanguage":"fr-FR","@id":"https:\/\/228news.tg\/index.php\/2017\/07\/28\/4eme-lac-le-ministre-agadazi-sur-les-sentiers-battus-2\/#primaryimage","url":"","contentUrl":""},{"@type":"BreadcrumbList","@id":"https:\/\/228news.tg\/index.php\/2017\/07\/28\/4eme-lac-le-ministre-agadazi-sur-les-sentiers-battus-2\/#breadcrumb","itemListElement":[{"@type":"ListItem","position":1,"name":"Home","item":"https:\/\/228news.tg\/"},{"@type":"ListItem","position":2,"name":"PAUT II\/4\u00e8me lac, le ministre Agadazi sur les sentiers battus"}]},{"@type":"WebSite","@id":"https:\/\/228news.tg\/#website","url":"https:\/\/228news.tg\/","name":"228 News","description":"Soci\u00e9t\u00e9 de m\u00e9dias et d\u2019actualit\u00e9s","publisher":{"@id":"https:\/\/228news.tg\/#organization"},"potentialAction":[{"@type":"SearchAction","target":{"@type":"EntryPoint","urlTemplate":"https:\/\/228news.tg\/?s={search_term_string}"},"query-input":{"@type":"PropertyValueSpecification","valueRequired":true,"valueName":"search_term_string"}}],"inLanguage":"fr-FR"},{"@type":"Organization","@id":"https:\/\/228news.tg\/#organization","name":"228 News","url":"https:\/\/228news.tg\/","logo":{"@type":"ImageObject","inLanguage":"fr-FR","@id":"https:\/\/228news.tg\/#\/schema\/logo\/image\/","url":"https:\/\/228news.tg\/wp-content\/uploads\/2024\/09\/logonew.png","contentUrl":"https:\/\/228news.tg\/wp-content\/uploads\/2024\/09\/logonew.png","width":1640,"height":364,"caption":"228 News"},"image":{"@id":"https:\/\/228news.tg\/#\/schema\/logo\/image\/"}},{"@type":"Person","@id":"https:\/\/228news.tg\/#\/schema\/person\/68d5a6cc0230290e61235c8379523f52","name":"Bienvenu SAVI","image":{"@type":"ImageObject","inLanguage":"fr-FR","@id":"https:\/\/228news.tg\/#\/schema\/person\/image\/","url":"https:\/\/secure.gravatar.com\/avatar\/9db91895c559e510509c33a3e9683998458e9b828fac36d5d1aa23f0f2fd369b?s=96&d=mm&r=g","contentUrl":"https:\/\/secure.gravatar.com\/avatar\/9db91895c559e510509c33a3e9683998458e9b828fac36d5d1aa23f0f2fd369b?s=96&d=mm&r=g","caption":"Bienvenu SAVI"},"url":"https:\/\/228news.tg\/index.php\/author\/bienvenu\/"}]}},"jetpack_featured_media_url":"","_links":{"self":[{"href":"https:\/\/228news.tg\/index.php\/wp-json\/wp\/v2\/posts\/14207","targetHints":{"allow":["GET"]}}],"collection":[{"href":"https:\/\/228news.tg\/index.php\/wp-json\/wp\/v2\/posts"}],"about":[{"href":"https:\/\/228news.tg\/index.php\/wp-json\/wp\/v2\/types\/post"}],"author":[{"embeddable":true,"href":"https:\/\/228news.tg\/index.php\/wp-json\/wp\/v2\/users\/2"}],"replies":[{"embeddable":true,"href":"https:\/\/228news.tg\/index.php\/wp-json\/wp\/v2\/comments?post=14207"}],"version-history":[{"count":0,"href":"https:\/\/228news.tg\/index.php\/wp-json\/wp\/v2\/posts\/14207\/revisions"}],"wp:featuredmedia":[{"embeddable":true,"href":"https:\/\/228news.tg\/index.php\/wp-json\/wp\/v2\/posts\/1634"}],"wp:attachment":[{"href":"https:\/\/228news.tg\/index.php\/wp-json\/wp\/v2\/media?parent=14207"}],"wp:term":[{"taxonomy":"category","embeddable":true,"href":"https:\/\/228news.tg\/index.php\/wp-json\/wp\/v2\/categories?post=14207"},{"taxonomy":"post_tag","embeddable":true,"href":"https:\/\/228news.tg\/index.php\/wp-json\/wp\/v2\/tags?post=14207"}],"curies":[{"name":"wp","href":"https:\/\/api.w.org\/{rel}","templated":true}]}}