{"id":14206,"date":"2017-07-28T13:19:52","date_gmt":"2017-07-28T13:19:52","guid":{"rendered":"http:\/\/localhost\/site\/228news\/?p=1629"},"modified":"2017-07-28T13:19:52","modified_gmt":"2017-07-28T13:19:52","slug":"orabank-togo-desormais-gestionnaire-des-fonds-de-credit-du-paeij-sp-2","status":"publish","type":"post","link":"https:\/\/228news.tg\/index.php\/2017\/07\/28\/orabank-togo-desormais-gestionnaire-des-fonds-de-credit-du-paeij-sp-2\/","title":{"rendered":"ORABANK-Togo, d\u00e9sormais gestionnaire des fonds de cr\u00e9dit du PAEIJ-SP"},"content":{"rendered":"<p>Le minist\u00e8re du d\u00e9veloppement \u00e0 la base, de l\u2019artisanat, de la jeunesse et de l\u2019emploi des jeunes est d\u00e9sormais li\u00e9 \u00e0 ORABANK-Togo par une convention \u00a0de prestation de service d\u2019op\u00e9rateur \u00a0financier, dans la perspective de mise en \u0153uvre du Projet d\u2019Appui \u00e0 l\u2019Employabilit\u00e9 et \u00e0 l\u2019Insertion des Jeunes dans les Secteurs Porteurs (PAEIJ-SP).<\/p>\n<p>La convention a \u00e9t\u00e9 paraph\u00e9e par Mme Victoire Tom\u00e9gah-Dogb\u00e9, ministre en charge du d\u00e9veloppement et le Directeur G\u00e9n\u00e9ral \u00a0d\u2019ORABANK-Togo, M.\u00a0Cheikh Tidiane NDIAYE\u00a0le mardi 25 juillet 2017 dans les locaux du minist\u00e8re de l\u2019Economie et des Finances.<\/p>\n<p>Visant essentiellement \u00e0 fournir un agr\u00e9ment d\u2019op\u00e9rateur financier (OF)\u00a0 des fonds de cr\u00e9dit du PAEIJ-SP \u00e0 ORABANK-Togo, cette convention d\u00e9finit les conditions et modalit\u00e9s pratiques r\u00e9gissant la gestion des fonds de cr\u00e9dit du PAEIJ-SP, le financement des primo entreprises, des soci\u00e9t\u00e9s de coop\u00e9rative simplifi\u00e9es (SCOOPS) et des PME du secteur agricole, encadr\u00e9es par le PAEIJ-SP ainsi que les crit\u00e8res de performance attendue de l\u2019op\u00e9rateur financier.<\/p>\n<p>La convention est sign\u00e9e pour une p\u00e9riode de trois ans et ne peut prendre fin tant que le cr\u00e9dit d\u2019une institution de microfinance partenaire n\u2019est sold\u00e9. Le montant total de la ligne de cr\u00e9dit objet de la convention est de cinq milliards trois cent soixante millions (5.360\u00a0.000.000) FCFA.<\/p>\n<p>\u00ab\u00a0Cette convention marque la ferme volont\u00e9 du gouvernement togolais\u00a0 de cr\u00e9er les conditions favorables \u00e0 la promotion de l\u2019entrepreneuriat et \u00e0\u00a0\u00a0 la cr\u00e9ation de l\u2019emploi pour les jeunes, notamment \u00e0 travers le PAEIJ-SP.\u00a0\u00bb, a d\u00e9clar\u00e9 le ministre de l\u2019Economie et des Finances,\u00a0 Sani Yaya.<\/p>\n<p>M. Cheikh Tidiane NDIAYE, DG d\u2019ORABANK \u2013Togo pour sa part s\u2019est engag\u00e9 \u00e0 mener \u00e0 bien toutes les actions attendues de son institution pour le succ\u00e8s du PAEIJ-SP.<\/p>\n<p>A travers ce m\u00e9canisme, le PAIEJ-SP veut faciliter l\u2019acc\u00e8s au financement\u00a0 et aux services financiers aux PME \u00e9tablies ,700 jeunes entrepreneurs (dont 40% de femmes), 1000 groupements\u00a0 de producteurs\u00a0\/\u00e9leveurs (dont 40% de femmes) et 200 femmes issues des milieux \u00a0ruraux et vuln\u00e9rables.<\/p>\n<p>Visant \u00e0 cr\u00e9er les conditions\u00a0 d\u2019une croissance \u00e9conomique plus inclusive \u00e0 travers le renforcement de l\u2019employabilit\u00e9 des\u00a0 jeunes\u00a0 et la promotion de l\u2019entrepreneuriat\u00a0 dans les secteurs porteurs, le PAEIJ-SP a \u00e9t\u00e9 lanc\u00e9 le 24 avril 2016 par le Chef de l\u2019Etat Togolais et est cofinanc\u00e9 par l\u2019Etat togolais et la Banque Africaine de D\u00e9veloppement \u00a0(BAD) \u00e0 hauteur de 12,6 milliards de FCFA. Un avenant a, \u00e0 juste titre, \u00e9t\u00e9 sign\u00e9 entre le minist\u00e8re du d\u00e9veloppement \u00e0 la base et la BAD \u00e0 l\u2019issue de la c\u00e9r\u00e9monie.<\/p>\n<p><em>(photo, Victoire Dogb\u00e9 et le Directeur g\u00e9n\u00e9ral d\u2019ORABANK-Togo paraphant la convention)<\/em><\/p>\n<p><strong>D\u00e9mocrate<\/strong><\/p>\n<p><strong>(00228) 91 85 40 14<\/strong><\/p>\n<p><strong>98 60 67 68<\/strong><\/p>\n<p><strong><a href=\"mailto:democrate2010@gmail.com\">democrate2010@gmail.com<\/a><\/strong><\/p>\n","protected":false},"excerpt":{"rendered":"<p>Le minist\u00e8re du d\u00e9veloppement \u00e0 la base, de l\u2019artisanat, de la jeunesse et de l\u2019emploi des jeunes est d\u00e9sormais li\u00e9 \u00e0 ORABANK-Togo par une convention \u00a0de prestation de service d\u2019op\u00e9rateur \u00a0financier, dans la perspective de mise en \u0153uvre du Projet d\u2019Appui \u00e0 l\u2019Employabilit\u00e9 et \u00e0 l\u2019Insertion des Jeunes dans les Secteurs Porteurs (PAEIJ-SP). La convention &#8230; <a title=\"ORABANK-Togo, d\u00e9sormais gestionnaire des fonds de cr\u00e9dit du PAEIJ-SP\" class=\"read-more\" href=\"https:\/\/228news.tg\/index.php\/2017\/07\/28\/orabank-togo-desormais-gestionnaire-des-fonds-de-credit-du-paeij-sp-2\/\" aria-label=\"En savoir plus sur ORABANK-Togo, d\u00e9sormais gestionnaire des fonds de cr\u00e9dit du PAEIJ-SP\">Lire la suite<\/a><\/p>\n","protected":false},"author":2,"featured_media":1630,"comment_status":"open","ping_status":"open","sticky":false,"template":"","format":"chat","meta":{"footnotes":""},"categories":[30,35,25,34],"tags":[],"class_list":["post-14206","post","type-post","status-publish","format-chat","has-post-thumbnail","hentry","category-economie","category-flash","category-togo","category-une","post_format-post-format-chat"],"yoast_head":"<!-- This site is optimized with the Yoast SEO plugin v26.4 - https:\/\/yoast.com\/wordpress\/plugins\/seo\/ -->\n<title>ORABANK-Togo, d\u00e9sormais gestionnaire des fonds de cr\u00e9dit du PAEIJ-SP - 228 News<\/title>\n<meta name=\"robots\" content=\"index, follow, max-snippet:-1, max-image-preview:large, max-video-preview:-1\" \/>\n<link rel=\"canonical\" href=\"https:\/\/228news.tg\/index.php\/2017\/07\/28\/orabank-togo-desormais-gestionnaire-des-fonds-de-credit-du-paeij-sp-2\/\" \/>\n<meta property=\"og:locale\" content=\"fr_FR\" \/>\n<meta property=\"og:type\" content=\"article\" \/>\n<meta property=\"og:title\" content=\"ORABANK-Togo, d\u00e9sormais gestionnaire des fonds de cr\u00e9dit du PAEIJ-SP - 228 News\" \/>\n<meta property=\"og:description\" content=\"Le minist\u00e8re du d\u00e9veloppement \u00e0 la base, de l\u2019artisanat, de la jeunesse et de l\u2019emploi des jeunes est d\u00e9sormais li\u00e9 \u00e0 ORABANK-Togo par une convention \u00a0de prestation de service d\u2019op\u00e9rateur \u00a0financier, dans la perspective de mise en \u0153uvre du Projet d\u2019Appui \u00e0 l\u2019Employabilit\u00e9 et \u00e0 l\u2019Insertion des Jeunes dans les Secteurs Porteurs (PAEIJ-SP). La convention ... Lire la suite\" \/>\n<meta property=\"og:url\" content=\"https:\/\/228news.tg\/index.php\/2017\/07\/28\/orabank-togo-desormais-gestionnaire-des-fonds-de-credit-du-paeij-sp-2\/\" \/>\n<meta property=\"og:site_name\" content=\"228 News\" \/>\n<meta property=\"article:published_time\" content=\"2017-07-28T13:19:52+00:00\" \/>\n<meta name=\"author\" content=\"Bienvenu SAVI\" \/>\n<meta name=\"twitter:card\" content=\"summary_large_image\" \/>\n<meta name=\"twitter:label1\" content=\"\u00c9crit par\" \/>\n\t<meta name=\"twitter:data1\" content=\"Bienvenu SAVI\" \/>\n\t<meta name=\"twitter:label2\" content=\"Dur\u00e9e de lecture estim\u00e9e\" \/>\n\t<meta name=\"twitter:data2\" content=\"2 minutes\" \/>\n<script type=\"application\/ld+json\" class=\"yoast-schema-graph\">{\"@context\":\"https:\/\/schema.org\",\"@graph\":[{\"@type\":\"Article\",\"@id\":\"https:\/\/228news.tg\/index.php\/2017\/07\/28\/orabank-togo-desormais-gestionnaire-des-fonds-de-credit-du-paeij-sp-2\/#article\",\"isPartOf\":{\"@id\":\"https:\/\/228news.tg\/index.php\/2017\/07\/28\/orabank-togo-desormais-gestionnaire-des-fonds-de-credit-du-paeij-sp-2\/\"},\"author\":{\"name\":\"Bienvenu SAVI\",\"@id\":\"https:\/\/228news.tg\/#\/schema\/person\/68d5a6cc0230290e61235c8379523f52\"},\"headline\":\"ORABANK-Togo, d\u00e9sormais gestionnaire des fonds de cr\u00e9dit du PAEIJ-SP\",\"datePublished\":\"2017-07-28T13:19:52+00:00\",\"mainEntityOfPage\":{\"@id\":\"https:\/\/228news.tg\/index.php\/2017\/07\/28\/orabank-togo-desormais-gestionnaire-des-fonds-de-credit-du-paeij-sp-2\/\"},\"wordCount\":472,\"commentCount\":0,\"publisher\":{\"@id\":\"https:\/\/228news.tg\/#organization\"},\"image\":{\"@id\":\"https:\/\/228news.tg\/index.php\/2017\/07\/28\/orabank-togo-desormais-gestionnaire-des-fonds-de-credit-du-paeij-sp-2\/#primaryimage\"},\"thumbnailUrl\":\"https:\/\/228news.tg\/wp-content\/uploads\/2024\/09\/IMG_20180730_062939_876-1.jpg\",\"articleSection\":[\"ECONOMIE\",\"Flash\",\"TOGO\",\"Une\"],\"inLanguage\":\"fr-FR\",\"potentialAction\":[{\"@type\":\"CommentAction\",\"name\":\"Comment\",\"target\":[\"https:\/\/228news.tg\/index.php\/2017\/07\/28\/orabank-togo-desormais-gestionnaire-des-fonds-de-credit-du-paeij-sp-2\/#respond\"]}]},{\"@type\":\"WebPage\",\"@id\":\"https:\/\/228news.tg\/index.php\/2017\/07\/28\/orabank-togo-desormais-gestionnaire-des-fonds-de-credit-du-paeij-sp-2\/\",\"url\":\"https:\/\/228news.tg\/index.php\/2017\/07\/28\/orabank-togo-desormais-gestionnaire-des-fonds-de-credit-du-paeij-sp-2\/\",\"name\":\"ORABANK-Togo, d\u00e9sormais gestionnaire des fonds de cr\u00e9dit du PAEIJ-SP - 228 News\",\"isPartOf\":{\"@id\":\"https:\/\/228news.tg\/#website\"},\"primaryImageOfPage\":{\"@id\":\"https:\/\/228news.tg\/index.php\/2017\/07\/28\/orabank-togo-desormais-gestionnaire-des-fonds-de-credit-du-paeij-sp-2\/#primaryimage\"},\"image\":{\"@id\":\"https:\/\/228news.tg\/index.php\/2017\/07\/28\/orabank-togo-desormais-gestionnaire-des-fonds-de-credit-du-paeij-sp-2\/#primaryimage\"},\"thumbnailUrl\":\"https:\/\/228news.tg\/wp-content\/uploads\/2024\/09\/IMG_20180730_062939_876-1.jpg\",\"datePublished\":\"2017-07-28T13:19:52+00:00\",\"breadcrumb\":{\"@id\":\"https:\/\/228news.tg\/index.php\/2017\/07\/28\/orabank-togo-desormais-gestionnaire-des-fonds-de-credit-du-paeij-sp-2\/#breadcrumb\"},\"inLanguage\":\"fr-FR\",\"potentialAction\":[{\"@type\":\"ReadAction\",\"target\":[\"https:\/\/228news.tg\/index.php\/2017\/07\/28\/orabank-togo-desormais-gestionnaire-des-fonds-de-credit-du-paeij-sp-2\/\"]}]},{\"@type\":\"ImageObject\",\"inLanguage\":\"fr-FR\",\"@id\":\"https:\/\/228news.tg\/index.php\/2017\/07\/28\/orabank-togo-desormais-gestionnaire-des-fonds-de-credit-du-paeij-sp-2\/#primaryimage\",\"url\":\"https:\/\/228news.tg\/wp-content\/uploads\/2024\/09\/IMG_20180730_062939_876-1.jpg\",\"contentUrl\":\"https:\/\/228news.tg\/wp-content\/uploads\/2024\/09\/IMG_20180730_062939_876-1.jpg\",\"width\":1276,\"height\":1270},{\"@type\":\"BreadcrumbList\",\"@id\":\"https:\/\/228news.tg\/index.php\/2017\/07\/28\/orabank-togo-desormais-gestionnaire-des-fonds-de-credit-du-paeij-sp-2\/#breadcrumb\",\"itemListElement\":[{\"@type\":\"ListItem\",\"position\":1,\"name\":\"Home\",\"item\":\"https:\/\/228news.tg\/\"},{\"@type\":\"ListItem\",\"position\":2,\"name\":\"ORABANK-Togo, d\u00e9sormais gestionnaire des fonds de cr\u00e9dit du PAEIJ-SP\"}]},{\"@type\":\"WebSite\",\"@id\":\"https:\/\/228news.tg\/#website\",\"url\":\"https:\/\/228news.tg\/\",\"name\":\"228 News\",\"description\":\"Soci\u00e9t\u00e9 de m\u00e9dias et d\u2019actualit\u00e9s\",\"publisher\":{\"@id\":\"https:\/\/228news.tg\/#organization\"},\"potentialAction\":[{\"@type\":\"SearchAction\",\"target\":{\"@type\":\"EntryPoint\",\"urlTemplate\":\"https:\/\/228news.tg\/?s={search_term_string}\"},\"query-input\":{\"@type\":\"PropertyValueSpecification\",\"valueRequired\":true,\"valueName\":\"search_term_string\"}}],\"inLanguage\":\"fr-FR\"},{\"@type\":\"Organization\",\"@id\":\"https:\/\/228news.tg\/#organization\",\"name\":\"228 News\",\"url\":\"https:\/\/228news.tg\/\",\"logo\":{\"@type\":\"ImageObject\",\"inLanguage\":\"fr-FR\",\"@id\":\"https:\/\/228news.tg\/#\/schema\/logo\/image\/\",\"url\":\"https:\/\/228news.tg\/wp-content\/uploads\/2024\/09\/logonew.png\",\"contentUrl\":\"https:\/\/228news.tg\/wp-content\/uploads\/2024\/09\/logonew.png\",\"width\":1640,\"height\":364,\"caption\":\"228 News\"},\"image\":{\"@id\":\"https:\/\/228news.tg\/#\/schema\/logo\/image\/\"}},{\"@type\":\"Person\",\"@id\":\"https:\/\/228news.tg\/#\/schema\/person\/68d5a6cc0230290e61235c8379523f52\",\"name\":\"Bienvenu SAVI\",\"image\":{\"@type\":\"ImageObject\",\"inLanguage\":\"fr-FR\",\"@id\":\"https:\/\/228news.tg\/#\/schema\/person\/image\/\",\"url\":\"https:\/\/secure.gravatar.com\/avatar\/9db91895c559e510509c33a3e9683998458e9b828fac36d5d1aa23f0f2fd369b?s=96&d=mm&r=g\",\"contentUrl\":\"https:\/\/secure.gravatar.com\/avatar\/9db91895c559e510509c33a3e9683998458e9b828fac36d5d1aa23f0f2fd369b?s=96&d=mm&r=g\",\"caption\":\"Bienvenu SAVI\"},\"url\":\"https:\/\/228news.tg\/index.php\/author\/bienvenu\/\"}]}<\/script>\n<!-- \/ Yoast SEO plugin. -->","yoast_head_json":{"title":"ORABANK-Togo, d\u00e9sormais gestionnaire des fonds de cr\u00e9dit du PAEIJ-SP - 228 News","robots":{"index":"index","follow":"follow","max-snippet":"max-snippet:-1","max-image-preview":"max-image-preview:large","max-video-preview":"max-video-preview:-1"},"canonical":"https:\/\/228news.tg\/index.php\/2017\/07\/28\/orabank-togo-desormais-gestionnaire-des-fonds-de-credit-du-paeij-sp-2\/","og_locale":"fr_FR","og_type":"article","og_title":"ORABANK-Togo, d\u00e9sormais gestionnaire des fonds de cr\u00e9dit du PAEIJ-SP - 228 News","og_description":"Le minist\u00e8re du d\u00e9veloppement \u00e0 la base, de l\u2019artisanat, de la jeunesse et de l\u2019emploi des jeunes est d\u00e9sormais li\u00e9 \u00e0 ORABANK-Togo par une convention \u00a0de prestation de service d\u2019op\u00e9rateur \u00a0financier, dans la perspective de mise en \u0153uvre du Projet d\u2019Appui \u00e0 l\u2019Employabilit\u00e9 et \u00e0 l\u2019Insertion des Jeunes dans les Secteurs Porteurs (PAEIJ-SP). La convention ... Lire la suite","og_url":"https:\/\/228news.tg\/index.php\/2017\/07\/28\/orabank-togo-desormais-gestionnaire-des-fonds-de-credit-du-paeij-sp-2\/","og_site_name":"228 News","article_published_time":"2017-07-28T13:19:52+00:00","author":"Bienvenu SAVI","twitter_card":"summary_large_image","twitter_misc":{"\u00c9crit par":"Bienvenu SAVI","Dur\u00e9e de lecture estim\u00e9e":"2 minutes"},"schema":{"@context":"https:\/\/schema.org","@graph":[{"@type":"Article","@id":"https:\/\/228news.tg\/index.php\/2017\/07\/28\/orabank-togo-desormais-gestionnaire-des-fonds-de-credit-du-paeij-sp-2\/#article","isPartOf":{"@id":"https:\/\/228news.tg\/index.php\/2017\/07\/28\/orabank-togo-desormais-gestionnaire-des-fonds-de-credit-du-paeij-sp-2\/"},"author":{"name":"Bienvenu SAVI","@id":"https:\/\/228news.tg\/#\/schema\/person\/68d5a6cc0230290e61235c8379523f52"},"headline":"ORABANK-Togo, d\u00e9sormais gestionnaire des fonds de cr\u00e9dit du PAEIJ-SP","datePublished":"2017-07-28T13:19:52+00:00","mainEntityOfPage":{"@id":"https:\/\/228news.tg\/index.php\/2017\/07\/28\/orabank-togo-desormais-gestionnaire-des-fonds-de-credit-du-paeij-sp-2\/"},"wordCount":472,"commentCount":0,"publisher":{"@id":"https:\/\/228news.tg\/#organization"},"image":{"@id":"https:\/\/228news.tg\/index.php\/2017\/07\/28\/orabank-togo-desormais-gestionnaire-des-fonds-de-credit-du-paeij-sp-2\/#primaryimage"},"thumbnailUrl":"https:\/\/228news.tg\/wp-content\/uploads\/2024\/09\/IMG_20180730_062939_876-1.jpg","articleSection":["ECONOMIE","Flash","TOGO","Une"],"inLanguage":"fr-FR","potentialAction":[{"@type":"CommentAction","name":"Comment","target":["https:\/\/228news.tg\/index.php\/2017\/07\/28\/orabank-togo-desormais-gestionnaire-des-fonds-de-credit-du-paeij-sp-2\/#respond"]}]},{"@type":"WebPage","@id":"https:\/\/228news.tg\/index.php\/2017\/07\/28\/orabank-togo-desormais-gestionnaire-des-fonds-de-credit-du-paeij-sp-2\/","url":"https:\/\/228news.tg\/index.php\/2017\/07\/28\/orabank-togo-desormais-gestionnaire-des-fonds-de-credit-du-paeij-sp-2\/","name":"ORABANK-Togo, d\u00e9sormais gestionnaire des fonds de cr\u00e9dit du PAEIJ-SP - 228 News","isPartOf":{"@id":"https:\/\/228news.tg\/#website"},"primaryImageOfPage":{"@id":"https:\/\/228news.tg\/index.php\/2017\/07\/28\/orabank-togo-desormais-gestionnaire-des-fonds-de-credit-du-paeij-sp-2\/#primaryimage"},"image":{"@id":"https:\/\/228news.tg\/index.php\/2017\/07\/28\/orabank-togo-desormais-gestionnaire-des-fonds-de-credit-du-paeij-sp-2\/#primaryimage"},"thumbnailUrl":"https:\/\/228news.tg\/wp-content\/uploads\/2024\/09\/IMG_20180730_062939_876-1.jpg","datePublished":"2017-07-28T13:19:52+00:00","breadcrumb":{"@id":"https:\/\/228news.tg\/index.php\/2017\/07\/28\/orabank-togo-desormais-gestionnaire-des-fonds-de-credit-du-paeij-sp-2\/#breadcrumb"},"inLanguage":"fr-FR","potentialAction":[{"@type":"ReadAction","target":["https:\/\/228news.tg\/index.php\/2017\/07\/28\/orabank-togo-desormais-gestionnaire-des-fonds-de-credit-du-paeij-sp-2\/"]}]},{"@type":"ImageObject","inLanguage":"fr-FR","@id":"https:\/\/228news.tg\/index.php\/2017\/07\/28\/orabank-togo-desormais-gestionnaire-des-fonds-de-credit-du-paeij-sp-2\/#primaryimage","url":"https:\/\/228news.tg\/wp-content\/uploads\/2024\/09\/IMG_20180730_062939_876-1.jpg","contentUrl":"https:\/\/228news.tg\/wp-content\/uploads\/2024\/09\/IMG_20180730_062939_876-1.jpg","width":1276,"height":1270},{"@type":"BreadcrumbList","@id":"https:\/\/228news.tg\/index.php\/2017\/07\/28\/orabank-togo-desormais-gestionnaire-des-fonds-de-credit-du-paeij-sp-2\/#breadcrumb","itemListElement":[{"@type":"ListItem","position":1,"name":"Home","item":"https:\/\/228news.tg\/"},{"@type":"ListItem","position":2,"name":"ORABANK-Togo, d\u00e9sormais gestionnaire des fonds de cr\u00e9dit du PAEIJ-SP"}]},{"@type":"WebSite","@id":"https:\/\/228news.tg\/#website","url":"https:\/\/228news.tg\/","name":"228 News","description":"Soci\u00e9t\u00e9 de m\u00e9dias et d\u2019actualit\u00e9s","publisher":{"@id":"https:\/\/228news.tg\/#organization"},"potentialAction":[{"@type":"SearchAction","target":{"@type":"EntryPoint","urlTemplate":"https:\/\/228news.tg\/?s={search_term_string}"},"query-input":{"@type":"PropertyValueSpecification","valueRequired":true,"valueName":"search_term_string"}}],"inLanguage":"fr-FR"},{"@type":"Organization","@id":"https:\/\/228news.tg\/#organization","name":"228 News","url":"https:\/\/228news.tg\/","logo":{"@type":"ImageObject","inLanguage":"fr-FR","@id":"https:\/\/228news.tg\/#\/schema\/logo\/image\/","url":"https:\/\/228news.tg\/wp-content\/uploads\/2024\/09\/logonew.png","contentUrl":"https:\/\/228news.tg\/wp-content\/uploads\/2024\/09\/logonew.png","width":1640,"height":364,"caption":"228 News"},"image":{"@id":"https:\/\/228news.tg\/#\/schema\/logo\/image\/"}},{"@type":"Person","@id":"https:\/\/228news.tg\/#\/schema\/person\/68d5a6cc0230290e61235c8379523f52","name":"Bienvenu SAVI","image":{"@type":"ImageObject","inLanguage":"fr-FR","@id":"https:\/\/228news.tg\/#\/schema\/person\/image\/","url":"https:\/\/secure.gravatar.com\/avatar\/9db91895c559e510509c33a3e9683998458e9b828fac36d5d1aa23f0f2fd369b?s=96&d=mm&r=g","contentUrl":"https:\/\/secure.gravatar.com\/avatar\/9db91895c559e510509c33a3e9683998458e9b828fac36d5d1aa23f0f2fd369b?s=96&d=mm&r=g","caption":"Bienvenu SAVI"},"url":"https:\/\/228news.tg\/index.php\/author\/bienvenu\/"}]}},"jetpack_featured_media_url":"https:\/\/228news.tg\/wp-content\/uploads\/2024\/09\/IMG_20180730_062939_876-1.jpg","_links":{"self":[{"href":"https:\/\/228news.tg\/index.php\/wp-json\/wp\/v2\/posts\/14206","targetHints":{"allow":["GET"]}}],"collection":[{"href":"https:\/\/228news.tg\/index.php\/wp-json\/wp\/v2\/posts"}],"about":[{"href":"https:\/\/228news.tg\/index.php\/wp-json\/wp\/v2\/types\/post"}],"author":[{"embeddable":true,"href":"https:\/\/228news.tg\/index.php\/wp-json\/wp\/v2\/users\/2"}],"replies":[{"embeddable":true,"href":"https:\/\/228news.tg\/index.php\/wp-json\/wp\/v2\/comments?post=14206"}],"version-history":[{"count":0,"href":"https:\/\/228news.tg\/index.php\/wp-json\/wp\/v2\/posts\/14206\/revisions"}],"wp:featuredmedia":[{"embeddable":true,"href":"https:\/\/228news.tg\/index.php\/wp-json\/wp\/v2\/media\/1630"}],"wp:attachment":[{"href":"https:\/\/228news.tg\/index.php\/wp-json\/wp\/v2\/media?parent=14206"}],"wp:term":[{"taxonomy":"category","embeddable":true,"href":"https:\/\/228news.tg\/index.php\/wp-json\/wp\/v2\/categories?post=14206"},{"taxonomy":"post_tag","embeddable":true,"href":"https:\/\/228news.tg\/index.php\/wp-json\/wp\/v2\/tags?post=14206"}],"curies":[{"name":"wp","href":"https:\/\/api.w.org\/{rel}","templated":true}]}}