{"id":14178,"date":"2017-07-03T17:56:43","date_gmt":"2017-07-03T17:56:43","guid":{"rendered":"http:\/\/localhost\/site\/228news\/?p=1413"},"modified":"2017-07-03T17:56:43","modified_gmt":"2017-07-03T17:56:43","slug":"dure-propedeutiques-des-eperviers-locaux-au-burkina-faso-que-reserve-la-confrontation-du-dimanche-prochain-contre-le-ghana-2","status":"publish","type":"post","link":"https:\/\/228news.tg\/index.php\/2017\/07\/03\/dure-propedeutiques-des-eperviers-locaux-au-burkina-faso-que-reserve-la-confrontation-du-dimanche-prochain-contre-le-ghana-2\/","title":{"rendered":"Dure prop\u00e9deutique des Eperviers locaux au Burkina Faso: Que r\u00e9serve la confrontation du dimanche prochain contre le Ghana\u00a0?"},"content":{"rendered":"<p>&nbsp;<\/p>\n<p>En pr\u00e9paratif pour le Championnat d\u2019Afrique des Nations (CHAN) 2018, les Eperviers locaux ont crois\u00e9 les crampons le dimanche 02 juillet dernier avec les Etalons du Burkina-Faso. Visiblement pas pr\u00eats, les poulains de Jean Paul AbaloDosseh ont c\u00e9d\u00e9 par deux foiss\u2019inclinant sur le score de deux buts contre z\u00e9ro (2-0).<\/p>\n<p>Si les 45 premi\u00e8res minutes de la rencontre ont \u00e9t\u00e9 \u00e9quilibr\u00e9es avec la production d&rsquo;un jeu plut\u00f4t rassurant des 11 align\u00e9s par Jean-Paul Abalo, \u00a0ce sont les \u00c9talons qui ont \u00e9t\u00e9 les premiers \u00e0 donner l&rsquo;alerte, \u00e0 la reprise, ce qui va aboutir \u00e0 l&rsquo;ouverture du score \u00e0 la 47<sup>\u00e8me<\/sup>minute de jeu par l&rsquo;interm\u00e9diaire de Sawadogo. Suite \u00e0 quelques tentatives infructueuses, les Eperviers locaux vont encaisser un second but en toute fin de la partie, 92\u00e8me minute.<\/p>\n<p>Dure prop\u00e9deutique pour la s\u00e9lection locale qui avait besoin <em>de ra<\/em>ssurer. Que nous r\u00e9serve la majeure sortie des Eperviers contre lesEcureuils du B\u00e9nin les 16 et 23 juillet prochains\u00a0? Voici l\u2019interrogation sur toutes les bouches. En attendant, les Eperviers locaux auront une autre occasion de taire les pessimistes face au Ghana le dimanche 09 juillet prochain, \u00e0 domicile.<\/p>\n<p><strong>D\u00e9mocrate<\/strong><\/p>\n<p><strong>(00228) 91 85 40 14<br \/>\n98 60 67 68<br \/>\n<\/strong><a href=\"mailto:democrate2010@gmail.com\"><strong>democrate2010@gmail.com<\/strong><\/a><\/p>\n","protected":false},"excerpt":{"rendered":"<p>&nbsp; En pr\u00e9paratif pour le Championnat d\u2019Afrique des Nations (CHAN) 2018, les Eperviers locaux ont crois\u00e9 les crampons le dimanche 02 juillet dernier avec les Etalons du Burkina-Faso. Visiblement pas pr\u00eats, les poulains de Jean Paul AbaloDosseh ont c\u00e9d\u00e9 par deux foiss\u2019inclinant sur le score de deux buts contre z\u00e9ro (2-0). Si les 45 premi\u00e8res &#8230; <a title=\"Dure prop\u00e9deutique des Eperviers locaux au Burkina Faso: Que r\u00e9serve la confrontation du dimanche prochain contre le Ghana\u00a0?\" class=\"read-more\" href=\"https:\/\/228news.tg\/index.php\/2017\/07\/03\/dure-propedeutiques-des-eperviers-locaux-au-burkina-faso-que-reserve-la-confrontation-du-dimanche-prochain-contre-le-ghana-2\/\" aria-label=\"En savoir plus sur Dure prop\u00e9deutique des Eperviers locaux au Burkina Faso: Que r\u00e9serve la confrontation du dimanche prochain contre le Ghana\u00a0?\">Lire la suite<\/a><\/p>\n","protected":false},"author":2,"featured_media":1414,"comment_status":"open","ping_status":"open","sticky":false,"template":"","format":"chat","meta":{"footnotes":""},"categories":[24,25],"tags":[],"class_list":["post-14178","post","type-post","status-publish","format-chat","has-post-thumbnail","hentry","category-sports","category-togo","post_format-post-format-chat"],"yoast_head":"<!-- This site is optimized with the Yoast SEO plugin v26.4 - https:\/\/yoast.com\/wordpress\/plugins\/seo\/ -->\n<title>Dure prop\u00e9deutique des Eperviers locaux au Burkina Faso: Que r\u00e9serve la confrontation du dimanche prochain contre le Ghana\u00a0? - 228 News<\/title>\n<meta name=\"robots\" content=\"index, follow, max-snippet:-1, max-image-preview:large, max-video-preview:-1\" \/>\n<link rel=\"canonical\" href=\"https:\/\/228news.tg\/index.php\/2017\/07\/03\/dure-propedeutiques-des-eperviers-locaux-au-burkina-faso-que-reserve-la-confrontation-du-dimanche-prochain-contre-le-ghana-2\/\" \/>\n<meta property=\"og:locale\" content=\"fr_FR\" \/>\n<meta property=\"og:type\" content=\"article\" \/>\n<meta property=\"og:title\" content=\"Dure prop\u00e9deutique des Eperviers locaux au Burkina Faso: Que r\u00e9serve la confrontation du dimanche prochain contre le Ghana\u00a0? - 228 News\" \/>\n<meta property=\"og:description\" content=\"&nbsp; En pr\u00e9paratif pour le Championnat d\u2019Afrique des Nations (CHAN) 2018, les Eperviers locaux ont crois\u00e9 les crampons le dimanche 02 juillet dernier avec les Etalons du Burkina-Faso. Visiblement pas pr\u00eats, les poulains de Jean Paul AbaloDosseh ont c\u00e9d\u00e9 par deux foiss\u2019inclinant sur le score de deux buts contre z\u00e9ro (2-0). Si les 45 premi\u00e8res ... Lire la suite\" \/>\n<meta property=\"og:url\" content=\"https:\/\/228news.tg\/index.php\/2017\/07\/03\/dure-propedeutiques-des-eperviers-locaux-au-burkina-faso-que-reserve-la-confrontation-du-dimanche-prochain-contre-le-ghana-2\/\" \/>\n<meta property=\"og:site_name\" content=\"228 News\" \/>\n<meta property=\"article:published_time\" content=\"2017-07-03T17:56:43+00:00\" \/>\n<meta name=\"author\" content=\"Bienvenu SAVI\" \/>\n<meta name=\"twitter:card\" content=\"summary_large_image\" \/>\n<meta name=\"twitter:label1\" content=\"\u00c9crit par\" \/>\n\t<meta name=\"twitter:data1\" content=\"Bienvenu SAVI\" \/>\n\t<meta name=\"twitter:label2\" content=\"Dur\u00e9e de lecture estim\u00e9e\" \/>\n\t<meta name=\"twitter:data2\" content=\"1 minute\" \/>\n<script type=\"application\/ld+json\" class=\"yoast-schema-graph\">{\"@context\":\"https:\/\/schema.org\",\"@graph\":[{\"@type\":\"Article\",\"@id\":\"https:\/\/228news.tg\/index.php\/2017\/07\/03\/dure-propedeutiques-des-eperviers-locaux-au-burkina-faso-que-reserve-la-confrontation-du-dimanche-prochain-contre-le-ghana-2\/#article\",\"isPartOf\":{\"@id\":\"https:\/\/228news.tg\/index.php\/2017\/07\/03\/dure-propedeutiques-des-eperviers-locaux-au-burkina-faso-que-reserve-la-confrontation-du-dimanche-prochain-contre-le-ghana-2\/\"},\"author\":{\"name\":\"Bienvenu SAVI\",\"@id\":\"https:\/\/228news.tg\/#\/schema\/person\/68d5a6cc0230290e61235c8379523f52\"},\"headline\":\"Dure prop\u00e9deutique des Eperviers locaux au Burkina Faso: Que r\u00e9serve la confrontation du dimanche prochain contre le Ghana\u00a0?\",\"datePublished\":\"2017-07-03T17:56:43+00:00\",\"mainEntityOfPage\":{\"@id\":\"https:\/\/228news.tg\/index.php\/2017\/07\/03\/dure-propedeutiques-des-eperviers-locaux-au-burkina-faso-que-reserve-la-confrontation-du-dimanche-prochain-contre-le-ghana-2\/\"},\"wordCount\":218,\"commentCount\":0,\"publisher\":{\"@id\":\"https:\/\/228news.tg\/#organization\"},\"image\":{\"@id\":\"https:\/\/228news.tg\/index.php\/2017\/07\/03\/dure-propedeutiques-des-eperviers-locaux-au-burkina-faso-que-reserve-la-confrontation-du-dimanche-prochain-contre-le-ghana-2\/#primaryimage\"},\"thumbnailUrl\":\"https:\/\/228news.tg\/wp-content\/uploads\/2024\/09\/gbk-Univesite.jpg\",\"articleSection\":[\"SPORTS\",\"TOGO\"],\"inLanguage\":\"fr-FR\",\"potentialAction\":[{\"@type\":\"CommentAction\",\"name\":\"Comment\",\"target\":[\"https:\/\/228news.tg\/index.php\/2017\/07\/03\/dure-propedeutiques-des-eperviers-locaux-au-burkina-faso-que-reserve-la-confrontation-du-dimanche-prochain-contre-le-ghana-2\/#respond\"]}]},{\"@type\":\"WebPage\",\"@id\":\"https:\/\/228news.tg\/index.php\/2017\/07\/03\/dure-propedeutiques-des-eperviers-locaux-au-burkina-faso-que-reserve-la-confrontation-du-dimanche-prochain-contre-le-ghana-2\/\",\"url\":\"https:\/\/228news.tg\/index.php\/2017\/07\/03\/dure-propedeutiques-des-eperviers-locaux-au-burkina-faso-que-reserve-la-confrontation-du-dimanche-prochain-contre-le-ghana-2\/\",\"name\":\"Dure prop\u00e9deutique des Eperviers locaux au Burkina Faso: Que r\u00e9serve la confrontation du dimanche prochain contre le Ghana\u00a0? - 228 News\",\"isPartOf\":{\"@id\":\"https:\/\/228news.tg\/#website\"},\"primaryImageOfPage\":{\"@id\":\"https:\/\/228news.tg\/index.php\/2017\/07\/03\/dure-propedeutiques-des-eperviers-locaux-au-burkina-faso-que-reserve-la-confrontation-du-dimanche-prochain-contre-le-ghana-2\/#primaryimage\"},\"image\":{\"@id\":\"https:\/\/228news.tg\/index.php\/2017\/07\/03\/dure-propedeutiques-des-eperviers-locaux-au-burkina-faso-que-reserve-la-confrontation-du-dimanche-prochain-contre-le-ghana-2\/#primaryimage\"},\"thumbnailUrl\":\"https:\/\/228news.tg\/wp-content\/uploads\/2024\/09\/gbk-Univesite.jpg\",\"datePublished\":\"2017-07-03T17:56:43+00:00\",\"breadcrumb\":{\"@id\":\"https:\/\/228news.tg\/index.php\/2017\/07\/03\/dure-propedeutiques-des-eperviers-locaux-au-burkina-faso-que-reserve-la-confrontation-du-dimanche-prochain-contre-le-ghana-2\/#breadcrumb\"},\"inLanguage\":\"fr-FR\",\"potentialAction\":[{\"@type\":\"ReadAction\",\"target\":[\"https:\/\/228news.tg\/index.php\/2017\/07\/03\/dure-propedeutiques-des-eperviers-locaux-au-burkina-faso-que-reserve-la-confrontation-du-dimanche-prochain-contre-le-ghana-2\/\"]}]},{\"@type\":\"ImageObject\",\"inLanguage\":\"fr-FR\",\"@id\":\"https:\/\/228news.tg\/index.php\/2017\/07\/03\/dure-propedeutiques-des-eperviers-locaux-au-burkina-faso-que-reserve-la-confrontation-du-dimanche-prochain-contre-le-ghana-2\/#primaryimage\",\"url\":\"https:\/\/228news.tg\/wp-content\/uploads\/2024\/09\/gbk-Univesite.jpg\",\"contentUrl\":\"https:\/\/228news.tg\/wp-content\/uploads\/2024\/09\/gbk-Univesite.jpg\",\"width\":720,\"height\":480},{\"@type\":\"BreadcrumbList\",\"@id\":\"https:\/\/228news.tg\/index.php\/2017\/07\/03\/dure-propedeutiques-des-eperviers-locaux-au-burkina-faso-que-reserve-la-confrontation-du-dimanche-prochain-contre-le-ghana-2\/#breadcrumb\",\"itemListElement\":[{\"@type\":\"ListItem\",\"position\":1,\"name\":\"Home\",\"item\":\"https:\/\/228news.tg\/\"},{\"@type\":\"ListItem\",\"position\":2,\"name\":\"Dure prop\u00e9deutique des Eperviers locaux au Burkina Faso: Que r\u00e9serve la confrontation du dimanche prochain contre le Ghana\u00a0?\"}]},{\"@type\":\"WebSite\",\"@id\":\"https:\/\/228news.tg\/#website\",\"url\":\"https:\/\/228news.tg\/\",\"name\":\"228 News\",\"description\":\"Soci\u00e9t\u00e9 de m\u00e9dias et d\u2019actualit\u00e9s\",\"publisher\":{\"@id\":\"https:\/\/228news.tg\/#organization\"},\"potentialAction\":[{\"@type\":\"SearchAction\",\"target\":{\"@type\":\"EntryPoint\",\"urlTemplate\":\"https:\/\/228news.tg\/?s={search_term_string}\"},\"query-input\":{\"@type\":\"PropertyValueSpecification\",\"valueRequired\":true,\"valueName\":\"search_term_string\"}}],\"inLanguage\":\"fr-FR\"},{\"@type\":\"Organization\",\"@id\":\"https:\/\/228news.tg\/#organization\",\"name\":\"228 News\",\"url\":\"https:\/\/228news.tg\/\",\"logo\":{\"@type\":\"ImageObject\",\"inLanguage\":\"fr-FR\",\"@id\":\"https:\/\/228news.tg\/#\/schema\/logo\/image\/\",\"url\":\"https:\/\/228news.tg\/wp-content\/uploads\/2024\/09\/logonew.png\",\"contentUrl\":\"https:\/\/228news.tg\/wp-content\/uploads\/2024\/09\/logonew.png\",\"width\":1640,\"height\":364,\"caption\":\"228 News\"},\"image\":{\"@id\":\"https:\/\/228news.tg\/#\/schema\/logo\/image\/\"}},{\"@type\":\"Person\",\"@id\":\"https:\/\/228news.tg\/#\/schema\/person\/68d5a6cc0230290e61235c8379523f52\",\"name\":\"Bienvenu SAVI\",\"image\":{\"@type\":\"ImageObject\",\"inLanguage\":\"fr-FR\",\"@id\":\"https:\/\/228news.tg\/#\/schema\/person\/image\/\",\"url\":\"https:\/\/secure.gravatar.com\/avatar\/9db91895c559e510509c33a3e9683998458e9b828fac36d5d1aa23f0f2fd369b?s=96&d=mm&r=g\",\"contentUrl\":\"https:\/\/secure.gravatar.com\/avatar\/9db91895c559e510509c33a3e9683998458e9b828fac36d5d1aa23f0f2fd369b?s=96&d=mm&r=g\",\"caption\":\"Bienvenu SAVI\"},\"url\":\"https:\/\/228news.tg\/index.php\/author\/bienvenu\/\"}]}<\/script>\n<!-- \/ Yoast SEO plugin. -->","yoast_head_json":{"title":"Dure prop\u00e9deutique des Eperviers locaux au Burkina Faso: Que r\u00e9serve la confrontation du dimanche prochain contre le Ghana\u00a0? - 228 News","robots":{"index":"index","follow":"follow","max-snippet":"max-snippet:-1","max-image-preview":"max-image-preview:large","max-video-preview":"max-video-preview:-1"},"canonical":"https:\/\/228news.tg\/index.php\/2017\/07\/03\/dure-propedeutiques-des-eperviers-locaux-au-burkina-faso-que-reserve-la-confrontation-du-dimanche-prochain-contre-le-ghana-2\/","og_locale":"fr_FR","og_type":"article","og_title":"Dure prop\u00e9deutique des Eperviers locaux au Burkina Faso: Que r\u00e9serve la confrontation du dimanche prochain contre le Ghana\u00a0? - 228 News","og_description":"&nbsp; En pr\u00e9paratif pour le Championnat d\u2019Afrique des Nations (CHAN) 2018, les Eperviers locaux ont crois\u00e9 les crampons le dimanche 02 juillet dernier avec les Etalons du Burkina-Faso. Visiblement pas pr\u00eats, les poulains de Jean Paul AbaloDosseh ont c\u00e9d\u00e9 par deux foiss\u2019inclinant sur le score de deux buts contre z\u00e9ro (2-0). Si les 45 premi\u00e8res ... Lire la suite","og_url":"https:\/\/228news.tg\/index.php\/2017\/07\/03\/dure-propedeutiques-des-eperviers-locaux-au-burkina-faso-que-reserve-la-confrontation-du-dimanche-prochain-contre-le-ghana-2\/","og_site_name":"228 News","article_published_time":"2017-07-03T17:56:43+00:00","author":"Bienvenu SAVI","twitter_card":"summary_large_image","twitter_misc":{"\u00c9crit par":"Bienvenu SAVI","Dur\u00e9e de lecture estim\u00e9e":"1 minute"},"schema":{"@context":"https:\/\/schema.org","@graph":[{"@type":"Article","@id":"https:\/\/228news.tg\/index.php\/2017\/07\/03\/dure-propedeutiques-des-eperviers-locaux-au-burkina-faso-que-reserve-la-confrontation-du-dimanche-prochain-contre-le-ghana-2\/#article","isPartOf":{"@id":"https:\/\/228news.tg\/index.php\/2017\/07\/03\/dure-propedeutiques-des-eperviers-locaux-au-burkina-faso-que-reserve-la-confrontation-du-dimanche-prochain-contre-le-ghana-2\/"},"author":{"name":"Bienvenu SAVI","@id":"https:\/\/228news.tg\/#\/schema\/person\/68d5a6cc0230290e61235c8379523f52"},"headline":"Dure prop\u00e9deutique des Eperviers locaux au Burkina Faso: Que r\u00e9serve la confrontation du dimanche prochain contre le Ghana\u00a0?","datePublished":"2017-07-03T17:56:43+00:00","mainEntityOfPage":{"@id":"https:\/\/228news.tg\/index.php\/2017\/07\/03\/dure-propedeutiques-des-eperviers-locaux-au-burkina-faso-que-reserve-la-confrontation-du-dimanche-prochain-contre-le-ghana-2\/"},"wordCount":218,"commentCount":0,"publisher":{"@id":"https:\/\/228news.tg\/#organization"},"image":{"@id":"https:\/\/228news.tg\/index.php\/2017\/07\/03\/dure-propedeutiques-des-eperviers-locaux-au-burkina-faso-que-reserve-la-confrontation-du-dimanche-prochain-contre-le-ghana-2\/#primaryimage"},"thumbnailUrl":"https:\/\/228news.tg\/wp-content\/uploads\/2024\/09\/gbk-Univesite.jpg","articleSection":["SPORTS","TOGO"],"inLanguage":"fr-FR","potentialAction":[{"@type":"CommentAction","name":"Comment","target":["https:\/\/228news.tg\/index.php\/2017\/07\/03\/dure-propedeutiques-des-eperviers-locaux-au-burkina-faso-que-reserve-la-confrontation-du-dimanche-prochain-contre-le-ghana-2\/#respond"]}]},{"@type":"WebPage","@id":"https:\/\/228news.tg\/index.php\/2017\/07\/03\/dure-propedeutiques-des-eperviers-locaux-au-burkina-faso-que-reserve-la-confrontation-du-dimanche-prochain-contre-le-ghana-2\/","url":"https:\/\/228news.tg\/index.php\/2017\/07\/03\/dure-propedeutiques-des-eperviers-locaux-au-burkina-faso-que-reserve-la-confrontation-du-dimanche-prochain-contre-le-ghana-2\/","name":"Dure prop\u00e9deutique des Eperviers locaux au Burkina Faso: Que r\u00e9serve la confrontation du dimanche prochain contre le Ghana\u00a0? - 228 News","isPartOf":{"@id":"https:\/\/228news.tg\/#website"},"primaryImageOfPage":{"@id":"https:\/\/228news.tg\/index.php\/2017\/07\/03\/dure-propedeutiques-des-eperviers-locaux-au-burkina-faso-que-reserve-la-confrontation-du-dimanche-prochain-contre-le-ghana-2\/#primaryimage"},"image":{"@id":"https:\/\/228news.tg\/index.php\/2017\/07\/03\/dure-propedeutiques-des-eperviers-locaux-au-burkina-faso-que-reserve-la-confrontation-du-dimanche-prochain-contre-le-ghana-2\/#primaryimage"},"thumbnailUrl":"https:\/\/228news.tg\/wp-content\/uploads\/2024\/09\/gbk-Univesite.jpg","datePublished":"2017-07-03T17:56:43+00:00","breadcrumb":{"@id":"https:\/\/228news.tg\/index.php\/2017\/07\/03\/dure-propedeutiques-des-eperviers-locaux-au-burkina-faso-que-reserve-la-confrontation-du-dimanche-prochain-contre-le-ghana-2\/#breadcrumb"},"inLanguage":"fr-FR","potentialAction":[{"@type":"ReadAction","target":["https:\/\/228news.tg\/index.php\/2017\/07\/03\/dure-propedeutiques-des-eperviers-locaux-au-burkina-faso-que-reserve-la-confrontation-du-dimanche-prochain-contre-le-ghana-2\/"]}]},{"@type":"ImageObject","inLanguage":"fr-FR","@id":"https:\/\/228news.tg\/index.php\/2017\/07\/03\/dure-propedeutiques-des-eperviers-locaux-au-burkina-faso-que-reserve-la-confrontation-du-dimanche-prochain-contre-le-ghana-2\/#primaryimage","url":"https:\/\/228news.tg\/wp-content\/uploads\/2024\/09\/gbk-Univesite.jpg","contentUrl":"https:\/\/228news.tg\/wp-content\/uploads\/2024\/09\/gbk-Univesite.jpg","width":720,"height":480},{"@type":"BreadcrumbList","@id":"https:\/\/228news.tg\/index.php\/2017\/07\/03\/dure-propedeutiques-des-eperviers-locaux-au-burkina-faso-que-reserve-la-confrontation-du-dimanche-prochain-contre-le-ghana-2\/#breadcrumb","itemListElement":[{"@type":"ListItem","position":1,"name":"Home","item":"https:\/\/228news.tg\/"},{"@type":"ListItem","position":2,"name":"Dure prop\u00e9deutique des Eperviers locaux au Burkina Faso: Que r\u00e9serve la confrontation du dimanche prochain contre le Ghana\u00a0?"}]},{"@type":"WebSite","@id":"https:\/\/228news.tg\/#website","url":"https:\/\/228news.tg\/","name":"228 News","description":"Soci\u00e9t\u00e9 de m\u00e9dias et d\u2019actualit\u00e9s","publisher":{"@id":"https:\/\/228news.tg\/#organization"},"potentialAction":[{"@type":"SearchAction","target":{"@type":"EntryPoint","urlTemplate":"https:\/\/228news.tg\/?s={search_term_string}"},"query-input":{"@type":"PropertyValueSpecification","valueRequired":true,"valueName":"search_term_string"}}],"inLanguage":"fr-FR"},{"@type":"Organization","@id":"https:\/\/228news.tg\/#organization","name":"228 News","url":"https:\/\/228news.tg\/","logo":{"@type":"ImageObject","inLanguage":"fr-FR","@id":"https:\/\/228news.tg\/#\/schema\/logo\/image\/","url":"https:\/\/228news.tg\/wp-content\/uploads\/2024\/09\/logonew.png","contentUrl":"https:\/\/228news.tg\/wp-content\/uploads\/2024\/09\/logonew.png","width":1640,"height":364,"caption":"228 News"},"image":{"@id":"https:\/\/228news.tg\/#\/schema\/logo\/image\/"}},{"@type":"Person","@id":"https:\/\/228news.tg\/#\/schema\/person\/68d5a6cc0230290e61235c8379523f52","name":"Bienvenu SAVI","image":{"@type":"ImageObject","inLanguage":"fr-FR","@id":"https:\/\/228news.tg\/#\/schema\/person\/image\/","url":"https:\/\/secure.gravatar.com\/avatar\/9db91895c559e510509c33a3e9683998458e9b828fac36d5d1aa23f0f2fd369b?s=96&d=mm&r=g","contentUrl":"https:\/\/secure.gravatar.com\/avatar\/9db91895c559e510509c33a3e9683998458e9b828fac36d5d1aa23f0f2fd369b?s=96&d=mm&r=g","caption":"Bienvenu SAVI"},"url":"https:\/\/228news.tg\/index.php\/author\/bienvenu\/"}]}},"jetpack_featured_media_url":"https:\/\/228news.tg\/wp-content\/uploads\/2024\/09\/gbk-Univesite.jpg","_links":{"self":[{"href":"https:\/\/228news.tg\/index.php\/wp-json\/wp\/v2\/posts\/14178","targetHints":{"allow":["GET"]}}],"collection":[{"href":"https:\/\/228news.tg\/index.php\/wp-json\/wp\/v2\/posts"}],"about":[{"href":"https:\/\/228news.tg\/index.php\/wp-json\/wp\/v2\/types\/post"}],"author":[{"embeddable":true,"href":"https:\/\/228news.tg\/index.php\/wp-json\/wp\/v2\/users\/2"}],"replies":[{"embeddable":true,"href":"https:\/\/228news.tg\/index.php\/wp-json\/wp\/v2\/comments?post=14178"}],"version-history":[{"count":0,"href":"https:\/\/228news.tg\/index.php\/wp-json\/wp\/v2\/posts\/14178\/revisions"}],"wp:featuredmedia":[{"embeddable":true,"href":"https:\/\/228news.tg\/index.php\/wp-json\/wp\/v2\/media\/1414"}],"wp:attachment":[{"href":"https:\/\/228news.tg\/index.php\/wp-json\/wp\/v2\/media?parent=14178"}],"wp:term":[{"taxonomy":"category","embeddable":true,"href":"https:\/\/228news.tg\/index.php\/wp-json\/wp\/v2\/categories?post=14178"},{"taxonomy":"post_tag","embeddable":true,"href":"https:\/\/228news.tg\/index.php\/wp-json\/wp\/v2\/tags?post=14178"}],"curies":[{"name":"wp","href":"https:\/\/api.w.org\/{rel}","templated":true}]}}