{"id":14173,"date":"2017-06-28T21:01:16","date_gmt":"2017-06-28T21:01:16","guid":{"rendered":"http:\/\/localhost\/site\/228news\/?p=1366"},"modified":"2017-06-28T21:01:16","modified_gmt":"2017-06-28T21:01:16","slug":"gouvernance-axee-sur-le-developpement-durable-les-pays-membres-de-la-francophonie-definissent-des-strategies-a-lome-2","status":"publish","type":"post","link":"https:\/\/228news.tg\/index.php\/2017\/06\/28\/gouvernance-axee-sur-le-developpement-durable-les-pays-membres-de-la-francophonie-definissent-des-strategies-a-lome-2\/","title":{"rendered":"Gouvernance ax\u00e9e sur le d\u00e9veloppement durable  Les pays membres de la Francophonie d\u00e9finissent des strat\u00e9gies \u00e0 Lom\u00e9"},"content":{"rendered":"<p>&nbsp;<\/p>\n<p><img fetchpriority=\"high\" decoding=\"async\" class=\"size-medium wp-image-1368 alignright\" src=\"http:\/\/localhost\/site\/228news\/wp-content\/uploads\/2017\/06\/IMG-20170628-WA0024-300x169.jpg\" alt=\"\" width=\"300\" height=\"169\" \/>Une trentaine de repr\u00e9sentants des pays membres de l\u2019Organisation Internationale de la Francophonie (OIF) est r\u00e9unie \u00e0 Lom\u00e9 ce mercredi 28 au vendredi 30 juin prochain pour un atelier d\u2019\u00e9change et de travail sur les Fiches gouvernance du d\u00e9veloppement durable.<\/p>\n<p>Ouvert par le ministre Togolais de la planification et du d\u00e9veloppement Kossi Assima\u00efdou, cette rencontre\u00a0 entend bonifier les fiches gouvernance du d\u00e9veloppement durable des diff\u00e9rentes parties en capitalisant sur les exp\u00e9riences des Etats lors de son remplissage et les doter d\u2019une nouvelle version am\u00e9lior\u00e9e et mieux adapt\u00e9es aux attentes.<\/p>\n<p>Il s\u2019agit \u00e9galement d\u2019analyser le potentiel de ces fiches en perspectives des r\u00e9ponses aux multiples engagements internationaux souscrits par ces Etats et notamment \u00e0 l\u2019Agenda 2030 des Nations Unies.<\/p>\n<p>Ces assises permettront par ailleurs d\u2019\u00e9changer sur les perspectives de la Francophonie par rapport au Forum Politique de Haut Niveau\u00a0 et en particulier\u00a0 sur la participation des pays sur les revues de ce Forum, leur contribution au Rapport du secr\u00e9taire g\u00e9n\u00e9ral des Nations Unies sur le d\u00e9veloppement durable, en enfin r\u00e9fl\u00e9chir \u00e0 un cadre de concertation des points focaux d\u00e9veloppement durable de l\u2019espace francophone pour renforcer le partage de bonnes pratiques et l\u2019\u00e9change d\u2019exp\u00e9riences.<\/p>\n<p>\u00ab\u00a0Cet atelier est une occasion pour les architectes de cet outil, d\u2019\u00e9changer leurs exp\u00e9riences, d\u2019appr\u00e9cier ses forces et ses faiblesses et de nous proposer des recommandations pertinentes pour sa finalisation.\u00a0\u00bb, a d\u00e9clar\u00e9 M. Adja Eric, Directeur-Repr\u00e9sentant r\u00e9gional \u00a0pour l\u2019Afrique de l\u2019Ouest de la Francophonie.<\/p>\n<p>Il sera aussi \u00ab\u00a0un cadre de concertation et de dialogue entre les points focaux d\u00e9veloppement durable et les charg\u00e9s de planification afin de r\u00e9fl\u00e9chir ensemble \u00e0 la prise en compte des ODD dans les politiques de d\u00e9veloppement, s\u2019assurer de l\u2019inclusion de l\u2019ensemble des parties prenantes et ainsi cr\u00e9er une synergie des comp\u00e9tences individuelles, collectives et institutionnelles.\u00a0\u00bb, a-t-il conclu.<\/p>\n<p>Le ministre Togolais de la planification et du d\u00e9veloppement pour sa part, a mis en relief les efforts conjugu\u00e9s du Togo et de la Francophonie dans l\u2019\u00e9laboration du Plan National de D\u00e9veloppement en vue de consolider les acquis et transformer structurellement son \u00e9conomie.<\/p>\n<p>Il a ainsi salu\u00e9 l\u2019appui de l\u2019OIF qui a \u0153uvr\u00e9 \u00e0 la formation des acteurs aux niveaux central et d\u00e9centralis\u00e9 sur la maitrise des outils syst\u00e9miques d\u2019analyse de la durabilit\u00e9 et sur la planification r\u00e9gionale ax\u00e9e sur les ODD.<\/p>\n<p>\u00ab\u00a0L\u2019utilisation de cette fiche et son appropriation nous donnent l\u2019opportunit\u00e9 de mieux \u00e9valuer l\u2019int\u00e9gration et la mise en \u0153uvre des ODD afin de transformer durablement nos \u00e9conomies, nos soci\u00e9t\u00e9s et notre environnement\u00a0\u00bb, a confi\u00e9 le ministre Togolais.<\/p>\n<p>Issu du Cadre strat\u00e9gique 2015-2022 adopt\u00e9\u00a0 \u00e0 Dakar au XV sommet de la Francophonie, les fiches gouvernance du d\u00e9veloppement durable ont \u00e9t\u00e9 enrichies en f\u00e9vrier 2017 par une quarantaine d\u2019Etats membres de l\u2019OIF, de nouvelles informations, suite \u00e0 un appel \u00e0 contribution lanc\u00e9 par l\u2019Institut de la Francophonie pour le D\u00e9veloppement Durable (IFDD), organe charg\u00e9 de sa mise en \u0153uvre. L\u2019analyse de tout le potentiel qu\u2019elles offrent, contribuera de mani\u00e8re positive dans les pays francophones,\u00a0 \u00e0 l\u2019issue de cet atelier, \u00e0 la mise en \u0153uvre des ODD et de l\u2019Agenda 2030.<br \/>\n<strong>D\u00e9mocrate <\/strong><\/p>\n<p><strong>(00228) 91 85 40 14<\/strong><\/p>\n<p><strong>98 60 67 68<\/strong><\/p>\n<p><a href=\"mailto:democrate2010@gmail.com\"><strong>democrate2010@gmail.com<\/strong><\/a><\/p>\n","protected":false},"excerpt":{"rendered":"<p>&nbsp; Une trentaine de repr\u00e9sentants des pays membres de l\u2019Organisation Internationale de la Francophonie (OIF) est r\u00e9unie \u00e0 Lom\u00e9 ce mercredi 28 au vendredi 30 juin prochain pour un atelier d\u2019\u00e9change et de travail sur les Fiches gouvernance du d\u00e9veloppement durable. Ouvert par le ministre Togolais de la planification et du d\u00e9veloppement Kossi Assima\u00efdou, cette &#8230; <a title=\"Gouvernance ax\u00e9e sur le d\u00e9veloppement durable  Les pays membres de la Francophonie d\u00e9finissent des strat\u00e9gies \u00e0 Lom\u00e9\" class=\"read-more\" href=\"https:\/\/228news.tg\/index.php\/2017\/06\/28\/gouvernance-axee-sur-le-developpement-durable-les-pays-membres-de-la-francophonie-definissent-des-strategies-a-lome-2\/\" aria-label=\"En savoir plus sur Gouvernance ax\u00e9e sur le d\u00e9veloppement durable  Les pays membres de la Francophonie d\u00e9finissent des strat\u00e9gies \u00e0 Lom\u00e9\">Lire la suite<\/a><\/p>\n","protected":false},"author":2,"featured_media":1367,"comment_status":"open","ping_status":"open","sticky":false,"template":"","format":"chat","meta":{"footnotes":""},"categories":[26,31,30],"tags":[],"class_list":["post-14173","post","type-post","status-publish","format-chat","has-post-thumbnail","hentry","category-afrique","category-developpement","category-economie","post_format-post-format-chat"],"yoast_head":"<!-- This site is optimized with the Yoast SEO plugin v26.4 - https:\/\/yoast.com\/wordpress\/plugins\/seo\/ -->\n<title>Gouvernance ax\u00e9e sur le d\u00e9veloppement durable Les pays membres de la Francophonie d\u00e9finissent des strat\u00e9gies \u00e0 Lom\u00e9 - 228 News<\/title>\n<meta name=\"robots\" content=\"index, follow, max-snippet:-1, max-image-preview:large, max-video-preview:-1\" \/>\n<link rel=\"canonical\" href=\"https:\/\/228news.tg\/index.php\/2017\/06\/28\/gouvernance-axee-sur-le-developpement-durable-les-pays-membres-de-la-francophonie-definissent-des-strategies-a-lome-2\/\" \/>\n<meta property=\"og:locale\" content=\"fr_FR\" \/>\n<meta property=\"og:type\" content=\"article\" \/>\n<meta property=\"og:title\" content=\"Gouvernance ax\u00e9e sur le d\u00e9veloppement durable Les pays membres de la Francophonie d\u00e9finissent des strat\u00e9gies \u00e0 Lom\u00e9 - 228 News\" \/>\n<meta property=\"og:description\" content=\"&nbsp; Une trentaine de repr\u00e9sentants des pays membres de l\u2019Organisation Internationale de la Francophonie (OIF) est r\u00e9unie \u00e0 Lom\u00e9 ce mercredi 28 au vendredi 30 juin prochain pour un atelier d\u2019\u00e9change et de travail sur les Fiches gouvernance du d\u00e9veloppement durable. Ouvert par le ministre Togolais de la planification et du d\u00e9veloppement Kossi Assima\u00efdou, cette ... Lire la suite\" \/>\n<meta property=\"og:url\" content=\"https:\/\/228news.tg\/index.php\/2017\/06\/28\/gouvernance-axee-sur-le-developpement-durable-les-pays-membres-de-la-francophonie-definissent-des-strategies-a-lome-2\/\" \/>\n<meta property=\"og:site_name\" content=\"228 News\" \/>\n<meta property=\"article:published_time\" content=\"2017-06-28T21:01:16+00:00\" \/>\n<meta property=\"og:image\" content=\"http:\/\/localhost\/site\/228news\/wp-content\/uploads\/2017\/06\/IMG-20170628-WA0024-300x169.jpg\" \/>\n<meta name=\"author\" content=\"Bienvenu SAVI\" \/>\n<meta name=\"twitter:card\" content=\"summary_large_image\" \/>\n<meta name=\"twitter:label1\" content=\"\u00c9crit par\" \/>\n\t<meta name=\"twitter:data1\" content=\"Bienvenu SAVI\" \/>\n\t<meta name=\"twitter:label2\" content=\"Dur\u00e9e de lecture estim\u00e9e\" \/>\n\t<meta name=\"twitter:data2\" content=\"3 minutes\" \/>\n<script type=\"application\/ld+json\" class=\"yoast-schema-graph\">{\"@context\":\"https:\/\/schema.org\",\"@graph\":[{\"@type\":\"Article\",\"@id\":\"https:\/\/228news.tg\/index.php\/2017\/06\/28\/gouvernance-axee-sur-le-developpement-durable-les-pays-membres-de-la-francophonie-definissent-des-strategies-a-lome-2\/#article\",\"isPartOf\":{\"@id\":\"https:\/\/228news.tg\/index.php\/2017\/06\/28\/gouvernance-axee-sur-le-developpement-durable-les-pays-membres-de-la-francophonie-definissent-des-strategies-a-lome-2\/\"},\"author\":{\"name\":\"Bienvenu SAVI\",\"@id\":\"https:\/\/228news.tg\/#\/schema\/person\/68d5a6cc0230290e61235c8379523f52\"},\"headline\":\"Gouvernance ax\u00e9e sur le d\u00e9veloppement durable Les pays membres de la Francophonie d\u00e9finissent des strat\u00e9gies \u00e0 Lom\u00e9\",\"datePublished\":\"2017-06-28T21:01:16+00:00\",\"mainEntityOfPage\":{\"@id\":\"https:\/\/228news.tg\/index.php\/2017\/06\/28\/gouvernance-axee-sur-le-developpement-durable-les-pays-membres-de-la-francophonie-definissent-des-strategies-a-lome-2\/\"},\"wordCount\":593,\"commentCount\":0,\"publisher\":{\"@id\":\"https:\/\/228news.tg\/#organization\"},\"image\":{\"@id\":\"https:\/\/228news.tg\/index.php\/2017\/06\/28\/gouvernance-axee-sur-le-developpement-durable-les-pays-membres-de-la-francophonie-definissent-des-strategies-a-lome-2\/#primaryimage\"},\"thumbnailUrl\":\"\",\"articleSection\":[\"AFRIQUE\",\"DEVELOPPEMENT\",\"ECONOMIE\"],\"inLanguage\":\"fr-FR\",\"potentialAction\":[{\"@type\":\"CommentAction\",\"name\":\"Comment\",\"target\":[\"https:\/\/228news.tg\/index.php\/2017\/06\/28\/gouvernance-axee-sur-le-developpement-durable-les-pays-membres-de-la-francophonie-definissent-des-strategies-a-lome-2\/#respond\"]}]},{\"@type\":\"WebPage\",\"@id\":\"https:\/\/228news.tg\/index.php\/2017\/06\/28\/gouvernance-axee-sur-le-developpement-durable-les-pays-membres-de-la-francophonie-definissent-des-strategies-a-lome-2\/\",\"url\":\"https:\/\/228news.tg\/index.php\/2017\/06\/28\/gouvernance-axee-sur-le-developpement-durable-les-pays-membres-de-la-francophonie-definissent-des-strategies-a-lome-2\/\",\"name\":\"Gouvernance ax\u00e9e sur le d\u00e9veloppement durable Les pays membres de la Francophonie d\u00e9finissent des strat\u00e9gies \u00e0 Lom\u00e9 - 228 News\",\"isPartOf\":{\"@id\":\"https:\/\/228news.tg\/#website\"},\"primaryImageOfPage\":{\"@id\":\"https:\/\/228news.tg\/index.php\/2017\/06\/28\/gouvernance-axee-sur-le-developpement-durable-les-pays-membres-de-la-francophonie-definissent-des-strategies-a-lome-2\/#primaryimage\"},\"image\":{\"@id\":\"https:\/\/228news.tg\/index.php\/2017\/06\/28\/gouvernance-axee-sur-le-developpement-durable-les-pays-membres-de-la-francophonie-definissent-des-strategies-a-lome-2\/#primaryimage\"},\"thumbnailUrl\":\"\",\"datePublished\":\"2017-06-28T21:01:16+00:00\",\"breadcrumb\":{\"@id\":\"https:\/\/228news.tg\/index.php\/2017\/06\/28\/gouvernance-axee-sur-le-developpement-durable-les-pays-membres-de-la-francophonie-definissent-des-strategies-a-lome-2\/#breadcrumb\"},\"inLanguage\":\"fr-FR\",\"potentialAction\":[{\"@type\":\"ReadAction\",\"target\":[\"https:\/\/228news.tg\/index.php\/2017\/06\/28\/gouvernance-axee-sur-le-developpement-durable-les-pays-membres-de-la-francophonie-definissent-des-strategies-a-lome-2\/\"]}]},{\"@type\":\"ImageObject\",\"inLanguage\":\"fr-FR\",\"@id\":\"https:\/\/228news.tg\/index.php\/2017\/06\/28\/gouvernance-axee-sur-le-developpement-durable-les-pays-membres-de-la-francophonie-definissent-des-strategies-a-lome-2\/#primaryimage\",\"url\":\"\",\"contentUrl\":\"\"},{\"@type\":\"BreadcrumbList\",\"@id\":\"https:\/\/228news.tg\/index.php\/2017\/06\/28\/gouvernance-axee-sur-le-developpement-durable-les-pays-membres-de-la-francophonie-definissent-des-strategies-a-lome-2\/#breadcrumb\",\"itemListElement\":[{\"@type\":\"ListItem\",\"position\":1,\"name\":\"Home\",\"item\":\"https:\/\/228news.tg\/\"},{\"@type\":\"ListItem\",\"position\":2,\"name\":\"Gouvernance ax\u00e9e sur le d\u00e9veloppement durable Les pays membres de la Francophonie d\u00e9finissent des strat\u00e9gies \u00e0 Lom\u00e9\"}]},{\"@type\":\"WebSite\",\"@id\":\"https:\/\/228news.tg\/#website\",\"url\":\"https:\/\/228news.tg\/\",\"name\":\"228 News\",\"description\":\"Soci\u00e9t\u00e9 de m\u00e9dias et d\u2019actualit\u00e9s\",\"publisher\":{\"@id\":\"https:\/\/228news.tg\/#organization\"},\"potentialAction\":[{\"@type\":\"SearchAction\",\"target\":{\"@type\":\"EntryPoint\",\"urlTemplate\":\"https:\/\/228news.tg\/?s={search_term_string}\"},\"query-input\":{\"@type\":\"PropertyValueSpecification\",\"valueRequired\":true,\"valueName\":\"search_term_string\"}}],\"inLanguage\":\"fr-FR\"},{\"@type\":\"Organization\",\"@id\":\"https:\/\/228news.tg\/#organization\",\"name\":\"228 News\",\"url\":\"https:\/\/228news.tg\/\",\"logo\":{\"@type\":\"ImageObject\",\"inLanguage\":\"fr-FR\",\"@id\":\"https:\/\/228news.tg\/#\/schema\/logo\/image\/\",\"url\":\"https:\/\/228news.tg\/wp-content\/uploads\/2024\/09\/logonew.png\",\"contentUrl\":\"https:\/\/228news.tg\/wp-content\/uploads\/2024\/09\/logonew.png\",\"width\":1640,\"height\":364,\"caption\":\"228 News\"},\"image\":{\"@id\":\"https:\/\/228news.tg\/#\/schema\/logo\/image\/\"}},{\"@type\":\"Person\",\"@id\":\"https:\/\/228news.tg\/#\/schema\/person\/68d5a6cc0230290e61235c8379523f52\",\"name\":\"Bienvenu SAVI\",\"image\":{\"@type\":\"ImageObject\",\"inLanguage\":\"fr-FR\",\"@id\":\"https:\/\/228news.tg\/#\/schema\/person\/image\/\",\"url\":\"https:\/\/secure.gravatar.com\/avatar\/9db91895c559e510509c33a3e9683998458e9b828fac36d5d1aa23f0f2fd369b?s=96&d=mm&r=g\",\"contentUrl\":\"https:\/\/secure.gravatar.com\/avatar\/9db91895c559e510509c33a3e9683998458e9b828fac36d5d1aa23f0f2fd369b?s=96&d=mm&r=g\",\"caption\":\"Bienvenu SAVI\"},\"url\":\"https:\/\/228news.tg\/index.php\/author\/bienvenu\/\"}]}<\/script>\n<!-- \/ Yoast SEO plugin. -->","yoast_head_json":{"title":"Gouvernance ax\u00e9e sur le d\u00e9veloppement durable Les pays membres de la Francophonie d\u00e9finissent des strat\u00e9gies \u00e0 Lom\u00e9 - 228 News","robots":{"index":"index","follow":"follow","max-snippet":"max-snippet:-1","max-image-preview":"max-image-preview:large","max-video-preview":"max-video-preview:-1"},"canonical":"https:\/\/228news.tg\/index.php\/2017\/06\/28\/gouvernance-axee-sur-le-developpement-durable-les-pays-membres-de-la-francophonie-definissent-des-strategies-a-lome-2\/","og_locale":"fr_FR","og_type":"article","og_title":"Gouvernance ax\u00e9e sur le d\u00e9veloppement durable Les pays membres de la Francophonie d\u00e9finissent des strat\u00e9gies \u00e0 Lom\u00e9 - 228 News","og_description":"&nbsp; Une trentaine de repr\u00e9sentants des pays membres de l\u2019Organisation Internationale de la Francophonie (OIF) est r\u00e9unie \u00e0 Lom\u00e9 ce mercredi 28 au vendredi 30 juin prochain pour un atelier d\u2019\u00e9change et de travail sur les Fiches gouvernance du d\u00e9veloppement durable. Ouvert par le ministre Togolais de la planification et du d\u00e9veloppement Kossi Assima\u00efdou, cette ... Lire la suite","og_url":"https:\/\/228news.tg\/index.php\/2017\/06\/28\/gouvernance-axee-sur-le-developpement-durable-les-pays-membres-de-la-francophonie-definissent-des-strategies-a-lome-2\/","og_site_name":"228 News","article_published_time":"2017-06-28T21:01:16+00:00","og_image":[{"url":"http:\/\/localhost\/site\/228news\/wp-content\/uploads\/2017\/06\/IMG-20170628-WA0024-300x169.jpg","type":"","width":"","height":""}],"author":"Bienvenu SAVI","twitter_card":"summary_large_image","twitter_misc":{"\u00c9crit par":"Bienvenu SAVI","Dur\u00e9e de lecture estim\u00e9e":"3 minutes"},"schema":{"@context":"https:\/\/schema.org","@graph":[{"@type":"Article","@id":"https:\/\/228news.tg\/index.php\/2017\/06\/28\/gouvernance-axee-sur-le-developpement-durable-les-pays-membres-de-la-francophonie-definissent-des-strategies-a-lome-2\/#article","isPartOf":{"@id":"https:\/\/228news.tg\/index.php\/2017\/06\/28\/gouvernance-axee-sur-le-developpement-durable-les-pays-membres-de-la-francophonie-definissent-des-strategies-a-lome-2\/"},"author":{"name":"Bienvenu SAVI","@id":"https:\/\/228news.tg\/#\/schema\/person\/68d5a6cc0230290e61235c8379523f52"},"headline":"Gouvernance ax\u00e9e sur le d\u00e9veloppement durable Les pays membres de la Francophonie d\u00e9finissent des strat\u00e9gies \u00e0 Lom\u00e9","datePublished":"2017-06-28T21:01:16+00:00","mainEntityOfPage":{"@id":"https:\/\/228news.tg\/index.php\/2017\/06\/28\/gouvernance-axee-sur-le-developpement-durable-les-pays-membres-de-la-francophonie-definissent-des-strategies-a-lome-2\/"},"wordCount":593,"commentCount":0,"publisher":{"@id":"https:\/\/228news.tg\/#organization"},"image":{"@id":"https:\/\/228news.tg\/index.php\/2017\/06\/28\/gouvernance-axee-sur-le-developpement-durable-les-pays-membres-de-la-francophonie-definissent-des-strategies-a-lome-2\/#primaryimage"},"thumbnailUrl":"","articleSection":["AFRIQUE","DEVELOPPEMENT","ECONOMIE"],"inLanguage":"fr-FR","potentialAction":[{"@type":"CommentAction","name":"Comment","target":["https:\/\/228news.tg\/index.php\/2017\/06\/28\/gouvernance-axee-sur-le-developpement-durable-les-pays-membres-de-la-francophonie-definissent-des-strategies-a-lome-2\/#respond"]}]},{"@type":"WebPage","@id":"https:\/\/228news.tg\/index.php\/2017\/06\/28\/gouvernance-axee-sur-le-developpement-durable-les-pays-membres-de-la-francophonie-definissent-des-strategies-a-lome-2\/","url":"https:\/\/228news.tg\/index.php\/2017\/06\/28\/gouvernance-axee-sur-le-developpement-durable-les-pays-membres-de-la-francophonie-definissent-des-strategies-a-lome-2\/","name":"Gouvernance ax\u00e9e sur le d\u00e9veloppement durable Les pays membres de la Francophonie d\u00e9finissent des strat\u00e9gies \u00e0 Lom\u00e9 - 228 News","isPartOf":{"@id":"https:\/\/228news.tg\/#website"},"primaryImageOfPage":{"@id":"https:\/\/228news.tg\/index.php\/2017\/06\/28\/gouvernance-axee-sur-le-developpement-durable-les-pays-membres-de-la-francophonie-definissent-des-strategies-a-lome-2\/#primaryimage"},"image":{"@id":"https:\/\/228news.tg\/index.php\/2017\/06\/28\/gouvernance-axee-sur-le-developpement-durable-les-pays-membres-de-la-francophonie-definissent-des-strategies-a-lome-2\/#primaryimage"},"thumbnailUrl":"","datePublished":"2017-06-28T21:01:16+00:00","breadcrumb":{"@id":"https:\/\/228news.tg\/index.php\/2017\/06\/28\/gouvernance-axee-sur-le-developpement-durable-les-pays-membres-de-la-francophonie-definissent-des-strategies-a-lome-2\/#breadcrumb"},"inLanguage":"fr-FR","potentialAction":[{"@type":"ReadAction","target":["https:\/\/228news.tg\/index.php\/2017\/06\/28\/gouvernance-axee-sur-le-developpement-durable-les-pays-membres-de-la-francophonie-definissent-des-strategies-a-lome-2\/"]}]},{"@type":"ImageObject","inLanguage":"fr-FR","@id":"https:\/\/228news.tg\/index.php\/2017\/06\/28\/gouvernance-axee-sur-le-developpement-durable-les-pays-membres-de-la-francophonie-definissent-des-strategies-a-lome-2\/#primaryimage","url":"","contentUrl":""},{"@type":"BreadcrumbList","@id":"https:\/\/228news.tg\/index.php\/2017\/06\/28\/gouvernance-axee-sur-le-developpement-durable-les-pays-membres-de-la-francophonie-definissent-des-strategies-a-lome-2\/#breadcrumb","itemListElement":[{"@type":"ListItem","position":1,"name":"Home","item":"https:\/\/228news.tg\/"},{"@type":"ListItem","position":2,"name":"Gouvernance ax\u00e9e sur le d\u00e9veloppement durable Les pays membres de la Francophonie d\u00e9finissent des strat\u00e9gies \u00e0 Lom\u00e9"}]},{"@type":"WebSite","@id":"https:\/\/228news.tg\/#website","url":"https:\/\/228news.tg\/","name":"228 News","description":"Soci\u00e9t\u00e9 de m\u00e9dias et d\u2019actualit\u00e9s","publisher":{"@id":"https:\/\/228news.tg\/#organization"},"potentialAction":[{"@type":"SearchAction","target":{"@type":"EntryPoint","urlTemplate":"https:\/\/228news.tg\/?s={search_term_string}"},"query-input":{"@type":"PropertyValueSpecification","valueRequired":true,"valueName":"search_term_string"}}],"inLanguage":"fr-FR"},{"@type":"Organization","@id":"https:\/\/228news.tg\/#organization","name":"228 News","url":"https:\/\/228news.tg\/","logo":{"@type":"ImageObject","inLanguage":"fr-FR","@id":"https:\/\/228news.tg\/#\/schema\/logo\/image\/","url":"https:\/\/228news.tg\/wp-content\/uploads\/2024\/09\/logonew.png","contentUrl":"https:\/\/228news.tg\/wp-content\/uploads\/2024\/09\/logonew.png","width":1640,"height":364,"caption":"228 News"},"image":{"@id":"https:\/\/228news.tg\/#\/schema\/logo\/image\/"}},{"@type":"Person","@id":"https:\/\/228news.tg\/#\/schema\/person\/68d5a6cc0230290e61235c8379523f52","name":"Bienvenu SAVI","image":{"@type":"ImageObject","inLanguage":"fr-FR","@id":"https:\/\/228news.tg\/#\/schema\/person\/image\/","url":"https:\/\/secure.gravatar.com\/avatar\/9db91895c559e510509c33a3e9683998458e9b828fac36d5d1aa23f0f2fd369b?s=96&d=mm&r=g","contentUrl":"https:\/\/secure.gravatar.com\/avatar\/9db91895c559e510509c33a3e9683998458e9b828fac36d5d1aa23f0f2fd369b?s=96&d=mm&r=g","caption":"Bienvenu SAVI"},"url":"https:\/\/228news.tg\/index.php\/author\/bienvenu\/"}]}},"jetpack_featured_media_url":"","_links":{"self":[{"href":"https:\/\/228news.tg\/index.php\/wp-json\/wp\/v2\/posts\/14173","targetHints":{"allow":["GET"]}}],"collection":[{"href":"https:\/\/228news.tg\/index.php\/wp-json\/wp\/v2\/posts"}],"about":[{"href":"https:\/\/228news.tg\/index.php\/wp-json\/wp\/v2\/types\/post"}],"author":[{"embeddable":true,"href":"https:\/\/228news.tg\/index.php\/wp-json\/wp\/v2\/users\/2"}],"replies":[{"embeddable":true,"href":"https:\/\/228news.tg\/index.php\/wp-json\/wp\/v2\/comments?post=14173"}],"version-history":[{"count":0,"href":"https:\/\/228news.tg\/index.php\/wp-json\/wp\/v2\/posts\/14173\/revisions"}],"wp:featuredmedia":[{"embeddable":true,"href":"https:\/\/228news.tg\/index.php\/wp-json\/"}],"wp:attachment":[{"href":"https:\/\/228news.tg\/index.php\/wp-json\/wp\/v2\/media?parent=14173"}],"wp:term":[{"taxonomy":"category","embeddable":true,"href":"https:\/\/228news.tg\/index.php\/wp-json\/wp\/v2\/categories?post=14173"},{"taxonomy":"post_tag","embeddable":true,"href":"https:\/\/228news.tg\/index.php\/wp-json\/wp\/v2\/tags?post=14173"}],"curies":[{"name":"wp","href":"https:\/\/api.w.org\/{rel}","templated":true}]}}