{"id":13869,"date":"2024-09-06T23:03:03","date_gmt":"2024-09-06T23:03:03","guid":{"rendered":"http:\/\/localhost\/site\/228news\/?p=13869"},"modified":"2024-09-06T23:03:03","modified_gmt":"2024-09-06T23:03:03","slug":"incendie-au-port-autonome-de-lome-la-direction-donne-des-precisons-et-annonce-des-mesures","status":"publish","type":"post","link":"https:\/\/228news.tg\/index.php\/2024\/09\/06\/incendie-au-port-autonome-de-lome-la-direction-donne-des-precisons-et-annonce-des-mesures\/","title":{"rendered":"Incendie au Port Autonome de Lom\u00e9 : la direction donne des pr\u00e9cisons et annonce des mesures"},"content":{"rendered":"<p>Trois (03) caboteurs endommag\u00e9s dont un coul\u00e9 au fond du bassin. C\u2019est le premier bilan officiel de l\u2019incendie survenu au Port Autonome de Lom\u00e9 dans la journ\u00e9e du jeudi 05 septembre 2024. Le contre-amiral, Fogan Kodjo ADEGNON , Directeur G\u00e9n\u00e9ral de l\u2019institution a donn\u00e9 plus de d\u00e9tails ce drame.<\/p>\n<p>Par communiqu\u00e9 en date de ce jeudi , le responsable de l\u2019institution portuaire porte \u00e0 la connaissance des op\u00e9rateurs \u00e9conomiques et de tous les usagers du Port de Lom\u00e9, qu&rsquo;un incendie subit s&rsquo;est d\u00e9clar\u00e9 ce jeudi 05 septembre 2024 aux environs de 9 heures dans le bassin de l&rsquo;ancien Port de P\u00eache o\u00f9 stationnent g\u00e9n\u00e9ralement les petits caboteurs et remorqueurs.<\/p>\n<p><strong>Bilan moins lourd <\/strong><\/p>\n<p>Cet incendie, informe le contre-amiral ADEGNON, a \u00ab malheureusement mis hors d&rsquo;\u00e9tat de service trois caboteurs dont l&rsquo;un a coul\u00e9 au fond du bassin \u00bb. Malgr\u00e9 ce bilan, la direction du Port note la prompte intervention et le professionnalisme dont ont fait preuve les services des Sapeurs-pompiers du Port, de la soci\u00e9t\u00e9 Boluda, de l&rsquo;a\u00e9roport et de la ville.<\/p>\n<p><strong>Des mesures de s\u00e9curit\u00e9 rappel\u00e9es <\/strong><\/p>\n<p>Fogan Kodjo ADEGNON adresse ses remerciements \u00e0 tous les acteurs pour leur implication et leur engagement \u00e0 pr\u00e9server la s\u00e9curit\u00e9 dans le domaine portuaire. \u00ab Nous voudrions \u00e9galement saisir cette occasion pour rappeler aux op\u00e9rateurs \u00e9conomiques install\u00e9s sur la plateforme portuaire \u00e0 observer strictement les mesures de s\u00e9curit\u00e9 et \u00e0 se doter des moyens de lutte contre les incendies \u00bb, a-t-il exhort\u00e9. Par ailleurs, l\u2019officier de la marine nationale annonc\u00e9 que des inspections et contr\u00f4les r\u00e9guliers seront effectu\u00e9s dans toutes les structures de la plateforme portuaire de Lom\u00e9 \u00ab en vue, dit-il, de s&rsquo;assurer de la pr\u00e9sence et du bon fonctionnement du mat\u00e9riel de lutte contre les incendies \u00bb.<\/p>\n<p>Conform\u00e9ment au Plan Op\u00e9rationnel d&rsquo;Intervention (POI) de chaque structure, l\u2019administration portuaire indique que des simulations seront effectu\u00e9es.<\/p>\n<p>El bicho<\/p>\n<p>&nbsp;<\/p>\n<p>&nbsp;<\/p>\n<p>&nbsp;<\/p>\n<p>&nbsp;<\/p>\n<p>&nbsp;<\/p>\n<p>&nbsp;<\/p>\n<p>&nbsp;<\/p>\n<p>&nbsp;<\/p>\n<p>&nbsp;<\/p>\n","protected":false},"excerpt":{"rendered":"<p>Trois (03) caboteurs endommag\u00e9s dont un coul\u00e9 au fond du bassin. C\u2019est le premier bilan officiel de l\u2019incendie survenu au Port Autonome de Lom\u00e9 dans la journ\u00e9e du jeudi 05 septembre 2024. Le contre-amiral, Fogan Kodjo ADEGNON , Directeur G\u00e9n\u00e9ral de l\u2019institution a donn\u00e9 plus de d\u00e9tails ce drame. Par communiqu\u00e9 en date de ce &#8230; <a title=\"Incendie au Port Autonome de Lom\u00e9 : la direction donne des pr\u00e9cisons et annonce des mesures\" class=\"read-more\" href=\"https:\/\/228news.tg\/index.php\/2024\/09\/06\/incendie-au-port-autonome-de-lome-la-direction-donne-des-precisons-et-annonce-des-mesures\/\" aria-label=\"En savoir plus sur Incendie au Port Autonome de Lom\u00e9 : la direction donne des pr\u00e9cisons et annonce des mesures\">Lire la suite<\/a><\/p>\n","protected":false},"author":2,"featured_media":13870,"comment_status":"open","ping_status":"open","sticky":false,"template":"","format":"chat","meta":{"footnotes":""},"categories":[29],"tags":[],"class_list":["post-13869","post","type-post","status-publish","format-chat","has-post-thumbnail","hentry","category-societe","post_format-post-format-chat"],"yoast_head":"<!-- This site is optimized with the Yoast SEO plugin v26.4 - https:\/\/yoast.com\/wordpress\/plugins\/seo\/ -->\n<title>Incendie au Port Autonome de Lom\u00e9 : la direction donne des pr\u00e9cisons et annonce des mesures - 228 News<\/title>\n<meta name=\"robots\" content=\"index, follow, max-snippet:-1, max-image-preview:large, max-video-preview:-1\" \/>\n<link rel=\"canonical\" href=\"https:\/\/228news.tg\/index.php\/2024\/09\/06\/incendie-au-port-autonome-de-lome-la-direction-donne-des-precisons-et-annonce-des-mesures\/\" \/>\n<meta property=\"og:locale\" content=\"fr_FR\" \/>\n<meta property=\"og:type\" content=\"article\" \/>\n<meta property=\"og:title\" content=\"Incendie au Port Autonome de Lom\u00e9 : la direction donne des pr\u00e9cisons et annonce des mesures - 228 News\" \/>\n<meta property=\"og:description\" content=\"Trois (03) caboteurs endommag\u00e9s dont un coul\u00e9 au fond du bassin. C\u2019est le premier bilan officiel de l\u2019incendie survenu au Port Autonome de Lom\u00e9 dans la journ\u00e9e du jeudi 05 septembre 2024. Le contre-amiral, Fogan Kodjo ADEGNON , Directeur G\u00e9n\u00e9ral de l\u2019institution a donn\u00e9 plus de d\u00e9tails ce drame. Par communiqu\u00e9 en date de ce ... Lire la suite\" \/>\n<meta property=\"og:url\" content=\"https:\/\/228news.tg\/index.php\/2024\/09\/06\/incendie-au-port-autonome-de-lome-la-direction-donne-des-precisons-et-annonce-des-mesures\/\" \/>\n<meta property=\"og:site_name\" content=\"228 News\" \/>\n<meta property=\"article:published_time\" content=\"2024-09-06T23:03:03+00:00\" \/>\n<meta property=\"og:image\" content=\"https:\/\/228news.tg\/wp-content\/uploads\/2024\/09\/IMG-20240905-WA0163-1.jpg\" \/>\n\t<meta property=\"og:image:width\" content=\"750\" \/>\n\t<meta property=\"og:image:height\" content=\"450\" \/>\n\t<meta property=\"og:image:type\" content=\"image\/jpeg\" \/>\n<meta name=\"author\" content=\"Bienvenu SAVI\" \/>\n<meta name=\"twitter:card\" content=\"summary_large_image\" \/>\n<meta name=\"twitter:label1\" content=\"\u00c9crit par\" \/>\n\t<meta name=\"twitter:data1\" content=\"Bienvenu SAVI\" \/>\n\t<meta name=\"twitter:label2\" content=\"Dur\u00e9e de lecture estim\u00e9e\" \/>\n\t<meta name=\"twitter:data2\" content=\"2 minutes\" \/>\n<script type=\"application\/ld+json\" class=\"yoast-schema-graph\">{\"@context\":\"https:\/\/schema.org\",\"@graph\":[{\"@type\":\"Article\",\"@id\":\"https:\/\/228news.tg\/index.php\/2024\/09\/06\/incendie-au-port-autonome-de-lome-la-direction-donne-des-precisons-et-annonce-des-mesures\/#article\",\"isPartOf\":{\"@id\":\"https:\/\/228news.tg\/index.php\/2024\/09\/06\/incendie-au-port-autonome-de-lome-la-direction-donne-des-precisons-et-annonce-des-mesures\/\"},\"author\":{\"name\":\"Bienvenu SAVI\",\"@id\":\"https:\/\/228news.tg\/#\/schema\/person\/68d5a6cc0230290e61235c8379523f52\"},\"headline\":\"Incendie au Port Autonome de Lom\u00e9 : la direction donne des pr\u00e9cisons et annonce des mesures\",\"datePublished\":\"2024-09-06T23:03:03+00:00\",\"mainEntityOfPage\":{\"@id\":\"https:\/\/228news.tg\/index.php\/2024\/09\/06\/incendie-au-port-autonome-de-lome-la-direction-donne-des-precisons-et-annonce-des-mesures\/\"},\"wordCount\":351,\"commentCount\":0,\"publisher\":{\"@id\":\"https:\/\/228news.tg\/#organization\"},\"image\":{\"@id\":\"https:\/\/228news.tg\/index.php\/2024\/09\/06\/incendie-au-port-autonome-de-lome-la-direction-donne-des-precisons-et-annonce-des-mesures\/#primaryimage\"},\"thumbnailUrl\":\"https:\/\/228news.tg\/wp-content\/uploads\/2024\/09\/IMG-20240905-WA0163-1.jpg\",\"articleSection\":[\"SOCIETE\"],\"inLanguage\":\"fr-FR\",\"potentialAction\":[{\"@type\":\"CommentAction\",\"name\":\"Comment\",\"target\":[\"https:\/\/228news.tg\/index.php\/2024\/09\/06\/incendie-au-port-autonome-de-lome-la-direction-donne-des-precisons-et-annonce-des-mesures\/#respond\"]}]},{\"@type\":\"WebPage\",\"@id\":\"https:\/\/228news.tg\/index.php\/2024\/09\/06\/incendie-au-port-autonome-de-lome-la-direction-donne-des-precisons-et-annonce-des-mesures\/\",\"url\":\"https:\/\/228news.tg\/index.php\/2024\/09\/06\/incendie-au-port-autonome-de-lome-la-direction-donne-des-precisons-et-annonce-des-mesures\/\",\"name\":\"Incendie au Port Autonome de Lom\u00e9 : la direction donne des pr\u00e9cisons et annonce des mesures - 228 News\",\"isPartOf\":{\"@id\":\"https:\/\/228news.tg\/#website\"},\"primaryImageOfPage\":{\"@id\":\"https:\/\/228news.tg\/index.php\/2024\/09\/06\/incendie-au-port-autonome-de-lome-la-direction-donne-des-precisons-et-annonce-des-mesures\/#primaryimage\"},\"image\":{\"@id\":\"https:\/\/228news.tg\/index.php\/2024\/09\/06\/incendie-au-port-autonome-de-lome-la-direction-donne-des-precisons-et-annonce-des-mesures\/#primaryimage\"},\"thumbnailUrl\":\"https:\/\/228news.tg\/wp-content\/uploads\/2024\/09\/IMG-20240905-WA0163-1.jpg\",\"datePublished\":\"2024-09-06T23:03:03+00:00\",\"breadcrumb\":{\"@id\":\"https:\/\/228news.tg\/index.php\/2024\/09\/06\/incendie-au-port-autonome-de-lome-la-direction-donne-des-precisons-et-annonce-des-mesures\/#breadcrumb\"},\"inLanguage\":\"fr-FR\",\"potentialAction\":[{\"@type\":\"ReadAction\",\"target\":[\"https:\/\/228news.tg\/index.php\/2024\/09\/06\/incendie-au-port-autonome-de-lome-la-direction-donne-des-precisons-et-annonce-des-mesures\/\"]}]},{\"@type\":\"ImageObject\",\"inLanguage\":\"fr-FR\",\"@id\":\"https:\/\/228news.tg\/index.php\/2024\/09\/06\/incendie-au-port-autonome-de-lome-la-direction-donne-des-precisons-et-annonce-des-mesures\/#primaryimage\",\"url\":\"https:\/\/228news.tg\/wp-content\/uploads\/2024\/09\/IMG-20240905-WA0163-1.jpg\",\"contentUrl\":\"https:\/\/228news.tg\/wp-content\/uploads\/2024\/09\/IMG-20240905-WA0163-1.jpg\",\"width\":750,\"height\":450},{\"@type\":\"BreadcrumbList\",\"@id\":\"https:\/\/228news.tg\/index.php\/2024\/09\/06\/incendie-au-port-autonome-de-lome-la-direction-donne-des-precisons-et-annonce-des-mesures\/#breadcrumb\",\"itemListElement\":[{\"@type\":\"ListItem\",\"position\":1,\"name\":\"Home\",\"item\":\"https:\/\/228news.tg\/\"},{\"@type\":\"ListItem\",\"position\":2,\"name\":\"Incendie au Port Autonome de Lom\u00e9 : la direction donne des pr\u00e9cisons et annonce des mesures\"}]},{\"@type\":\"WebSite\",\"@id\":\"https:\/\/228news.tg\/#website\",\"url\":\"https:\/\/228news.tg\/\",\"name\":\"228 News\",\"description\":\"Soci\u00e9t\u00e9 de m\u00e9dias et d\u2019actualit\u00e9s\",\"publisher\":{\"@id\":\"https:\/\/228news.tg\/#organization\"},\"potentialAction\":[{\"@type\":\"SearchAction\",\"target\":{\"@type\":\"EntryPoint\",\"urlTemplate\":\"https:\/\/228news.tg\/?s={search_term_string}\"},\"query-input\":{\"@type\":\"PropertyValueSpecification\",\"valueRequired\":true,\"valueName\":\"search_term_string\"}}],\"inLanguage\":\"fr-FR\"},{\"@type\":\"Organization\",\"@id\":\"https:\/\/228news.tg\/#organization\",\"name\":\"228 News\",\"url\":\"https:\/\/228news.tg\/\",\"logo\":{\"@type\":\"ImageObject\",\"inLanguage\":\"fr-FR\",\"@id\":\"https:\/\/228news.tg\/#\/schema\/logo\/image\/\",\"url\":\"https:\/\/228news.tg\/wp-content\/uploads\/2024\/09\/logonew.png\",\"contentUrl\":\"https:\/\/228news.tg\/wp-content\/uploads\/2024\/09\/logonew.png\",\"width\":1640,\"height\":364,\"caption\":\"228 News\"},\"image\":{\"@id\":\"https:\/\/228news.tg\/#\/schema\/logo\/image\/\"}},{\"@type\":\"Person\",\"@id\":\"https:\/\/228news.tg\/#\/schema\/person\/68d5a6cc0230290e61235c8379523f52\",\"name\":\"Bienvenu SAVI\",\"image\":{\"@type\":\"ImageObject\",\"inLanguage\":\"fr-FR\",\"@id\":\"https:\/\/228news.tg\/#\/schema\/person\/image\/\",\"url\":\"https:\/\/secure.gravatar.com\/avatar\/9db91895c559e510509c33a3e9683998458e9b828fac36d5d1aa23f0f2fd369b?s=96&d=mm&r=g\",\"contentUrl\":\"https:\/\/secure.gravatar.com\/avatar\/9db91895c559e510509c33a3e9683998458e9b828fac36d5d1aa23f0f2fd369b?s=96&d=mm&r=g\",\"caption\":\"Bienvenu SAVI\"},\"url\":\"https:\/\/228news.tg\/index.php\/author\/bienvenu\/\"}]}<\/script>\n<!-- \/ Yoast SEO plugin. -->","yoast_head_json":{"title":"Incendie au Port Autonome de Lom\u00e9 : la direction donne des pr\u00e9cisons et annonce des mesures - 228 News","robots":{"index":"index","follow":"follow","max-snippet":"max-snippet:-1","max-image-preview":"max-image-preview:large","max-video-preview":"max-video-preview:-1"},"canonical":"https:\/\/228news.tg\/index.php\/2024\/09\/06\/incendie-au-port-autonome-de-lome-la-direction-donne-des-precisons-et-annonce-des-mesures\/","og_locale":"fr_FR","og_type":"article","og_title":"Incendie au Port Autonome de Lom\u00e9 : la direction donne des pr\u00e9cisons et annonce des mesures - 228 News","og_description":"Trois (03) caboteurs endommag\u00e9s dont un coul\u00e9 au fond du bassin. C\u2019est le premier bilan officiel de l\u2019incendie survenu au Port Autonome de Lom\u00e9 dans la journ\u00e9e du jeudi 05 septembre 2024. Le contre-amiral, Fogan Kodjo ADEGNON , Directeur G\u00e9n\u00e9ral de l\u2019institution a donn\u00e9 plus de d\u00e9tails ce drame. Par communiqu\u00e9 en date de ce ... Lire la suite","og_url":"https:\/\/228news.tg\/index.php\/2024\/09\/06\/incendie-au-port-autonome-de-lome-la-direction-donne-des-precisons-et-annonce-des-mesures\/","og_site_name":"228 News","article_published_time":"2024-09-06T23:03:03+00:00","og_image":[{"width":750,"height":450,"url":"https:\/\/228news.tg\/wp-content\/uploads\/2024\/09\/IMG-20240905-WA0163-1.jpg","type":"image\/jpeg"}],"author":"Bienvenu SAVI","twitter_card":"summary_large_image","twitter_misc":{"\u00c9crit par":"Bienvenu SAVI","Dur\u00e9e de lecture estim\u00e9e":"2 minutes"},"schema":{"@context":"https:\/\/schema.org","@graph":[{"@type":"Article","@id":"https:\/\/228news.tg\/index.php\/2024\/09\/06\/incendie-au-port-autonome-de-lome-la-direction-donne-des-precisons-et-annonce-des-mesures\/#article","isPartOf":{"@id":"https:\/\/228news.tg\/index.php\/2024\/09\/06\/incendie-au-port-autonome-de-lome-la-direction-donne-des-precisons-et-annonce-des-mesures\/"},"author":{"name":"Bienvenu SAVI","@id":"https:\/\/228news.tg\/#\/schema\/person\/68d5a6cc0230290e61235c8379523f52"},"headline":"Incendie au Port Autonome de Lom\u00e9 : la direction donne des pr\u00e9cisons et annonce des mesures","datePublished":"2024-09-06T23:03:03+00:00","mainEntityOfPage":{"@id":"https:\/\/228news.tg\/index.php\/2024\/09\/06\/incendie-au-port-autonome-de-lome-la-direction-donne-des-precisons-et-annonce-des-mesures\/"},"wordCount":351,"commentCount":0,"publisher":{"@id":"https:\/\/228news.tg\/#organization"},"image":{"@id":"https:\/\/228news.tg\/index.php\/2024\/09\/06\/incendie-au-port-autonome-de-lome-la-direction-donne-des-precisons-et-annonce-des-mesures\/#primaryimage"},"thumbnailUrl":"https:\/\/228news.tg\/wp-content\/uploads\/2024\/09\/IMG-20240905-WA0163-1.jpg","articleSection":["SOCIETE"],"inLanguage":"fr-FR","potentialAction":[{"@type":"CommentAction","name":"Comment","target":["https:\/\/228news.tg\/index.php\/2024\/09\/06\/incendie-au-port-autonome-de-lome-la-direction-donne-des-precisons-et-annonce-des-mesures\/#respond"]}]},{"@type":"WebPage","@id":"https:\/\/228news.tg\/index.php\/2024\/09\/06\/incendie-au-port-autonome-de-lome-la-direction-donne-des-precisons-et-annonce-des-mesures\/","url":"https:\/\/228news.tg\/index.php\/2024\/09\/06\/incendie-au-port-autonome-de-lome-la-direction-donne-des-precisons-et-annonce-des-mesures\/","name":"Incendie au Port Autonome de Lom\u00e9 : la direction donne des pr\u00e9cisons et annonce des mesures - 228 News","isPartOf":{"@id":"https:\/\/228news.tg\/#website"},"primaryImageOfPage":{"@id":"https:\/\/228news.tg\/index.php\/2024\/09\/06\/incendie-au-port-autonome-de-lome-la-direction-donne-des-precisons-et-annonce-des-mesures\/#primaryimage"},"image":{"@id":"https:\/\/228news.tg\/index.php\/2024\/09\/06\/incendie-au-port-autonome-de-lome-la-direction-donne-des-precisons-et-annonce-des-mesures\/#primaryimage"},"thumbnailUrl":"https:\/\/228news.tg\/wp-content\/uploads\/2024\/09\/IMG-20240905-WA0163-1.jpg","datePublished":"2024-09-06T23:03:03+00:00","breadcrumb":{"@id":"https:\/\/228news.tg\/index.php\/2024\/09\/06\/incendie-au-port-autonome-de-lome-la-direction-donne-des-precisons-et-annonce-des-mesures\/#breadcrumb"},"inLanguage":"fr-FR","potentialAction":[{"@type":"ReadAction","target":["https:\/\/228news.tg\/index.php\/2024\/09\/06\/incendie-au-port-autonome-de-lome-la-direction-donne-des-precisons-et-annonce-des-mesures\/"]}]},{"@type":"ImageObject","inLanguage":"fr-FR","@id":"https:\/\/228news.tg\/index.php\/2024\/09\/06\/incendie-au-port-autonome-de-lome-la-direction-donne-des-precisons-et-annonce-des-mesures\/#primaryimage","url":"https:\/\/228news.tg\/wp-content\/uploads\/2024\/09\/IMG-20240905-WA0163-1.jpg","contentUrl":"https:\/\/228news.tg\/wp-content\/uploads\/2024\/09\/IMG-20240905-WA0163-1.jpg","width":750,"height":450},{"@type":"BreadcrumbList","@id":"https:\/\/228news.tg\/index.php\/2024\/09\/06\/incendie-au-port-autonome-de-lome-la-direction-donne-des-precisons-et-annonce-des-mesures\/#breadcrumb","itemListElement":[{"@type":"ListItem","position":1,"name":"Home","item":"https:\/\/228news.tg\/"},{"@type":"ListItem","position":2,"name":"Incendie au Port Autonome de Lom\u00e9 : la direction donne des pr\u00e9cisons et annonce des mesures"}]},{"@type":"WebSite","@id":"https:\/\/228news.tg\/#website","url":"https:\/\/228news.tg\/","name":"228 News","description":"Soci\u00e9t\u00e9 de m\u00e9dias et d\u2019actualit\u00e9s","publisher":{"@id":"https:\/\/228news.tg\/#organization"},"potentialAction":[{"@type":"SearchAction","target":{"@type":"EntryPoint","urlTemplate":"https:\/\/228news.tg\/?s={search_term_string}"},"query-input":{"@type":"PropertyValueSpecification","valueRequired":true,"valueName":"search_term_string"}}],"inLanguage":"fr-FR"},{"@type":"Organization","@id":"https:\/\/228news.tg\/#organization","name":"228 News","url":"https:\/\/228news.tg\/","logo":{"@type":"ImageObject","inLanguage":"fr-FR","@id":"https:\/\/228news.tg\/#\/schema\/logo\/image\/","url":"https:\/\/228news.tg\/wp-content\/uploads\/2024\/09\/logonew.png","contentUrl":"https:\/\/228news.tg\/wp-content\/uploads\/2024\/09\/logonew.png","width":1640,"height":364,"caption":"228 News"},"image":{"@id":"https:\/\/228news.tg\/#\/schema\/logo\/image\/"}},{"@type":"Person","@id":"https:\/\/228news.tg\/#\/schema\/person\/68d5a6cc0230290e61235c8379523f52","name":"Bienvenu SAVI","image":{"@type":"ImageObject","inLanguage":"fr-FR","@id":"https:\/\/228news.tg\/#\/schema\/person\/image\/","url":"https:\/\/secure.gravatar.com\/avatar\/9db91895c559e510509c33a3e9683998458e9b828fac36d5d1aa23f0f2fd369b?s=96&d=mm&r=g","contentUrl":"https:\/\/secure.gravatar.com\/avatar\/9db91895c559e510509c33a3e9683998458e9b828fac36d5d1aa23f0f2fd369b?s=96&d=mm&r=g","caption":"Bienvenu SAVI"},"url":"https:\/\/228news.tg\/index.php\/author\/bienvenu\/"}]}},"jetpack_featured_media_url":"https:\/\/228news.tg\/wp-content\/uploads\/2024\/09\/IMG-20240905-WA0163-1.jpg","_links":{"self":[{"href":"https:\/\/228news.tg\/index.php\/wp-json\/wp\/v2\/posts\/13869","targetHints":{"allow":["GET"]}}],"collection":[{"href":"https:\/\/228news.tg\/index.php\/wp-json\/wp\/v2\/posts"}],"about":[{"href":"https:\/\/228news.tg\/index.php\/wp-json\/wp\/v2\/types\/post"}],"author":[{"embeddable":true,"href":"https:\/\/228news.tg\/index.php\/wp-json\/wp\/v2\/users\/2"}],"replies":[{"embeddable":true,"href":"https:\/\/228news.tg\/index.php\/wp-json\/wp\/v2\/comments?post=13869"}],"version-history":[{"count":0,"href":"https:\/\/228news.tg\/index.php\/wp-json\/wp\/v2\/posts\/13869\/revisions"}],"wp:featuredmedia":[{"embeddable":true,"href":"https:\/\/228news.tg\/index.php\/wp-json\/wp\/v2\/media\/13870"}],"wp:attachment":[{"href":"https:\/\/228news.tg\/index.php\/wp-json\/wp\/v2\/media?parent=13869"}],"wp:term":[{"taxonomy":"category","embeddable":true,"href":"https:\/\/228news.tg\/index.php\/wp-json\/wp\/v2\/categories?post=13869"},{"taxonomy":"post_tag","embeddable":true,"href":"https:\/\/228news.tg\/index.php\/wp-json\/wp\/v2\/tags?post=13869"}],"curies":[{"name":"wp","href":"https:\/\/api.w.org\/{rel}","templated":true}]}}