{"id":13843,"date":"2024-09-03T07:26:09","date_gmt":"2024-09-03T07:26:09","guid":{"rendered":"http:\/\/localhost\/site\/228news\/?p=13843"},"modified":"2024-09-03T07:26:09","modified_gmt":"2024-09-03T07:26:09","slug":"togo-le-district-autonome-du-grand-lome-au-chevet-des-orphelins","status":"publish","type":"post","link":"https:\/\/228news.tg\/index.php\/2024\/09\/03\/togo-le-district-autonome-du-grand-lome-au-chevet-des-orphelins\/","title":{"rendered":"TOGO: le District Autonome du Grand Lom\u00e9 au chevet des orphelins"},"content":{"rendered":"<p>Le Secr\u00e9taire G\u00e9n\u00e9ral par int\u00e9rim du District Autonome du Grand Lom\u00e9 (DAGL), Tagba Ataf\u00e9yinam Tchalim, \u00e0 l&rsquo;occasion d&rsquo;une c\u00e9r\u00e9monie tenue le 29 ao\u00fbt dernier a fait des dons de 84 sacs de riz, 28 paquets de spaghetti et 112 purifications, \u00e0 14 orphelinats de la capitale.<\/p>\n<p>&nbsp;<\/p>\n<p>Cette initiative qui s&rsquo;inscrit dans le cadre de la reprise des relations de coop\u00e9ration entre la ville de Shenzhen et celle de Lom\u00e9, vise \u00e0 soutenir les populations vuln\u00e9rables et \u00e0 am\u00e9liorer les conditions de vie locales.<\/p>\n<p>&nbsp;<\/p>\n<p>Les repr\u00e9sentants des orphelinats b\u00e9n\u00e9ficiaires notamment le responsable de l&rsquo;orphelinat \u00ab\u00a0ONG APAPE\u00a0\u00bb, a \u00e0 cet effet exprim\u00e9 sa profonde gratitude envers les donateurs.<\/p>\n<p>&nbsp;<\/p>\n<p>Mo\u00efse AKAKPO<\/p>\n","protected":false},"excerpt":{"rendered":"<p>Le Secr\u00e9taire G\u00e9n\u00e9ral par int\u00e9rim du District Autonome du Grand Lom\u00e9 (DAGL), Tagba Ataf\u00e9yinam Tchalim, \u00e0 l&rsquo;occasion d&rsquo;une c\u00e9r\u00e9monie tenue le 29 ao\u00fbt dernier a fait des dons de 84 sacs de riz, 28 paquets de spaghetti et 112 purifications, \u00e0 14 orphelinats de la capitale. &nbsp; Cette initiative qui s&rsquo;inscrit dans le cadre de &#8230; <a title=\"TOGO: le District Autonome du Grand Lom\u00e9 au chevet des orphelins\" class=\"read-more\" href=\"https:\/\/228news.tg\/index.php\/2024\/09\/03\/togo-le-district-autonome-du-grand-lome-au-chevet-des-orphelins\/\" aria-label=\"En savoir plus sur TOGO: le District Autonome du Grand Lom\u00e9 au chevet des orphelins\">Lire la suite<\/a><\/p>\n","protected":false},"author":2,"featured_media":13844,"comment_status":"open","ping_status":"open","sticky":false,"template":"","format":"chat","meta":{"footnotes":""},"categories":[29],"tags":[],"class_list":["post-13843","post","type-post","status-publish","format-chat","has-post-thumbnail","hentry","category-societe","post_format-post-format-chat"],"yoast_head":"<!-- This site is optimized with the Yoast SEO plugin v26.4 - https:\/\/yoast.com\/wordpress\/plugins\/seo\/ -->\n<title>TOGO: le District Autonome du Grand Lom\u00e9 au chevet des orphelins - 228 News<\/title>\n<meta name=\"robots\" content=\"index, follow, max-snippet:-1, max-image-preview:large, max-video-preview:-1\" \/>\n<link rel=\"canonical\" href=\"https:\/\/228news.tg\/index.php\/2024\/09\/03\/togo-le-district-autonome-du-grand-lome-au-chevet-des-orphelins\/\" \/>\n<meta property=\"og:locale\" content=\"fr_FR\" \/>\n<meta property=\"og:type\" content=\"article\" \/>\n<meta property=\"og:title\" content=\"TOGO: le District Autonome du Grand Lom\u00e9 au chevet des orphelins - 228 News\" \/>\n<meta property=\"og:description\" content=\"Le Secr\u00e9taire G\u00e9n\u00e9ral par int\u00e9rim du District Autonome du Grand Lom\u00e9 (DAGL), Tagba Ataf\u00e9yinam Tchalim, \u00e0 l&rsquo;occasion d&rsquo;une c\u00e9r\u00e9monie tenue le 29 ao\u00fbt dernier a fait des dons de 84 sacs de riz, 28 paquets de spaghetti et 112 purifications, \u00e0 14 orphelinats de la capitale. &nbsp; Cette initiative qui s&rsquo;inscrit dans le cadre de ... Lire la suite\" \/>\n<meta property=\"og:url\" content=\"https:\/\/228news.tg\/index.php\/2024\/09\/03\/togo-le-district-autonome-du-grand-lome-au-chevet-des-orphelins\/\" \/>\n<meta property=\"og:site_name\" content=\"228 News\" \/>\n<meta property=\"article:published_time\" content=\"2024-09-03T07:26:09+00:00\" \/>\n<meta property=\"og:image\" content=\"https:\/\/228news.tg\/wp-content\/uploads\/2024\/09\/IMG-20240902-WA0130-1.jpg\" \/>\n\t<meta property=\"og:image:width\" content=\"720\" \/>\n\t<meta property=\"og:image:height\" content=\"480\" \/>\n\t<meta property=\"og:image:type\" content=\"image\/jpeg\" \/>\n<meta name=\"author\" content=\"Bienvenu SAVI\" \/>\n<meta name=\"twitter:card\" content=\"summary_large_image\" \/>\n<meta name=\"twitter:label1\" content=\"\u00c9crit par\" \/>\n\t<meta name=\"twitter:data1\" content=\"Bienvenu SAVI\" \/>\n\t<meta name=\"twitter:label2\" content=\"Dur\u00e9e de lecture estim\u00e9e\" \/>\n\t<meta name=\"twitter:data2\" content=\"1 minute\" \/>\n<script type=\"application\/ld+json\" class=\"yoast-schema-graph\">{\"@context\":\"https:\/\/schema.org\",\"@graph\":[{\"@type\":\"Article\",\"@id\":\"https:\/\/228news.tg\/index.php\/2024\/09\/03\/togo-le-district-autonome-du-grand-lome-au-chevet-des-orphelins\/#article\",\"isPartOf\":{\"@id\":\"https:\/\/228news.tg\/index.php\/2024\/09\/03\/togo-le-district-autonome-du-grand-lome-au-chevet-des-orphelins\/\"},\"author\":{\"name\":\"Bienvenu SAVI\",\"@id\":\"https:\/\/228news.tg\/#\/schema\/person\/68d5a6cc0230290e61235c8379523f52\"},\"headline\":\"TOGO: le District Autonome du Grand Lom\u00e9 au chevet des orphelins\",\"datePublished\":\"2024-09-03T07:26:09+00:00\",\"mainEntityOfPage\":{\"@id\":\"https:\/\/228news.tg\/index.php\/2024\/09\/03\/togo-le-district-autonome-du-grand-lome-au-chevet-des-orphelins\/\"},\"wordCount\":131,\"commentCount\":0,\"publisher\":{\"@id\":\"https:\/\/228news.tg\/#organization\"},\"image\":{\"@id\":\"https:\/\/228news.tg\/index.php\/2024\/09\/03\/togo-le-district-autonome-du-grand-lome-au-chevet-des-orphelins\/#primaryimage\"},\"thumbnailUrl\":\"https:\/\/228news.tg\/wp-content\/uploads\/2024\/09\/IMG-20240902-WA0130-1.jpg\",\"articleSection\":[\"SOCIETE\"],\"inLanguage\":\"fr-FR\",\"potentialAction\":[{\"@type\":\"CommentAction\",\"name\":\"Comment\",\"target\":[\"https:\/\/228news.tg\/index.php\/2024\/09\/03\/togo-le-district-autonome-du-grand-lome-au-chevet-des-orphelins\/#respond\"]}]},{\"@type\":\"WebPage\",\"@id\":\"https:\/\/228news.tg\/index.php\/2024\/09\/03\/togo-le-district-autonome-du-grand-lome-au-chevet-des-orphelins\/\",\"url\":\"https:\/\/228news.tg\/index.php\/2024\/09\/03\/togo-le-district-autonome-du-grand-lome-au-chevet-des-orphelins\/\",\"name\":\"TOGO: le District Autonome du Grand Lom\u00e9 au chevet des orphelins - 228 News\",\"isPartOf\":{\"@id\":\"https:\/\/228news.tg\/#website\"},\"primaryImageOfPage\":{\"@id\":\"https:\/\/228news.tg\/index.php\/2024\/09\/03\/togo-le-district-autonome-du-grand-lome-au-chevet-des-orphelins\/#primaryimage\"},\"image\":{\"@id\":\"https:\/\/228news.tg\/index.php\/2024\/09\/03\/togo-le-district-autonome-du-grand-lome-au-chevet-des-orphelins\/#primaryimage\"},\"thumbnailUrl\":\"https:\/\/228news.tg\/wp-content\/uploads\/2024\/09\/IMG-20240902-WA0130-1.jpg\",\"datePublished\":\"2024-09-03T07:26:09+00:00\",\"breadcrumb\":{\"@id\":\"https:\/\/228news.tg\/index.php\/2024\/09\/03\/togo-le-district-autonome-du-grand-lome-au-chevet-des-orphelins\/#breadcrumb\"},\"inLanguage\":\"fr-FR\",\"potentialAction\":[{\"@type\":\"ReadAction\",\"target\":[\"https:\/\/228news.tg\/index.php\/2024\/09\/03\/togo-le-district-autonome-du-grand-lome-au-chevet-des-orphelins\/\"]}]},{\"@type\":\"ImageObject\",\"inLanguage\":\"fr-FR\",\"@id\":\"https:\/\/228news.tg\/index.php\/2024\/09\/03\/togo-le-district-autonome-du-grand-lome-au-chevet-des-orphelins\/#primaryimage\",\"url\":\"https:\/\/228news.tg\/wp-content\/uploads\/2024\/09\/IMG-20240902-WA0130-1.jpg\",\"contentUrl\":\"https:\/\/228news.tg\/wp-content\/uploads\/2024\/09\/IMG-20240902-WA0130-1.jpg\",\"width\":720,\"height\":480},{\"@type\":\"BreadcrumbList\",\"@id\":\"https:\/\/228news.tg\/index.php\/2024\/09\/03\/togo-le-district-autonome-du-grand-lome-au-chevet-des-orphelins\/#breadcrumb\",\"itemListElement\":[{\"@type\":\"ListItem\",\"position\":1,\"name\":\"Home\",\"item\":\"https:\/\/228news.tg\/\"},{\"@type\":\"ListItem\",\"position\":2,\"name\":\"TOGO: le District Autonome du Grand Lom\u00e9 au chevet des orphelins\"}]},{\"@type\":\"WebSite\",\"@id\":\"https:\/\/228news.tg\/#website\",\"url\":\"https:\/\/228news.tg\/\",\"name\":\"228 News\",\"description\":\"Soci\u00e9t\u00e9 de m\u00e9dias et d\u2019actualit\u00e9s\",\"publisher\":{\"@id\":\"https:\/\/228news.tg\/#organization\"},\"potentialAction\":[{\"@type\":\"SearchAction\",\"target\":{\"@type\":\"EntryPoint\",\"urlTemplate\":\"https:\/\/228news.tg\/?s={search_term_string}\"},\"query-input\":{\"@type\":\"PropertyValueSpecification\",\"valueRequired\":true,\"valueName\":\"search_term_string\"}}],\"inLanguage\":\"fr-FR\"},{\"@type\":\"Organization\",\"@id\":\"https:\/\/228news.tg\/#organization\",\"name\":\"228 News\",\"url\":\"https:\/\/228news.tg\/\",\"logo\":{\"@type\":\"ImageObject\",\"inLanguage\":\"fr-FR\",\"@id\":\"https:\/\/228news.tg\/#\/schema\/logo\/image\/\",\"url\":\"https:\/\/228news.tg\/wp-content\/uploads\/2024\/09\/logonew.png\",\"contentUrl\":\"https:\/\/228news.tg\/wp-content\/uploads\/2024\/09\/logonew.png\",\"width\":1640,\"height\":364,\"caption\":\"228 News\"},\"image\":{\"@id\":\"https:\/\/228news.tg\/#\/schema\/logo\/image\/\"}},{\"@type\":\"Person\",\"@id\":\"https:\/\/228news.tg\/#\/schema\/person\/68d5a6cc0230290e61235c8379523f52\",\"name\":\"Bienvenu SAVI\",\"image\":{\"@type\":\"ImageObject\",\"inLanguage\":\"fr-FR\",\"@id\":\"https:\/\/228news.tg\/#\/schema\/person\/image\/\",\"url\":\"https:\/\/secure.gravatar.com\/avatar\/9db91895c559e510509c33a3e9683998458e9b828fac36d5d1aa23f0f2fd369b?s=96&d=mm&r=g\",\"contentUrl\":\"https:\/\/secure.gravatar.com\/avatar\/9db91895c559e510509c33a3e9683998458e9b828fac36d5d1aa23f0f2fd369b?s=96&d=mm&r=g\",\"caption\":\"Bienvenu SAVI\"},\"url\":\"https:\/\/228news.tg\/index.php\/author\/bienvenu\/\"}]}<\/script>\n<!-- \/ Yoast SEO plugin. -->","yoast_head_json":{"title":"TOGO: le District Autonome du Grand Lom\u00e9 au chevet des orphelins - 228 News","robots":{"index":"index","follow":"follow","max-snippet":"max-snippet:-1","max-image-preview":"max-image-preview:large","max-video-preview":"max-video-preview:-1"},"canonical":"https:\/\/228news.tg\/index.php\/2024\/09\/03\/togo-le-district-autonome-du-grand-lome-au-chevet-des-orphelins\/","og_locale":"fr_FR","og_type":"article","og_title":"TOGO: le District Autonome du Grand Lom\u00e9 au chevet des orphelins - 228 News","og_description":"Le Secr\u00e9taire G\u00e9n\u00e9ral par int\u00e9rim du District Autonome du Grand Lom\u00e9 (DAGL), Tagba Ataf\u00e9yinam Tchalim, \u00e0 l&rsquo;occasion d&rsquo;une c\u00e9r\u00e9monie tenue le 29 ao\u00fbt dernier a fait des dons de 84 sacs de riz, 28 paquets de spaghetti et 112 purifications, \u00e0 14 orphelinats de la capitale. &nbsp; Cette initiative qui s&rsquo;inscrit dans le cadre de ... Lire la suite","og_url":"https:\/\/228news.tg\/index.php\/2024\/09\/03\/togo-le-district-autonome-du-grand-lome-au-chevet-des-orphelins\/","og_site_name":"228 News","article_published_time":"2024-09-03T07:26:09+00:00","og_image":[{"width":720,"height":480,"url":"https:\/\/228news.tg\/wp-content\/uploads\/2024\/09\/IMG-20240902-WA0130-1.jpg","type":"image\/jpeg"}],"author":"Bienvenu SAVI","twitter_card":"summary_large_image","twitter_misc":{"\u00c9crit par":"Bienvenu SAVI","Dur\u00e9e de lecture estim\u00e9e":"1 minute"},"schema":{"@context":"https:\/\/schema.org","@graph":[{"@type":"Article","@id":"https:\/\/228news.tg\/index.php\/2024\/09\/03\/togo-le-district-autonome-du-grand-lome-au-chevet-des-orphelins\/#article","isPartOf":{"@id":"https:\/\/228news.tg\/index.php\/2024\/09\/03\/togo-le-district-autonome-du-grand-lome-au-chevet-des-orphelins\/"},"author":{"name":"Bienvenu SAVI","@id":"https:\/\/228news.tg\/#\/schema\/person\/68d5a6cc0230290e61235c8379523f52"},"headline":"TOGO: le District Autonome du Grand Lom\u00e9 au chevet des orphelins","datePublished":"2024-09-03T07:26:09+00:00","mainEntityOfPage":{"@id":"https:\/\/228news.tg\/index.php\/2024\/09\/03\/togo-le-district-autonome-du-grand-lome-au-chevet-des-orphelins\/"},"wordCount":131,"commentCount":0,"publisher":{"@id":"https:\/\/228news.tg\/#organization"},"image":{"@id":"https:\/\/228news.tg\/index.php\/2024\/09\/03\/togo-le-district-autonome-du-grand-lome-au-chevet-des-orphelins\/#primaryimage"},"thumbnailUrl":"https:\/\/228news.tg\/wp-content\/uploads\/2024\/09\/IMG-20240902-WA0130-1.jpg","articleSection":["SOCIETE"],"inLanguage":"fr-FR","potentialAction":[{"@type":"CommentAction","name":"Comment","target":["https:\/\/228news.tg\/index.php\/2024\/09\/03\/togo-le-district-autonome-du-grand-lome-au-chevet-des-orphelins\/#respond"]}]},{"@type":"WebPage","@id":"https:\/\/228news.tg\/index.php\/2024\/09\/03\/togo-le-district-autonome-du-grand-lome-au-chevet-des-orphelins\/","url":"https:\/\/228news.tg\/index.php\/2024\/09\/03\/togo-le-district-autonome-du-grand-lome-au-chevet-des-orphelins\/","name":"TOGO: le District Autonome du Grand Lom\u00e9 au chevet des orphelins - 228 News","isPartOf":{"@id":"https:\/\/228news.tg\/#website"},"primaryImageOfPage":{"@id":"https:\/\/228news.tg\/index.php\/2024\/09\/03\/togo-le-district-autonome-du-grand-lome-au-chevet-des-orphelins\/#primaryimage"},"image":{"@id":"https:\/\/228news.tg\/index.php\/2024\/09\/03\/togo-le-district-autonome-du-grand-lome-au-chevet-des-orphelins\/#primaryimage"},"thumbnailUrl":"https:\/\/228news.tg\/wp-content\/uploads\/2024\/09\/IMG-20240902-WA0130-1.jpg","datePublished":"2024-09-03T07:26:09+00:00","breadcrumb":{"@id":"https:\/\/228news.tg\/index.php\/2024\/09\/03\/togo-le-district-autonome-du-grand-lome-au-chevet-des-orphelins\/#breadcrumb"},"inLanguage":"fr-FR","potentialAction":[{"@type":"ReadAction","target":["https:\/\/228news.tg\/index.php\/2024\/09\/03\/togo-le-district-autonome-du-grand-lome-au-chevet-des-orphelins\/"]}]},{"@type":"ImageObject","inLanguage":"fr-FR","@id":"https:\/\/228news.tg\/index.php\/2024\/09\/03\/togo-le-district-autonome-du-grand-lome-au-chevet-des-orphelins\/#primaryimage","url":"https:\/\/228news.tg\/wp-content\/uploads\/2024\/09\/IMG-20240902-WA0130-1.jpg","contentUrl":"https:\/\/228news.tg\/wp-content\/uploads\/2024\/09\/IMG-20240902-WA0130-1.jpg","width":720,"height":480},{"@type":"BreadcrumbList","@id":"https:\/\/228news.tg\/index.php\/2024\/09\/03\/togo-le-district-autonome-du-grand-lome-au-chevet-des-orphelins\/#breadcrumb","itemListElement":[{"@type":"ListItem","position":1,"name":"Home","item":"https:\/\/228news.tg\/"},{"@type":"ListItem","position":2,"name":"TOGO: le District Autonome du Grand Lom\u00e9 au chevet des orphelins"}]},{"@type":"WebSite","@id":"https:\/\/228news.tg\/#website","url":"https:\/\/228news.tg\/","name":"228 News","description":"Soci\u00e9t\u00e9 de m\u00e9dias et d\u2019actualit\u00e9s","publisher":{"@id":"https:\/\/228news.tg\/#organization"},"potentialAction":[{"@type":"SearchAction","target":{"@type":"EntryPoint","urlTemplate":"https:\/\/228news.tg\/?s={search_term_string}"},"query-input":{"@type":"PropertyValueSpecification","valueRequired":true,"valueName":"search_term_string"}}],"inLanguage":"fr-FR"},{"@type":"Organization","@id":"https:\/\/228news.tg\/#organization","name":"228 News","url":"https:\/\/228news.tg\/","logo":{"@type":"ImageObject","inLanguage":"fr-FR","@id":"https:\/\/228news.tg\/#\/schema\/logo\/image\/","url":"https:\/\/228news.tg\/wp-content\/uploads\/2024\/09\/logonew.png","contentUrl":"https:\/\/228news.tg\/wp-content\/uploads\/2024\/09\/logonew.png","width":1640,"height":364,"caption":"228 News"},"image":{"@id":"https:\/\/228news.tg\/#\/schema\/logo\/image\/"}},{"@type":"Person","@id":"https:\/\/228news.tg\/#\/schema\/person\/68d5a6cc0230290e61235c8379523f52","name":"Bienvenu SAVI","image":{"@type":"ImageObject","inLanguage":"fr-FR","@id":"https:\/\/228news.tg\/#\/schema\/person\/image\/","url":"https:\/\/secure.gravatar.com\/avatar\/9db91895c559e510509c33a3e9683998458e9b828fac36d5d1aa23f0f2fd369b?s=96&d=mm&r=g","contentUrl":"https:\/\/secure.gravatar.com\/avatar\/9db91895c559e510509c33a3e9683998458e9b828fac36d5d1aa23f0f2fd369b?s=96&d=mm&r=g","caption":"Bienvenu SAVI"},"url":"https:\/\/228news.tg\/index.php\/author\/bienvenu\/"}]}},"jetpack_featured_media_url":"https:\/\/228news.tg\/wp-content\/uploads\/2024\/09\/IMG-20240902-WA0130-1.jpg","_links":{"self":[{"href":"https:\/\/228news.tg\/index.php\/wp-json\/wp\/v2\/posts\/13843","targetHints":{"allow":["GET"]}}],"collection":[{"href":"https:\/\/228news.tg\/index.php\/wp-json\/wp\/v2\/posts"}],"about":[{"href":"https:\/\/228news.tg\/index.php\/wp-json\/wp\/v2\/types\/post"}],"author":[{"embeddable":true,"href":"https:\/\/228news.tg\/index.php\/wp-json\/wp\/v2\/users\/2"}],"replies":[{"embeddable":true,"href":"https:\/\/228news.tg\/index.php\/wp-json\/wp\/v2\/comments?post=13843"}],"version-history":[{"count":0,"href":"https:\/\/228news.tg\/index.php\/wp-json\/wp\/v2\/posts\/13843\/revisions"}],"wp:featuredmedia":[{"embeddable":true,"href":"https:\/\/228news.tg\/index.php\/wp-json\/wp\/v2\/media\/13844"}],"wp:attachment":[{"href":"https:\/\/228news.tg\/index.php\/wp-json\/wp\/v2\/media?parent=13843"}],"wp:term":[{"taxonomy":"category","embeddable":true,"href":"https:\/\/228news.tg\/index.php\/wp-json\/wp\/v2\/categories?post=13843"},{"taxonomy":"post_tag","embeddable":true,"href":"https:\/\/228news.tg\/index.php\/wp-json\/wp\/v2\/tags?post=13843"}],"curies":[{"name":"wp","href":"https:\/\/api.w.org\/{rel}","templated":true}]}}