{"id":1376,"date":"2018-04-18T00:00:00","date_gmt":"2018-04-18T00:00:00","guid":{"rendered":"https:\/\/228news.tg\/index.php\/2018\/04\/18\/honorable-sego-franck-un-homme-au-grand-coeur\/"},"modified":"2024-09-09T14:05:12","modified_gmt":"2024-09-09T14:05:12","slug":"honorable-sego-franck-un-homme-au-grand-coeur","status":"publish","type":"post","link":"https:\/\/228news.tg\/index.php\/2018\/04\/18\/honorable-sego-franck-un-homme-au-grand-coeur\/","title":{"rendered":"HONORABLE SEGO Franck, un homme au grand c\u0153ur"},"content":{"rendered":"<p>Beaucoup ne le connaissent pas, mais on surement entendu parler de lui car ses \u0153uvres lui pr\u00e9c\u00e8dent.<\/p>\n<p>D\u00e9put\u00e9 \u00e0 l\u2019Assembl\u00e9e nationale, l\u2019honorable S\u00e9go est r\u00e9solument tourn\u00e9 vers le bien \u00eatre de ses concitoyens. A travers plusieurs \u0153uvres et actions, il contribue efficacement \u00e0 l\u2019\u00e9ducation, la sant\u00e9, l\u2019insertion sociale et professionnelle, l\u2019\u00e9panouissement de la jeunesse etc etc. Pr\u00e9sident fondateur de l\u2019association AJD-TOGO (ALLIANCE DES JEUNES POUR LE DEVELOPPEMENT AU TOGO), il est pr\u00e9sent dans toutes les sph\u00e8res du d\u00e9veloppement int\u00e9gral et communautaire.<img fetchpriority=\"high\" decoding=\"async\" class=\"size-medium wp-image-2711 alignright\" src=\"https:\/\/228news.tg\/wp-content\/uploads\/2024\/09\/photo_2018-04-18_20-44-08-225x300.jpg\" alt=\"\" width=\"225\" height=\"300\" \/><\/p>\n<p>Parmi les r\u00e9alisations de son association nous citerons entre autres\u00a0:<\/p>\n<ul>\n<li><strong>La construction du Lyc\u00e9e de GAPE WONOUGBA,<\/strong><\/li>\n<li><strong>La gratuit\u00e9 des cours au Lyc\u00e9e et la prise en charge du personnel enseignant par le d\u00e9put\u00e9 SEGO,<\/strong><\/li>\n<li><strong>La dotation du Lyc\u00e9e en documents n\u00e9cessaires,<\/strong><\/li>\n<li><strong>Interviens dans les autres secteurs de l\u2019Education au primaire et au CEG, de la sant\u00e9, du march\u00e9 de WONOUGBA,<\/strong><\/li>\n<li><strong>La construction du Lyc\u00e9e de GAPE CENTRE,<\/strong><\/li>\n<li><strong>La construction de l\u2019Ecole Primaire Publique de GUINDJI,<\/strong><\/li>\n<li><strong>La construction du CEG de GUINDJI dot\u00e9 de panneaux solaires et de mat\u00e9riels informatiques<\/strong><\/li>\n<li><strong>L\u2019implantation d\u2019arbres dans les villes et localit\u00e9s afin de cr\u00e9er des espaces prot\u00e9g\u00e9s et de repos,<\/strong><\/li>\n<li><strong>A offert des machines et mat\u00e9riels de couture \u00e0 11 jeunes maitresses couturi\u00e8res de la pr\u00e9fecture de Zio le Mardi 20 F\u00e9vrier \u00e0 Ts\u00e9vi\u00e9,<\/strong><\/li>\n<li><strong>A financer le concours Zio Musik Awards qui r\u00e9compensait le talent des jeunes artistes de la pr\u00e9fecture de Zio etc etc.<\/strong><\/li>\n<\/ul>\n<p><img decoding=\"async\" class=\"alignleft size-medium wp-image-2712\" src=\"https:\/\/228news.tg\/wp-content\/uploads\/2024\/09\/photo_2018-04-18_20-43-46-300x169.jpg\" alt=\"\" width=\"300\" height=\"169\" \/>Une seule r\u00e9daction ne pourra suffire pour raconter tout ce que cet homme a fait pour sa pr\u00e9fecture. R\u00e9solument inscrit dans le mandat social du chef de l\u2019Etat, il ne fait pas parti de cette kyrielle d\u2019\u00e9lus qui ne retournent vers les populations que lors des intenses p\u00e9riodes de campagne l\u00e9gislatives. Ceux l\u00e0 m\u00eame qui pour la distribution de quelques cartons de craies, ameutent la TVT et tous les m\u00e9dias. Discret, croyant et ayant le sens des responsabilit\u00e9s, il fait ce qu\u2019il juge bon et utile, laissant la latitude aux autres de le juger et le qualifier. Dans ces localit\u00e9s tr\u00e8s recul\u00e9es o\u00f9 nous nous sommes transport\u00e9s, il est le symbole de l\u2019espoir, de la pers\u00e9v\u00e9rance. Son nom rime avec respect, reconnaissance, admiration, d\u00e9votion. Des jeunes de partout que nous avons interrog\u00e9s\u00a0 retrouvent en lui leur mod\u00e8le.<\/p>\n<p>Notre r\u00f4le de journalistes nous poussera toujours \u00e0 investiguer et ressortir ce que chaque \u00e9lu fait ou ne fait pas dans sa localit\u00e9. La vraie question en suspend est donc\u00a0: <strong>ET SI TOUT LE MONDE FAISAIT PAREIL\u00a0???<\/strong><\/p>\n<p>C\u2019est ici pour nous, l\u2019endroit indiqu\u00e9 pour en appeler au premier responsable de notre pays, son Excellence Faure Essozimna GNASSINGBE, de jeter un regard sur le travail abattu par toutes les personnes en qui il met sa confiance pour le bien \u00eatre des populations. Et comme le disait feu GNASSINGBE Eyadema, <strong>\u00ab\u00a0Que ceux qui font bien, Dieu les laisse continuer, et ceux qui font mal, qu\u2019il leur barre la route\u00a0\u00bb<\/strong><\/p>\n<p><strong>Carrington WELA<\/strong><\/p>\n<p>&nbsp;<\/p>\n","protected":false},"excerpt":{"rendered":"<p>Beaucoup ne le connaissent pas, mais on surement entendu parler de lui car ses \u0153uvres lui pr\u00e9c\u00e8dent. D\u00e9put\u00e9 \u00e0 l\u2019Assembl\u00e9e nationale, l\u2019honorable S\u00e9go est r\u00e9solument tourn\u00e9 vers le bien \u00eatre de ses concitoyens. A travers plusieurs \u0153uvres et actions, il contribue efficacement \u00e0 l\u2019\u00e9ducation, la sant\u00e9, l\u2019insertion sociale et professionnelle, l\u2019\u00e9panouissement de la jeunesse etc &#8230; <a title=\"HONORABLE SEGO Franck, un homme au grand c\u0153ur\" class=\"read-more\" href=\"https:\/\/228news.tg\/index.php\/2018\/04\/18\/honorable-sego-franck-un-homme-au-grand-coeur\/\" aria-label=\"En savoir plus sur HONORABLE SEGO Franck, un homme au grand c\u0153ur\">Lire la suite<\/a><\/p>\n","protected":false},"author":2,"featured_media":1380,"comment_status":"open","ping_status":"open","sticky":false,"template":"","format":"standard","meta":{"footnotes":""},"categories":[28,35,25,34],"tags":[],"class_list":["post-1376","post","type-post","status-publish","format-standard","has-post-thumbnail","hentry","category-education","category-flash","category-togo","category-une"],"yoast_head":"<!-- This site is optimized with the Yoast SEO plugin v26.4 - https:\/\/yoast.com\/wordpress\/plugins\/seo\/ -->\n<title>HONORABLE SEGO Franck, un homme au grand c\u0153ur - 228 News<\/title>\n<meta name=\"robots\" content=\"index, follow, max-snippet:-1, max-image-preview:large, max-video-preview:-1\" \/>\n<link rel=\"canonical\" href=\"https:\/\/228news.tg\/index.php\/2018\/04\/18\/honorable-sego-franck-un-homme-au-grand-coeur\/\" \/>\n<meta property=\"og:locale\" content=\"fr_FR\" \/>\n<meta property=\"og:type\" content=\"article\" \/>\n<meta property=\"og:title\" content=\"HONORABLE SEGO Franck, un homme au grand c\u0153ur - 228 News\" \/>\n<meta property=\"og:description\" content=\"Beaucoup ne le connaissent pas, mais on surement entendu parler de lui car ses \u0153uvres lui pr\u00e9c\u00e8dent. D\u00e9put\u00e9 \u00e0 l\u2019Assembl\u00e9e nationale, l\u2019honorable S\u00e9go est r\u00e9solument tourn\u00e9 vers le bien \u00eatre de ses concitoyens. A travers plusieurs \u0153uvres et actions, il contribue efficacement \u00e0 l\u2019\u00e9ducation, la sant\u00e9, l\u2019insertion sociale et professionnelle, l\u2019\u00e9panouissement de la jeunesse etc ... Lire la suite\" \/>\n<meta property=\"og:url\" content=\"https:\/\/228news.tg\/index.php\/2018\/04\/18\/honorable-sego-franck-un-homme-au-grand-coeur\/\" \/>\n<meta property=\"og:site_name\" content=\"228 News\" \/>\n<meta property=\"article:published_time\" content=\"2018-04-18T00:00:00+00:00\" \/>\n<meta property=\"article:modified_time\" content=\"2024-09-09T14:05:12+00:00\" \/>\n<meta property=\"og:image\" content=\"https:\/\/228news.tg\/wp-content\/uploads\/2024\/09\/photo_2018-04-18_20-43-41.jpg\" \/>\n\t<meta property=\"og:image:width\" content=\"1024\" \/>\n\t<meta property=\"og:image:height\" content=\"768\" \/>\n\t<meta property=\"og:image:type\" content=\"image\/jpeg\" \/>\n<meta name=\"author\" content=\"Bienvenu SAVI\" \/>\n<meta name=\"twitter:card\" content=\"summary_large_image\" \/>\n<meta name=\"twitter:label1\" content=\"\u00c9crit par\" \/>\n\t<meta name=\"twitter:data1\" content=\"Bienvenu SAVI\" \/>\n\t<meta name=\"twitter:label2\" content=\"Dur\u00e9e de lecture estim\u00e9e\" \/>\n\t<meta name=\"twitter:data2\" content=\"3 minutes\" \/>\n<script type=\"application\/ld+json\" class=\"yoast-schema-graph\">{\"@context\":\"https:\/\/schema.org\",\"@graph\":[{\"@type\":\"Article\",\"@id\":\"https:\/\/228news.tg\/index.php\/2018\/04\/18\/honorable-sego-franck-un-homme-au-grand-coeur\/#article\",\"isPartOf\":{\"@id\":\"https:\/\/228news.tg\/index.php\/2018\/04\/18\/honorable-sego-franck-un-homme-au-grand-coeur\/\"},\"author\":{\"name\":\"Bienvenu SAVI\",\"@id\":\"https:\/\/228news.tg\/#\/schema\/person\/68d5a6cc0230290e61235c8379523f52\"},\"headline\":\"HONORABLE SEGO Franck, un homme au grand c\u0153ur\",\"datePublished\":\"2018-04-18T00:00:00+00:00\",\"dateModified\":\"2024-09-09T14:05:12+00:00\",\"mainEntityOfPage\":{\"@id\":\"https:\/\/228news.tg\/index.php\/2018\/04\/18\/honorable-sego-franck-un-homme-au-grand-coeur\/\"},\"wordCount\":546,\"commentCount\":0,\"publisher\":{\"@id\":\"https:\/\/228news.tg\/#organization\"},\"image\":{\"@id\":\"https:\/\/228news.tg\/index.php\/2018\/04\/18\/honorable-sego-franck-un-homme-au-grand-coeur\/#primaryimage\"},\"thumbnailUrl\":\"https:\/\/228news.tg\/wp-content\/uploads\/2024\/09\/photo_2018-04-18_20-43-41.jpg\",\"articleSection\":[\"EDUCATION\",\"Flash\",\"TOGO\",\"Une\"],\"inLanguage\":\"fr-FR\",\"potentialAction\":[{\"@type\":\"CommentAction\",\"name\":\"Comment\",\"target\":[\"https:\/\/228news.tg\/index.php\/2018\/04\/18\/honorable-sego-franck-un-homme-au-grand-coeur\/#respond\"]}]},{\"@type\":\"WebPage\",\"@id\":\"https:\/\/228news.tg\/index.php\/2018\/04\/18\/honorable-sego-franck-un-homme-au-grand-coeur\/\",\"url\":\"https:\/\/228news.tg\/index.php\/2018\/04\/18\/honorable-sego-franck-un-homme-au-grand-coeur\/\",\"name\":\"HONORABLE SEGO Franck, un homme au grand c\u0153ur - 228 News\",\"isPartOf\":{\"@id\":\"https:\/\/228news.tg\/#website\"},\"primaryImageOfPage\":{\"@id\":\"https:\/\/228news.tg\/index.php\/2018\/04\/18\/honorable-sego-franck-un-homme-au-grand-coeur\/#primaryimage\"},\"image\":{\"@id\":\"https:\/\/228news.tg\/index.php\/2018\/04\/18\/honorable-sego-franck-un-homme-au-grand-coeur\/#primaryimage\"},\"thumbnailUrl\":\"https:\/\/228news.tg\/wp-content\/uploads\/2024\/09\/photo_2018-04-18_20-43-41.jpg\",\"datePublished\":\"2018-04-18T00:00:00+00:00\",\"dateModified\":\"2024-09-09T14:05:12+00:00\",\"breadcrumb\":{\"@id\":\"https:\/\/228news.tg\/index.php\/2018\/04\/18\/honorable-sego-franck-un-homme-au-grand-coeur\/#breadcrumb\"},\"inLanguage\":\"fr-FR\",\"potentialAction\":[{\"@type\":\"ReadAction\",\"target\":[\"https:\/\/228news.tg\/index.php\/2018\/04\/18\/honorable-sego-franck-un-homme-au-grand-coeur\/\"]}]},{\"@type\":\"ImageObject\",\"inLanguage\":\"fr-FR\",\"@id\":\"https:\/\/228news.tg\/index.php\/2018\/04\/18\/honorable-sego-franck-un-homme-au-grand-coeur\/#primaryimage\",\"url\":\"https:\/\/228news.tg\/wp-content\/uploads\/2024\/09\/photo_2018-04-18_20-43-41.jpg\",\"contentUrl\":\"https:\/\/228news.tg\/wp-content\/uploads\/2024\/09\/photo_2018-04-18_20-43-41.jpg\",\"width\":1024,\"height\":768},{\"@type\":\"BreadcrumbList\",\"@id\":\"https:\/\/228news.tg\/index.php\/2018\/04\/18\/honorable-sego-franck-un-homme-au-grand-coeur\/#breadcrumb\",\"itemListElement\":[{\"@type\":\"ListItem\",\"position\":1,\"name\":\"Home\",\"item\":\"https:\/\/228news.tg\/\"},{\"@type\":\"ListItem\",\"position\":2,\"name\":\"HONORABLE SEGO Franck, un homme au grand c\u0153ur\"}]},{\"@type\":\"WebSite\",\"@id\":\"https:\/\/228news.tg\/#website\",\"url\":\"https:\/\/228news.tg\/\",\"name\":\"228 News\",\"description\":\"Soci\u00e9t\u00e9 de m\u00e9dias et d\u2019actualit\u00e9s\",\"publisher\":{\"@id\":\"https:\/\/228news.tg\/#organization\"},\"potentialAction\":[{\"@type\":\"SearchAction\",\"target\":{\"@type\":\"EntryPoint\",\"urlTemplate\":\"https:\/\/228news.tg\/?s={search_term_string}\"},\"query-input\":{\"@type\":\"PropertyValueSpecification\",\"valueRequired\":true,\"valueName\":\"search_term_string\"}}],\"inLanguage\":\"fr-FR\"},{\"@type\":\"Organization\",\"@id\":\"https:\/\/228news.tg\/#organization\",\"name\":\"228 News\",\"url\":\"https:\/\/228news.tg\/\",\"logo\":{\"@type\":\"ImageObject\",\"inLanguage\":\"fr-FR\",\"@id\":\"https:\/\/228news.tg\/#\/schema\/logo\/image\/\",\"url\":\"https:\/\/228news.tg\/wp-content\/uploads\/2024\/09\/logonew.png\",\"contentUrl\":\"https:\/\/228news.tg\/wp-content\/uploads\/2024\/09\/logonew.png\",\"width\":1640,\"height\":364,\"caption\":\"228 News\"},\"image\":{\"@id\":\"https:\/\/228news.tg\/#\/schema\/logo\/image\/\"}},{\"@type\":\"Person\",\"@id\":\"https:\/\/228news.tg\/#\/schema\/person\/68d5a6cc0230290e61235c8379523f52\",\"name\":\"Bienvenu SAVI\",\"image\":{\"@type\":\"ImageObject\",\"inLanguage\":\"fr-FR\",\"@id\":\"https:\/\/228news.tg\/#\/schema\/person\/image\/\",\"url\":\"https:\/\/secure.gravatar.com\/avatar\/9db91895c559e510509c33a3e9683998458e9b828fac36d5d1aa23f0f2fd369b?s=96&d=mm&r=g\",\"contentUrl\":\"https:\/\/secure.gravatar.com\/avatar\/9db91895c559e510509c33a3e9683998458e9b828fac36d5d1aa23f0f2fd369b?s=96&d=mm&r=g\",\"caption\":\"Bienvenu SAVI\"},\"url\":\"https:\/\/228news.tg\/index.php\/author\/bienvenu\/\"}]}<\/script>\n<!-- \/ Yoast SEO plugin. -->","yoast_head_json":{"title":"HONORABLE SEGO Franck, un homme au grand c\u0153ur - 228 News","robots":{"index":"index","follow":"follow","max-snippet":"max-snippet:-1","max-image-preview":"max-image-preview:large","max-video-preview":"max-video-preview:-1"},"canonical":"https:\/\/228news.tg\/index.php\/2018\/04\/18\/honorable-sego-franck-un-homme-au-grand-coeur\/","og_locale":"fr_FR","og_type":"article","og_title":"HONORABLE SEGO Franck, un homme au grand c\u0153ur - 228 News","og_description":"Beaucoup ne le connaissent pas, mais on surement entendu parler de lui car ses \u0153uvres lui pr\u00e9c\u00e8dent. D\u00e9put\u00e9 \u00e0 l\u2019Assembl\u00e9e nationale, l\u2019honorable S\u00e9go est r\u00e9solument tourn\u00e9 vers le bien \u00eatre de ses concitoyens. A travers plusieurs \u0153uvres et actions, il contribue efficacement \u00e0 l\u2019\u00e9ducation, la sant\u00e9, l\u2019insertion sociale et professionnelle, l\u2019\u00e9panouissement de la jeunesse etc ... Lire la suite","og_url":"https:\/\/228news.tg\/index.php\/2018\/04\/18\/honorable-sego-franck-un-homme-au-grand-coeur\/","og_site_name":"228 News","article_published_time":"2018-04-18T00:00:00+00:00","article_modified_time":"2024-09-09T14:05:12+00:00","og_image":[{"width":1024,"height":768,"url":"https:\/\/228news.tg\/wp-content\/uploads\/2024\/09\/photo_2018-04-18_20-43-41.jpg","type":"image\/jpeg"}],"author":"Bienvenu SAVI","twitter_card":"summary_large_image","twitter_misc":{"\u00c9crit par":"Bienvenu SAVI","Dur\u00e9e de lecture estim\u00e9e":"3 minutes"},"schema":{"@context":"https:\/\/schema.org","@graph":[{"@type":"Article","@id":"https:\/\/228news.tg\/index.php\/2018\/04\/18\/honorable-sego-franck-un-homme-au-grand-coeur\/#article","isPartOf":{"@id":"https:\/\/228news.tg\/index.php\/2018\/04\/18\/honorable-sego-franck-un-homme-au-grand-coeur\/"},"author":{"name":"Bienvenu SAVI","@id":"https:\/\/228news.tg\/#\/schema\/person\/68d5a6cc0230290e61235c8379523f52"},"headline":"HONORABLE SEGO Franck, un homme au grand c\u0153ur","datePublished":"2018-04-18T00:00:00+00:00","dateModified":"2024-09-09T14:05:12+00:00","mainEntityOfPage":{"@id":"https:\/\/228news.tg\/index.php\/2018\/04\/18\/honorable-sego-franck-un-homme-au-grand-coeur\/"},"wordCount":546,"commentCount":0,"publisher":{"@id":"https:\/\/228news.tg\/#organization"},"image":{"@id":"https:\/\/228news.tg\/index.php\/2018\/04\/18\/honorable-sego-franck-un-homme-au-grand-coeur\/#primaryimage"},"thumbnailUrl":"https:\/\/228news.tg\/wp-content\/uploads\/2024\/09\/photo_2018-04-18_20-43-41.jpg","articleSection":["EDUCATION","Flash","TOGO","Une"],"inLanguage":"fr-FR","potentialAction":[{"@type":"CommentAction","name":"Comment","target":["https:\/\/228news.tg\/index.php\/2018\/04\/18\/honorable-sego-franck-un-homme-au-grand-coeur\/#respond"]}]},{"@type":"WebPage","@id":"https:\/\/228news.tg\/index.php\/2018\/04\/18\/honorable-sego-franck-un-homme-au-grand-coeur\/","url":"https:\/\/228news.tg\/index.php\/2018\/04\/18\/honorable-sego-franck-un-homme-au-grand-coeur\/","name":"HONORABLE SEGO Franck, un homme au grand c\u0153ur - 228 News","isPartOf":{"@id":"https:\/\/228news.tg\/#website"},"primaryImageOfPage":{"@id":"https:\/\/228news.tg\/index.php\/2018\/04\/18\/honorable-sego-franck-un-homme-au-grand-coeur\/#primaryimage"},"image":{"@id":"https:\/\/228news.tg\/index.php\/2018\/04\/18\/honorable-sego-franck-un-homme-au-grand-coeur\/#primaryimage"},"thumbnailUrl":"https:\/\/228news.tg\/wp-content\/uploads\/2024\/09\/photo_2018-04-18_20-43-41.jpg","datePublished":"2018-04-18T00:00:00+00:00","dateModified":"2024-09-09T14:05:12+00:00","breadcrumb":{"@id":"https:\/\/228news.tg\/index.php\/2018\/04\/18\/honorable-sego-franck-un-homme-au-grand-coeur\/#breadcrumb"},"inLanguage":"fr-FR","potentialAction":[{"@type":"ReadAction","target":["https:\/\/228news.tg\/index.php\/2018\/04\/18\/honorable-sego-franck-un-homme-au-grand-coeur\/"]}]},{"@type":"ImageObject","inLanguage":"fr-FR","@id":"https:\/\/228news.tg\/index.php\/2018\/04\/18\/honorable-sego-franck-un-homme-au-grand-coeur\/#primaryimage","url":"https:\/\/228news.tg\/wp-content\/uploads\/2024\/09\/photo_2018-04-18_20-43-41.jpg","contentUrl":"https:\/\/228news.tg\/wp-content\/uploads\/2024\/09\/photo_2018-04-18_20-43-41.jpg","width":1024,"height":768},{"@type":"BreadcrumbList","@id":"https:\/\/228news.tg\/index.php\/2018\/04\/18\/honorable-sego-franck-un-homme-au-grand-coeur\/#breadcrumb","itemListElement":[{"@type":"ListItem","position":1,"name":"Home","item":"https:\/\/228news.tg\/"},{"@type":"ListItem","position":2,"name":"HONORABLE SEGO Franck, un homme au grand c\u0153ur"}]},{"@type":"WebSite","@id":"https:\/\/228news.tg\/#website","url":"https:\/\/228news.tg\/","name":"228 News","description":"Soci\u00e9t\u00e9 de m\u00e9dias et d\u2019actualit\u00e9s","publisher":{"@id":"https:\/\/228news.tg\/#organization"},"potentialAction":[{"@type":"SearchAction","target":{"@type":"EntryPoint","urlTemplate":"https:\/\/228news.tg\/?s={search_term_string}"},"query-input":{"@type":"PropertyValueSpecification","valueRequired":true,"valueName":"search_term_string"}}],"inLanguage":"fr-FR"},{"@type":"Organization","@id":"https:\/\/228news.tg\/#organization","name":"228 News","url":"https:\/\/228news.tg\/","logo":{"@type":"ImageObject","inLanguage":"fr-FR","@id":"https:\/\/228news.tg\/#\/schema\/logo\/image\/","url":"https:\/\/228news.tg\/wp-content\/uploads\/2024\/09\/logonew.png","contentUrl":"https:\/\/228news.tg\/wp-content\/uploads\/2024\/09\/logonew.png","width":1640,"height":364,"caption":"228 News"},"image":{"@id":"https:\/\/228news.tg\/#\/schema\/logo\/image\/"}},{"@type":"Person","@id":"https:\/\/228news.tg\/#\/schema\/person\/68d5a6cc0230290e61235c8379523f52","name":"Bienvenu SAVI","image":{"@type":"ImageObject","inLanguage":"fr-FR","@id":"https:\/\/228news.tg\/#\/schema\/person\/image\/","url":"https:\/\/secure.gravatar.com\/avatar\/9db91895c559e510509c33a3e9683998458e9b828fac36d5d1aa23f0f2fd369b?s=96&d=mm&r=g","contentUrl":"https:\/\/secure.gravatar.com\/avatar\/9db91895c559e510509c33a3e9683998458e9b828fac36d5d1aa23f0f2fd369b?s=96&d=mm&r=g","caption":"Bienvenu SAVI"},"url":"https:\/\/228news.tg\/index.php\/author\/bienvenu\/"}]}},"jetpack_featured_media_url":"https:\/\/228news.tg\/wp-content\/uploads\/2024\/09\/photo_2018-04-18_20-43-41.jpg","_links":{"self":[{"href":"https:\/\/228news.tg\/index.php\/wp-json\/wp\/v2\/posts\/1376","targetHints":{"allow":["GET"]}}],"collection":[{"href":"https:\/\/228news.tg\/index.php\/wp-json\/wp\/v2\/posts"}],"about":[{"href":"https:\/\/228news.tg\/index.php\/wp-json\/wp\/v2\/types\/post"}],"author":[{"embeddable":true,"href":"https:\/\/228news.tg\/index.php\/wp-json\/wp\/v2\/users\/2"}],"replies":[{"embeddable":true,"href":"https:\/\/228news.tg\/index.php\/wp-json\/wp\/v2\/comments?post=1376"}],"version-history":[{"count":1,"href":"https:\/\/228news.tg\/index.php\/wp-json\/wp\/v2\/posts\/1376\/revisions"}],"predecessor-version":[{"id":1379,"href":"https:\/\/228news.tg\/index.php\/wp-json\/wp\/v2\/posts\/1376\/revisions\/1379"}],"wp:featuredmedia":[{"embeddable":true,"href":"https:\/\/228news.tg\/index.php\/wp-json\/wp\/v2\/media\/1380"}],"wp:attachment":[{"href":"https:\/\/228news.tg\/index.php\/wp-json\/wp\/v2\/media?parent=1376"}],"wp:term":[{"taxonomy":"category","embeddable":true,"href":"https:\/\/228news.tg\/index.php\/wp-json\/wp\/v2\/categories?post=1376"},{"taxonomy":"post_tag","embeddable":true,"href":"https:\/\/228news.tg\/index.php\/wp-json\/wp\/v2\/tags?post=1376"}],"curies":[{"name":"wp","href":"https:\/\/api.w.org\/{rel}","templated":true}]}}