{"id":13514,"date":"2024-06-19T09:17:23","date_gmt":"2024-06-19T09:17:23","guid":{"rendered":"http:\/\/localhost\/site\/228news\/?p=13514"},"modified":"2024-06-19T09:17:23","modified_gmt":"2024-06-19T09:17:23","slug":"debut-des-examens-du-cepd","status":"publish","type":"post","link":"https:\/\/228news.tg\/index.php\/2024\/06\/19\/debut-des-examens-du-cepd\/","title":{"rendered":"D\u00e9but des examens du CEPD"},"content":{"rendered":"<p>Au lendemain du BAC2, l&rsquo;examen du Certificat d\u2019\u00e9tudes du premier degr\u00e9 (CEPD) s&rsquo;est aussi deroul\u00e9 avec 212.407 \u00e9l\u00e8ves \u00e0 l&rsquo;assaut.<\/p>\n<p>Pour passer le cap de cet examen du CEPD pour l&rsquo;entr\u00e9e en 6e, les \u00e9l\u00e8ves feront face \u00e0 dix mati\u00e8res qui seront compos\u00e9es en trois jours.<\/p>\n<p>Notons que pour t\u00e9moigner le bon d\u00e9roulement dudit examen, une commission a visit\u00e9 tous les centres d&rsquo;\u00e9crits du territoire national.<\/p>\n<p>Mo\u00efse AKAKPO<\/p>\n","protected":false},"excerpt":{"rendered":"<p>Au lendemain du BAC2, l&rsquo;examen du Certificat d\u2019\u00e9tudes du premier degr\u00e9 (CEPD) s&rsquo;est aussi deroul\u00e9 avec 212.407 \u00e9l\u00e8ves \u00e0 l&rsquo;assaut. Pour passer le cap de cet examen du CEPD pour l&rsquo;entr\u00e9e en 6e, les \u00e9l\u00e8ves feront face \u00e0 dix mati\u00e8res qui seront compos\u00e9es en trois jours. Notons que pour t\u00e9moigner le bon d\u00e9roulement dudit examen, &#8230; <a title=\"D\u00e9but des examens du CEPD\" class=\"read-more\" href=\"https:\/\/228news.tg\/index.php\/2024\/06\/19\/debut-des-examens-du-cepd\/\" aria-label=\"En savoir plus sur D\u00e9but des examens du CEPD\">Lire la suite<\/a><\/p>\n","protected":false},"author":2,"featured_media":13515,"comment_status":"open","ping_status":"open","sticky":false,"template":"","format":"chat","meta":{"footnotes":""},"categories":[28],"tags":[],"class_list":["post-13514","post","type-post","status-publish","format-chat","has-post-thumbnail","hentry","category-education","post_format-post-format-chat"],"yoast_head":"<!-- This site is optimized with the Yoast SEO plugin v26.4 - https:\/\/yoast.com\/wordpress\/plugins\/seo\/ -->\n<title>D\u00e9but des examens du CEPD - 228 News<\/title>\n<meta name=\"robots\" content=\"index, follow, max-snippet:-1, max-image-preview:large, max-video-preview:-1\" \/>\n<link rel=\"canonical\" href=\"https:\/\/228news.tg\/index.php\/2024\/06\/19\/debut-des-examens-du-cepd\/\" \/>\n<meta property=\"og:locale\" content=\"fr_FR\" \/>\n<meta property=\"og:type\" content=\"article\" \/>\n<meta property=\"og:title\" content=\"D\u00e9but des examens du CEPD - 228 News\" \/>\n<meta property=\"og:description\" content=\"Au lendemain du BAC2, l&rsquo;examen du Certificat d\u2019\u00e9tudes du premier degr\u00e9 (CEPD) s&rsquo;est aussi deroul\u00e9 avec 212.407 \u00e9l\u00e8ves \u00e0 l&rsquo;assaut. Pour passer le cap de cet examen du CEPD pour l&rsquo;entr\u00e9e en 6e, les \u00e9l\u00e8ves feront face \u00e0 dix mati\u00e8res qui seront compos\u00e9es en trois jours. Notons que pour t\u00e9moigner le bon d\u00e9roulement dudit examen, ... Lire la suite\" \/>\n<meta property=\"og:url\" content=\"https:\/\/228news.tg\/index.php\/2024\/06\/19\/debut-des-examens-du-cepd\/\" \/>\n<meta property=\"og:site_name\" content=\"228 News\" \/>\n<meta property=\"article:published_time\" content=\"2024-06-19T09:17:23+00:00\" \/>\n<meta property=\"og:image\" content=\"https:\/\/228news.tg\/wp-content\/uploads\/2024\/06\/IMG-20240619-WA0012-1.jpg\" \/>\n\t<meta property=\"og:image:width\" content=\"1080\" \/>\n\t<meta property=\"og:image:height\" content=\"719\" \/>\n\t<meta property=\"og:image:type\" content=\"image\/jpeg\" \/>\n<meta name=\"author\" content=\"Bienvenu SAVI\" \/>\n<meta name=\"twitter:card\" content=\"summary_large_image\" \/>\n<meta name=\"twitter:label1\" content=\"\u00c9crit par\" \/>\n\t<meta name=\"twitter:data1\" content=\"Bienvenu SAVI\" \/>\n\t<meta name=\"twitter:label2\" content=\"Dur\u00e9e de lecture estim\u00e9e\" \/>\n\t<meta name=\"twitter:data2\" content=\"1 minute\" \/>\n<script type=\"application\/ld+json\" class=\"yoast-schema-graph\">{\"@context\":\"https:\/\/schema.org\",\"@graph\":[{\"@type\":\"Article\",\"@id\":\"https:\/\/228news.tg\/index.php\/2024\/06\/19\/debut-des-examens-du-cepd\/#article\",\"isPartOf\":{\"@id\":\"https:\/\/228news.tg\/index.php\/2024\/06\/19\/debut-des-examens-du-cepd\/\"},\"author\":{\"name\":\"Bienvenu SAVI\",\"@id\":\"https:\/\/228news.tg\/#\/schema\/person\/68d5a6cc0230290e61235c8379523f52\"},\"headline\":\"D\u00e9but des examens du CEPD\",\"datePublished\":\"2024-06-19T09:17:23+00:00\",\"mainEntityOfPage\":{\"@id\":\"https:\/\/228news.tg\/index.php\/2024\/06\/19\/debut-des-examens-du-cepd\/\"},\"wordCount\":85,\"commentCount\":0,\"publisher\":{\"@id\":\"https:\/\/228news.tg\/#organization\"},\"image\":{\"@id\":\"https:\/\/228news.tg\/index.php\/2024\/06\/19\/debut-des-examens-du-cepd\/#primaryimage\"},\"thumbnailUrl\":\"https:\/\/228news.tg\/wp-content\/uploads\/2024\/06\/IMG-20240619-WA0012-1.jpg\",\"articleSection\":[\"EDUCATION\"],\"inLanguage\":\"fr-FR\",\"potentialAction\":[{\"@type\":\"CommentAction\",\"name\":\"Comment\",\"target\":[\"https:\/\/228news.tg\/index.php\/2024\/06\/19\/debut-des-examens-du-cepd\/#respond\"]}]},{\"@type\":\"WebPage\",\"@id\":\"https:\/\/228news.tg\/index.php\/2024\/06\/19\/debut-des-examens-du-cepd\/\",\"url\":\"https:\/\/228news.tg\/index.php\/2024\/06\/19\/debut-des-examens-du-cepd\/\",\"name\":\"D\u00e9but des examens du CEPD - 228 News\",\"isPartOf\":{\"@id\":\"https:\/\/228news.tg\/#website\"},\"primaryImageOfPage\":{\"@id\":\"https:\/\/228news.tg\/index.php\/2024\/06\/19\/debut-des-examens-du-cepd\/#primaryimage\"},\"image\":{\"@id\":\"https:\/\/228news.tg\/index.php\/2024\/06\/19\/debut-des-examens-du-cepd\/#primaryimage\"},\"thumbnailUrl\":\"https:\/\/228news.tg\/wp-content\/uploads\/2024\/06\/IMG-20240619-WA0012-1.jpg\",\"datePublished\":\"2024-06-19T09:17:23+00:00\",\"breadcrumb\":{\"@id\":\"https:\/\/228news.tg\/index.php\/2024\/06\/19\/debut-des-examens-du-cepd\/#breadcrumb\"},\"inLanguage\":\"fr-FR\",\"potentialAction\":[{\"@type\":\"ReadAction\",\"target\":[\"https:\/\/228news.tg\/index.php\/2024\/06\/19\/debut-des-examens-du-cepd\/\"]}]},{\"@type\":\"ImageObject\",\"inLanguage\":\"fr-FR\",\"@id\":\"https:\/\/228news.tg\/index.php\/2024\/06\/19\/debut-des-examens-du-cepd\/#primaryimage\",\"url\":\"https:\/\/228news.tg\/wp-content\/uploads\/2024\/06\/IMG-20240619-WA0012-1.jpg\",\"contentUrl\":\"https:\/\/228news.tg\/wp-content\/uploads\/2024\/06\/IMG-20240619-WA0012-1.jpg\",\"width\":1080,\"height\":719},{\"@type\":\"BreadcrumbList\",\"@id\":\"https:\/\/228news.tg\/index.php\/2024\/06\/19\/debut-des-examens-du-cepd\/#breadcrumb\",\"itemListElement\":[{\"@type\":\"ListItem\",\"position\":1,\"name\":\"Home\",\"item\":\"https:\/\/228news.tg\/\"},{\"@type\":\"ListItem\",\"position\":2,\"name\":\"D\u00e9but des examens du CEPD\"}]},{\"@type\":\"WebSite\",\"@id\":\"https:\/\/228news.tg\/#website\",\"url\":\"https:\/\/228news.tg\/\",\"name\":\"228 News\",\"description\":\"Soci\u00e9t\u00e9 de m\u00e9dias et d\u2019actualit\u00e9s\",\"publisher\":{\"@id\":\"https:\/\/228news.tg\/#organization\"},\"potentialAction\":[{\"@type\":\"SearchAction\",\"target\":{\"@type\":\"EntryPoint\",\"urlTemplate\":\"https:\/\/228news.tg\/?s={search_term_string}\"},\"query-input\":{\"@type\":\"PropertyValueSpecification\",\"valueRequired\":true,\"valueName\":\"search_term_string\"}}],\"inLanguage\":\"fr-FR\"},{\"@type\":\"Organization\",\"@id\":\"https:\/\/228news.tg\/#organization\",\"name\":\"228 News\",\"url\":\"https:\/\/228news.tg\/\",\"logo\":{\"@type\":\"ImageObject\",\"inLanguage\":\"fr-FR\",\"@id\":\"https:\/\/228news.tg\/#\/schema\/logo\/image\/\",\"url\":\"https:\/\/228news.tg\/wp-content\/uploads\/2024\/09\/logonew.png\",\"contentUrl\":\"https:\/\/228news.tg\/wp-content\/uploads\/2024\/09\/logonew.png\",\"width\":1640,\"height\":364,\"caption\":\"228 News\"},\"image\":{\"@id\":\"https:\/\/228news.tg\/#\/schema\/logo\/image\/\"}},{\"@type\":\"Person\",\"@id\":\"https:\/\/228news.tg\/#\/schema\/person\/68d5a6cc0230290e61235c8379523f52\",\"name\":\"Bienvenu SAVI\",\"image\":{\"@type\":\"ImageObject\",\"inLanguage\":\"fr-FR\",\"@id\":\"https:\/\/228news.tg\/#\/schema\/person\/image\/\",\"url\":\"https:\/\/secure.gravatar.com\/avatar\/9db91895c559e510509c33a3e9683998458e9b828fac36d5d1aa23f0f2fd369b?s=96&d=mm&r=g\",\"contentUrl\":\"https:\/\/secure.gravatar.com\/avatar\/9db91895c559e510509c33a3e9683998458e9b828fac36d5d1aa23f0f2fd369b?s=96&d=mm&r=g\",\"caption\":\"Bienvenu SAVI\"},\"url\":\"https:\/\/228news.tg\/index.php\/author\/bienvenu\/\"}]}<\/script>\n<!-- \/ Yoast SEO plugin. -->","yoast_head_json":{"title":"D\u00e9but des examens du CEPD - 228 News","robots":{"index":"index","follow":"follow","max-snippet":"max-snippet:-1","max-image-preview":"max-image-preview:large","max-video-preview":"max-video-preview:-1"},"canonical":"https:\/\/228news.tg\/index.php\/2024\/06\/19\/debut-des-examens-du-cepd\/","og_locale":"fr_FR","og_type":"article","og_title":"D\u00e9but des examens du CEPD - 228 News","og_description":"Au lendemain du BAC2, l&rsquo;examen du Certificat d\u2019\u00e9tudes du premier degr\u00e9 (CEPD) s&rsquo;est aussi deroul\u00e9 avec 212.407 \u00e9l\u00e8ves \u00e0 l&rsquo;assaut. Pour passer le cap de cet examen du CEPD pour l&rsquo;entr\u00e9e en 6e, les \u00e9l\u00e8ves feront face \u00e0 dix mati\u00e8res qui seront compos\u00e9es en trois jours. Notons que pour t\u00e9moigner le bon d\u00e9roulement dudit examen, ... Lire la suite","og_url":"https:\/\/228news.tg\/index.php\/2024\/06\/19\/debut-des-examens-du-cepd\/","og_site_name":"228 News","article_published_time":"2024-06-19T09:17:23+00:00","og_image":[{"width":1080,"height":719,"url":"https:\/\/228news.tg\/wp-content\/uploads\/2024\/06\/IMG-20240619-WA0012-1.jpg","type":"image\/jpeg"}],"author":"Bienvenu SAVI","twitter_card":"summary_large_image","twitter_misc":{"\u00c9crit par":"Bienvenu SAVI","Dur\u00e9e de lecture estim\u00e9e":"1 minute"},"schema":{"@context":"https:\/\/schema.org","@graph":[{"@type":"Article","@id":"https:\/\/228news.tg\/index.php\/2024\/06\/19\/debut-des-examens-du-cepd\/#article","isPartOf":{"@id":"https:\/\/228news.tg\/index.php\/2024\/06\/19\/debut-des-examens-du-cepd\/"},"author":{"name":"Bienvenu SAVI","@id":"https:\/\/228news.tg\/#\/schema\/person\/68d5a6cc0230290e61235c8379523f52"},"headline":"D\u00e9but des examens du CEPD","datePublished":"2024-06-19T09:17:23+00:00","mainEntityOfPage":{"@id":"https:\/\/228news.tg\/index.php\/2024\/06\/19\/debut-des-examens-du-cepd\/"},"wordCount":85,"commentCount":0,"publisher":{"@id":"https:\/\/228news.tg\/#organization"},"image":{"@id":"https:\/\/228news.tg\/index.php\/2024\/06\/19\/debut-des-examens-du-cepd\/#primaryimage"},"thumbnailUrl":"https:\/\/228news.tg\/wp-content\/uploads\/2024\/06\/IMG-20240619-WA0012-1.jpg","articleSection":["EDUCATION"],"inLanguage":"fr-FR","potentialAction":[{"@type":"CommentAction","name":"Comment","target":["https:\/\/228news.tg\/index.php\/2024\/06\/19\/debut-des-examens-du-cepd\/#respond"]}]},{"@type":"WebPage","@id":"https:\/\/228news.tg\/index.php\/2024\/06\/19\/debut-des-examens-du-cepd\/","url":"https:\/\/228news.tg\/index.php\/2024\/06\/19\/debut-des-examens-du-cepd\/","name":"D\u00e9but des examens du CEPD - 228 News","isPartOf":{"@id":"https:\/\/228news.tg\/#website"},"primaryImageOfPage":{"@id":"https:\/\/228news.tg\/index.php\/2024\/06\/19\/debut-des-examens-du-cepd\/#primaryimage"},"image":{"@id":"https:\/\/228news.tg\/index.php\/2024\/06\/19\/debut-des-examens-du-cepd\/#primaryimage"},"thumbnailUrl":"https:\/\/228news.tg\/wp-content\/uploads\/2024\/06\/IMG-20240619-WA0012-1.jpg","datePublished":"2024-06-19T09:17:23+00:00","breadcrumb":{"@id":"https:\/\/228news.tg\/index.php\/2024\/06\/19\/debut-des-examens-du-cepd\/#breadcrumb"},"inLanguage":"fr-FR","potentialAction":[{"@type":"ReadAction","target":["https:\/\/228news.tg\/index.php\/2024\/06\/19\/debut-des-examens-du-cepd\/"]}]},{"@type":"ImageObject","inLanguage":"fr-FR","@id":"https:\/\/228news.tg\/index.php\/2024\/06\/19\/debut-des-examens-du-cepd\/#primaryimage","url":"https:\/\/228news.tg\/wp-content\/uploads\/2024\/06\/IMG-20240619-WA0012-1.jpg","contentUrl":"https:\/\/228news.tg\/wp-content\/uploads\/2024\/06\/IMG-20240619-WA0012-1.jpg","width":1080,"height":719},{"@type":"BreadcrumbList","@id":"https:\/\/228news.tg\/index.php\/2024\/06\/19\/debut-des-examens-du-cepd\/#breadcrumb","itemListElement":[{"@type":"ListItem","position":1,"name":"Home","item":"https:\/\/228news.tg\/"},{"@type":"ListItem","position":2,"name":"D\u00e9but des examens du CEPD"}]},{"@type":"WebSite","@id":"https:\/\/228news.tg\/#website","url":"https:\/\/228news.tg\/","name":"228 News","description":"Soci\u00e9t\u00e9 de m\u00e9dias et d\u2019actualit\u00e9s","publisher":{"@id":"https:\/\/228news.tg\/#organization"},"potentialAction":[{"@type":"SearchAction","target":{"@type":"EntryPoint","urlTemplate":"https:\/\/228news.tg\/?s={search_term_string}"},"query-input":{"@type":"PropertyValueSpecification","valueRequired":true,"valueName":"search_term_string"}}],"inLanguage":"fr-FR"},{"@type":"Organization","@id":"https:\/\/228news.tg\/#organization","name":"228 News","url":"https:\/\/228news.tg\/","logo":{"@type":"ImageObject","inLanguage":"fr-FR","@id":"https:\/\/228news.tg\/#\/schema\/logo\/image\/","url":"https:\/\/228news.tg\/wp-content\/uploads\/2024\/09\/logonew.png","contentUrl":"https:\/\/228news.tg\/wp-content\/uploads\/2024\/09\/logonew.png","width":1640,"height":364,"caption":"228 News"},"image":{"@id":"https:\/\/228news.tg\/#\/schema\/logo\/image\/"}},{"@type":"Person","@id":"https:\/\/228news.tg\/#\/schema\/person\/68d5a6cc0230290e61235c8379523f52","name":"Bienvenu SAVI","image":{"@type":"ImageObject","inLanguage":"fr-FR","@id":"https:\/\/228news.tg\/#\/schema\/person\/image\/","url":"https:\/\/secure.gravatar.com\/avatar\/9db91895c559e510509c33a3e9683998458e9b828fac36d5d1aa23f0f2fd369b?s=96&d=mm&r=g","contentUrl":"https:\/\/secure.gravatar.com\/avatar\/9db91895c559e510509c33a3e9683998458e9b828fac36d5d1aa23f0f2fd369b?s=96&d=mm&r=g","caption":"Bienvenu SAVI"},"url":"https:\/\/228news.tg\/index.php\/author\/bienvenu\/"}]}},"jetpack_featured_media_url":"https:\/\/228news.tg\/wp-content\/uploads\/2024\/06\/IMG-20240619-WA0012-1.jpg","_links":{"self":[{"href":"https:\/\/228news.tg\/index.php\/wp-json\/wp\/v2\/posts\/13514","targetHints":{"allow":["GET"]}}],"collection":[{"href":"https:\/\/228news.tg\/index.php\/wp-json\/wp\/v2\/posts"}],"about":[{"href":"https:\/\/228news.tg\/index.php\/wp-json\/wp\/v2\/types\/post"}],"author":[{"embeddable":true,"href":"https:\/\/228news.tg\/index.php\/wp-json\/wp\/v2\/users\/2"}],"replies":[{"embeddable":true,"href":"https:\/\/228news.tg\/index.php\/wp-json\/wp\/v2\/comments?post=13514"}],"version-history":[{"count":0,"href":"https:\/\/228news.tg\/index.php\/wp-json\/wp\/v2\/posts\/13514\/revisions"}],"wp:featuredmedia":[{"embeddable":true,"href":"https:\/\/228news.tg\/index.php\/wp-json\/wp\/v2\/media\/13515"}],"wp:attachment":[{"href":"https:\/\/228news.tg\/index.php\/wp-json\/wp\/v2\/media?parent=13514"}],"wp:term":[{"taxonomy":"category","embeddable":true,"href":"https:\/\/228news.tg\/index.php\/wp-json\/wp\/v2\/categories?post=13514"},{"taxonomy":"post_tag","embeddable":true,"href":"https:\/\/228news.tg\/index.php\/wp-json\/wp\/v2\/tags?post=13514"}],"curies":[{"name":"wp","href":"https:\/\/api.w.org\/{rel}","templated":true}]}}