{"id":13450,"date":"2024-05-26T06:15:42","date_gmt":"2024-05-26T06:15:42","guid":{"rendered":"http:\/\/localhost\/site\/228news\/?p=13450"},"modified":"2024-05-26T06:15:42","modified_gmt":"2024-05-26T06:15:42","slug":"ul-la-tete-du-ministre-ihou-mis-a-prix","status":"publish","type":"post","link":"https:\/\/228news.tg\/index.php\/2024\/05\/26\/ul-la-tete-du-ministre-ihou-mis-a-prix\/","title":{"rendered":"UL: la t\u00eate du ministre Ihou mis \u00e0 prix"},"content":{"rendered":"<p>Le mouvement des enseignants chercheurs et du personnel administratif de l&rsquo;universit\u00e9 de Lom\u00e9 tel pr\u00e9vu pour le jeudi 23 mai 2024 n&rsquo;a pas eu lieu mais, ils ont r\u00e9ussi \u00e0 organiser un sit-in au sein de l&rsquo;universit\u00e9 au carrefour du cinquantenaire.<\/p>\n<p>Pour son incapacit\u00e9 \u00e0 trouver une alternative ad\u00e9quate \u00e0 cette gr\u00e8ve, les enseignants chercheurs et du personnel administratif appellent le ministre de tutelle, Prof Majest\u00e9 Ihou Wateba, \u00e0 d\u00e9missionner de son poste.<\/p>\n<p>\u00ab Notre ministre nous a clairement signifi\u00e9 que si nous ne sommes pas contents, d\u2019aller voir le pr\u00e9sident de la R\u00e9publique. Or, c\u2019est lui notre ministre de tutelle. S\u2019il n\u2019est pas capable de d\u00e9fendre nos droits, pourquoi est-il alors \u00e0 ce poste ? Nos coll\u00e8gues ont demand\u00e9 donc qu\u2019il d\u00e9gage \u00bb, a d\u00e9clar\u00e9 Prof Mohou Mensanh, de la Facult\u00e9 des Sciences et du D\u00e9partement de Physique.<\/p>\n<p>Par ailleurs, les gr\u00e9vistes confirment la continuit\u00e9 des manifestations jusqu&rsquo;\u00e0 ce que leurs revendications soient satisfaites.<\/p>\n<p>Mo\u00efse AKAKPO<\/p>\n","protected":false},"excerpt":{"rendered":"<p>Le mouvement des enseignants chercheurs et du personnel administratif de l&rsquo;universit\u00e9 de Lom\u00e9 tel pr\u00e9vu pour le jeudi 23 mai 2024 n&rsquo;a pas eu lieu mais, ils ont r\u00e9ussi \u00e0 organiser un sit-in au sein de l&rsquo;universit\u00e9 au carrefour du cinquantenaire. Pour son incapacit\u00e9 \u00e0 trouver une alternative ad\u00e9quate \u00e0 cette gr\u00e8ve, les enseignants chercheurs &#8230; <a title=\"UL: la t\u00eate du ministre Ihou mis \u00e0 prix\" class=\"read-more\" href=\"https:\/\/228news.tg\/index.php\/2024\/05\/26\/ul-la-tete-du-ministre-ihou-mis-a-prix\/\" aria-label=\"En savoir plus sur UL: la t\u00eate du ministre Ihou mis \u00e0 prix\">Lire la suite<\/a><\/p>\n","protected":false},"author":2,"featured_media":13451,"comment_status":"open","ping_status":"open","sticky":false,"template":"","format":"chat","meta":{"footnotes":""},"categories":[28],"tags":[],"class_list":["post-13450","post","type-post","status-publish","format-chat","has-post-thumbnail","hentry","category-education","post_format-post-format-chat"],"yoast_head":"<!-- This site is optimized with the Yoast SEO plugin v26.4 - https:\/\/yoast.com\/wordpress\/plugins\/seo\/ -->\n<title>UL: la t\u00eate du ministre Ihou mis \u00e0 prix - 228 News<\/title>\n<meta name=\"robots\" content=\"index, follow, max-snippet:-1, max-image-preview:large, max-video-preview:-1\" \/>\n<link rel=\"canonical\" href=\"https:\/\/228news.tg\/index.php\/2024\/05\/26\/ul-la-tete-du-ministre-ihou-mis-a-prix\/\" \/>\n<meta property=\"og:locale\" content=\"fr_FR\" \/>\n<meta property=\"og:type\" content=\"article\" \/>\n<meta property=\"og:title\" content=\"UL: la t\u00eate du ministre Ihou mis \u00e0 prix - 228 News\" \/>\n<meta property=\"og:description\" content=\"Le mouvement des enseignants chercheurs et du personnel administratif de l&rsquo;universit\u00e9 de Lom\u00e9 tel pr\u00e9vu pour le jeudi 23 mai 2024 n&rsquo;a pas eu lieu mais, ils ont r\u00e9ussi \u00e0 organiser un sit-in au sein de l&rsquo;universit\u00e9 au carrefour du cinquantenaire. Pour son incapacit\u00e9 \u00e0 trouver une alternative ad\u00e9quate \u00e0 cette gr\u00e8ve, les enseignants chercheurs ... Lire la suite\" \/>\n<meta property=\"og:url\" content=\"https:\/\/228news.tg\/index.php\/2024\/05\/26\/ul-la-tete-du-ministre-ihou-mis-a-prix\/\" \/>\n<meta property=\"og:site_name\" content=\"228 News\" \/>\n<meta property=\"article:published_time\" content=\"2024-05-26T06:15:42+00:00\" \/>\n<meta property=\"og:image\" content=\"https:\/\/228news.tg\/wp-content\/uploads\/2024\/05\/IMG-20240525-WA0013-1.jpg\" \/>\n\t<meta property=\"og:image:width\" content=\"649\" \/>\n\t<meta property=\"og:image:height\" content=\"630\" \/>\n\t<meta property=\"og:image:type\" content=\"image\/jpeg\" \/>\n<meta name=\"author\" content=\"Bienvenu SAVI\" \/>\n<meta name=\"twitter:card\" content=\"summary_large_image\" \/>\n<meta name=\"twitter:label1\" content=\"\u00c9crit par\" \/>\n\t<meta name=\"twitter:data1\" content=\"Bienvenu SAVI\" \/>\n\t<meta name=\"twitter:label2\" content=\"Dur\u00e9e de lecture estim\u00e9e\" \/>\n\t<meta name=\"twitter:data2\" content=\"1 minute\" \/>\n<script type=\"application\/ld+json\" class=\"yoast-schema-graph\">{\"@context\":\"https:\/\/schema.org\",\"@graph\":[{\"@type\":\"Article\",\"@id\":\"https:\/\/228news.tg\/index.php\/2024\/05\/26\/ul-la-tete-du-ministre-ihou-mis-a-prix\/#article\",\"isPartOf\":{\"@id\":\"https:\/\/228news.tg\/index.php\/2024\/05\/26\/ul-la-tete-du-ministre-ihou-mis-a-prix\/\"},\"author\":{\"name\":\"Bienvenu SAVI\",\"@id\":\"https:\/\/228news.tg\/#\/schema\/person\/68d5a6cc0230290e61235c8379523f52\"},\"headline\":\"UL: la t\u00eate du ministre Ihou mis \u00e0 prix\",\"datePublished\":\"2024-05-26T06:15:42+00:00\",\"mainEntityOfPage\":{\"@id\":\"https:\/\/228news.tg\/index.php\/2024\/05\/26\/ul-la-tete-du-ministre-ihou-mis-a-prix\/\"},\"wordCount\":178,\"commentCount\":0,\"publisher\":{\"@id\":\"https:\/\/228news.tg\/#organization\"},\"image\":{\"@id\":\"https:\/\/228news.tg\/index.php\/2024\/05\/26\/ul-la-tete-du-ministre-ihou-mis-a-prix\/#primaryimage\"},\"thumbnailUrl\":\"https:\/\/228news.tg\/wp-content\/uploads\/2024\/05\/IMG-20240525-WA0013-1.jpg\",\"articleSection\":[\"EDUCATION\"],\"inLanguage\":\"fr-FR\",\"potentialAction\":[{\"@type\":\"CommentAction\",\"name\":\"Comment\",\"target\":[\"https:\/\/228news.tg\/index.php\/2024\/05\/26\/ul-la-tete-du-ministre-ihou-mis-a-prix\/#respond\"]}]},{\"@type\":\"WebPage\",\"@id\":\"https:\/\/228news.tg\/index.php\/2024\/05\/26\/ul-la-tete-du-ministre-ihou-mis-a-prix\/\",\"url\":\"https:\/\/228news.tg\/index.php\/2024\/05\/26\/ul-la-tete-du-ministre-ihou-mis-a-prix\/\",\"name\":\"UL: la t\u00eate du ministre Ihou mis \u00e0 prix - 228 News\",\"isPartOf\":{\"@id\":\"https:\/\/228news.tg\/#website\"},\"primaryImageOfPage\":{\"@id\":\"https:\/\/228news.tg\/index.php\/2024\/05\/26\/ul-la-tete-du-ministre-ihou-mis-a-prix\/#primaryimage\"},\"image\":{\"@id\":\"https:\/\/228news.tg\/index.php\/2024\/05\/26\/ul-la-tete-du-ministre-ihou-mis-a-prix\/#primaryimage\"},\"thumbnailUrl\":\"https:\/\/228news.tg\/wp-content\/uploads\/2024\/05\/IMG-20240525-WA0013-1.jpg\",\"datePublished\":\"2024-05-26T06:15:42+00:00\",\"breadcrumb\":{\"@id\":\"https:\/\/228news.tg\/index.php\/2024\/05\/26\/ul-la-tete-du-ministre-ihou-mis-a-prix\/#breadcrumb\"},\"inLanguage\":\"fr-FR\",\"potentialAction\":[{\"@type\":\"ReadAction\",\"target\":[\"https:\/\/228news.tg\/index.php\/2024\/05\/26\/ul-la-tete-du-ministre-ihou-mis-a-prix\/\"]}]},{\"@type\":\"ImageObject\",\"inLanguage\":\"fr-FR\",\"@id\":\"https:\/\/228news.tg\/index.php\/2024\/05\/26\/ul-la-tete-du-ministre-ihou-mis-a-prix\/#primaryimage\",\"url\":\"https:\/\/228news.tg\/wp-content\/uploads\/2024\/05\/IMG-20240525-WA0013-1.jpg\",\"contentUrl\":\"https:\/\/228news.tg\/wp-content\/uploads\/2024\/05\/IMG-20240525-WA0013-1.jpg\",\"width\":649,\"height\":630},{\"@type\":\"BreadcrumbList\",\"@id\":\"https:\/\/228news.tg\/index.php\/2024\/05\/26\/ul-la-tete-du-ministre-ihou-mis-a-prix\/#breadcrumb\",\"itemListElement\":[{\"@type\":\"ListItem\",\"position\":1,\"name\":\"Home\",\"item\":\"https:\/\/228news.tg\/\"},{\"@type\":\"ListItem\",\"position\":2,\"name\":\"UL: la t\u00eate du ministre Ihou mis \u00e0 prix\"}]},{\"@type\":\"WebSite\",\"@id\":\"https:\/\/228news.tg\/#website\",\"url\":\"https:\/\/228news.tg\/\",\"name\":\"228 News\",\"description\":\"Soci\u00e9t\u00e9 de m\u00e9dias et d\u2019actualit\u00e9s\",\"publisher\":{\"@id\":\"https:\/\/228news.tg\/#organization\"},\"potentialAction\":[{\"@type\":\"SearchAction\",\"target\":{\"@type\":\"EntryPoint\",\"urlTemplate\":\"https:\/\/228news.tg\/?s={search_term_string}\"},\"query-input\":{\"@type\":\"PropertyValueSpecification\",\"valueRequired\":true,\"valueName\":\"search_term_string\"}}],\"inLanguage\":\"fr-FR\"},{\"@type\":\"Organization\",\"@id\":\"https:\/\/228news.tg\/#organization\",\"name\":\"228 News\",\"url\":\"https:\/\/228news.tg\/\",\"logo\":{\"@type\":\"ImageObject\",\"inLanguage\":\"fr-FR\",\"@id\":\"https:\/\/228news.tg\/#\/schema\/logo\/image\/\",\"url\":\"https:\/\/228news.tg\/wp-content\/uploads\/2024\/09\/logonew.png\",\"contentUrl\":\"https:\/\/228news.tg\/wp-content\/uploads\/2024\/09\/logonew.png\",\"width\":1640,\"height\":364,\"caption\":\"228 News\"},\"image\":{\"@id\":\"https:\/\/228news.tg\/#\/schema\/logo\/image\/\"}},{\"@type\":\"Person\",\"@id\":\"https:\/\/228news.tg\/#\/schema\/person\/68d5a6cc0230290e61235c8379523f52\",\"name\":\"Bienvenu SAVI\",\"image\":{\"@type\":\"ImageObject\",\"inLanguage\":\"fr-FR\",\"@id\":\"https:\/\/228news.tg\/#\/schema\/person\/image\/\",\"url\":\"https:\/\/secure.gravatar.com\/avatar\/9db91895c559e510509c33a3e9683998458e9b828fac36d5d1aa23f0f2fd369b?s=96&d=mm&r=g\",\"contentUrl\":\"https:\/\/secure.gravatar.com\/avatar\/9db91895c559e510509c33a3e9683998458e9b828fac36d5d1aa23f0f2fd369b?s=96&d=mm&r=g\",\"caption\":\"Bienvenu SAVI\"},\"url\":\"https:\/\/228news.tg\/index.php\/author\/bienvenu\/\"}]}<\/script>\n<!-- \/ Yoast SEO plugin. -->","yoast_head_json":{"title":"UL: la t\u00eate du ministre Ihou mis \u00e0 prix - 228 News","robots":{"index":"index","follow":"follow","max-snippet":"max-snippet:-1","max-image-preview":"max-image-preview:large","max-video-preview":"max-video-preview:-1"},"canonical":"https:\/\/228news.tg\/index.php\/2024\/05\/26\/ul-la-tete-du-ministre-ihou-mis-a-prix\/","og_locale":"fr_FR","og_type":"article","og_title":"UL: la t\u00eate du ministre Ihou mis \u00e0 prix - 228 News","og_description":"Le mouvement des enseignants chercheurs et du personnel administratif de l&rsquo;universit\u00e9 de Lom\u00e9 tel pr\u00e9vu pour le jeudi 23 mai 2024 n&rsquo;a pas eu lieu mais, ils ont r\u00e9ussi \u00e0 organiser un sit-in au sein de l&rsquo;universit\u00e9 au carrefour du cinquantenaire. Pour son incapacit\u00e9 \u00e0 trouver une alternative ad\u00e9quate \u00e0 cette gr\u00e8ve, les enseignants chercheurs ... Lire la suite","og_url":"https:\/\/228news.tg\/index.php\/2024\/05\/26\/ul-la-tete-du-ministre-ihou-mis-a-prix\/","og_site_name":"228 News","article_published_time":"2024-05-26T06:15:42+00:00","og_image":[{"width":649,"height":630,"url":"https:\/\/228news.tg\/wp-content\/uploads\/2024\/05\/IMG-20240525-WA0013-1.jpg","type":"image\/jpeg"}],"author":"Bienvenu SAVI","twitter_card":"summary_large_image","twitter_misc":{"\u00c9crit par":"Bienvenu SAVI","Dur\u00e9e de lecture estim\u00e9e":"1 minute"},"schema":{"@context":"https:\/\/schema.org","@graph":[{"@type":"Article","@id":"https:\/\/228news.tg\/index.php\/2024\/05\/26\/ul-la-tete-du-ministre-ihou-mis-a-prix\/#article","isPartOf":{"@id":"https:\/\/228news.tg\/index.php\/2024\/05\/26\/ul-la-tete-du-ministre-ihou-mis-a-prix\/"},"author":{"name":"Bienvenu SAVI","@id":"https:\/\/228news.tg\/#\/schema\/person\/68d5a6cc0230290e61235c8379523f52"},"headline":"UL: la t\u00eate du ministre Ihou mis \u00e0 prix","datePublished":"2024-05-26T06:15:42+00:00","mainEntityOfPage":{"@id":"https:\/\/228news.tg\/index.php\/2024\/05\/26\/ul-la-tete-du-ministre-ihou-mis-a-prix\/"},"wordCount":178,"commentCount":0,"publisher":{"@id":"https:\/\/228news.tg\/#organization"},"image":{"@id":"https:\/\/228news.tg\/index.php\/2024\/05\/26\/ul-la-tete-du-ministre-ihou-mis-a-prix\/#primaryimage"},"thumbnailUrl":"https:\/\/228news.tg\/wp-content\/uploads\/2024\/05\/IMG-20240525-WA0013-1.jpg","articleSection":["EDUCATION"],"inLanguage":"fr-FR","potentialAction":[{"@type":"CommentAction","name":"Comment","target":["https:\/\/228news.tg\/index.php\/2024\/05\/26\/ul-la-tete-du-ministre-ihou-mis-a-prix\/#respond"]}]},{"@type":"WebPage","@id":"https:\/\/228news.tg\/index.php\/2024\/05\/26\/ul-la-tete-du-ministre-ihou-mis-a-prix\/","url":"https:\/\/228news.tg\/index.php\/2024\/05\/26\/ul-la-tete-du-ministre-ihou-mis-a-prix\/","name":"UL: la t\u00eate du ministre Ihou mis \u00e0 prix - 228 News","isPartOf":{"@id":"https:\/\/228news.tg\/#website"},"primaryImageOfPage":{"@id":"https:\/\/228news.tg\/index.php\/2024\/05\/26\/ul-la-tete-du-ministre-ihou-mis-a-prix\/#primaryimage"},"image":{"@id":"https:\/\/228news.tg\/index.php\/2024\/05\/26\/ul-la-tete-du-ministre-ihou-mis-a-prix\/#primaryimage"},"thumbnailUrl":"https:\/\/228news.tg\/wp-content\/uploads\/2024\/05\/IMG-20240525-WA0013-1.jpg","datePublished":"2024-05-26T06:15:42+00:00","breadcrumb":{"@id":"https:\/\/228news.tg\/index.php\/2024\/05\/26\/ul-la-tete-du-ministre-ihou-mis-a-prix\/#breadcrumb"},"inLanguage":"fr-FR","potentialAction":[{"@type":"ReadAction","target":["https:\/\/228news.tg\/index.php\/2024\/05\/26\/ul-la-tete-du-ministre-ihou-mis-a-prix\/"]}]},{"@type":"ImageObject","inLanguage":"fr-FR","@id":"https:\/\/228news.tg\/index.php\/2024\/05\/26\/ul-la-tete-du-ministre-ihou-mis-a-prix\/#primaryimage","url":"https:\/\/228news.tg\/wp-content\/uploads\/2024\/05\/IMG-20240525-WA0013-1.jpg","contentUrl":"https:\/\/228news.tg\/wp-content\/uploads\/2024\/05\/IMG-20240525-WA0013-1.jpg","width":649,"height":630},{"@type":"BreadcrumbList","@id":"https:\/\/228news.tg\/index.php\/2024\/05\/26\/ul-la-tete-du-ministre-ihou-mis-a-prix\/#breadcrumb","itemListElement":[{"@type":"ListItem","position":1,"name":"Home","item":"https:\/\/228news.tg\/"},{"@type":"ListItem","position":2,"name":"UL: la t\u00eate du ministre Ihou mis \u00e0 prix"}]},{"@type":"WebSite","@id":"https:\/\/228news.tg\/#website","url":"https:\/\/228news.tg\/","name":"228 News","description":"Soci\u00e9t\u00e9 de m\u00e9dias et d\u2019actualit\u00e9s","publisher":{"@id":"https:\/\/228news.tg\/#organization"},"potentialAction":[{"@type":"SearchAction","target":{"@type":"EntryPoint","urlTemplate":"https:\/\/228news.tg\/?s={search_term_string}"},"query-input":{"@type":"PropertyValueSpecification","valueRequired":true,"valueName":"search_term_string"}}],"inLanguage":"fr-FR"},{"@type":"Organization","@id":"https:\/\/228news.tg\/#organization","name":"228 News","url":"https:\/\/228news.tg\/","logo":{"@type":"ImageObject","inLanguage":"fr-FR","@id":"https:\/\/228news.tg\/#\/schema\/logo\/image\/","url":"https:\/\/228news.tg\/wp-content\/uploads\/2024\/09\/logonew.png","contentUrl":"https:\/\/228news.tg\/wp-content\/uploads\/2024\/09\/logonew.png","width":1640,"height":364,"caption":"228 News"},"image":{"@id":"https:\/\/228news.tg\/#\/schema\/logo\/image\/"}},{"@type":"Person","@id":"https:\/\/228news.tg\/#\/schema\/person\/68d5a6cc0230290e61235c8379523f52","name":"Bienvenu SAVI","image":{"@type":"ImageObject","inLanguage":"fr-FR","@id":"https:\/\/228news.tg\/#\/schema\/person\/image\/","url":"https:\/\/secure.gravatar.com\/avatar\/9db91895c559e510509c33a3e9683998458e9b828fac36d5d1aa23f0f2fd369b?s=96&d=mm&r=g","contentUrl":"https:\/\/secure.gravatar.com\/avatar\/9db91895c559e510509c33a3e9683998458e9b828fac36d5d1aa23f0f2fd369b?s=96&d=mm&r=g","caption":"Bienvenu SAVI"},"url":"https:\/\/228news.tg\/index.php\/author\/bienvenu\/"}]}},"jetpack_featured_media_url":"https:\/\/228news.tg\/wp-content\/uploads\/2024\/05\/IMG-20240525-WA0013-1.jpg","_links":{"self":[{"href":"https:\/\/228news.tg\/index.php\/wp-json\/wp\/v2\/posts\/13450","targetHints":{"allow":["GET"]}}],"collection":[{"href":"https:\/\/228news.tg\/index.php\/wp-json\/wp\/v2\/posts"}],"about":[{"href":"https:\/\/228news.tg\/index.php\/wp-json\/wp\/v2\/types\/post"}],"author":[{"embeddable":true,"href":"https:\/\/228news.tg\/index.php\/wp-json\/wp\/v2\/users\/2"}],"replies":[{"embeddable":true,"href":"https:\/\/228news.tg\/index.php\/wp-json\/wp\/v2\/comments?post=13450"}],"version-history":[{"count":0,"href":"https:\/\/228news.tg\/index.php\/wp-json\/wp\/v2\/posts\/13450\/revisions"}],"wp:featuredmedia":[{"embeddable":true,"href":"https:\/\/228news.tg\/index.php\/wp-json\/wp\/v2\/media\/13451"}],"wp:attachment":[{"href":"https:\/\/228news.tg\/index.php\/wp-json\/wp\/v2\/media?parent=13450"}],"wp:term":[{"taxonomy":"category","embeddable":true,"href":"https:\/\/228news.tg\/index.php\/wp-json\/wp\/v2\/categories?post=13450"},{"taxonomy":"post_tag","embeddable":true,"href":"https:\/\/228news.tg\/index.php\/wp-json\/wp\/v2\/tags?post=13450"}],"curies":[{"name":"wp","href":"https:\/\/api.w.org\/{rel}","templated":true}]}}