{"id":13427,"date":"2024-05-23T06:15:17","date_gmt":"2024-05-23T06:15:17","guid":{"rendered":"http:\/\/localhost\/site\/228news\/?p=13427"},"modified":"2024-05-23T06:15:17","modified_gmt":"2024-05-23T06:15:17","slug":"universite-de-lome-de-lelectricite-en-lair","status":"publish","type":"post","link":"https:\/\/228news.tg\/index.php\/2024\/05\/23\/universite-de-lome-de-lelectricite-en-lair\/","title":{"rendered":"Universit\u00e9 de Lom\u00e9: de l&rsquo;\u00e9lectricit\u00e9 en l&rsquo;air"},"content":{"rendered":"<p>Suite au mouvement des enseignants chercheurs et du personnel administratif le vendredi 17 Mai 2024, relatif \u00e0 la r\u00e9clamation du reliquat des accords de 2011 (10 mois d\u2019arri\u00e9r\u00e9s), le paiement du solde des augmentations de salaire de 5 % et 10 % offertes par le Chef de l\u2019Etat en 2020 et 2022 aux enseignants et au personnel administratif et technique des Universit\u00e9s publiques du Togo (UPT) pour att\u00e9nuer la chert\u00e9 de la vie, le pr\u00e9sident de l&rsquo;universit\u00e9 r\u00e9agit dans une note.<\/p>\n<p>Selon Adama Kpodar, la manifestation de ces enseignants chercheurs et du personnel administratif est un mouvement qui porte atteinte au climat de tranquillit\u00e9 qui r\u00e8gne au campus et par cons\u00e9quent est consid\u00e9r\u00e9 comme troubles \u00e0 l&rsquo;ordre public.<\/p>\n<p>Dans son communiqu\u00e9, il informe ces gr\u00e9vistes que les forces de l&rsquo;ordre et la police universitaire seront sur le campus si jamais ils mettaient \u00e0 ex\u00e9cution le nouveau mot d&rsquo;ordre de gr\u00e8ve dont la strat\u00e9gie consiste je cite \u00ab\u00a0Ils se rendront au travail, mais n&rsquo;ex\u00e9cuteront pas les t\u00e2ches requises\u00a0\u00bb tenait entre jeudi 23 mai et vendredi 24 mai.<\/p>\n<p>Le Prof Adama Kpoda rappelle \u00e0 la communaut\u00e9 universitaire l&rsquo;interdiction de ces mouvements et les sanctions qui seront appliqu\u00e9es \u00e0 tous participants.<\/p>\n<p>Pour conclure, il exhorte les personnels et les usagers du service public universitaire \u00e0 faire preuve de professionnalisme dans l&rsquo;exercice de leurs fonctions.<br \/>\nNotons qu&rsquo;une r\u00e9union pr\u00e9vue pour se tenir entre le ministre de l&rsquo;enseignement sup\u00e9rieur et les fondeurs . Pour l&rsquo;heure rien n&rsquo;a filtr\u00e9 de ces \u00e9changes.<br \/>\nNous y reviendrons!<\/p>\n<p>Mo\u00efse AKAKPO<\/p>\n","protected":false},"excerpt":{"rendered":"<p>Suite au mouvement des enseignants chercheurs et du personnel administratif le vendredi 17 Mai 2024, relatif \u00e0 la r\u00e9clamation du reliquat des accords de 2011 (10 mois d\u2019arri\u00e9r\u00e9s), le paiement du solde des augmentations de salaire de 5 % et 10 % offertes par le Chef de l\u2019Etat en 2020 et 2022 aux enseignants et &#8230; <a title=\"Universit\u00e9 de Lom\u00e9: de l&rsquo;\u00e9lectricit\u00e9 en l&rsquo;air\" class=\"read-more\" href=\"https:\/\/228news.tg\/index.php\/2024\/05\/23\/universite-de-lome-de-lelectricite-en-lair\/\" aria-label=\"En savoir plus sur Universit\u00e9 de Lom\u00e9: de l&rsquo;\u00e9lectricit\u00e9 en l&rsquo;air\">Lire la suite<\/a><\/p>\n","protected":false},"author":2,"featured_media":13428,"comment_status":"open","ping_status":"open","sticky":false,"template":"","format":"chat","meta":{"footnotes":""},"categories":[28],"tags":[],"class_list":["post-13427","post","type-post","status-publish","format-chat","has-post-thumbnail","hentry","category-education","post_format-post-format-chat"],"yoast_head":"<!-- This site is optimized with the Yoast SEO plugin v26.4 - https:\/\/yoast.com\/wordpress\/plugins\/seo\/ -->\n<title>Universit\u00e9 de Lom\u00e9: de l&#039;\u00e9lectricit\u00e9 en l&#039;air - 228 News<\/title>\n<meta name=\"robots\" content=\"index, follow, max-snippet:-1, max-image-preview:large, max-video-preview:-1\" \/>\n<link rel=\"canonical\" href=\"https:\/\/228news.tg\/index.php\/2024\/05\/23\/universite-de-lome-de-lelectricite-en-lair\/\" \/>\n<meta property=\"og:locale\" content=\"fr_FR\" \/>\n<meta property=\"og:type\" content=\"article\" \/>\n<meta property=\"og:title\" content=\"Universit\u00e9 de Lom\u00e9: de l&#039;\u00e9lectricit\u00e9 en l&#039;air - 228 News\" \/>\n<meta property=\"og:description\" content=\"Suite au mouvement des enseignants chercheurs et du personnel administratif le vendredi 17 Mai 2024, relatif \u00e0 la r\u00e9clamation du reliquat des accords de 2011 (10 mois d\u2019arri\u00e9r\u00e9s), le paiement du solde des augmentations de salaire de 5 % et 10 % offertes par le Chef de l\u2019Etat en 2020 et 2022 aux enseignants et ... Lire la suite\" \/>\n<meta property=\"og:url\" content=\"https:\/\/228news.tg\/index.php\/2024\/05\/23\/universite-de-lome-de-lelectricite-en-lair\/\" \/>\n<meta property=\"og:site_name\" content=\"228 News\" \/>\n<meta property=\"article:published_time\" content=\"2024-05-23T06:15:17+00:00\" \/>\n<meta property=\"og:image\" content=\"https:\/\/228news.tg\/wp-content\/uploads\/2024\/05\/IMG-20240522-WA0118-1.jpg\" \/>\n\t<meta property=\"og:image:width\" content=\"275\" \/>\n\t<meta property=\"og:image:height\" content=\"183\" \/>\n\t<meta property=\"og:image:type\" content=\"image\/jpeg\" \/>\n<meta name=\"author\" content=\"Bienvenu SAVI\" \/>\n<meta name=\"twitter:card\" content=\"summary_large_image\" \/>\n<meta name=\"twitter:label1\" content=\"\u00c9crit par\" \/>\n\t<meta name=\"twitter:data1\" content=\"Bienvenu SAVI\" \/>\n\t<meta name=\"twitter:label2\" content=\"Dur\u00e9e de lecture estim\u00e9e\" \/>\n\t<meta name=\"twitter:data2\" content=\"1 minute\" \/>\n<script type=\"application\/ld+json\" class=\"yoast-schema-graph\">{\"@context\":\"https:\/\/schema.org\",\"@graph\":[{\"@type\":\"Article\",\"@id\":\"https:\/\/228news.tg\/index.php\/2024\/05\/23\/universite-de-lome-de-lelectricite-en-lair\/#article\",\"isPartOf\":{\"@id\":\"https:\/\/228news.tg\/index.php\/2024\/05\/23\/universite-de-lome-de-lelectricite-en-lair\/\"},\"author\":{\"name\":\"Bienvenu SAVI\",\"@id\":\"https:\/\/228news.tg\/#\/schema\/person\/68d5a6cc0230290e61235c8379523f52\"},\"headline\":\"Universit\u00e9 de Lom\u00e9: de l&rsquo;\u00e9lectricit\u00e9 en l&rsquo;air\",\"datePublished\":\"2024-05-23T06:15:17+00:00\",\"mainEntityOfPage\":{\"@id\":\"https:\/\/228news.tg\/index.php\/2024\/05\/23\/universite-de-lome-de-lelectricite-en-lair\/\"},\"wordCount\":275,\"commentCount\":0,\"publisher\":{\"@id\":\"https:\/\/228news.tg\/#organization\"},\"image\":{\"@id\":\"https:\/\/228news.tg\/index.php\/2024\/05\/23\/universite-de-lome-de-lelectricite-en-lair\/#primaryimage\"},\"thumbnailUrl\":\"https:\/\/228news.tg\/wp-content\/uploads\/2024\/05\/IMG-20240522-WA0118-1.jpg\",\"articleSection\":[\"EDUCATION\"],\"inLanguage\":\"fr-FR\",\"potentialAction\":[{\"@type\":\"CommentAction\",\"name\":\"Comment\",\"target\":[\"https:\/\/228news.tg\/index.php\/2024\/05\/23\/universite-de-lome-de-lelectricite-en-lair\/#respond\"]}]},{\"@type\":\"WebPage\",\"@id\":\"https:\/\/228news.tg\/index.php\/2024\/05\/23\/universite-de-lome-de-lelectricite-en-lair\/\",\"url\":\"https:\/\/228news.tg\/index.php\/2024\/05\/23\/universite-de-lome-de-lelectricite-en-lair\/\",\"name\":\"Universit\u00e9 de Lom\u00e9: de l'\u00e9lectricit\u00e9 en l'air - 228 News\",\"isPartOf\":{\"@id\":\"https:\/\/228news.tg\/#website\"},\"primaryImageOfPage\":{\"@id\":\"https:\/\/228news.tg\/index.php\/2024\/05\/23\/universite-de-lome-de-lelectricite-en-lair\/#primaryimage\"},\"image\":{\"@id\":\"https:\/\/228news.tg\/index.php\/2024\/05\/23\/universite-de-lome-de-lelectricite-en-lair\/#primaryimage\"},\"thumbnailUrl\":\"https:\/\/228news.tg\/wp-content\/uploads\/2024\/05\/IMG-20240522-WA0118-1.jpg\",\"datePublished\":\"2024-05-23T06:15:17+00:00\",\"breadcrumb\":{\"@id\":\"https:\/\/228news.tg\/index.php\/2024\/05\/23\/universite-de-lome-de-lelectricite-en-lair\/#breadcrumb\"},\"inLanguage\":\"fr-FR\",\"potentialAction\":[{\"@type\":\"ReadAction\",\"target\":[\"https:\/\/228news.tg\/index.php\/2024\/05\/23\/universite-de-lome-de-lelectricite-en-lair\/\"]}]},{\"@type\":\"ImageObject\",\"inLanguage\":\"fr-FR\",\"@id\":\"https:\/\/228news.tg\/index.php\/2024\/05\/23\/universite-de-lome-de-lelectricite-en-lair\/#primaryimage\",\"url\":\"https:\/\/228news.tg\/wp-content\/uploads\/2024\/05\/IMG-20240522-WA0118-1.jpg\",\"contentUrl\":\"https:\/\/228news.tg\/wp-content\/uploads\/2024\/05\/IMG-20240522-WA0118-1.jpg\",\"width\":275,\"height\":183},{\"@type\":\"BreadcrumbList\",\"@id\":\"https:\/\/228news.tg\/index.php\/2024\/05\/23\/universite-de-lome-de-lelectricite-en-lair\/#breadcrumb\",\"itemListElement\":[{\"@type\":\"ListItem\",\"position\":1,\"name\":\"Home\",\"item\":\"https:\/\/228news.tg\/\"},{\"@type\":\"ListItem\",\"position\":2,\"name\":\"Universit\u00e9 de Lom\u00e9: de l&rsquo;\u00e9lectricit\u00e9 en l&rsquo;air\"}]},{\"@type\":\"WebSite\",\"@id\":\"https:\/\/228news.tg\/#website\",\"url\":\"https:\/\/228news.tg\/\",\"name\":\"228 News\",\"description\":\"Soci\u00e9t\u00e9 de m\u00e9dias et d\u2019actualit\u00e9s\",\"publisher\":{\"@id\":\"https:\/\/228news.tg\/#organization\"},\"potentialAction\":[{\"@type\":\"SearchAction\",\"target\":{\"@type\":\"EntryPoint\",\"urlTemplate\":\"https:\/\/228news.tg\/?s={search_term_string}\"},\"query-input\":{\"@type\":\"PropertyValueSpecification\",\"valueRequired\":true,\"valueName\":\"search_term_string\"}}],\"inLanguage\":\"fr-FR\"},{\"@type\":\"Organization\",\"@id\":\"https:\/\/228news.tg\/#organization\",\"name\":\"228 News\",\"url\":\"https:\/\/228news.tg\/\",\"logo\":{\"@type\":\"ImageObject\",\"inLanguage\":\"fr-FR\",\"@id\":\"https:\/\/228news.tg\/#\/schema\/logo\/image\/\",\"url\":\"https:\/\/228news.tg\/wp-content\/uploads\/2024\/09\/logonew.png\",\"contentUrl\":\"https:\/\/228news.tg\/wp-content\/uploads\/2024\/09\/logonew.png\",\"width\":1640,\"height\":364,\"caption\":\"228 News\"},\"image\":{\"@id\":\"https:\/\/228news.tg\/#\/schema\/logo\/image\/\"}},{\"@type\":\"Person\",\"@id\":\"https:\/\/228news.tg\/#\/schema\/person\/68d5a6cc0230290e61235c8379523f52\",\"name\":\"Bienvenu SAVI\",\"image\":{\"@type\":\"ImageObject\",\"inLanguage\":\"fr-FR\",\"@id\":\"https:\/\/228news.tg\/#\/schema\/person\/image\/\",\"url\":\"https:\/\/secure.gravatar.com\/avatar\/9db91895c559e510509c33a3e9683998458e9b828fac36d5d1aa23f0f2fd369b?s=96&d=mm&r=g\",\"contentUrl\":\"https:\/\/secure.gravatar.com\/avatar\/9db91895c559e510509c33a3e9683998458e9b828fac36d5d1aa23f0f2fd369b?s=96&d=mm&r=g\",\"caption\":\"Bienvenu SAVI\"},\"url\":\"https:\/\/228news.tg\/index.php\/author\/bienvenu\/\"}]}<\/script>\n<!-- \/ Yoast SEO plugin. -->","yoast_head_json":{"title":"Universit\u00e9 de Lom\u00e9: de l'\u00e9lectricit\u00e9 en l'air - 228 News","robots":{"index":"index","follow":"follow","max-snippet":"max-snippet:-1","max-image-preview":"max-image-preview:large","max-video-preview":"max-video-preview:-1"},"canonical":"https:\/\/228news.tg\/index.php\/2024\/05\/23\/universite-de-lome-de-lelectricite-en-lair\/","og_locale":"fr_FR","og_type":"article","og_title":"Universit\u00e9 de Lom\u00e9: de l'\u00e9lectricit\u00e9 en l'air - 228 News","og_description":"Suite au mouvement des enseignants chercheurs et du personnel administratif le vendredi 17 Mai 2024, relatif \u00e0 la r\u00e9clamation du reliquat des accords de 2011 (10 mois d\u2019arri\u00e9r\u00e9s), le paiement du solde des augmentations de salaire de 5 % et 10 % offertes par le Chef de l\u2019Etat en 2020 et 2022 aux enseignants et ... Lire la suite","og_url":"https:\/\/228news.tg\/index.php\/2024\/05\/23\/universite-de-lome-de-lelectricite-en-lair\/","og_site_name":"228 News","article_published_time":"2024-05-23T06:15:17+00:00","og_image":[{"width":275,"height":183,"url":"https:\/\/228news.tg\/wp-content\/uploads\/2024\/05\/IMG-20240522-WA0118-1.jpg","type":"image\/jpeg"}],"author":"Bienvenu SAVI","twitter_card":"summary_large_image","twitter_misc":{"\u00c9crit par":"Bienvenu SAVI","Dur\u00e9e de lecture estim\u00e9e":"1 minute"},"schema":{"@context":"https:\/\/schema.org","@graph":[{"@type":"Article","@id":"https:\/\/228news.tg\/index.php\/2024\/05\/23\/universite-de-lome-de-lelectricite-en-lair\/#article","isPartOf":{"@id":"https:\/\/228news.tg\/index.php\/2024\/05\/23\/universite-de-lome-de-lelectricite-en-lair\/"},"author":{"name":"Bienvenu SAVI","@id":"https:\/\/228news.tg\/#\/schema\/person\/68d5a6cc0230290e61235c8379523f52"},"headline":"Universit\u00e9 de Lom\u00e9: de l&rsquo;\u00e9lectricit\u00e9 en l&rsquo;air","datePublished":"2024-05-23T06:15:17+00:00","mainEntityOfPage":{"@id":"https:\/\/228news.tg\/index.php\/2024\/05\/23\/universite-de-lome-de-lelectricite-en-lair\/"},"wordCount":275,"commentCount":0,"publisher":{"@id":"https:\/\/228news.tg\/#organization"},"image":{"@id":"https:\/\/228news.tg\/index.php\/2024\/05\/23\/universite-de-lome-de-lelectricite-en-lair\/#primaryimage"},"thumbnailUrl":"https:\/\/228news.tg\/wp-content\/uploads\/2024\/05\/IMG-20240522-WA0118-1.jpg","articleSection":["EDUCATION"],"inLanguage":"fr-FR","potentialAction":[{"@type":"CommentAction","name":"Comment","target":["https:\/\/228news.tg\/index.php\/2024\/05\/23\/universite-de-lome-de-lelectricite-en-lair\/#respond"]}]},{"@type":"WebPage","@id":"https:\/\/228news.tg\/index.php\/2024\/05\/23\/universite-de-lome-de-lelectricite-en-lair\/","url":"https:\/\/228news.tg\/index.php\/2024\/05\/23\/universite-de-lome-de-lelectricite-en-lair\/","name":"Universit\u00e9 de Lom\u00e9: de l'\u00e9lectricit\u00e9 en l'air - 228 News","isPartOf":{"@id":"https:\/\/228news.tg\/#website"},"primaryImageOfPage":{"@id":"https:\/\/228news.tg\/index.php\/2024\/05\/23\/universite-de-lome-de-lelectricite-en-lair\/#primaryimage"},"image":{"@id":"https:\/\/228news.tg\/index.php\/2024\/05\/23\/universite-de-lome-de-lelectricite-en-lair\/#primaryimage"},"thumbnailUrl":"https:\/\/228news.tg\/wp-content\/uploads\/2024\/05\/IMG-20240522-WA0118-1.jpg","datePublished":"2024-05-23T06:15:17+00:00","breadcrumb":{"@id":"https:\/\/228news.tg\/index.php\/2024\/05\/23\/universite-de-lome-de-lelectricite-en-lair\/#breadcrumb"},"inLanguage":"fr-FR","potentialAction":[{"@type":"ReadAction","target":["https:\/\/228news.tg\/index.php\/2024\/05\/23\/universite-de-lome-de-lelectricite-en-lair\/"]}]},{"@type":"ImageObject","inLanguage":"fr-FR","@id":"https:\/\/228news.tg\/index.php\/2024\/05\/23\/universite-de-lome-de-lelectricite-en-lair\/#primaryimage","url":"https:\/\/228news.tg\/wp-content\/uploads\/2024\/05\/IMG-20240522-WA0118-1.jpg","contentUrl":"https:\/\/228news.tg\/wp-content\/uploads\/2024\/05\/IMG-20240522-WA0118-1.jpg","width":275,"height":183},{"@type":"BreadcrumbList","@id":"https:\/\/228news.tg\/index.php\/2024\/05\/23\/universite-de-lome-de-lelectricite-en-lair\/#breadcrumb","itemListElement":[{"@type":"ListItem","position":1,"name":"Home","item":"https:\/\/228news.tg\/"},{"@type":"ListItem","position":2,"name":"Universit\u00e9 de Lom\u00e9: de l&rsquo;\u00e9lectricit\u00e9 en l&rsquo;air"}]},{"@type":"WebSite","@id":"https:\/\/228news.tg\/#website","url":"https:\/\/228news.tg\/","name":"228 News","description":"Soci\u00e9t\u00e9 de m\u00e9dias et d\u2019actualit\u00e9s","publisher":{"@id":"https:\/\/228news.tg\/#organization"},"potentialAction":[{"@type":"SearchAction","target":{"@type":"EntryPoint","urlTemplate":"https:\/\/228news.tg\/?s={search_term_string}"},"query-input":{"@type":"PropertyValueSpecification","valueRequired":true,"valueName":"search_term_string"}}],"inLanguage":"fr-FR"},{"@type":"Organization","@id":"https:\/\/228news.tg\/#organization","name":"228 News","url":"https:\/\/228news.tg\/","logo":{"@type":"ImageObject","inLanguage":"fr-FR","@id":"https:\/\/228news.tg\/#\/schema\/logo\/image\/","url":"https:\/\/228news.tg\/wp-content\/uploads\/2024\/09\/logonew.png","contentUrl":"https:\/\/228news.tg\/wp-content\/uploads\/2024\/09\/logonew.png","width":1640,"height":364,"caption":"228 News"},"image":{"@id":"https:\/\/228news.tg\/#\/schema\/logo\/image\/"}},{"@type":"Person","@id":"https:\/\/228news.tg\/#\/schema\/person\/68d5a6cc0230290e61235c8379523f52","name":"Bienvenu SAVI","image":{"@type":"ImageObject","inLanguage":"fr-FR","@id":"https:\/\/228news.tg\/#\/schema\/person\/image\/","url":"https:\/\/secure.gravatar.com\/avatar\/9db91895c559e510509c33a3e9683998458e9b828fac36d5d1aa23f0f2fd369b?s=96&d=mm&r=g","contentUrl":"https:\/\/secure.gravatar.com\/avatar\/9db91895c559e510509c33a3e9683998458e9b828fac36d5d1aa23f0f2fd369b?s=96&d=mm&r=g","caption":"Bienvenu SAVI"},"url":"https:\/\/228news.tg\/index.php\/author\/bienvenu\/"}]}},"jetpack_featured_media_url":"https:\/\/228news.tg\/wp-content\/uploads\/2024\/05\/IMG-20240522-WA0118-1.jpg","_links":{"self":[{"href":"https:\/\/228news.tg\/index.php\/wp-json\/wp\/v2\/posts\/13427","targetHints":{"allow":["GET"]}}],"collection":[{"href":"https:\/\/228news.tg\/index.php\/wp-json\/wp\/v2\/posts"}],"about":[{"href":"https:\/\/228news.tg\/index.php\/wp-json\/wp\/v2\/types\/post"}],"author":[{"embeddable":true,"href":"https:\/\/228news.tg\/index.php\/wp-json\/wp\/v2\/users\/2"}],"replies":[{"embeddable":true,"href":"https:\/\/228news.tg\/index.php\/wp-json\/wp\/v2\/comments?post=13427"}],"version-history":[{"count":0,"href":"https:\/\/228news.tg\/index.php\/wp-json\/wp\/v2\/posts\/13427\/revisions"}],"wp:featuredmedia":[{"embeddable":true,"href":"https:\/\/228news.tg\/index.php\/wp-json\/wp\/v2\/media\/13428"}],"wp:attachment":[{"href":"https:\/\/228news.tg\/index.php\/wp-json\/wp\/v2\/media?parent=13427"}],"wp:term":[{"taxonomy":"category","embeddable":true,"href":"https:\/\/228news.tg\/index.php\/wp-json\/wp\/v2\/categories?post=13427"},{"taxonomy":"post_tag","embeddable":true,"href":"https:\/\/228news.tg\/index.php\/wp-json\/wp\/v2\/tags?post=13427"}],"curies":[{"name":"wp","href":"https:\/\/api.w.org\/{rel}","templated":true}]}}