{"id":13356,"date":"2024-05-20T19:32:48","date_gmt":"2024-05-20T19:32:48","guid":{"rendered":"http:\/\/localhost\/site\/228news\/?p=13356"},"modified":"2024-05-20T19:32:48","modified_gmt":"2024-05-20T19:32:48","slug":"presidence-ul-une-cellule-de-crise-creee","status":"publish","type":"post","link":"https:\/\/228news.tg\/index.php\/2024\/05\/20\/presidence-ul-une-cellule-de-crise-creee\/","title":{"rendered":"Pr\u00e9sidence UL: une cellule de crise cr\u00e9\u00e9e"},"content":{"rendered":"<p>La Pr\u00e9sidence de l\u2019UL, tiendra une r\u00e9union des syndicats du personnel,enseignants et du ministre de tutelle.<\/p>\n<p>Suite au sit-in des enseignants du sup\u00e9rieur ce vendredi 17 Mai 2024, il ressort que les enseignants de cette universit\u00e9 publique r\u00e9clament le reliquat des accords de 2011 (10 mois d\u2019arri\u00e9r\u00e9s), ainsi que le paiement du solde des augmentations de salaire de 5 % et 10 % offertes par le Chef de l\u2019Etat en 2020 et 2022 aux enseignants et au personnel administratif et technique des Universit\u00e9s publiques du Togo (UPT) pour att\u00e9nuer la chert\u00e9 de la vie. Les enseignants et les personnels administratifs exigent \u00e9galement le r\u00e8glement d\u00e9finitif de la question des retrait\u00e9s et l\u2019annulation de l\u2019arr\u00eat\u00e9 portant affectation du Secr\u00e9taire G\u00e9n\u00e9ral du Syndicat de l\u2019enseignement sup\u00e9rieur du Togo (SEST) Dr Hounsi Ayi Djifa \u00e0 l\u2019Ecole normale sup\u00e9rieure (ENS). C&rsquo;est dans cette optique que l&rsquo;actuel pr\u00e9sident de l&rsquo;universit\u00e9 de Lom\u00e9, professeur Adama Kpodar,a annonc\u00e9 annonce une r\u00e9union de crise ce 20 Mai 2024, sur demain 21 Mai  2024.<\/p>\n<p>Dans l&rsquo;annonce, le pr\u00e9sident de l&rsquo;universit\u00e9 de Lom\u00e9 affirme que : \u00ab Les syndicats du personnel enseignant et de recherche, et du personnel administratif, technique et de service, sont convi\u00e9s \u00e0 une rencontre d\u2019\u00e9changes avec le Ministre de l\u2019enseignement sup\u00e9rieur et de la recherche, le mardi 21 mai 2024, \u00e0 l\u2019amphi 600, \u00e0 partir de 9 heures \u00bb<\/p>\n<p>Le pr\u00e9sident invite \u00e9galement les doyens de facult\u00e9s et les directeurs \u00e0 prendre part \u00e0 cette rencontre qui est \u00e9largie \u00e0 l\u2019ensemble du personnel enseignant et administratif, compte tenu de l\u2019importance des sujets qui seront \u00e9voqu\u00e9s.<\/p>\n<p>Par ailleurs, les gr\u00e9vistes rappellent aux autorit\u00e9s qu&rsquo;ils ont jusqu\u2019au mercredi 22 mai 2024 pour r\u00e9agir positivement. Dans le cas contraire, les manifestants observeront une cessation de travail les jeudi 23 et vendredi 24 mai et cel\u00e0 risque de paralyser les activit\u00e9s de l\u2019UL.<\/p>\n<p>Mo\u00efse AKAKPO<\/p>\n","protected":false},"excerpt":{"rendered":"<p>La Pr\u00e9sidence de l\u2019UL, tiendra une r\u00e9union des syndicats du personnel,enseignants et du ministre de tutelle. Suite au sit-in des enseignants du sup\u00e9rieur ce vendredi 17 Mai 2024, il ressort que les enseignants de cette universit\u00e9 publique r\u00e9clament le reliquat des accords de 2011 (10 mois d\u2019arri\u00e9r\u00e9s), ainsi que le paiement du solde des augmentations &#8230; <a title=\"Pr\u00e9sidence UL: une cellule de crise cr\u00e9\u00e9e\" class=\"read-more\" href=\"https:\/\/228news.tg\/index.php\/2024\/05\/20\/presidence-ul-une-cellule-de-crise-creee\/\" aria-label=\"En savoir plus sur Pr\u00e9sidence UL: une cellule de crise cr\u00e9\u00e9e\">Lire la suite<\/a><\/p>\n","protected":false},"author":2,"featured_media":13357,"comment_status":"open","ping_status":"open","sticky":false,"template":"","format":"chat","meta":{"footnotes":""},"categories":[28],"tags":[],"class_list":["post-13356","post","type-post","status-publish","format-chat","has-post-thumbnail","hentry","category-education","post_format-post-format-chat"],"yoast_head":"<!-- This site is optimized with the Yoast SEO plugin v26.4 - https:\/\/yoast.com\/wordpress\/plugins\/seo\/ -->\n<title>Pr\u00e9sidence UL: une cellule de crise cr\u00e9\u00e9e - 228 News<\/title>\n<meta name=\"robots\" content=\"index, follow, max-snippet:-1, max-image-preview:large, max-video-preview:-1\" \/>\n<link rel=\"canonical\" href=\"https:\/\/228news.tg\/index.php\/2024\/05\/20\/presidence-ul-une-cellule-de-crise-creee\/\" \/>\n<meta property=\"og:locale\" content=\"fr_FR\" \/>\n<meta property=\"og:type\" content=\"article\" \/>\n<meta property=\"og:title\" content=\"Pr\u00e9sidence UL: une cellule de crise cr\u00e9\u00e9e - 228 News\" \/>\n<meta property=\"og:description\" content=\"La Pr\u00e9sidence de l\u2019UL, tiendra une r\u00e9union des syndicats du personnel,enseignants et du ministre de tutelle. Suite au sit-in des enseignants du sup\u00e9rieur ce vendredi 17 Mai 2024, il ressort que les enseignants de cette universit\u00e9 publique r\u00e9clament le reliquat des accords de 2011 (10 mois d\u2019arri\u00e9r\u00e9s), ainsi que le paiement du solde des augmentations ... Lire la suite\" \/>\n<meta property=\"og:url\" content=\"https:\/\/228news.tg\/index.php\/2024\/05\/20\/presidence-ul-une-cellule-de-crise-creee\/\" \/>\n<meta property=\"og:site_name\" content=\"228 News\" \/>\n<meta property=\"article:published_time\" content=\"2024-05-20T19:32:48+00:00\" \/>\n<meta property=\"og:image\" content=\"https:\/\/228news.tg\/wp-content\/uploads\/2024\/05\/IMG-20240520-WA0046-1.jpg\" \/>\n\t<meta property=\"og:image:width\" content=\"480\" \/>\n\t<meta property=\"og:image:height\" content=\"270\" \/>\n\t<meta property=\"og:image:type\" content=\"image\/jpeg\" \/>\n<meta name=\"author\" content=\"Bienvenu SAVI\" \/>\n<meta name=\"twitter:card\" content=\"summary_large_image\" \/>\n<meta name=\"twitter:label1\" content=\"\u00c9crit par\" \/>\n\t<meta name=\"twitter:data1\" content=\"Bienvenu SAVI\" \/>\n\t<meta name=\"twitter:label2\" content=\"Dur\u00e9e de lecture estim\u00e9e\" \/>\n\t<meta name=\"twitter:data2\" content=\"2 minutes\" \/>\n<script type=\"application\/ld+json\" class=\"yoast-schema-graph\">{\"@context\":\"https:\/\/schema.org\",\"@graph\":[{\"@type\":\"Article\",\"@id\":\"https:\/\/228news.tg\/index.php\/2024\/05\/20\/presidence-ul-une-cellule-de-crise-creee\/#article\",\"isPartOf\":{\"@id\":\"https:\/\/228news.tg\/index.php\/2024\/05\/20\/presidence-ul-une-cellule-de-crise-creee\/\"},\"author\":{\"name\":\"Bienvenu SAVI\",\"@id\":\"https:\/\/228news.tg\/#\/schema\/person\/68d5a6cc0230290e61235c8379523f52\"},\"headline\":\"Pr\u00e9sidence UL: une cellule de crise cr\u00e9\u00e9e\",\"datePublished\":\"2024-05-20T19:32:48+00:00\",\"mainEntityOfPage\":{\"@id\":\"https:\/\/228news.tg\/index.php\/2024\/05\/20\/presidence-ul-une-cellule-de-crise-creee\/\"},\"wordCount\":334,\"commentCount\":0,\"publisher\":{\"@id\":\"https:\/\/228news.tg\/#organization\"},\"image\":{\"@id\":\"https:\/\/228news.tg\/index.php\/2024\/05\/20\/presidence-ul-une-cellule-de-crise-creee\/#primaryimage\"},\"thumbnailUrl\":\"https:\/\/228news.tg\/wp-content\/uploads\/2024\/05\/IMG-20240520-WA0046-1.jpg\",\"articleSection\":[\"EDUCATION\"],\"inLanguage\":\"fr-FR\",\"potentialAction\":[{\"@type\":\"CommentAction\",\"name\":\"Comment\",\"target\":[\"https:\/\/228news.tg\/index.php\/2024\/05\/20\/presidence-ul-une-cellule-de-crise-creee\/#respond\"]}]},{\"@type\":\"WebPage\",\"@id\":\"https:\/\/228news.tg\/index.php\/2024\/05\/20\/presidence-ul-une-cellule-de-crise-creee\/\",\"url\":\"https:\/\/228news.tg\/index.php\/2024\/05\/20\/presidence-ul-une-cellule-de-crise-creee\/\",\"name\":\"Pr\u00e9sidence UL: une cellule de crise cr\u00e9\u00e9e - 228 News\",\"isPartOf\":{\"@id\":\"https:\/\/228news.tg\/#website\"},\"primaryImageOfPage\":{\"@id\":\"https:\/\/228news.tg\/index.php\/2024\/05\/20\/presidence-ul-une-cellule-de-crise-creee\/#primaryimage\"},\"image\":{\"@id\":\"https:\/\/228news.tg\/index.php\/2024\/05\/20\/presidence-ul-une-cellule-de-crise-creee\/#primaryimage\"},\"thumbnailUrl\":\"https:\/\/228news.tg\/wp-content\/uploads\/2024\/05\/IMG-20240520-WA0046-1.jpg\",\"datePublished\":\"2024-05-20T19:32:48+00:00\",\"breadcrumb\":{\"@id\":\"https:\/\/228news.tg\/index.php\/2024\/05\/20\/presidence-ul-une-cellule-de-crise-creee\/#breadcrumb\"},\"inLanguage\":\"fr-FR\",\"potentialAction\":[{\"@type\":\"ReadAction\",\"target\":[\"https:\/\/228news.tg\/index.php\/2024\/05\/20\/presidence-ul-une-cellule-de-crise-creee\/\"]}]},{\"@type\":\"ImageObject\",\"inLanguage\":\"fr-FR\",\"@id\":\"https:\/\/228news.tg\/index.php\/2024\/05\/20\/presidence-ul-une-cellule-de-crise-creee\/#primaryimage\",\"url\":\"https:\/\/228news.tg\/wp-content\/uploads\/2024\/05\/IMG-20240520-WA0046-1.jpg\",\"contentUrl\":\"https:\/\/228news.tg\/wp-content\/uploads\/2024\/05\/IMG-20240520-WA0046-1.jpg\",\"width\":480,\"height\":270},{\"@type\":\"BreadcrumbList\",\"@id\":\"https:\/\/228news.tg\/index.php\/2024\/05\/20\/presidence-ul-une-cellule-de-crise-creee\/#breadcrumb\",\"itemListElement\":[{\"@type\":\"ListItem\",\"position\":1,\"name\":\"Home\",\"item\":\"https:\/\/228news.tg\/\"},{\"@type\":\"ListItem\",\"position\":2,\"name\":\"Pr\u00e9sidence UL: une cellule de crise cr\u00e9\u00e9e\"}]},{\"@type\":\"WebSite\",\"@id\":\"https:\/\/228news.tg\/#website\",\"url\":\"https:\/\/228news.tg\/\",\"name\":\"228 News\",\"description\":\"Soci\u00e9t\u00e9 de m\u00e9dias et d\u2019actualit\u00e9s\",\"publisher\":{\"@id\":\"https:\/\/228news.tg\/#organization\"},\"potentialAction\":[{\"@type\":\"SearchAction\",\"target\":{\"@type\":\"EntryPoint\",\"urlTemplate\":\"https:\/\/228news.tg\/?s={search_term_string}\"},\"query-input\":{\"@type\":\"PropertyValueSpecification\",\"valueRequired\":true,\"valueName\":\"search_term_string\"}}],\"inLanguage\":\"fr-FR\"},{\"@type\":\"Organization\",\"@id\":\"https:\/\/228news.tg\/#organization\",\"name\":\"228 News\",\"url\":\"https:\/\/228news.tg\/\",\"logo\":{\"@type\":\"ImageObject\",\"inLanguage\":\"fr-FR\",\"@id\":\"https:\/\/228news.tg\/#\/schema\/logo\/image\/\",\"url\":\"https:\/\/228news.tg\/wp-content\/uploads\/2024\/09\/logonew.png\",\"contentUrl\":\"https:\/\/228news.tg\/wp-content\/uploads\/2024\/09\/logonew.png\",\"width\":1640,\"height\":364,\"caption\":\"228 News\"},\"image\":{\"@id\":\"https:\/\/228news.tg\/#\/schema\/logo\/image\/\"}},{\"@type\":\"Person\",\"@id\":\"https:\/\/228news.tg\/#\/schema\/person\/68d5a6cc0230290e61235c8379523f52\",\"name\":\"Bienvenu SAVI\",\"image\":{\"@type\":\"ImageObject\",\"inLanguage\":\"fr-FR\",\"@id\":\"https:\/\/228news.tg\/#\/schema\/person\/image\/\",\"url\":\"https:\/\/secure.gravatar.com\/avatar\/9db91895c559e510509c33a3e9683998458e9b828fac36d5d1aa23f0f2fd369b?s=96&d=mm&r=g\",\"contentUrl\":\"https:\/\/secure.gravatar.com\/avatar\/9db91895c559e510509c33a3e9683998458e9b828fac36d5d1aa23f0f2fd369b?s=96&d=mm&r=g\",\"caption\":\"Bienvenu SAVI\"},\"url\":\"https:\/\/228news.tg\/index.php\/author\/bienvenu\/\"}]}<\/script>\n<!-- \/ Yoast SEO plugin. -->","yoast_head_json":{"title":"Pr\u00e9sidence UL: une cellule de crise cr\u00e9\u00e9e - 228 News","robots":{"index":"index","follow":"follow","max-snippet":"max-snippet:-1","max-image-preview":"max-image-preview:large","max-video-preview":"max-video-preview:-1"},"canonical":"https:\/\/228news.tg\/index.php\/2024\/05\/20\/presidence-ul-une-cellule-de-crise-creee\/","og_locale":"fr_FR","og_type":"article","og_title":"Pr\u00e9sidence UL: une cellule de crise cr\u00e9\u00e9e - 228 News","og_description":"La Pr\u00e9sidence de l\u2019UL, tiendra une r\u00e9union des syndicats du personnel,enseignants et du ministre de tutelle. Suite au sit-in des enseignants du sup\u00e9rieur ce vendredi 17 Mai 2024, il ressort que les enseignants de cette universit\u00e9 publique r\u00e9clament le reliquat des accords de 2011 (10 mois d\u2019arri\u00e9r\u00e9s), ainsi que le paiement du solde des augmentations ... Lire la suite","og_url":"https:\/\/228news.tg\/index.php\/2024\/05\/20\/presidence-ul-une-cellule-de-crise-creee\/","og_site_name":"228 News","article_published_time":"2024-05-20T19:32:48+00:00","og_image":[{"width":480,"height":270,"url":"https:\/\/228news.tg\/wp-content\/uploads\/2024\/05\/IMG-20240520-WA0046-1.jpg","type":"image\/jpeg"}],"author":"Bienvenu SAVI","twitter_card":"summary_large_image","twitter_misc":{"\u00c9crit par":"Bienvenu SAVI","Dur\u00e9e de lecture estim\u00e9e":"2 minutes"},"schema":{"@context":"https:\/\/schema.org","@graph":[{"@type":"Article","@id":"https:\/\/228news.tg\/index.php\/2024\/05\/20\/presidence-ul-une-cellule-de-crise-creee\/#article","isPartOf":{"@id":"https:\/\/228news.tg\/index.php\/2024\/05\/20\/presidence-ul-une-cellule-de-crise-creee\/"},"author":{"name":"Bienvenu SAVI","@id":"https:\/\/228news.tg\/#\/schema\/person\/68d5a6cc0230290e61235c8379523f52"},"headline":"Pr\u00e9sidence UL: une cellule de crise cr\u00e9\u00e9e","datePublished":"2024-05-20T19:32:48+00:00","mainEntityOfPage":{"@id":"https:\/\/228news.tg\/index.php\/2024\/05\/20\/presidence-ul-une-cellule-de-crise-creee\/"},"wordCount":334,"commentCount":0,"publisher":{"@id":"https:\/\/228news.tg\/#organization"},"image":{"@id":"https:\/\/228news.tg\/index.php\/2024\/05\/20\/presidence-ul-une-cellule-de-crise-creee\/#primaryimage"},"thumbnailUrl":"https:\/\/228news.tg\/wp-content\/uploads\/2024\/05\/IMG-20240520-WA0046-1.jpg","articleSection":["EDUCATION"],"inLanguage":"fr-FR","potentialAction":[{"@type":"CommentAction","name":"Comment","target":["https:\/\/228news.tg\/index.php\/2024\/05\/20\/presidence-ul-une-cellule-de-crise-creee\/#respond"]}]},{"@type":"WebPage","@id":"https:\/\/228news.tg\/index.php\/2024\/05\/20\/presidence-ul-une-cellule-de-crise-creee\/","url":"https:\/\/228news.tg\/index.php\/2024\/05\/20\/presidence-ul-une-cellule-de-crise-creee\/","name":"Pr\u00e9sidence UL: une cellule de crise cr\u00e9\u00e9e - 228 News","isPartOf":{"@id":"https:\/\/228news.tg\/#website"},"primaryImageOfPage":{"@id":"https:\/\/228news.tg\/index.php\/2024\/05\/20\/presidence-ul-une-cellule-de-crise-creee\/#primaryimage"},"image":{"@id":"https:\/\/228news.tg\/index.php\/2024\/05\/20\/presidence-ul-une-cellule-de-crise-creee\/#primaryimage"},"thumbnailUrl":"https:\/\/228news.tg\/wp-content\/uploads\/2024\/05\/IMG-20240520-WA0046-1.jpg","datePublished":"2024-05-20T19:32:48+00:00","breadcrumb":{"@id":"https:\/\/228news.tg\/index.php\/2024\/05\/20\/presidence-ul-une-cellule-de-crise-creee\/#breadcrumb"},"inLanguage":"fr-FR","potentialAction":[{"@type":"ReadAction","target":["https:\/\/228news.tg\/index.php\/2024\/05\/20\/presidence-ul-une-cellule-de-crise-creee\/"]}]},{"@type":"ImageObject","inLanguage":"fr-FR","@id":"https:\/\/228news.tg\/index.php\/2024\/05\/20\/presidence-ul-une-cellule-de-crise-creee\/#primaryimage","url":"https:\/\/228news.tg\/wp-content\/uploads\/2024\/05\/IMG-20240520-WA0046-1.jpg","contentUrl":"https:\/\/228news.tg\/wp-content\/uploads\/2024\/05\/IMG-20240520-WA0046-1.jpg","width":480,"height":270},{"@type":"BreadcrumbList","@id":"https:\/\/228news.tg\/index.php\/2024\/05\/20\/presidence-ul-une-cellule-de-crise-creee\/#breadcrumb","itemListElement":[{"@type":"ListItem","position":1,"name":"Home","item":"https:\/\/228news.tg\/"},{"@type":"ListItem","position":2,"name":"Pr\u00e9sidence UL: une cellule de crise cr\u00e9\u00e9e"}]},{"@type":"WebSite","@id":"https:\/\/228news.tg\/#website","url":"https:\/\/228news.tg\/","name":"228 News","description":"Soci\u00e9t\u00e9 de m\u00e9dias et d\u2019actualit\u00e9s","publisher":{"@id":"https:\/\/228news.tg\/#organization"},"potentialAction":[{"@type":"SearchAction","target":{"@type":"EntryPoint","urlTemplate":"https:\/\/228news.tg\/?s={search_term_string}"},"query-input":{"@type":"PropertyValueSpecification","valueRequired":true,"valueName":"search_term_string"}}],"inLanguage":"fr-FR"},{"@type":"Organization","@id":"https:\/\/228news.tg\/#organization","name":"228 News","url":"https:\/\/228news.tg\/","logo":{"@type":"ImageObject","inLanguage":"fr-FR","@id":"https:\/\/228news.tg\/#\/schema\/logo\/image\/","url":"https:\/\/228news.tg\/wp-content\/uploads\/2024\/09\/logonew.png","contentUrl":"https:\/\/228news.tg\/wp-content\/uploads\/2024\/09\/logonew.png","width":1640,"height":364,"caption":"228 News"},"image":{"@id":"https:\/\/228news.tg\/#\/schema\/logo\/image\/"}},{"@type":"Person","@id":"https:\/\/228news.tg\/#\/schema\/person\/68d5a6cc0230290e61235c8379523f52","name":"Bienvenu SAVI","image":{"@type":"ImageObject","inLanguage":"fr-FR","@id":"https:\/\/228news.tg\/#\/schema\/person\/image\/","url":"https:\/\/secure.gravatar.com\/avatar\/9db91895c559e510509c33a3e9683998458e9b828fac36d5d1aa23f0f2fd369b?s=96&d=mm&r=g","contentUrl":"https:\/\/secure.gravatar.com\/avatar\/9db91895c559e510509c33a3e9683998458e9b828fac36d5d1aa23f0f2fd369b?s=96&d=mm&r=g","caption":"Bienvenu SAVI"},"url":"https:\/\/228news.tg\/index.php\/author\/bienvenu\/"}]}},"jetpack_featured_media_url":"https:\/\/228news.tg\/wp-content\/uploads\/2024\/05\/IMG-20240520-WA0046-1.jpg","_links":{"self":[{"href":"https:\/\/228news.tg\/index.php\/wp-json\/wp\/v2\/posts\/13356","targetHints":{"allow":["GET"]}}],"collection":[{"href":"https:\/\/228news.tg\/index.php\/wp-json\/wp\/v2\/posts"}],"about":[{"href":"https:\/\/228news.tg\/index.php\/wp-json\/wp\/v2\/types\/post"}],"author":[{"embeddable":true,"href":"https:\/\/228news.tg\/index.php\/wp-json\/wp\/v2\/users\/2"}],"replies":[{"embeddable":true,"href":"https:\/\/228news.tg\/index.php\/wp-json\/wp\/v2\/comments?post=13356"}],"version-history":[{"count":0,"href":"https:\/\/228news.tg\/index.php\/wp-json\/wp\/v2\/posts\/13356\/revisions"}],"wp:featuredmedia":[{"embeddable":true,"href":"https:\/\/228news.tg\/index.php\/wp-json\/wp\/v2\/media\/13357"}],"wp:attachment":[{"href":"https:\/\/228news.tg\/index.php\/wp-json\/wp\/v2\/media?parent=13356"}],"wp:term":[{"taxonomy":"category","embeddable":true,"href":"https:\/\/228news.tg\/index.php\/wp-json\/wp\/v2\/categories?post=13356"},{"taxonomy":"post_tag","embeddable":true,"href":"https:\/\/228news.tg\/index.php\/wp-json\/wp\/v2\/tags?post=13356"}],"curies":[{"name":"wp","href":"https:\/\/api.w.org\/{rel}","templated":true}]}}