{"id":13353,"date":"2024-05-20T19:11:25","date_gmt":"2024-05-20T19:11:25","guid":{"rendered":"http:\/\/localhost\/site\/228news\/?p=13353"},"modified":"2024-05-20T19:11:25","modified_gmt":"2024-05-20T19:11:25","slug":"niger-accord-pour-le-retrait-des-forces-americaines","status":"publish","type":"post","link":"https:\/\/228news.tg\/index.php\/2024\/05\/20\/niger-accord-pour-le-retrait-des-forces-americaines\/","title":{"rendered":"NIGER: accord pour le retrait des forces am\u00e9ricaines"},"content":{"rendered":"<p>Selon un communiqu\u00e9 rendu public ce dimanche 19 Mai 2024, le Minist\u00e8re de la D\u00e9fense Nationale du Niger et le D\u00e9partement de la D\u00e9fense des \u00c9tats-Unis ont trouv\u00e9 un accord de d\u00e9sengagement pour effectuer le retrait des forces am\u00e9ricaines, qui a d\u00e9j\u00e0 commenc\u00e9. Il est ainsi convenu que ce d\u00e9sengagement se terminera au plus tard le 15 septembre 2024.<\/p>\n<p>Les informations relatent que les repr\u00e9sentants du Minist\u00e8re de la D\u00e9fense Nationale de la R\u00e9publique du Niger et du D\u00e9partement de la D\u00e9fense des \u00c9tats-Unis se sont r\u00e9unis, du 15 au 19 mai 2024, \u00e0 Niamey, au Niger, dans le cadre d\u2019une Commission Mixte de D\u00e9sengagement, pour coordonner le retrait en bon ordre et en toute s\u00e9curit\u00e9 des forces am\u00e9ricaines du Niger.<\/p>\n<p>Dans la transparence et le respect mutuel, les deux d\u00e9l\u00e9gations ont confirm\u00e9 les garanties de protection et de s\u00e9curit\u00e9 aux forces am\u00e9ricaines durant leur retrait.<\/p>\n<p>Les d\u00e9l\u00e9gations ont \u00e9galement \u00e9tabli des proc\u00e9dures pour faciliter l\u2019entr\u00e9e et la sortie du personnel am\u00e9ricain, y compris les autorisations de survol et d\u2019atterrissage pour les vols militaires.<\/p>\n<p>Par ailleurs, le Minist\u00e8re de la D\u00e9fense Nationale du Niger et le D\u00e9partement de la D\u00e9fense des \u00c9tats-Unis rappellent les sacrifices communs des Forces nig\u00e9riennes et am\u00e9ricaines dans le cadre de la lutte contre le terrorisme et se f\u00e9licitent des efforts mutuels consentis dans la mont\u00e9e en puissance des forces arm\u00e9es nig\u00e9riennes. Les Parties s\u2019engagent \u00e0 poursuivre la coop\u00e9ration dans les domaines d\u2019int\u00e9r\u00eats communs.<\/p>\n<p>Il est \u00e0 noter que le retrait des forces am\u00e9ricaines du Niger n\u2019entache en rien la poursuite des relations entre les Etats- Unis et le Niger dans le domaine du d\u00e9veloppement. Aussi, le Niger et les Etats-Unis s\u2019engagent \u00e0 un dialogue diplomatique continu pour d\u00e9finir l\u2019avenir de leurs relations bilat\u00e9rales.<\/p>\n<p>Mo\u00efse AKAKPO<\/p>\n","protected":false},"excerpt":{"rendered":"<p>Selon un communiqu\u00e9 rendu public ce dimanche 19 Mai 2024, le Minist\u00e8re de la D\u00e9fense Nationale du Niger et le D\u00e9partement de la D\u00e9fense des \u00c9tats-Unis ont trouv\u00e9 un accord de d\u00e9sengagement pour effectuer le retrait des forces am\u00e9ricaines, qui a d\u00e9j\u00e0 commenc\u00e9. Il est ainsi convenu que ce d\u00e9sengagement se terminera au plus tard &#8230; <a title=\"NIGER: accord pour le retrait des forces am\u00e9ricaines\" class=\"read-more\" href=\"https:\/\/228news.tg\/index.php\/2024\/05\/20\/niger-accord-pour-le-retrait-des-forces-americaines\/\" aria-label=\"En savoir plus sur NIGER: accord pour le retrait des forces am\u00e9ricaines\">Lire la suite<\/a><\/p>\n","protected":false},"author":2,"featured_media":13354,"comment_status":"open","ping_status":"open","sticky":false,"template":"","format":"chat","meta":{"footnotes":""},"categories":[26],"tags":[],"class_list":["post-13353","post","type-post","status-publish","format-chat","has-post-thumbnail","hentry","category-afrique","post_format-post-format-chat"],"yoast_head":"<!-- This site is optimized with the Yoast SEO plugin v26.4 - https:\/\/yoast.com\/wordpress\/plugins\/seo\/ -->\n<title>NIGER: accord pour le retrait des forces am\u00e9ricaines - 228 News<\/title>\n<meta name=\"robots\" content=\"index, follow, max-snippet:-1, max-image-preview:large, max-video-preview:-1\" \/>\n<link rel=\"canonical\" href=\"https:\/\/228news.tg\/index.php\/2024\/05\/20\/niger-accord-pour-le-retrait-des-forces-americaines\/\" \/>\n<meta property=\"og:locale\" content=\"fr_FR\" \/>\n<meta property=\"og:type\" content=\"article\" \/>\n<meta property=\"og:title\" content=\"NIGER: accord pour le retrait des forces am\u00e9ricaines - 228 News\" \/>\n<meta property=\"og:description\" content=\"Selon un communiqu\u00e9 rendu public ce dimanche 19 Mai 2024, le Minist\u00e8re de la D\u00e9fense Nationale du Niger et le D\u00e9partement de la D\u00e9fense des \u00c9tats-Unis ont trouv\u00e9 un accord de d\u00e9sengagement pour effectuer le retrait des forces am\u00e9ricaines, qui a d\u00e9j\u00e0 commenc\u00e9. Il est ainsi convenu que ce d\u00e9sengagement se terminera au plus tard ... Lire la suite\" \/>\n<meta property=\"og:url\" content=\"https:\/\/228news.tg\/index.php\/2024\/05\/20\/niger-accord-pour-le-retrait-des-forces-americaines\/\" \/>\n<meta property=\"og:site_name\" content=\"228 News\" \/>\n<meta property=\"article:published_time\" content=\"2024-05-20T19:11:25+00:00\" \/>\n<meta property=\"og:image\" content=\"https:\/\/228news.tg\/wp-content\/uploads\/2024\/05\/IMG-20240520-WA0028-1.jpg\" \/>\n\t<meta property=\"og:image:width\" content=\"822\" \/>\n\t<meta property=\"og:image:height\" content=\"484\" \/>\n\t<meta property=\"og:image:type\" content=\"image\/jpeg\" \/>\n<meta name=\"author\" content=\"Bienvenu SAVI\" \/>\n<meta name=\"twitter:card\" content=\"summary_large_image\" \/>\n<meta name=\"twitter:label1\" content=\"\u00c9crit par\" \/>\n\t<meta name=\"twitter:data1\" content=\"Bienvenu SAVI\" \/>\n\t<meta name=\"twitter:label2\" content=\"Dur\u00e9e de lecture estim\u00e9e\" \/>\n\t<meta name=\"twitter:data2\" content=\"2 minutes\" \/>\n<script type=\"application\/ld+json\" class=\"yoast-schema-graph\">{\"@context\":\"https:\/\/schema.org\",\"@graph\":[{\"@type\":\"Article\",\"@id\":\"https:\/\/228news.tg\/index.php\/2024\/05\/20\/niger-accord-pour-le-retrait-des-forces-americaines\/#article\",\"isPartOf\":{\"@id\":\"https:\/\/228news.tg\/index.php\/2024\/05\/20\/niger-accord-pour-le-retrait-des-forces-americaines\/\"},\"author\":{\"name\":\"Bienvenu SAVI\",\"@id\":\"https:\/\/228news.tg\/#\/schema\/person\/68d5a6cc0230290e61235c8379523f52\"},\"headline\":\"NIGER: accord pour le retrait des forces am\u00e9ricaines\",\"datePublished\":\"2024-05-20T19:11:25+00:00\",\"mainEntityOfPage\":{\"@id\":\"https:\/\/228news.tg\/index.php\/2024\/05\/20\/niger-accord-pour-le-retrait-des-forces-americaines\/\"},\"wordCount\":341,\"commentCount\":0,\"publisher\":{\"@id\":\"https:\/\/228news.tg\/#organization\"},\"image\":{\"@id\":\"https:\/\/228news.tg\/index.php\/2024\/05\/20\/niger-accord-pour-le-retrait-des-forces-americaines\/#primaryimage\"},\"thumbnailUrl\":\"https:\/\/228news.tg\/wp-content\/uploads\/2024\/05\/IMG-20240520-WA0028-1.jpg\",\"articleSection\":[\"AFRIQUE\"],\"inLanguage\":\"fr-FR\",\"potentialAction\":[{\"@type\":\"CommentAction\",\"name\":\"Comment\",\"target\":[\"https:\/\/228news.tg\/index.php\/2024\/05\/20\/niger-accord-pour-le-retrait-des-forces-americaines\/#respond\"]}]},{\"@type\":\"WebPage\",\"@id\":\"https:\/\/228news.tg\/index.php\/2024\/05\/20\/niger-accord-pour-le-retrait-des-forces-americaines\/\",\"url\":\"https:\/\/228news.tg\/index.php\/2024\/05\/20\/niger-accord-pour-le-retrait-des-forces-americaines\/\",\"name\":\"NIGER: accord pour le retrait des forces am\u00e9ricaines - 228 News\",\"isPartOf\":{\"@id\":\"https:\/\/228news.tg\/#website\"},\"primaryImageOfPage\":{\"@id\":\"https:\/\/228news.tg\/index.php\/2024\/05\/20\/niger-accord-pour-le-retrait-des-forces-americaines\/#primaryimage\"},\"image\":{\"@id\":\"https:\/\/228news.tg\/index.php\/2024\/05\/20\/niger-accord-pour-le-retrait-des-forces-americaines\/#primaryimage\"},\"thumbnailUrl\":\"https:\/\/228news.tg\/wp-content\/uploads\/2024\/05\/IMG-20240520-WA0028-1.jpg\",\"datePublished\":\"2024-05-20T19:11:25+00:00\",\"breadcrumb\":{\"@id\":\"https:\/\/228news.tg\/index.php\/2024\/05\/20\/niger-accord-pour-le-retrait-des-forces-americaines\/#breadcrumb\"},\"inLanguage\":\"fr-FR\",\"potentialAction\":[{\"@type\":\"ReadAction\",\"target\":[\"https:\/\/228news.tg\/index.php\/2024\/05\/20\/niger-accord-pour-le-retrait-des-forces-americaines\/\"]}]},{\"@type\":\"ImageObject\",\"inLanguage\":\"fr-FR\",\"@id\":\"https:\/\/228news.tg\/index.php\/2024\/05\/20\/niger-accord-pour-le-retrait-des-forces-americaines\/#primaryimage\",\"url\":\"https:\/\/228news.tg\/wp-content\/uploads\/2024\/05\/IMG-20240520-WA0028-1.jpg\",\"contentUrl\":\"https:\/\/228news.tg\/wp-content\/uploads\/2024\/05\/IMG-20240520-WA0028-1.jpg\",\"width\":822,\"height\":484},{\"@type\":\"BreadcrumbList\",\"@id\":\"https:\/\/228news.tg\/index.php\/2024\/05\/20\/niger-accord-pour-le-retrait-des-forces-americaines\/#breadcrumb\",\"itemListElement\":[{\"@type\":\"ListItem\",\"position\":1,\"name\":\"Home\",\"item\":\"https:\/\/228news.tg\/\"},{\"@type\":\"ListItem\",\"position\":2,\"name\":\"NIGER: accord pour le retrait des forces am\u00e9ricaines\"}]},{\"@type\":\"WebSite\",\"@id\":\"https:\/\/228news.tg\/#website\",\"url\":\"https:\/\/228news.tg\/\",\"name\":\"228 News\",\"description\":\"Soci\u00e9t\u00e9 de m\u00e9dias et d\u2019actualit\u00e9s\",\"publisher\":{\"@id\":\"https:\/\/228news.tg\/#organization\"},\"potentialAction\":[{\"@type\":\"SearchAction\",\"target\":{\"@type\":\"EntryPoint\",\"urlTemplate\":\"https:\/\/228news.tg\/?s={search_term_string}\"},\"query-input\":{\"@type\":\"PropertyValueSpecification\",\"valueRequired\":true,\"valueName\":\"search_term_string\"}}],\"inLanguage\":\"fr-FR\"},{\"@type\":\"Organization\",\"@id\":\"https:\/\/228news.tg\/#organization\",\"name\":\"228 News\",\"url\":\"https:\/\/228news.tg\/\",\"logo\":{\"@type\":\"ImageObject\",\"inLanguage\":\"fr-FR\",\"@id\":\"https:\/\/228news.tg\/#\/schema\/logo\/image\/\",\"url\":\"https:\/\/228news.tg\/wp-content\/uploads\/2024\/09\/logonew.png\",\"contentUrl\":\"https:\/\/228news.tg\/wp-content\/uploads\/2024\/09\/logonew.png\",\"width\":1640,\"height\":364,\"caption\":\"228 News\"},\"image\":{\"@id\":\"https:\/\/228news.tg\/#\/schema\/logo\/image\/\"}},{\"@type\":\"Person\",\"@id\":\"https:\/\/228news.tg\/#\/schema\/person\/68d5a6cc0230290e61235c8379523f52\",\"name\":\"Bienvenu SAVI\",\"image\":{\"@type\":\"ImageObject\",\"inLanguage\":\"fr-FR\",\"@id\":\"https:\/\/228news.tg\/#\/schema\/person\/image\/\",\"url\":\"https:\/\/secure.gravatar.com\/avatar\/9db91895c559e510509c33a3e9683998458e9b828fac36d5d1aa23f0f2fd369b?s=96&d=mm&r=g\",\"contentUrl\":\"https:\/\/secure.gravatar.com\/avatar\/9db91895c559e510509c33a3e9683998458e9b828fac36d5d1aa23f0f2fd369b?s=96&d=mm&r=g\",\"caption\":\"Bienvenu SAVI\"},\"url\":\"https:\/\/228news.tg\/index.php\/author\/bienvenu\/\"}]}<\/script>\n<!-- \/ Yoast SEO plugin. -->","yoast_head_json":{"title":"NIGER: accord pour le retrait des forces am\u00e9ricaines - 228 News","robots":{"index":"index","follow":"follow","max-snippet":"max-snippet:-1","max-image-preview":"max-image-preview:large","max-video-preview":"max-video-preview:-1"},"canonical":"https:\/\/228news.tg\/index.php\/2024\/05\/20\/niger-accord-pour-le-retrait-des-forces-americaines\/","og_locale":"fr_FR","og_type":"article","og_title":"NIGER: accord pour le retrait des forces am\u00e9ricaines - 228 News","og_description":"Selon un communiqu\u00e9 rendu public ce dimanche 19 Mai 2024, le Minist\u00e8re de la D\u00e9fense Nationale du Niger et le D\u00e9partement de la D\u00e9fense des \u00c9tats-Unis ont trouv\u00e9 un accord de d\u00e9sengagement pour effectuer le retrait des forces am\u00e9ricaines, qui a d\u00e9j\u00e0 commenc\u00e9. Il est ainsi convenu que ce d\u00e9sengagement se terminera au plus tard ... Lire la suite","og_url":"https:\/\/228news.tg\/index.php\/2024\/05\/20\/niger-accord-pour-le-retrait-des-forces-americaines\/","og_site_name":"228 News","article_published_time":"2024-05-20T19:11:25+00:00","og_image":[{"width":822,"height":484,"url":"https:\/\/228news.tg\/wp-content\/uploads\/2024\/05\/IMG-20240520-WA0028-1.jpg","type":"image\/jpeg"}],"author":"Bienvenu SAVI","twitter_card":"summary_large_image","twitter_misc":{"\u00c9crit par":"Bienvenu SAVI","Dur\u00e9e de lecture estim\u00e9e":"2 minutes"},"schema":{"@context":"https:\/\/schema.org","@graph":[{"@type":"Article","@id":"https:\/\/228news.tg\/index.php\/2024\/05\/20\/niger-accord-pour-le-retrait-des-forces-americaines\/#article","isPartOf":{"@id":"https:\/\/228news.tg\/index.php\/2024\/05\/20\/niger-accord-pour-le-retrait-des-forces-americaines\/"},"author":{"name":"Bienvenu SAVI","@id":"https:\/\/228news.tg\/#\/schema\/person\/68d5a6cc0230290e61235c8379523f52"},"headline":"NIGER: accord pour le retrait des forces am\u00e9ricaines","datePublished":"2024-05-20T19:11:25+00:00","mainEntityOfPage":{"@id":"https:\/\/228news.tg\/index.php\/2024\/05\/20\/niger-accord-pour-le-retrait-des-forces-americaines\/"},"wordCount":341,"commentCount":0,"publisher":{"@id":"https:\/\/228news.tg\/#organization"},"image":{"@id":"https:\/\/228news.tg\/index.php\/2024\/05\/20\/niger-accord-pour-le-retrait-des-forces-americaines\/#primaryimage"},"thumbnailUrl":"https:\/\/228news.tg\/wp-content\/uploads\/2024\/05\/IMG-20240520-WA0028-1.jpg","articleSection":["AFRIQUE"],"inLanguage":"fr-FR","potentialAction":[{"@type":"CommentAction","name":"Comment","target":["https:\/\/228news.tg\/index.php\/2024\/05\/20\/niger-accord-pour-le-retrait-des-forces-americaines\/#respond"]}]},{"@type":"WebPage","@id":"https:\/\/228news.tg\/index.php\/2024\/05\/20\/niger-accord-pour-le-retrait-des-forces-americaines\/","url":"https:\/\/228news.tg\/index.php\/2024\/05\/20\/niger-accord-pour-le-retrait-des-forces-americaines\/","name":"NIGER: accord pour le retrait des forces am\u00e9ricaines - 228 News","isPartOf":{"@id":"https:\/\/228news.tg\/#website"},"primaryImageOfPage":{"@id":"https:\/\/228news.tg\/index.php\/2024\/05\/20\/niger-accord-pour-le-retrait-des-forces-americaines\/#primaryimage"},"image":{"@id":"https:\/\/228news.tg\/index.php\/2024\/05\/20\/niger-accord-pour-le-retrait-des-forces-americaines\/#primaryimage"},"thumbnailUrl":"https:\/\/228news.tg\/wp-content\/uploads\/2024\/05\/IMG-20240520-WA0028-1.jpg","datePublished":"2024-05-20T19:11:25+00:00","breadcrumb":{"@id":"https:\/\/228news.tg\/index.php\/2024\/05\/20\/niger-accord-pour-le-retrait-des-forces-americaines\/#breadcrumb"},"inLanguage":"fr-FR","potentialAction":[{"@type":"ReadAction","target":["https:\/\/228news.tg\/index.php\/2024\/05\/20\/niger-accord-pour-le-retrait-des-forces-americaines\/"]}]},{"@type":"ImageObject","inLanguage":"fr-FR","@id":"https:\/\/228news.tg\/index.php\/2024\/05\/20\/niger-accord-pour-le-retrait-des-forces-americaines\/#primaryimage","url":"https:\/\/228news.tg\/wp-content\/uploads\/2024\/05\/IMG-20240520-WA0028-1.jpg","contentUrl":"https:\/\/228news.tg\/wp-content\/uploads\/2024\/05\/IMG-20240520-WA0028-1.jpg","width":822,"height":484},{"@type":"BreadcrumbList","@id":"https:\/\/228news.tg\/index.php\/2024\/05\/20\/niger-accord-pour-le-retrait-des-forces-americaines\/#breadcrumb","itemListElement":[{"@type":"ListItem","position":1,"name":"Home","item":"https:\/\/228news.tg\/"},{"@type":"ListItem","position":2,"name":"NIGER: accord pour le retrait des forces am\u00e9ricaines"}]},{"@type":"WebSite","@id":"https:\/\/228news.tg\/#website","url":"https:\/\/228news.tg\/","name":"228 News","description":"Soci\u00e9t\u00e9 de m\u00e9dias et d\u2019actualit\u00e9s","publisher":{"@id":"https:\/\/228news.tg\/#organization"},"potentialAction":[{"@type":"SearchAction","target":{"@type":"EntryPoint","urlTemplate":"https:\/\/228news.tg\/?s={search_term_string}"},"query-input":{"@type":"PropertyValueSpecification","valueRequired":true,"valueName":"search_term_string"}}],"inLanguage":"fr-FR"},{"@type":"Organization","@id":"https:\/\/228news.tg\/#organization","name":"228 News","url":"https:\/\/228news.tg\/","logo":{"@type":"ImageObject","inLanguage":"fr-FR","@id":"https:\/\/228news.tg\/#\/schema\/logo\/image\/","url":"https:\/\/228news.tg\/wp-content\/uploads\/2024\/09\/logonew.png","contentUrl":"https:\/\/228news.tg\/wp-content\/uploads\/2024\/09\/logonew.png","width":1640,"height":364,"caption":"228 News"},"image":{"@id":"https:\/\/228news.tg\/#\/schema\/logo\/image\/"}},{"@type":"Person","@id":"https:\/\/228news.tg\/#\/schema\/person\/68d5a6cc0230290e61235c8379523f52","name":"Bienvenu SAVI","image":{"@type":"ImageObject","inLanguage":"fr-FR","@id":"https:\/\/228news.tg\/#\/schema\/person\/image\/","url":"https:\/\/secure.gravatar.com\/avatar\/9db91895c559e510509c33a3e9683998458e9b828fac36d5d1aa23f0f2fd369b?s=96&d=mm&r=g","contentUrl":"https:\/\/secure.gravatar.com\/avatar\/9db91895c559e510509c33a3e9683998458e9b828fac36d5d1aa23f0f2fd369b?s=96&d=mm&r=g","caption":"Bienvenu SAVI"},"url":"https:\/\/228news.tg\/index.php\/author\/bienvenu\/"}]}},"jetpack_featured_media_url":"https:\/\/228news.tg\/wp-content\/uploads\/2024\/05\/IMG-20240520-WA0028-1.jpg","_links":{"self":[{"href":"https:\/\/228news.tg\/index.php\/wp-json\/wp\/v2\/posts\/13353","targetHints":{"allow":["GET"]}}],"collection":[{"href":"https:\/\/228news.tg\/index.php\/wp-json\/wp\/v2\/posts"}],"about":[{"href":"https:\/\/228news.tg\/index.php\/wp-json\/wp\/v2\/types\/post"}],"author":[{"embeddable":true,"href":"https:\/\/228news.tg\/index.php\/wp-json\/wp\/v2\/users\/2"}],"replies":[{"embeddable":true,"href":"https:\/\/228news.tg\/index.php\/wp-json\/wp\/v2\/comments?post=13353"}],"version-history":[{"count":0,"href":"https:\/\/228news.tg\/index.php\/wp-json\/wp\/v2\/posts\/13353\/revisions"}],"wp:featuredmedia":[{"embeddable":true,"href":"https:\/\/228news.tg\/index.php\/wp-json\/wp\/v2\/media\/13354"}],"wp:attachment":[{"href":"https:\/\/228news.tg\/index.php\/wp-json\/wp\/v2\/media?parent=13353"}],"wp:term":[{"taxonomy":"category","embeddable":true,"href":"https:\/\/228news.tg\/index.php\/wp-json\/wp\/v2\/categories?post=13353"},{"taxonomy":"post_tag","embeddable":true,"href":"https:\/\/228news.tg\/index.php\/wp-json\/wp\/v2\/tags?post=13353"}],"curies":[{"name":"wp","href":"https:\/\/api.w.org\/{rel}","templated":true}]}}