{"id":13350,"date":"2024-05-20T15:00:33","date_gmt":"2024-05-20T15:00:33","guid":{"rendered":"http:\/\/localhost\/site\/228news\/?p=13350"},"modified":"2024-05-20T15:00:33","modified_gmt":"2024-05-20T15:00:33","slug":"iran-crash-lappareil-localise","status":"publish","type":"post","link":"https:\/\/228news.tg\/index.php\/2024\/05\/20\/iran-crash-lappareil-localise\/","title":{"rendered":"IRAN\/crash : l&rsquo;appareil localis\u00e9"},"content":{"rendered":"<p>l&rsquo;h\u00e9licopt\u00e8re transportant le pr\u00e9sident Ebrahim Ra\u00efssi et son ministre des affaires \u00e9trang\u00e8res est enfin localis\u00e9.<\/p>\n<p>Suite au crash survenu \u00e0 l&rsquo;Iran ce dimanche 19 Mai, il a \u00e9t\u00e9 retrouv\u00e9 mort le pr\u00e9sident iranien  Ebrahim Ra\u00efssi et son ministre des affaires \u00e9trang\u00e8res, Hossein Amir-Abdollahian dans une zone montagneuse pr\u00e8s de la fronti\u00e8re azerba\u00efdjanaise vers 6h 00 apr\u00e8s localisation.<\/p>\n<p>Rappelons que le pr\u00e9sident iranien avait inaugur\u00e9 dans la province un barrage, en compagnie de son homologue \u00e0 la fronti\u00e8re avec l\u2019Azerba\u00efdjan.<\/p>\n<p>\u00ab\u00c0 ce stade, il n\u2019y a aucun signe que les passagers de l\u2019h\u00e9licopt\u00e8re soient en vie\u00bb, a inform\u00e9 la t\u00e9l\u00e9vision d\u2019\u00c9tat iranienne. Les d\u00e9bris de l\u2019h\u00e9licopt\u00e8re, qui transportaient le pr\u00e9sident et du ministre des affaires \u00e9trang\u00e8res ont \u00e9t\u00e9 rep\u00e9r\u00e9s sur le flanc d\u2019une montagne contre lequel il s\u2019est \u00e9cras\u00e9.<\/p>\n<p>\u00c2ge de 63 ans, l\u2019ayatollah Ebrahim Ra\u00efssi est un ultraconservateur. Il se d\u00e9crivait comme d\u00e9fenseur des classes d\u00e9favoris\u00e9es et de la lutte contre la corruption. Ebrahim Ra\u00efssi a \u00e9t\u00e9 \u00e9lu pr\u00e9sident le 18 juin 2021, succ\u00e9dant \u00e0 Hassan Rohani, qui l\u2019avait battu \u00e0 la pr\u00e9sidentielle de 2017.<\/p>\n<p>Mo\u00efse AKAKPO<\/p>\n","protected":false},"excerpt":{"rendered":"<p>l&rsquo;h\u00e9licopt\u00e8re transportant le pr\u00e9sident Ebrahim Ra\u00efssi et son ministre des affaires \u00e9trang\u00e8res est enfin localis\u00e9. Suite au crash survenu \u00e0 l&rsquo;Iran ce dimanche 19 Mai, il a \u00e9t\u00e9 retrouv\u00e9 mort le pr\u00e9sident iranien Ebrahim Ra\u00efssi et son ministre des affaires \u00e9trang\u00e8res, Hossein Amir-Abdollahian dans une zone montagneuse pr\u00e8s de la fronti\u00e8re azerba\u00efdjanaise vers 6h 00 &#8230; <a title=\"IRAN\/crash : l&rsquo;appareil localis\u00e9\" class=\"read-more\" href=\"https:\/\/228news.tg\/index.php\/2024\/05\/20\/iran-crash-lappareil-localise\/\" aria-label=\"En savoir plus sur IRAN\/crash : l&rsquo;appareil localis\u00e9\">Lire la suite<\/a><\/p>\n","protected":false},"author":2,"featured_media":13351,"comment_status":"open","ping_status":"open","sticky":false,"template":"","format":"chat","meta":{"footnotes":""},"categories":[34],"tags":[],"class_list":["post-13350","post","type-post","status-publish","format-chat","has-post-thumbnail","hentry","category-une","post_format-post-format-chat"],"yoast_head":"<!-- This site is optimized with the Yoast SEO plugin v26.4 - https:\/\/yoast.com\/wordpress\/plugins\/seo\/ -->\n<title>IRAN\/crash : l&#039;appareil localis\u00e9 - 228 News<\/title>\n<meta name=\"robots\" content=\"index, follow, max-snippet:-1, max-image-preview:large, max-video-preview:-1\" \/>\n<link rel=\"canonical\" href=\"https:\/\/228news.tg\/index.php\/2024\/05\/20\/iran-crash-lappareil-localise\/\" \/>\n<meta property=\"og:locale\" content=\"fr_FR\" \/>\n<meta property=\"og:type\" content=\"article\" \/>\n<meta property=\"og:title\" content=\"IRAN\/crash : l&#039;appareil localis\u00e9 - 228 News\" \/>\n<meta property=\"og:description\" content=\"l&rsquo;h\u00e9licopt\u00e8re transportant le pr\u00e9sident Ebrahim Ra\u00efssi et son ministre des affaires \u00e9trang\u00e8res est enfin localis\u00e9. Suite au crash survenu \u00e0 l&rsquo;Iran ce dimanche 19 Mai, il a \u00e9t\u00e9 retrouv\u00e9 mort le pr\u00e9sident iranien Ebrahim Ra\u00efssi et son ministre des affaires \u00e9trang\u00e8res, Hossein Amir-Abdollahian dans une zone montagneuse pr\u00e8s de la fronti\u00e8re azerba\u00efdjanaise vers 6h 00 ... Lire la suite\" \/>\n<meta property=\"og:url\" content=\"https:\/\/228news.tg\/index.php\/2024\/05\/20\/iran-crash-lappareil-localise\/\" \/>\n<meta property=\"og:site_name\" content=\"228 News\" \/>\n<meta property=\"article:published_time\" content=\"2024-05-20T15:00:33+00:00\" \/>\n<meta property=\"og:image\" content=\"https:\/\/228news.tg\/wp-content\/uploads\/2024\/05\/IMG-20240520-WA0042-1.jpg\" \/>\n\t<meta property=\"og:image:width\" content=\"780\" \/>\n\t<meta property=\"og:image:height\" content=\"470\" \/>\n\t<meta property=\"og:image:type\" content=\"image\/jpeg\" \/>\n<meta name=\"author\" content=\"Bienvenu SAVI\" \/>\n<meta name=\"twitter:card\" content=\"summary_large_image\" \/>\n<meta name=\"twitter:label1\" content=\"\u00c9crit par\" \/>\n\t<meta name=\"twitter:data1\" content=\"Bienvenu SAVI\" \/>\n\t<meta name=\"twitter:label2\" content=\"Dur\u00e9e de lecture estim\u00e9e\" \/>\n\t<meta name=\"twitter:data2\" content=\"2 minutes\" \/>\n<script type=\"application\/ld+json\" class=\"yoast-schema-graph\">{\"@context\":\"https:\/\/schema.org\",\"@graph\":[{\"@type\":\"Article\",\"@id\":\"https:\/\/228news.tg\/index.php\/2024\/05\/20\/iran-crash-lappareil-localise\/#article\",\"isPartOf\":{\"@id\":\"https:\/\/228news.tg\/index.php\/2024\/05\/20\/iran-crash-lappareil-localise\/\"},\"author\":{\"name\":\"Bienvenu SAVI\",\"@id\":\"https:\/\/228news.tg\/#\/schema\/person\/68d5a6cc0230290e61235c8379523f52\"},\"headline\":\"IRAN\/crash : l&rsquo;appareil localis\u00e9\",\"datePublished\":\"2024-05-20T15:00:33+00:00\",\"mainEntityOfPage\":{\"@id\":\"https:\/\/228news.tg\/index.php\/2024\/05\/20\/iran-crash-lappareil-localise\/\"},\"wordCount\":218,\"commentCount\":0,\"publisher\":{\"@id\":\"https:\/\/228news.tg\/#organization\"},\"image\":{\"@id\":\"https:\/\/228news.tg\/index.php\/2024\/05\/20\/iran-crash-lappareil-localise\/#primaryimage\"},\"thumbnailUrl\":\"https:\/\/228news.tg\/wp-content\/uploads\/2024\/05\/IMG-20240520-WA0042-1.jpg\",\"articleSection\":[\"Une\"],\"inLanguage\":\"fr-FR\",\"potentialAction\":[{\"@type\":\"CommentAction\",\"name\":\"Comment\",\"target\":[\"https:\/\/228news.tg\/index.php\/2024\/05\/20\/iran-crash-lappareil-localise\/#respond\"]}]},{\"@type\":\"WebPage\",\"@id\":\"https:\/\/228news.tg\/index.php\/2024\/05\/20\/iran-crash-lappareil-localise\/\",\"url\":\"https:\/\/228news.tg\/index.php\/2024\/05\/20\/iran-crash-lappareil-localise\/\",\"name\":\"IRAN\/crash : l'appareil localis\u00e9 - 228 News\",\"isPartOf\":{\"@id\":\"https:\/\/228news.tg\/#website\"},\"primaryImageOfPage\":{\"@id\":\"https:\/\/228news.tg\/index.php\/2024\/05\/20\/iran-crash-lappareil-localise\/#primaryimage\"},\"image\":{\"@id\":\"https:\/\/228news.tg\/index.php\/2024\/05\/20\/iran-crash-lappareil-localise\/#primaryimage\"},\"thumbnailUrl\":\"https:\/\/228news.tg\/wp-content\/uploads\/2024\/05\/IMG-20240520-WA0042-1.jpg\",\"datePublished\":\"2024-05-20T15:00:33+00:00\",\"breadcrumb\":{\"@id\":\"https:\/\/228news.tg\/index.php\/2024\/05\/20\/iran-crash-lappareil-localise\/#breadcrumb\"},\"inLanguage\":\"fr-FR\",\"potentialAction\":[{\"@type\":\"ReadAction\",\"target\":[\"https:\/\/228news.tg\/index.php\/2024\/05\/20\/iran-crash-lappareil-localise\/\"]}]},{\"@type\":\"ImageObject\",\"inLanguage\":\"fr-FR\",\"@id\":\"https:\/\/228news.tg\/index.php\/2024\/05\/20\/iran-crash-lappareil-localise\/#primaryimage\",\"url\":\"https:\/\/228news.tg\/wp-content\/uploads\/2024\/05\/IMG-20240520-WA0042-1.jpg\",\"contentUrl\":\"https:\/\/228news.tg\/wp-content\/uploads\/2024\/05\/IMG-20240520-WA0042-1.jpg\",\"width\":780,\"height\":470},{\"@type\":\"BreadcrumbList\",\"@id\":\"https:\/\/228news.tg\/index.php\/2024\/05\/20\/iran-crash-lappareil-localise\/#breadcrumb\",\"itemListElement\":[{\"@type\":\"ListItem\",\"position\":1,\"name\":\"Home\",\"item\":\"https:\/\/228news.tg\/\"},{\"@type\":\"ListItem\",\"position\":2,\"name\":\"IRAN\/crash : l&rsquo;appareil localis\u00e9\"}]},{\"@type\":\"WebSite\",\"@id\":\"https:\/\/228news.tg\/#website\",\"url\":\"https:\/\/228news.tg\/\",\"name\":\"228 News\",\"description\":\"Soci\u00e9t\u00e9 de m\u00e9dias et d\u2019actualit\u00e9s\",\"publisher\":{\"@id\":\"https:\/\/228news.tg\/#organization\"},\"potentialAction\":[{\"@type\":\"SearchAction\",\"target\":{\"@type\":\"EntryPoint\",\"urlTemplate\":\"https:\/\/228news.tg\/?s={search_term_string}\"},\"query-input\":{\"@type\":\"PropertyValueSpecification\",\"valueRequired\":true,\"valueName\":\"search_term_string\"}}],\"inLanguage\":\"fr-FR\"},{\"@type\":\"Organization\",\"@id\":\"https:\/\/228news.tg\/#organization\",\"name\":\"228 News\",\"url\":\"https:\/\/228news.tg\/\",\"logo\":{\"@type\":\"ImageObject\",\"inLanguage\":\"fr-FR\",\"@id\":\"https:\/\/228news.tg\/#\/schema\/logo\/image\/\",\"url\":\"https:\/\/228news.tg\/wp-content\/uploads\/2024\/09\/logonew.png\",\"contentUrl\":\"https:\/\/228news.tg\/wp-content\/uploads\/2024\/09\/logonew.png\",\"width\":1640,\"height\":364,\"caption\":\"228 News\"},\"image\":{\"@id\":\"https:\/\/228news.tg\/#\/schema\/logo\/image\/\"}},{\"@type\":\"Person\",\"@id\":\"https:\/\/228news.tg\/#\/schema\/person\/68d5a6cc0230290e61235c8379523f52\",\"name\":\"Bienvenu SAVI\",\"image\":{\"@type\":\"ImageObject\",\"inLanguage\":\"fr-FR\",\"@id\":\"https:\/\/228news.tg\/#\/schema\/person\/image\/\",\"url\":\"https:\/\/secure.gravatar.com\/avatar\/9db91895c559e510509c33a3e9683998458e9b828fac36d5d1aa23f0f2fd369b?s=96&d=mm&r=g\",\"contentUrl\":\"https:\/\/secure.gravatar.com\/avatar\/9db91895c559e510509c33a3e9683998458e9b828fac36d5d1aa23f0f2fd369b?s=96&d=mm&r=g\",\"caption\":\"Bienvenu SAVI\"},\"url\":\"https:\/\/228news.tg\/index.php\/author\/bienvenu\/\"}]}<\/script>\n<!-- \/ Yoast SEO plugin. -->","yoast_head_json":{"title":"IRAN\/crash : l'appareil localis\u00e9 - 228 News","robots":{"index":"index","follow":"follow","max-snippet":"max-snippet:-1","max-image-preview":"max-image-preview:large","max-video-preview":"max-video-preview:-1"},"canonical":"https:\/\/228news.tg\/index.php\/2024\/05\/20\/iran-crash-lappareil-localise\/","og_locale":"fr_FR","og_type":"article","og_title":"IRAN\/crash : l'appareil localis\u00e9 - 228 News","og_description":"l&rsquo;h\u00e9licopt\u00e8re transportant le pr\u00e9sident Ebrahim Ra\u00efssi et son ministre des affaires \u00e9trang\u00e8res est enfin localis\u00e9. Suite au crash survenu \u00e0 l&rsquo;Iran ce dimanche 19 Mai, il a \u00e9t\u00e9 retrouv\u00e9 mort le pr\u00e9sident iranien Ebrahim Ra\u00efssi et son ministre des affaires \u00e9trang\u00e8res, Hossein Amir-Abdollahian dans une zone montagneuse pr\u00e8s de la fronti\u00e8re azerba\u00efdjanaise vers 6h 00 ... Lire la suite","og_url":"https:\/\/228news.tg\/index.php\/2024\/05\/20\/iran-crash-lappareil-localise\/","og_site_name":"228 News","article_published_time":"2024-05-20T15:00:33+00:00","og_image":[{"width":780,"height":470,"url":"https:\/\/228news.tg\/wp-content\/uploads\/2024\/05\/IMG-20240520-WA0042-1.jpg","type":"image\/jpeg"}],"author":"Bienvenu SAVI","twitter_card":"summary_large_image","twitter_misc":{"\u00c9crit par":"Bienvenu SAVI","Dur\u00e9e de lecture estim\u00e9e":"2 minutes"},"schema":{"@context":"https:\/\/schema.org","@graph":[{"@type":"Article","@id":"https:\/\/228news.tg\/index.php\/2024\/05\/20\/iran-crash-lappareil-localise\/#article","isPartOf":{"@id":"https:\/\/228news.tg\/index.php\/2024\/05\/20\/iran-crash-lappareil-localise\/"},"author":{"name":"Bienvenu SAVI","@id":"https:\/\/228news.tg\/#\/schema\/person\/68d5a6cc0230290e61235c8379523f52"},"headline":"IRAN\/crash : l&rsquo;appareil localis\u00e9","datePublished":"2024-05-20T15:00:33+00:00","mainEntityOfPage":{"@id":"https:\/\/228news.tg\/index.php\/2024\/05\/20\/iran-crash-lappareil-localise\/"},"wordCount":218,"commentCount":0,"publisher":{"@id":"https:\/\/228news.tg\/#organization"},"image":{"@id":"https:\/\/228news.tg\/index.php\/2024\/05\/20\/iran-crash-lappareil-localise\/#primaryimage"},"thumbnailUrl":"https:\/\/228news.tg\/wp-content\/uploads\/2024\/05\/IMG-20240520-WA0042-1.jpg","articleSection":["Une"],"inLanguage":"fr-FR","potentialAction":[{"@type":"CommentAction","name":"Comment","target":["https:\/\/228news.tg\/index.php\/2024\/05\/20\/iran-crash-lappareil-localise\/#respond"]}]},{"@type":"WebPage","@id":"https:\/\/228news.tg\/index.php\/2024\/05\/20\/iran-crash-lappareil-localise\/","url":"https:\/\/228news.tg\/index.php\/2024\/05\/20\/iran-crash-lappareil-localise\/","name":"IRAN\/crash : l'appareil localis\u00e9 - 228 News","isPartOf":{"@id":"https:\/\/228news.tg\/#website"},"primaryImageOfPage":{"@id":"https:\/\/228news.tg\/index.php\/2024\/05\/20\/iran-crash-lappareil-localise\/#primaryimage"},"image":{"@id":"https:\/\/228news.tg\/index.php\/2024\/05\/20\/iran-crash-lappareil-localise\/#primaryimage"},"thumbnailUrl":"https:\/\/228news.tg\/wp-content\/uploads\/2024\/05\/IMG-20240520-WA0042-1.jpg","datePublished":"2024-05-20T15:00:33+00:00","breadcrumb":{"@id":"https:\/\/228news.tg\/index.php\/2024\/05\/20\/iran-crash-lappareil-localise\/#breadcrumb"},"inLanguage":"fr-FR","potentialAction":[{"@type":"ReadAction","target":["https:\/\/228news.tg\/index.php\/2024\/05\/20\/iran-crash-lappareil-localise\/"]}]},{"@type":"ImageObject","inLanguage":"fr-FR","@id":"https:\/\/228news.tg\/index.php\/2024\/05\/20\/iran-crash-lappareil-localise\/#primaryimage","url":"https:\/\/228news.tg\/wp-content\/uploads\/2024\/05\/IMG-20240520-WA0042-1.jpg","contentUrl":"https:\/\/228news.tg\/wp-content\/uploads\/2024\/05\/IMG-20240520-WA0042-1.jpg","width":780,"height":470},{"@type":"BreadcrumbList","@id":"https:\/\/228news.tg\/index.php\/2024\/05\/20\/iran-crash-lappareil-localise\/#breadcrumb","itemListElement":[{"@type":"ListItem","position":1,"name":"Home","item":"https:\/\/228news.tg\/"},{"@type":"ListItem","position":2,"name":"IRAN\/crash : l&rsquo;appareil localis\u00e9"}]},{"@type":"WebSite","@id":"https:\/\/228news.tg\/#website","url":"https:\/\/228news.tg\/","name":"228 News","description":"Soci\u00e9t\u00e9 de m\u00e9dias et d\u2019actualit\u00e9s","publisher":{"@id":"https:\/\/228news.tg\/#organization"},"potentialAction":[{"@type":"SearchAction","target":{"@type":"EntryPoint","urlTemplate":"https:\/\/228news.tg\/?s={search_term_string}"},"query-input":{"@type":"PropertyValueSpecification","valueRequired":true,"valueName":"search_term_string"}}],"inLanguage":"fr-FR"},{"@type":"Organization","@id":"https:\/\/228news.tg\/#organization","name":"228 News","url":"https:\/\/228news.tg\/","logo":{"@type":"ImageObject","inLanguage":"fr-FR","@id":"https:\/\/228news.tg\/#\/schema\/logo\/image\/","url":"https:\/\/228news.tg\/wp-content\/uploads\/2024\/09\/logonew.png","contentUrl":"https:\/\/228news.tg\/wp-content\/uploads\/2024\/09\/logonew.png","width":1640,"height":364,"caption":"228 News"},"image":{"@id":"https:\/\/228news.tg\/#\/schema\/logo\/image\/"}},{"@type":"Person","@id":"https:\/\/228news.tg\/#\/schema\/person\/68d5a6cc0230290e61235c8379523f52","name":"Bienvenu SAVI","image":{"@type":"ImageObject","inLanguage":"fr-FR","@id":"https:\/\/228news.tg\/#\/schema\/person\/image\/","url":"https:\/\/secure.gravatar.com\/avatar\/9db91895c559e510509c33a3e9683998458e9b828fac36d5d1aa23f0f2fd369b?s=96&d=mm&r=g","contentUrl":"https:\/\/secure.gravatar.com\/avatar\/9db91895c559e510509c33a3e9683998458e9b828fac36d5d1aa23f0f2fd369b?s=96&d=mm&r=g","caption":"Bienvenu SAVI"},"url":"https:\/\/228news.tg\/index.php\/author\/bienvenu\/"}]}},"jetpack_featured_media_url":"https:\/\/228news.tg\/wp-content\/uploads\/2024\/05\/IMG-20240520-WA0042-1.jpg","_links":{"self":[{"href":"https:\/\/228news.tg\/index.php\/wp-json\/wp\/v2\/posts\/13350","targetHints":{"allow":["GET"]}}],"collection":[{"href":"https:\/\/228news.tg\/index.php\/wp-json\/wp\/v2\/posts"}],"about":[{"href":"https:\/\/228news.tg\/index.php\/wp-json\/wp\/v2\/types\/post"}],"author":[{"embeddable":true,"href":"https:\/\/228news.tg\/index.php\/wp-json\/wp\/v2\/users\/2"}],"replies":[{"embeddable":true,"href":"https:\/\/228news.tg\/index.php\/wp-json\/wp\/v2\/comments?post=13350"}],"version-history":[{"count":0,"href":"https:\/\/228news.tg\/index.php\/wp-json\/wp\/v2\/posts\/13350\/revisions"}],"wp:featuredmedia":[{"embeddable":true,"href":"https:\/\/228news.tg\/index.php\/wp-json\/wp\/v2\/media\/13351"}],"wp:attachment":[{"href":"https:\/\/228news.tg\/index.php\/wp-json\/wp\/v2\/media?parent=13350"}],"wp:term":[{"taxonomy":"category","embeddable":true,"href":"https:\/\/228news.tg\/index.php\/wp-json\/wp\/v2\/categories?post=13350"},{"taxonomy":"post_tag","embeddable":true,"href":"https:\/\/228news.tg\/index.php\/wp-json\/wp\/v2\/tags?post=13350"}],"curies":[{"name":"wp","href":"https:\/\/api.w.org\/{rel}","templated":true}]}}