{"id":13342,"date":"2024-05-20T06:50:06","date_gmt":"2024-05-20T06:50:06","guid":{"rendered":"http:\/\/localhost\/site\/228news\/?p=13342"},"modified":"2024-05-20T06:50:06","modified_gmt":"2024-05-20T06:50:06","slug":"togo-deces-de-kwassi-klutse","status":"publish","type":"post","link":"https:\/\/228news.tg\/index.php\/2024\/05\/20\/togo-deces-de-kwassi-klutse\/","title":{"rendered":"TOGO\/ d\u00e9c\u00e8s de Kwassi Kluts\u00e8"},"content":{"rendered":"<p>L\u2019ancien premier ministre togolais Kwassi Kluts\u00e8 est d\u00e9c\u00e9d\u00e9 ce dimanche 19 mai 2024 \u00e0 l\u2019\u00e2ge de 78 ans. Fonctionnaire au sein du minist\u00e8re du Plan, dont il prendra la t\u00eate en 1995, Kwassi Kluts\u00e8 fut un personnage cl\u00e9 dans l\u2019appareil gouvernemental dans les ann\u00e9es 90 et d\u00e9but 2000.<\/p>\n<p>N\u00e9 le 29 juillet 1945 \u00e0 Agb\u00e9louv\u00e9 dans la pr\u00e9fecture de Zio, Kwassi Kluts\u00e8 a \u00e9t\u00e9 de 1995 \u00e0 1996 ministre de la Planification et du d\u00e9veloppement territorial. Ensuite, il fut nomm\u00e9 Premier ministre de 1996 \u00e0 1999 sous le r\u00e8gne de l\u2019ancien pr\u00e9sident togolais feu Gnassingb\u00e9 Eyadema. Le regrett\u00e9 a \u00e9galement \u00e9t\u00e9 d\u00e9put\u00e9 RPT de 1999 \u00e0 2007.<\/p>\n<p>Kwassi Kluts\u00e8 est le fondateur de l\u2019institution de microfinance \u00ab Investir dans l\u2019humain \u00bb (IDH-Togo) plac\u00e9e sous administration provisoire en 2010, pour graves difficult\u00e9s financi\u00e8res.<\/p>\n<p>Discret sur la sc\u00e8ne politique togolaise depuis quelques ann\u00e9es, Kwassi Klust\u00e8 \u00e9tait en f\u00e9vrier dernier, au congr\u00e8s de l\u2019Union pour la R\u00e9publique (UNIR), le parti au pouvoir \u00e0 Kara. Notons qu\u2019il \u00e9tait en proie \u00e0 quelques complications sanitaires ces derni\u00e8res ann\u00e9es.<\/p>\n<p>Mo\u00efse AKAKPO<\/p>\n","protected":false},"excerpt":{"rendered":"<p>L\u2019ancien premier ministre togolais Kwassi Kluts\u00e8 est d\u00e9c\u00e9d\u00e9 ce dimanche 19 mai 2024 \u00e0 l\u2019\u00e2ge de 78 ans. Fonctionnaire au sein du minist\u00e8re du Plan, dont il prendra la t\u00eate en 1995, Kwassi Kluts\u00e8 fut un personnage cl\u00e9 dans l\u2019appareil gouvernemental dans les ann\u00e9es 90 et d\u00e9but 2000. N\u00e9 le 29 juillet 1945 \u00e0 Agb\u00e9louv\u00e9 &#8230; <a title=\"TOGO\/ d\u00e9c\u00e8s de Kwassi Kluts\u00e8\" class=\"read-more\" href=\"https:\/\/228news.tg\/index.php\/2024\/05\/20\/togo-deces-de-kwassi-klutse\/\" aria-label=\"En savoir plus sur TOGO\/ d\u00e9c\u00e8s de Kwassi Kluts\u00e8\">Lire la suite<\/a><\/p>\n","protected":false},"author":2,"featured_media":13339,"comment_status":"open","ping_status":"open","sticky":false,"template":"","format":"chat","meta":{"footnotes":""},"categories":[29],"tags":[],"class_list":["post-13342","post","type-post","status-publish","format-chat","has-post-thumbnail","hentry","category-societe","post_format-post-format-chat"],"yoast_head":"<!-- This site is optimized with the Yoast SEO plugin v26.4 - https:\/\/yoast.com\/wordpress\/plugins\/seo\/ -->\n<title>TOGO\/ d\u00e9c\u00e8s de Kwassi Kluts\u00e8 - 228 News<\/title>\n<meta name=\"robots\" content=\"index, follow, max-snippet:-1, max-image-preview:large, max-video-preview:-1\" \/>\n<link rel=\"canonical\" href=\"https:\/\/228news.tg\/index.php\/2024\/05\/20\/togo-deces-de-kwassi-klutse\/\" \/>\n<meta property=\"og:locale\" content=\"fr_FR\" \/>\n<meta property=\"og:type\" content=\"article\" \/>\n<meta property=\"og:title\" content=\"TOGO\/ d\u00e9c\u00e8s de Kwassi Kluts\u00e8 - 228 News\" \/>\n<meta property=\"og:description\" content=\"L\u2019ancien premier ministre togolais Kwassi Kluts\u00e8 est d\u00e9c\u00e9d\u00e9 ce dimanche 19 mai 2024 \u00e0 l\u2019\u00e2ge de 78 ans. Fonctionnaire au sein du minist\u00e8re du Plan, dont il prendra la t\u00eate en 1995, Kwassi Kluts\u00e8 fut un personnage cl\u00e9 dans l\u2019appareil gouvernemental dans les ann\u00e9es 90 et d\u00e9but 2000. N\u00e9 le 29 juillet 1945 \u00e0 Agb\u00e9louv\u00e9 ... Lire la suite\" \/>\n<meta property=\"og:url\" content=\"https:\/\/228news.tg\/index.php\/2024\/05\/20\/togo-deces-de-kwassi-klutse\/\" \/>\n<meta property=\"og:site_name\" content=\"228 News\" \/>\n<meta property=\"article:published_time\" content=\"2024-05-20T06:50:06+00:00\" \/>\n<meta property=\"og:image\" content=\"https:\/\/228news.tg\/wp-content\/uploads\/2024\/05\/IMG-20240519-WA0061-1.jpg\" \/>\n\t<meta property=\"og:image:width\" content=\"401\" \/>\n\t<meta property=\"og:image:height\" content=\"331\" \/>\n\t<meta property=\"og:image:type\" content=\"image\/jpeg\" \/>\n<meta name=\"author\" content=\"Bienvenu SAVI\" \/>\n<meta name=\"twitter:card\" content=\"summary_large_image\" \/>\n<meta name=\"twitter:label1\" content=\"\u00c9crit par\" \/>\n\t<meta name=\"twitter:data1\" content=\"Bienvenu SAVI\" \/>\n\t<meta name=\"twitter:label2\" content=\"Dur\u00e9e de lecture estim\u00e9e\" \/>\n\t<meta name=\"twitter:data2\" content=\"2 minutes\" \/>\n<script type=\"application\/ld+json\" class=\"yoast-schema-graph\">{\"@context\":\"https:\/\/schema.org\",\"@graph\":[{\"@type\":\"Article\",\"@id\":\"https:\/\/228news.tg\/index.php\/2024\/05\/20\/togo-deces-de-kwassi-klutse\/#article\",\"isPartOf\":{\"@id\":\"https:\/\/228news.tg\/index.php\/2024\/05\/20\/togo-deces-de-kwassi-klutse\/\"},\"author\":{\"name\":\"Bienvenu SAVI\",\"@id\":\"https:\/\/228news.tg\/#\/schema\/person\/68d5a6cc0230290e61235c8379523f52\"},\"headline\":\"TOGO\/ d\u00e9c\u00e8s de Kwassi Kluts\u00e8\",\"datePublished\":\"2024-05-20T06:50:06+00:00\",\"mainEntityOfPage\":{\"@id\":\"https:\/\/228news.tg\/index.php\/2024\/05\/20\/togo-deces-de-kwassi-klutse\/\"},\"wordCount\":189,\"commentCount\":0,\"publisher\":{\"@id\":\"https:\/\/228news.tg\/#organization\"},\"image\":{\"@id\":\"https:\/\/228news.tg\/index.php\/2024\/05\/20\/togo-deces-de-kwassi-klutse\/#primaryimage\"},\"thumbnailUrl\":\"https:\/\/228news.tg\/wp-content\/uploads\/2024\/05\/IMG-20240519-WA0061-1.jpg\",\"articleSection\":[\"SOCIETE\"],\"inLanguage\":\"fr-FR\",\"potentialAction\":[{\"@type\":\"CommentAction\",\"name\":\"Comment\",\"target\":[\"https:\/\/228news.tg\/index.php\/2024\/05\/20\/togo-deces-de-kwassi-klutse\/#respond\"]}]},{\"@type\":\"WebPage\",\"@id\":\"https:\/\/228news.tg\/index.php\/2024\/05\/20\/togo-deces-de-kwassi-klutse\/\",\"url\":\"https:\/\/228news.tg\/index.php\/2024\/05\/20\/togo-deces-de-kwassi-klutse\/\",\"name\":\"TOGO\/ d\u00e9c\u00e8s de Kwassi Kluts\u00e8 - 228 News\",\"isPartOf\":{\"@id\":\"https:\/\/228news.tg\/#website\"},\"primaryImageOfPage\":{\"@id\":\"https:\/\/228news.tg\/index.php\/2024\/05\/20\/togo-deces-de-kwassi-klutse\/#primaryimage\"},\"image\":{\"@id\":\"https:\/\/228news.tg\/index.php\/2024\/05\/20\/togo-deces-de-kwassi-klutse\/#primaryimage\"},\"thumbnailUrl\":\"https:\/\/228news.tg\/wp-content\/uploads\/2024\/05\/IMG-20240519-WA0061-1.jpg\",\"datePublished\":\"2024-05-20T06:50:06+00:00\",\"breadcrumb\":{\"@id\":\"https:\/\/228news.tg\/index.php\/2024\/05\/20\/togo-deces-de-kwassi-klutse\/#breadcrumb\"},\"inLanguage\":\"fr-FR\",\"potentialAction\":[{\"@type\":\"ReadAction\",\"target\":[\"https:\/\/228news.tg\/index.php\/2024\/05\/20\/togo-deces-de-kwassi-klutse\/\"]}]},{\"@type\":\"ImageObject\",\"inLanguage\":\"fr-FR\",\"@id\":\"https:\/\/228news.tg\/index.php\/2024\/05\/20\/togo-deces-de-kwassi-klutse\/#primaryimage\",\"url\":\"https:\/\/228news.tg\/wp-content\/uploads\/2024\/05\/IMG-20240519-WA0061-1.jpg\",\"contentUrl\":\"https:\/\/228news.tg\/wp-content\/uploads\/2024\/05\/IMG-20240519-WA0061-1.jpg\",\"width\":401,\"height\":331},{\"@type\":\"BreadcrumbList\",\"@id\":\"https:\/\/228news.tg\/index.php\/2024\/05\/20\/togo-deces-de-kwassi-klutse\/#breadcrumb\",\"itemListElement\":[{\"@type\":\"ListItem\",\"position\":1,\"name\":\"Home\",\"item\":\"https:\/\/228news.tg\/\"},{\"@type\":\"ListItem\",\"position\":2,\"name\":\"TOGO\/ d\u00e9c\u00e8s de Kwassi Kluts\u00e8\"}]},{\"@type\":\"WebSite\",\"@id\":\"https:\/\/228news.tg\/#website\",\"url\":\"https:\/\/228news.tg\/\",\"name\":\"228 News\",\"description\":\"Soci\u00e9t\u00e9 de m\u00e9dias et d\u2019actualit\u00e9s\",\"publisher\":{\"@id\":\"https:\/\/228news.tg\/#organization\"},\"potentialAction\":[{\"@type\":\"SearchAction\",\"target\":{\"@type\":\"EntryPoint\",\"urlTemplate\":\"https:\/\/228news.tg\/?s={search_term_string}\"},\"query-input\":{\"@type\":\"PropertyValueSpecification\",\"valueRequired\":true,\"valueName\":\"search_term_string\"}}],\"inLanguage\":\"fr-FR\"},{\"@type\":\"Organization\",\"@id\":\"https:\/\/228news.tg\/#organization\",\"name\":\"228 News\",\"url\":\"https:\/\/228news.tg\/\",\"logo\":{\"@type\":\"ImageObject\",\"inLanguage\":\"fr-FR\",\"@id\":\"https:\/\/228news.tg\/#\/schema\/logo\/image\/\",\"url\":\"https:\/\/228news.tg\/wp-content\/uploads\/2024\/09\/logonew.png\",\"contentUrl\":\"https:\/\/228news.tg\/wp-content\/uploads\/2024\/09\/logonew.png\",\"width\":1640,\"height\":364,\"caption\":\"228 News\"},\"image\":{\"@id\":\"https:\/\/228news.tg\/#\/schema\/logo\/image\/\"}},{\"@type\":\"Person\",\"@id\":\"https:\/\/228news.tg\/#\/schema\/person\/68d5a6cc0230290e61235c8379523f52\",\"name\":\"Bienvenu SAVI\",\"image\":{\"@type\":\"ImageObject\",\"inLanguage\":\"fr-FR\",\"@id\":\"https:\/\/228news.tg\/#\/schema\/person\/image\/\",\"url\":\"https:\/\/secure.gravatar.com\/avatar\/9db91895c559e510509c33a3e9683998458e9b828fac36d5d1aa23f0f2fd369b?s=96&d=mm&r=g\",\"contentUrl\":\"https:\/\/secure.gravatar.com\/avatar\/9db91895c559e510509c33a3e9683998458e9b828fac36d5d1aa23f0f2fd369b?s=96&d=mm&r=g\",\"caption\":\"Bienvenu SAVI\"},\"url\":\"https:\/\/228news.tg\/index.php\/author\/bienvenu\/\"}]}<\/script>\n<!-- \/ Yoast SEO plugin. -->","yoast_head_json":{"title":"TOGO\/ d\u00e9c\u00e8s de Kwassi Kluts\u00e8 - 228 News","robots":{"index":"index","follow":"follow","max-snippet":"max-snippet:-1","max-image-preview":"max-image-preview:large","max-video-preview":"max-video-preview:-1"},"canonical":"https:\/\/228news.tg\/index.php\/2024\/05\/20\/togo-deces-de-kwassi-klutse\/","og_locale":"fr_FR","og_type":"article","og_title":"TOGO\/ d\u00e9c\u00e8s de Kwassi Kluts\u00e8 - 228 News","og_description":"L\u2019ancien premier ministre togolais Kwassi Kluts\u00e8 est d\u00e9c\u00e9d\u00e9 ce dimanche 19 mai 2024 \u00e0 l\u2019\u00e2ge de 78 ans. Fonctionnaire au sein du minist\u00e8re du Plan, dont il prendra la t\u00eate en 1995, Kwassi Kluts\u00e8 fut un personnage cl\u00e9 dans l\u2019appareil gouvernemental dans les ann\u00e9es 90 et d\u00e9but 2000. N\u00e9 le 29 juillet 1945 \u00e0 Agb\u00e9louv\u00e9 ... Lire la suite","og_url":"https:\/\/228news.tg\/index.php\/2024\/05\/20\/togo-deces-de-kwassi-klutse\/","og_site_name":"228 News","article_published_time":"2024-05-20T06:50:06+00:00","og_image":[{"width":401,"height":331,"url":"https:\/\/228news.tg\/wp-content\/uploads\/2024\/05\/IMG-20240519-WA0061-1.jpg","type":"image\/jpeg"}],"author":"Bienvenu SAVI","twitter_card":"summary_large_image","twitter_misc":{"\u00c9crit par":"Bienvenu SAVI","Dur\u00e9e de lecture estim\u00e9e":"2 minutes"},"schema":{"@context":"https:\/\/schema.org","@graph":[{"@type":"Article","@id":"https:\/\/228news.tg\/index.php\/2024\/05\/20\/togo-deces-de-kwassi-klutse\/#article","isPartOf":{"@id":"https:\/\/228news.tg\/index.php\/2024\/05\/20\/togo-deces-de-kwassi-klutse\/"},"author":{"name":"Bienvenu SAVI","@id":"https:\/\/228news.tg\/#\/schema\/person\/68d5a6cc0230290e61235c8379523f52"},"headline":"TOGO\/ d\u00e9c\u00e8s de Kwassi Kluts\u00e8","datePublished":"2024-05-20T06:50:06+00:00","mainEntityOfPage":{"@id":"https:\/\/228news.tg\/index.php\/2024\/05\/20\/togo-deces-de-kwassi-klutse\/"},"wordCount":189,"commentCount":0,"publisher":{"@id":"https:\/\/228news.tg\/#organization"},"image":{"@id":"https:\/\/228news.tg\/index.php\/2024\/05\/20\/togo-deces-de-kwassi-klutse\/#primaryimage"},"thumbnailUrl":"https:\/\/228news.tg\/wp-content\/uploads\/2024\/05\/IMG-20240519-WA0061-1.jpg","articleSection":["SOCIETE"],"inLanguage":"fr-FR","potentialAction":[{"@type":"CommentAction","name":"Comment","target":["https:\/\/228news.tg\/index.php\/2024\/05\/20\/togo-deces-de-kwassi-klutse\/#respond"]}]},{"@type":"WebPage","@id":"https:\/\/228news.tg\/index.php\/2024\/05\/20\/togo-deces-de-kwassi-klutse\/","url":"https:\/\/228news.tg\/index.php\/2024\/05\/20\/togo-deces-de-kwassi-klutse\/","name":"TOGO\/ d\u00e9c\u00e8s de Kwassi Kluts\u00e8 - 228 News","isPartOf":{"@id":"https:\/\/228news.tg\/#website"},"primaryImageOfPage":{"@id":"https:\/\/228news.tg\/index.php\/2024\/05\/20\/togo-deces-de-kwassi-klutse\/#primaryimage"},"image":{"@id":"https:\/\/228news.tg\/index.php\/2024\/05\/20\/togo-deces-de-kwassi-klutse\/#primaryimage"},"thumbnailUrl":"https:\/\/228news.tg\/wp-content\/uploads\/2024\/05\/IMG-20240519-WA0061-1.jpg","datePublished":"2024-05-20T06:50:06+00:00","breadcrumb":{"@id":"https:\/\/228news.tg\/index.php\/2024\/05\/20\/togo-deces-de-kwassi-klutse\/#breadcrumb"},"inLanguage":"fr-FR","potentialAction":[{"@type":"ReadAction","target":["https:\/\/228news.tg\/index.php\/2024\/05\/20\/togo-deces-de-kwassi-klutse\/"]}]},{"@type":"ImageObject","inLanguage":"fr-FR","@id":"https:\/\/228news.tg\/index.php\/2024\/05\/20\/togo-deces-de-kwassi-klutse\/#primaryimage","url":"https:\/\/228news.tg\/wp-content\/uploads\/2024\/05\/IMG-20240519-WA0061-1.jpg","contentUrl":"https:\/\/228news.tg\/wp-content\/uploads\/2024\/05\/IMG-20240519-WA0061-1.jpg","width":401,"height":331},{"@type":"BreadcrumbList","@id":"https:\/\/228news.tg\/index.php\/2024\/05\/20\/togo-deces-de-kwassi-klutse\/#breadcrumb","itemListElement":[{"@type":"ListItem","position":1,"name":"Home","item":"https:\/\/228news.tg\/"},{"@type":"ListItem","position":2,"name":"TOGO\/ d\u00e9c\u00e8s de Kwassi Kluts\u00e8"}]},{"@type":"WebSite","@id":"https:\/\/228news.tg\/#website","url":"https:\/\/228news.tg\/","name":"228 News","description":"Soci\u00e9t\u00e9 de m\u00e9dias et d\u2019actualit\u00e9s","publisher":{"@id":"https:\/\/228news.tg\/#organization"},"potentialAction":[{"@type":"SearchAction","target":{"@type":"EntryPoint","urlTemplate":"https:\/\/228news.tg\/?s={search_term_string}"},"query-input":{"@type":"PropertyValueSpecification","valueRequired":true,"valueName":"search_term_string"}}],"inLanguage":"fr-FR"},{"@type":"Organization","@id":"https:\/\/228news.tg\/#organization","name":"228 News","url":"https:\/\/228news.tg\/","logo":{"@type":"ImageObject","inLanguage":"fr-FR","@id":"https:\/\/228news.tg\/#\/schema\/logo\/image\/","url":"https:\/\/228news.tg\/wp-content\/uploads\/2024\/09\/logonew.png","contentUrl":"https:\/\/228news.tg\/wp-content\/uploads\/2024\/09\/logonew.png","width":1640,"height":364,"caption":"228 News"},"image":{"@id":"https:\/\/228news.tg\/#\/schema\/logo\/image\/"}},{"@type":"Person","@id":"https:\/\/228news.tg\/#\/schema\/person\/68d5a6cc0230290e61235c8379523f52","name":"Bienvenu SAVI","image":{"@type":"ImageObject","inLanguage":"fr-FR","@id":"https:\/\/228news.tg\/#\/schema\/person\/image\/","url":"https:\/\/secure.gravatar.com\/avatar\/9db91895c559e510509c33a3e9683998458e9b828fac36d5d1aa23f0f2fd369b?s=96&d=mm&r=g","contentUrl":"https:\/\/secure.gravatar.com\/avatar\/9db91895c559e510509c33a3e9683998458e9b828fac36d5d1aa23f0f2fd369b?s=96&d=mm&r=g","caption":"Bienvenu SAVI"},"url":"https:\/\/228news.tg\/index.php\/author\/bienvenu\/"}]}},"jetpack_featured_media_url":"https:\/\/228news.tg\/wp-content\/uploads\/2024\/05\/IMG-20240519-WA0061-1.jpg","_links":{"self":[{"href":"https:\/\/228news.tg\/index.php\/wp-json\/wp\/v2\/posts\/13342","targetHints":{"allow":["GET"]}}],"collection":[{"href":"https:\/\/228news.tg\/index.php\/wp-json\/wp\/v2\/posts"}],"about":[{"href":"https:\/\/228news.tg\/index.php\/wp-json\/wp\/v2\/types\/post"}],"author":[{"embeddable":true,"href":"https:\/\/228news.tg\/index.php\/wp-json\/wp\/v2\/users\/2"}],"replies":[{"embeddable":true,"href":"https:\/\/228news.tg\/index.php\/wp-json\/wp\/v2\/comments?post=13342"}],"version-history":[{"count":0,"href":"https:\/\/228news.tg\/index.php\/wp-json\/wp\/v2\/posts\/13342\/revisions"}],"wp:featuredmedia":[{"embeddable":true,"href":"https:\/\/228news.tg\/index.php\/wp-json\/wp\/v2\/media\/13339"}],"wp:attachment":[{"href":"https:\/\/228news.tg\/index.php\/wp-json\/wp\/v2\/media?parent=13342"}],"wp:term":[{"taxonomy":"category","embeddable":true,"href":"https:\/\/228news.tg\/index.php\/wp-json\/wp\/v2\/categories?post=13342"},{"taxonomy":"post_tag","embeddable":true,"href":"https:\/\/228news.tg\/index.php\/wp-json\/wp\/v2\/tags?post=13342"}],"curies":[{"name":"wp","href":"https:\/\/api.w.org\/{rel}","templated":true}]}}