{"id":13335,"date":"2024-05-20T06:43:33","date_gmt":"2024-05-20T06:43:33","guid":{"rendered":"http:\/\/localhost\/site\/228news\/?p=13335"},"modified":"2024-05-20T06:43:33","modified_gmt":"2024-05-20T06:43:33","slug":"iran-le-president-et-le-ministre-des-affaires-etrangeres-tues-dans-un-crash","status":"publish","type":"post","link":"https:\/\/228news.tg\/index.php\/2024\/05\/20\/iran-le-president-et-le-ministre-des-affaires-etrangeres-tues-dans-un-crash\/","title":{"rendered":"IRAN\/le Pr\u00e9sident et le ministre des affaires \u00e9trang\u00e8res tu\u00e9s dans un crash"},"content":{"rendered":"<p>Ce dimanche 19 Mai 2024, l&rsquo;h\u00e9licopt\u00e8re transportant le pr\u00e9sident et le ministre des Affaires \u00e9trang\u00e8res iraniens a eu un crash.<\/p>\n<p>A bord de l\u2019h\u00e9licopt\u00e8re se trouvait le pr\u00e9sident iranien Ebrahim Raisi, le ministre des Affaires \u00e9trang\u00e8res du pays Hossein Amirabdollahian, le gouverneur de la province iranienne de l\u2019Azerba\u00efdjan oriental et d\u2019autres responsables et gardes du corps<\/p>\n<p> Selon les informations, Ra\u00efssi revenait dimanche d\u2019un voyage \u00e0 la fronti\u00e8re iranienne avec l\u2019Azerba\u00efdjan pour inaugurer un barrage avec le pr\u00e9sident azerba\u00efdjanais Ilham Aliyev.<\/p>\n<p>Notons que l\u2019h\u00e9licopt\u00e8re a effectu\u00e9 un atterrissage d\u2019urgence dans la for\u00eat de Dizmar, entre les villes de Varzaqan et Jolfa, dans la province iranienne de l\u2019Azerba\u00efdjan oriental, pr\u00e8s de la fronti\u00e8re avec l\u2019Azerba\u00efdjan, dans des circonstances qui restent floues.<\/p>\n<p>De ce fait, le ministre de l\u2019Int\u00e9rieur Ahmad Vahidi d\u00e9clare que \u00ab\u00a0l\u2019h\u00e9licopt\u00e8re avait \u00e9t\u00e9 contraint d\u2019effectuer un atterrissage brutal en raison du mauvais temps et du brouillard\u00a0\u00bb<\/p>\n<p>Les responsables iraniens ont d\u00e9clar\u00e9 que le terrain montagneux et bois\u00e9 et le brouillard \u00e9pais entravaient les op\u00e9rations de recherche et de sauvetage. Le pr\u00e9sident de la Soci\u00e9t\u00e9 iranienne du Croissant-Rouge, Pir-Hossein Koulivand, a expliqu\u00e9 que 40 \u00e9quipes de recherche \u00e9taient sur le terrain dans la zone malgr\u00e9 \u00ab des conditions m\u00e9t\u00e9orologiques difficiles \u00bb. Les recherches sont effectu\u00e9es par des \u00e9quipes sur le terrain, car \u00ab les conditions m\u00e9t\u00e9orologiques ont rendu impossible la conduite de recherches a\u00e9riennes \u00bb via des drones, a pr\u00e9cis\u00e9 Koulivand<\/p>\n<p>Rappelons que Ra\u00efssi est consid\u00e9r\u00e9 comme un prot\u00e9g\u00e9 du guide supr\u00eame iranien, l\u2019ayatollah Ali Khamenei, et un successeur potentiel \u00e0 son poste au sein de la th\u00e9ocratie chiite du pays.<\/p>\n<p>Selon la constitution iranienne, s\u2019il d\u00e9c\u00e9dait, le premier vice-pr\u00e9sident du pays, Mohammad Mokhber, deviendrait pr\u00e9sident.<\/p>\n<p>A ce sujet Ali Khamenei r\u00e9agit en assurant publiquement aux Iraniens qu\u2019il n\u2019y aurait \u00ab aucune perturbation des op\u00e9rations du pays \u00bb \u00e0 la suite de l\u2019accident.<\/p>\n<p>Mo\u00efse AKAKPO<\/p>\n","protected":false},"excerpt":{"rendered":"<p>Ce dimanche 19 Mai 2024, l&rsquo;h\u00e9licopt\u00e8re transportant le pr\u00e9sident et le ministre des Affaires \u00e9trang\u00e8res iraniens a eu un crash. A bord de l\u2019h\u00e9licopt\u00e8re se trouvait le pr\u00e9sident iranien Ebrahim Raisi, le ministre des Affaires \u00e9trang\u00e8res du pays Hossein Amirabdollahian, le gouverneur de la province iranienne de l\u2019Azerba\u00efdjan oriental et d\u2019autres responsables et gardes du &#8230; <a title=\"IRAN\/le Pr\u00e9sident et le ministre des affaires \u00e9trang\u00e8res tu\u00e9s dans un crash\" class=\"read-more\" href=\"https:\/\/228news.tg\/index.php\/2024\/05\/20\/iran-le-president-et-le-ministre-des-affaires-etrangeres-tues-dans-un-crash\/\" aria-label=\"En savoir plus sur IRAN\/le Pr\u00e9sident et le ministre des affaires \u00e9trang\u00e8res tu\u00e9s dans un crash\">Lire la suite<\/a><\/p>\n","protected":false},"author":2,"featured_media":13336,"comment_status":"open","ping_status":"open","sticky":false,"template":"","format":"chat","meta":{"footnotes":""},"categories":[34],"tags":[],"class_list":["post-13335","post","type-post","status-publish","format-chat","has-post-thumbnail","hentry","category-une","post_format-post-format-chat"],"yoast_head":"<!-- This site is optimized with the Yoast SEO plugin v26.4 - https:\/\/yoast.com\/wordpress\/plugins\/seo\/ -->\n<title>IRAN\/le Pr\u00e9sident et le ministre des affaires \u00e9trang\u00e8res tu\u00e9s dans un crash - 228 News<\/title>\n<meta name=\"robots\" content=\"index, follow, max-snippet:-1, max-image-preview:large, max-video-preview:-1\" \/>\n<link rel=\"canonical\" href=\"https:\/\/228news.tg\/index.php\/2024\/05\/20\/iran-le-president-et-le-ministre-des-affaires-etrangeres-tues-dans-un-crash\/\" \/>\n<meta property=\"og:locale\" content=\"fr_FR\" \/>\n<meta property=\"og:type\" content=\"article\" \/>\n<meta property=\"og:title\" content=\"IRAN\/le Pr\u00e9sident et le ministre des affaires \u00e9trang\u00e8res tu\u00e9s dans un crash - 228 News\" \/>\n<meta property=\"og:description\" content=\"Ce dimanche 19 Mai 2024, l&rsquo;h\u00e9licopt\u00e8re transportant le pr\u00e9sident et le ministre des Affaires \u00e9trang\u00e8res iraniens a eu un crash. A bord de l\u2019h\u00e9licopt\u00e8re se trouvait le pr\u00e9sident iranien Ebrahim Raisi, le ministre des Affaires \u00e9trang\u00e8res du pays Hossein Amirabdollahian, le gouverneur de la province iranienne de l\u2019Azerba\u00efdjan oriental et d\u2019autres responsables et gardes du ... Lire la suite\" \/>\n<meta property=\"og:url\" content=\"https:\/\/228news.tg\/index.php\/2024\/05\/20\/iran-le-president-et-le-ministre-des-affaires-etrangeres-tues-dans-un-crash\/\" \/>\n<meta property=\"og:site_name\" content=\"228 News\" \/>\n<meta property=\"article:published_time\" content=\"2024-05-20T06:43:33+00:00\" \/>\n<meta property=\"og:image\" content=\"https:\/\/228news.tg\/wp-content\/uploads\/2024\/05\/IMG-20240520-WA0003-1.jpg\" \/>\n\t<meta property=\"og:image:width\" content=\"664\" \/>\n\t<meta property=\"og:image:height\" content=\"443\" \/>\n\t<meta property=\"og:image:type\" content=\"image\/jpeg\" \/>\n<meta name=\"author\" content=\"Bienvenu SAVI\" \/>\n<meta name=\"twitter:card\" content=\"summary_large_image\" \/>\n<meta name=\"twitter:label1\" content=\"\u00c9crit par\" \/>\n\t<meta name=\"twitter:data1\" content=\"Bienvenu SAVI\" \/>\n\t<meta name=\"twitter:label2\" content=\"Dur\u00e9e de lecture estim\u00e9e\" \/>\n\t<meta name=\"twitter:data2\" content=\"1 minute\" \/>\n<script type=\"application\/ld+json\" class=\"yoast-schema-graph\">{\"@context\":\"https:\/\/schema.org\",\"@graph\":[{\"@type\":\"Article\",\"@id\":\"https:\/\/228news.tg\/index.php\/2024\/05\/20\/iran-le-president-et-le-ministre-des-affaires-etrangeres-tues-dans-un-crash\/#article\",\"isPartOf\":{\"@id\":\"https:\/\/228news.tg\/index.php\/2024\/05\/20\/iran-le-president-et-le-ministre-des-affaires-etrangeres-tues-dans-un-crash\/\"},\"author\":{\"name\":\"Bienvenu SAVI\",\"@id\":\"https:\/\/228news.tg\/#\/schema\/person\/68d5a6cc0230290e61235c8379523f52\"},\"headline\":\"IRAN\/le Pr\u00e9sident et le ministre des affaires \u00e9trang\u00e8res tu\u00e9s dans un crash\",\"datePublished\":\"2024-05-20T06:43:33+00:00\",\"mainEntityOfPage\":{\"@id\":\"https:\/\/228news.tg\/index.php\/2024\/05\/20\/iran-le-president-et-le-ministre-des-affaires-etrangeres-tues-dans-un-crash\/\"},\"wordCount\":374,\"commentCount\":0,\"publisher\":{\"@id\":\"https:\/\/228news.tg\/#organization\"},\"image\":{\"@id\":\"https:\/\/228news.tg\/index.php\/2024\/05\/20\/iran-le-president-et-le-ministre-des-affaires-etrangeres-tues-dans-un-crash\/#primaryimage\"},\"thumbnailUrl\":\"https:\/\/228news.tg\/wp-content\/uploads\/2024\/05\/IMG-20240520-WA0003-1.jpg\",\"articleSection\":[\"Une\"],\"inLanguage\":\"fr-FR\",\"potentialAction\":[{\"@type\":\"CommentAction\",\"name\":\"Comment\",\"target\":[\"https:\/\/228news.tg\/index.php\/2024\/05\/20\/iran-le-president-et-le-ministre-des-affaires-etrangeres-tues-dans-un-crash\/#respond\"]}]},{\"@type\":\"WebPage\",\"@id\":\"https:\/\/228news.tg\/index.php\/2024\/05\/20\/iran-le-president-et-le-ministre-des-affaires-etrangeres-tues-dans-un-crash\/\",\"url\":\"https:\/\/228news.tg\/index.php\/2024\/05\/20\/iran-le-president-et-le-ministre-des-affaires-etrangeres-tues-dans-un-crash\/\",\"name\":\"IRAN\/le Pr\u00e9sident et le ministre des affaires \u00e9trang\u00e8res tu\u00e9s dans un crash - 228 News\",\"isPartOf\":{\"@id\":\"https:\/\/228news.tg\/#website\"},\"primaryImageOfPage\":{\"@id\":\"https:\/\/228news.tg\/index.php\/2024\/05\/20\/iran-le-president-et-le-ministre-des-affaires-etrangeres-tues-dans-un-crash\/#primaryimage\"},\"image\":{\"@id\":\"https:\/\/228news.tg\/index.php\/2024\/05\/20\/iran-le-president-et-le-ministre-des-affaires-etrangeres-tues-dans-un-crash\/#primaryimage\"},\"thumbnailUrl\":\"https:\/\/228news.tg\/wp-content\/uploads\/2024\/05\/IMG-20240520-WA0003-1.jpg\",\"datePublished\":\"2024-05-20T06:43:33+00:00\",\"breadcrumb\":{\"@id\":\"https:\/\/228news.tg\/index.php\/2024\/05\/20\/iran-le-president-et-le-ministre-des-affaires-etrangeres-tues-dans-un-crash\/#breadcrumb\"},\"inLanguage\":\"fr-FR\",\"potentialAction\":[{\"@type\":\"ReadAction\",\"target\":[\"https:\/\/228news.tg\/index.php\/2024\/05\/20\/iran-le-president-et-le-ministre-des-affaires-etrangeres-tues-dans-un-crash\/\"]}]},{\"@type\":\"ImageObject\",\"inLanguage\":\"fr-FR\",\"@id\":\"https:\/\/228news.tg\/index.php\/2024\/05\/20\/iran-le-president-et-le-ministre-des-affaires-etrangeres-tues-dans-un-crash\/#primaryimage\",\"url\":\"https:\/\/228news.tg\/wp-content\/uploads\/2024\/05\/IMG-20240520-WA0003-1.jpg\",\"contentUrl\":\"https:\/\/228news.tg\/wp-content\/uploads\/2024\/05\/IMG-20240520-WA0003-1.jpg\",\"width\":664,\"height\":443},{\"@type\":\"BreadcrumbList\",\"@id\":\"https:\/\/228news.tg\/index.php\/2024\/05\/20\/iran-le-president-et-le-ministre-des-affaires-etrangeres-tues-dans-un-crash\/#breadcrumb\",\"itemListElement\":[{\"@type\":\"ListItem\",\"position\":1,\"name\":\"Home\",\"item\":\"https:\/\/228news.tg\/\"},{\"@type\":\"ListItem\",\"position\":2,\"name\":\"IRAN\/le Pr\u00e9sident et le ministre des affaires \u00e9trang\u00e8res tu\u00e9s dans un crash\"}]},{\"@type\":\"WebSite\",\"@id\":\"https:\/\/228news.tg\/#website\",\"url\":\"https:\/\/228news.tg\/\",\"name\":\"228 News\",\"description\":\"Soci\u00e9t\u00e9 de m\u00e9dias et d\u2019actualit\u00e9s\",\"publisher\":{\"@id\":\"https:\/\/228news.tg\/#organization\"},\"potentialAction\":[{\"@type\":\"SearchAction\",\"target\":{\"@type\":\"EntryPoint\",\"urlTemplate\":\"https:\/\/228news.tg\/?s={search_term_string}\"},\"query-input\":{\"@type\":\"PropertyValueSpecification\",\"valueRequired\":true,\"valueName\":\"search_term_string\"}}],\"inLanguage\":\"fr-FR\"},{\"@type\":\"Organization\",\"@id\":\"https:\/\/228news.tg\/#organization\",\"name\":\"228 News\",\"url\":\"https:\/\/228news.tg\/\",\"logo\":{\"@type\":\"ImageObject\",\"inLanguage\":\"fr-FR\",\"@id\":\"https:\/\/228news.tg\/#\/schema\/logo\/image\/\",\"url\":\"https:\/\/228news.tg\/wp-content\/uploads\/2024\/09\/logonew.png\",\"contentUrl\":\"https:\/\/228news.tg\/wp-content\/uploads\/2024\/09\/logonew.png\",\"width\":1640,\"height\":364,\"caption\":\"228 News\"},\"image\":{\"@id\":\"https:\/\/228news.tg\/#\/schema\/logo\/image\/\"}},{\"@type\":\"Person\",\"@id\":\"https:\/\/228news.tg\/#\/schema\/person\/68d5a6cc0230290e61235c8379523f52\",\"name\":\"Bienvenu SAVI\",\"image\":{\"@type\":\"ImageObject\",\"inLanguage\":\"fr-FR\",\"@id\":\"https:\/\/228news.tg\/#\/schema\/person\/image\/\",\"url\":\"https:\/\/secure.gravatar.com\/avatar\/9db91895c559e510509c33a3e9683998458e9b828fac36d5d1aa23f0f2fd369b?s=96&d=mm&r=g\",\"contentUrl\":\"https:\/\/secure.gravatar.com\/avatar\/9db91895c559e510509c33a3e9683998458e9b828fac36d5d1aa23f0f2fd369b?s=96&d=mm&r=g\",\"caption\":\"Bienvenu SAVI\"},\"url\":\"https:\/\/228news.tg\/index.php\/author\/bienvenu\/\"}]}<\/script>\n<!-- \/ Yoast SEO plugin. -->","yoast_head_json":{"title":"IRAN\/le Pr\u00e9sident et le ministre des affaires \u00e9trang\u00e8res tu\u00e9s dans un crash - 228 News","robots":{"index":"index","follow":"follow","max-snippet":"max-snippet:-1","max-image-preview":"max-image-preview:large","max-video-preview":"max-video-preview:-1"},"canonical":"https:\/\/228news.tg\/index.php\/2024\/05\/20\/iran-le-president-et-le-ministre-des-affaires-etrangeres-tues-dans-un-crash\/","og_locale":"fr_FR","og_type":"article","og_title":"IRAN\/le Pr\u00e9sident et le ministre des affaires \u00e9trang\u00e8res tu\u00e9s dans un crash - 228 News","og_description":"Ce dimanche 19 Mai 2024, l&rsquo;h\u00e9licopt\u00e8re transportant le pr\u00e9sident et le ministre des Affaires \u00e9trang\u00e8res iraniens a eu un crash. A bord de l\u2019h\u00e9licopt\u00e8re se trouvait le pr\u00e9sident iranien Ebrahim Raisi, le ministre des Affaires \u00e9trang\u00e8res du pays Hossein Amirabdollahian, le gouverneur de la province iranienne de l\u2019Azerba\u00efdjan oriental et d\u2019autres responsables et gardes du ... Lire la suite","og_url":"https:\/\/228news.tg\/index.php\/2024\/05\/20\/iran-le-president-et-le-ministre-des-affaires-etrangeres-tues-dans-un-crash\/","og_site_name":"228 News","article_published_time":"2024-05-20T06:43:33+00:00","og_image":[{"width":664,"height":443,"url":"https:\/\/228news.tg\/wp-content\/uploads\/2024\/05\/IMG-20240520-WA0003-1.jpg","type":"image\/jpeg"}],"author":"Bienvenu SAVI","twitter_card":"summary_large_image","twitter_misc":{"\u00c9crit par":"Bienvenu SAVI","Dur\u00e9e de lecture estim\u00e9e":"1 minute"},"schema":{"@context":"https:\/\/schema.org","@graph":[{"@type":"Article","@id":"https:\/\/228news.tg\/index.php\/2024\/05\/20\/iran-le-president-et-le-ministre-des-affaires-etrangeres-tues-dans-un-crash\/#article","isPartOf":{"@id":"https:\/\/228news.tg\/index.php\/2024\/05\/20\/iran-le-president-et-le-ministre-des-affaires-etrangeres-tues-dans-un-crash\/"},"author":{"name":"Bienvenu SAVI","@id":"https:\/\/228news.tg\/#\/schema\/person\/68d5a6cc0230290e61235c8379523f52"},"headline":"IRAN\/le Pr\u00e9sident et le ministre des affaires \u00e9trang\u00e8res tu\u00e9s dans un crash","datePublished":"2024-05-20T06:43:33+00:00","mainEntityOfPage":{"@id":"https:\/\/228news.tg\/index.php\/2024\/05\/20\/iran-le-president-et-le-ministre-des-affaires-etrangeres-tues-dans-un-crash\/"},"wordCount":374,"commentCount":0,"publisher":{"@id":"https:\/\/228news.tg\/#organization"},"image":{"@id":"https:\/\/228news.tg\/index.php\/2024\/05\/20\/iran-le-president-et-le-ministre-des-affaires-etrangeres-tues-dans-un-crash\/#primaryimage"},"thumbnailUrl":"https:\/\/228news.tg\/wp-content\/uploads\/2024\/05\/IMG-20240520-WA0003-1.jpg","articleSection":["Une"],"inLanguage":"fr-FR","potentialAction":[{"@type":"CommentAction","name":"Comment","target":["https:\/\/228news.tg\/index.php\/2024\/05\/20\/iran-le-president-et-le-ministre-des-affaires-etrangeres-tues-dans-un-crash\/#respond"]}]},{"@type":"WebPage","@id":"https:\/\/228news.tg\/index.php\/2024\/05\/20\/iran-le-president-et-le-ministre-des-affaires-etrangeres-tues-dans-un-crash\/","url":"https:\/\/228news.tg\/index.php\/2024\/05\/20\/iran-le-president-et-le-ministre-des-affaires-etrangeres-tues-dans-un-crash\/","name":"IRAN\/le Pr\u00e9sident et le ministre des affaires \u00e9trang\u00e8res tu\u00e9s dans un crash - 228 News","isPartOf":{"@id":"https:\/\/228news.tg\/#website"},"primaryImageOfPage":{"@id":"https:\/\/228news.tg\/index.php\/2024\/05\/20\/iran-le-president-et-le-ministre-des-affaires-etrangeres-tues-dans-un-crash\/#primaryimage"},"image":{"@id":"https:\/\/228news.tg\/index.php\/2024\/05\/20\/iran-le-president-et-le-ministre-des-affaires-etrangeres-tues-dans-un-crash\/#primaryimage"},"thumbnailUrl":"https:\/\/228news.tg\/wp-content\/uploads\/2024\/05\/IMG-20240520-WA0003-1.jpg","datePublished":"2024-05-20T06:43:33+00:00","breadcrumb":{"@id":"https:\/\/228news.tg\/index.php\/2024\/05\/20\/iran-le-president-et-le-ministre-des-affaires-etrangeres-tues-dans-un-crash\/#breadcrumb"},"inLanguage":"fr-FR","potentialAction":[{"@type":"ReadAction","target":["https:\/\/228news.tg\/index.php\/2024\/05\/20\/iran-le-president-et-le-ministre-des-affaires-etrangeres-tues-dans-un-crash\/"]}]},{"@type":"ImageObject","inLanguage":"fr-FR","@id":"https:\/\/228news.tg\/index.php\/2024\/05\/20\/iran-le-president-et-le-ministre-des-affaires-etrangeres-tues-dans-un-crash\/#primaryimage","url":"https:\/\/228news.tg\/wp-content\/uploads\/2024\/05\/IMG-20240520-WA0003-1.jpg","contentUrl":"https:\/\/228news.tg\/wp-content\/uploads\/2024\/05\/IMG-20240520-WA0003-1.jpg","width":664,"height":443},{"@type":"BreadcrumbList","@id":"https:\/\/228news.tg\/index.php\/2024\/05\/20\/iran-le-president-et-le-ministre-des-affaires-etrangeres-tues-dans-un-crash\/#breadcrumb","itemListElement":[{"@type":"ListItem","position":1,"name":"Home","item":"https:\/\/228news.tg\/"},{"@type":"ListItem","position":2,"name":"IRAN\/le Pr\u00e9sident et le ministre des affaires \u00e9trang\u00e8res tu\u00e9s dans un crash"}]},{"@type":"WebSite","@id":"https:\/\/228news.tg\/#website","url":"https:\/\/228news.tg\/","name":"228 News","description":"Soci\u00e9t\u00e9 de m\u00e9dias et d\u2019actualit\u00e9s","publisher":{"@id":"https:\/\/228news.tg\/#organization"},"potentialAction":[{"@type":"SearchAction","target":{"@type":"EntryPoint","urlTemplate":"https:\/\/228news.tg\/?s={search_term_string}"},"query-input":{"@type":"PropertyValueSpecification","valueRequired":true,"valueName":"search_term_string"}}],"inLanguage":"fr-FR"},{"@type":"Organization","@id":"https:\/\/228news.tg\/#organization","name":"228 News","url":"https:\/\/228news.tg\/","logo":{"@type":"ImageObject","inLanguage":"fr-FR","@id":"https:\/\/228news.tg\/#\/schema\/logo\/image\/","url":"https:\/\/228news.tg\/wp-content\/uploads\/2024\/09\/logonew.png","contentUrl":"https:\/\/228news.tg\/wp-content\/uploads\/2024\/09\/logonew.png","width":1640,"height":364,"caption":"228 News"},"image":{"@id":"https:\/\/228news.tg\/#\/schema\/logo\/image\/"}},{"@type":"Person","@id":"https:\/\/228news.tg\/#\/schema\/person\/68d5a6cc0230290e61235c8379523f52","name":"Bienvenu SAVI","image":{"@type":"ImageObject","inLanguage":"fr-FR","@id":"https:\/\/228news.tg\/#\/schema\/person\/image\/","url":"https:\/\/secure.gravatar.com\/avatar\/9db91895c559e510509c33a3e9683998458e9b828fac36d5d1aa23f0f2fd369b?s=96&d=mm&r=g","contentUrl":"https:\/\/secure.gravatar.com\/avatar\/9db91895c559e510509c33a3e9683998458e9b828fac36d5d1aa23f0f2fd369b?s=96&d=mm&r=g","caption":"Bienvenu SAVI"},"url":"https:\/\/228news.tg\/index.php\/author\/bienvenu\/"}]}},"jetpack_featured_media_url":"https:\/\/228news.tg\/wp-content\/uploads\/2024\/05\/IMG-20240520-WA0003-1.jpg","_links":{"self":[{"href":"https:\/\/228news.tg\/index.php\/wp-json\/wp\/v2\/posts\/13335","targetHints":{"allow":["GET"]}}],"collection":[{"href":"https:\/\/228news.tg\/index.php\/wp-json\/wp\/v2\/posts"}],"about":[{"href":"https:\/\/228news.tg\/index.php\/wp-json\/wp\/v2\/types\/post"}],"author":[{"embeddable":true,"href":"https:\/\/228news.tg\/index.php\/wp-json\/wp\/v2\/users\/2"}],"replies":[{"embeddable":true,"href":"https:\/\/228news.tg\/index.php\/wp-json\/wp\/v2\/comments?post=13335"}],"version-history":[{"count":0,"href":"https:\/\/228news.tg\/index.php\/wp-json\/wp\/v2\/posts\/13335\/revisions"}],"wp:featuredmedia":[{"embeddable":true,"href":"https:\/\/228news.tg\/index.php\/wp-json\/wp\/v2\/media\/13336"}],"wp:attachment":[{"href":"https:\/\/228news.tg\/index.php\/wp-json\/wp\/v2\/media?parent=13335"}],"wp:term":[{"taxonomy":"category","embeddable":true,"href":"https:\/\/228news.tg\/index.php\/wp-json\/wp\/v2\/categories?post=13335"},{"taxonomy":"post_tag","embeddable":true,"href":"https:\/\/228news.tg\/index.php\/wp-json\/wp\/v2\/tags?post=13335"}],"curies":[{"name":"wp","href":"https:\/\/api.w.org\/{rel}","templated":true}]}}