{"id":1330,"date":"2018-04-07T00:00:00","date_gmt":"2018-04-07T00:00:00","guid":{"rendered":"https:\/\/228news.tg\/index.php\/2018\/04\/07\/le-programme-de-campagnes-anti-hepatites-b-au-togo-officiellement-lance\/"},"modified":"2024-09-09T14:05:05","modified_gmt":"2024-09-09T14:05:05","slug":"le-programme-de-campagnes-anti-hepatites-b-au-togo-officiellement-lance","status":"publish","type":"post","link":"https:\/\/228news.tg\/index.php\/2018\/04\/07\/le-programme-de-campagnes-anti-hepatites-b-au-togo-officiellement-lance\/","title":{"rendered":"Le programme de campagnes anti-h\u00e9patites B au Togo officiellement lanc\u00e9"},"content":{"rendered":"<p>En 2016, selon le Minist\u00e8re de la Sant\u00e9 et de la Protection Sociale du Togo, des \u00e9tudes r\u00e9alis\u00e9es dans trois centres hospitaliers r\u00e9v\u00e8lent une pr\u00e9valence allant jusqu\u2019\u00e0 14% sur 1050 d\u00e9pist\u00e9es. De plus, en juillet 2017, le Docteur Kanny Sokpoh-Diallo, Pr\u00e9sidente de la Ligue Togolaise de Lutte contre les h\u00e9patites (LTLH) a indiqu\u00e9, \u00e0 l\u2019occasion de la journ\u00e9e mondiale contre l\u2019h\u00e9patite que le taux de pr\u00e9valence des h\u00e9patites B &amp; C est estim\u00e9 \u00e0 15% sur l\u2019ensemble du territoire togolais.\u00a0<img fetchpriority=\"high\" decoding=\"async\" class=\"alignleft size-medium wp-image-2638\" src=\"https:\/\/228news.tg\/wp-content\/uploads\/2024\/09\/photo_2018-04-07_19-59-08-300x224.jpg\" alt=\"\" width=\"300\" height=\"224\" \/><\/p>\n<p>Pour r\u00e9duire le taux de pr\u00e9valence et arr\u00eater la transmission ou la propagation du virus de l\u2019h\u00e9patite B dans les communaut\u00e9s, l\u2019association\u00a0AFRIQUE MA RACINE a initi\u00e9 le Programme de Campagne de lutte contre l\u2019h\u00e9patite B. Ce programme de \u00ab Campagne anti-h\u00e9patite B\u00bb a pour objectif de mobiliser, \u00e9duquer et sensibiliser les populations en particulier les jeunes sur la maladie de l\u2019H\u00e9patite B afin de parvenir \u00e0 une\u00abG\u00e9n\u00e9ration sans H\u00e9patite B au Togo \u00e0 l&rsquo;horizon 2023\u00bb et de contribuer \u00e0 l\u2019atteinte de l\u2019Objectif 3 des ODD (assurer une vie saine et promouvoir le bien \u00eatre pour tous \u00e0 tous \u00e2ges).<\/p>\n<p>Le 05 avril 2018 \u00e0 Vogan (Pr\u00e9fectude de Vo) au sein du CEG Vogan Ville II (Village d\u2019Ap\u00e9dakondji), AFRIQUE MA RACINE a lanc\u00e9 officiellement son projet de Campagne Anti-h\u00e9patite B. En pr\u00e9sence des autorit\u00e9s de la localit\u00e9 dont M. Kodjo BIDI, le repr\u00e9sentant du Maire, le Commissaire de Police Dominique ASSEM, l\u2019Assistant M\u00e9dical Kokouvi AMOUZOU, le repr\u00e9sentant de la Directrice Pr\u00e9fectorale de Sant\u00e9 de Vo (DPS Vo), le Directeur Adjoint du CEG Vogan Ville II et Dr Mawuli Gaga ETOH, le Directeur R\u00e9gional de la Sant\u00e9\/R\u00e9gion Maritime repr\u00e9sentant du Ministre de la Sant\u00e9 et de la Protection Sociale.<\/p>\n<p>M. Koffi Dodzi AFOKPA, le Directeur Ex\u00e9cutif de l\u2019association AFRIQUE MA RACINE a pr\u00e9sid\u00e9 la s\u00e9ance en pr\u00e9sentant la structure initiatrice du projet et le sujet \u00abl\u2019h\u00e9patite B\u00ab par lequel tout le monde est pr\u00e9sent. Environ 250 participants (jeunes adolescents \u00e9l\u00e8ves et parents) ont \u00e9t\u00e9 sensibilis\u00e9 et \u00e9duqu\u00e9 (communication, prospectus et partage d\u2019insigne de l\u2019h\u00e9patite B) pendant 1h47 min sur l\u2019origine ou la cause du virus de l\u2019h\u00e9patite B, les sympt\u00f4mes ou signes, les diff\u00e9rents modes de transmission, le traitement et les moyens de pr\u00e9ventions de la maladie de l\u2019 h\u00e9patite B par les communicateurs de la Sant\u00e9 Publique de AFRIQUE MA RACINE dont l\u2019Assistant M\u00e9dical R\u00e9n\u00e9 ATTIOGBE et le M\u00e9decin Koffi Jule SOKPOLI avec l\u2019appui de Dr Mawuli Gaga ETOH et l\u2019Assistant M\u00e9dical Kokouvi AMOUZOU ; C\u2019est ainsi queDr Mawuli Gaga ETOH a lanc\u00e9 officiellement au nom du Ministre de la Sant\u00e9 et de la Protection Sociale, Prof Moustafa MIJIYAWA le \u00abProgramme de Campagne anti-h\u00e9patite B\u00bb. La prochaine campagne aura lieu le 12 avril 2018 \u00e0 Davi\u00e9 (Pr\u00e9fecture du Zio).<\/p>\n<p><em><strong>Mo\u00efse<\/strong><\/em><\/p>\n","protected":false},"excerpt":{"rendered":"<p>En 2016, selon le Minist\u00e8re de la Sant\u00e9 et de la Protection Sociale du Togo, des \u00e9tudes r\u00e9alis\u00e9es dans trois centres hospitaliers r\u00e9v\u00e8lent une pr\u00e9valence allant jusqu\u2019\u00e0 14% sur 1050 d\u00e9pist\u00e9es. De plus, en juillet 2017, le Docteur Kanny Sokpoh-Diallo, Pr\u00e9sidente de la Ligue Togolaise de Lutte contre les h\u00e9patites (LTLH) a indiqu\u00e9, \u00e0 l\u2019occasion &#8230; <a title=\"Le programme de campagnes anti-h\u00e9patites B au Togo officiellement lanc\u00e9\" class=\"read-more\" href=\"https:\/\/228news.tg\/index.php\/2018\/04\/07\/le-programme-de-campagnes-anti-hepatites-b-au-togo-officiellement-lance\/\" aria-label=\"En savoir plus sur Le programme de campagnes anti-h\u00e9patites B au Togo officiellement lanc\u00e9\">Lire la suite<\/a><\/p>\n","protected":false},"author":2,"featured_media":1333,"comment_status":"open","ping_status":"open","sticky":false,"template":"","format":"standard","meta":{"footnotes":""},"categories":[35,27,25,34],"tags":[],"class_list":["post-1330","post","type-post","status-publish","format-standard","has-post-thumbnail","hentry","category-flash","category-sante","category-togo","category-une"],"yoast_head":"<!-- This site is optimized with the Yoast SEO plugin v26.4 - https:\/\/yoast.com\/wordpress\/plugins\/seo\/ -->\n<title>Le programme de campagnes anti-h\u00e9patites B au Togo officiellement lanc\u00e9 - 228 News<\/title>\n<meta name=\"robots\" content=\"index, follow, max-snippet:-1, max-image-preview:large, max-video-preview:-1\" \/>\n<link rel=\"canonical\" href=\"https:\/\/228news.tg\/index.php\/2018\/04\/07\/le-programme-de-campagnes-anti-hepatites-b-au-togo-officiellement-lance\/\" \/>\n<meta property=\"og:locale\" content=\"fr_FR\" \/>\n<meta property=\"og:type\" content=\"article\" \/>\n<meta property=\"og:title\" content=\"Le programme de campagnes anti-h\u00e9patites B au Togo officiellement lanc\u00e9 - 228 News\" \/>\n<meta property=\"og:description\" content=\"En 2016, selon le Minist\u00e8re de la Sant\u00e9 et de la Protection Sociale du Togo, des \u00e9tudes r\u00e9alis\u00e9es dans trois centres hospitaliers r\u00e9v\u00e8lent une pr\u00e9valence allant jusqu\u2019\u00e0 14% sur 1050 d\u00e9pist\u00e9es. De plus, en juillet 2017, le Docteur Kanny Sokpoh-Diallo, Pr\u00e9sidente de la Ligue Togolaise de Lutte contre les h\u00e9patites (LTLH) a indiqu\u00e9, \u00e0 l\u2019occasion ... Lire la suite\" \/>\n<meta property=\"og:url\" content=\"https:\/\/228news.tg\/index.php\/2018\/04\/07\/le-programme-de-campagnes-anti-hepatites-b-au-togo-officiellement-lance\/\" \/>\n<meta property=\"og:site_name\" content=\"228 News\" \/>\n<meta property=\"article:published_time\" content=\"2018-04-07T00:00:00+00:00\" \/>\n<meta property=\"article:modified_time\" content=\"2024-09-09T14:05:05+00:00\" \/>\n<meta property=\"og:image\" content=\"https:\/\/228news.tg\/wp-content\/uploads\/2024\/09\/photo_2018-04-07_19-59-26.jpg\" \/>\n\t<meta property=\"og:image:width\" content=\"1080\" \/>\n\t<meta property=\"og:image:height\" content=\"810\" \/>\n\t<meta property=\"og:image:type\" content=\"image\/jpeg\" \/>\n<meta name=\"author\" content=\"Bienvenu SAVI\" \/>\n<meta name=\"twitter:card\" content=\"summary_large_image\" \/>\n<meta name=\"twitter:label1\" content=\"\u00c9crit par\" \/>\n\t<meta name=\"twitter:data1\" content=\"Bienvenu SAVI\" \/>\n\t<meta name=\"twitter:label2\" content=\"Dur\u00e9e de lecture estim\u00e9e\" \/>\n\t<meta name=\"twitter:data2\" content=\"3 minutes\" \/>\n<script type=\"application\/ld+json\" class=\"yoast-schema-graph\">{\"@context\":\"https:\/\/schema.org\",\"@graph\":[{\"@type\":\"Article\",\"@id\":\"https:\/\/228news.tg\/index.php\/2018\/04\/07\/le-programme-de-campagnes-anti-hepatites-b-au-togo-officiellement-lance\/#article\",\"isPartOf\":{\"@id\":\"https:\/\/228news.tg\/index.php\/2018\/04\/07\/le-programme-de-campagnes-anti-hepatites-b-au-togo-officiellement-lance\/\"},\"author\":{\"name\":\"Bienvenu SAVI\",\"@id\":\"https:\/\/228news.tg\/#\/schema\/person\/68d5a6cc0230290e61235c8379523f52\"},\"headline\":\"Le programme de campagnes anti-h\u00e9patites B au Togo officiellement lanc\u00e9\",\"datePublished\":\"2018-04-07T00:00:00+00:00\",\"dateModified\":\"2024-09-09T14:05:05+00:00\",\"mainEntityOfPage\":{\"@id\":\"https:\/\/228news.tg\/index.php\/2018\/04\/07\/le-programme-de-campagnes-anti-hepatites-b-au-togo-officiellement-lance\/\"},\"wordCount\":520,\"commentCount\":0,\"publisher\":{\"@id\":\"https:\/\/228news.tg\/#organization\"},\"image\":{\"@id\":\"https:\/\/228news.tg\/index.php\/2018\/04\/07\/le-programme-de-campagnes-anti-hepatites-b-au-togo-officiellement-lance\/#primaryimage\"},\"thumbnailUrl\":\"https:\/\/228news.tg\/wp-content\/uploads\/2024\/09\/photo_2018-04-07_19-59-26.jpg\",\"articleSection\":[\"Flash\",\"Sant\u00e9\",\"TOGO\",\"Une\"],\"inLanguage\":\"fr-FR\",\"potentialAction\":[{\"@type\":\"CommentAction\",\"name\":\"Comment\",\"target\":[\"https:\/\/228news.tg\/index.php\/2018\/04\/07\/le-programme-de-campagnes-anti-hepatites-b-au-togo-officiellement-lance\/#respond\"]}]},{\"@type\":\"WebPage\",\"@id\":\"https:\/\/228news.tg\/index.php\/2018\/04\/07\/le-programme-de-campagnes-anti-hepatites-b-au-togo-officiellement-lance\/\",\"url\":\"https:\/\/228news.tg\/index.php\/2018\/04\/07\/le-programme-de-campagnes-anti-hepatites-b-au-togo-officiellement-lance\/\",\"name\":\"Le programme de campagnes anti-h\u00e9patites B au Togo officiellement lanc\u00e9 - 228 News\",\"isPartOf\":{\"@id\":\"https:\/\/228news.tg\/#website\"},\"primaryImageOfPage\":{\"@id\":\"https:\/\/228news.tg\/index.php\/2018\/04\/07\/le-programme-de-campagnes-anti-hepatites-b-au-togo-officiellement-lance\/#primaryimage\"},\"image\":{\"@id\":\"https:\/\/228news.tg\/index.php\/2018\/04\/07\/le-programme-de-campagnes-anti-hepatites-b-au-togo-officiellement-lance\/#primaryimage\"},\"thumbnailUrl\":\"https:\/\/228news.tg\/wp-content\/uploads\/2024\/09\/photo_2018-04-07_19-59-26.jpg\",\"datePublished\":\"2018-04-07T00:00:00+00:00\",\"dateModified\":\"2024-09-09T14:05:05+00:00\",\"breadcrumb\":{\"@id\":\"https:\/\/228news.tg\/index.php\/2018\/04\/07\/le-programme-de-campagnes-anti-hepatites-b-au-togo-officiellement-lance\/#breadcrumb\"},\"inLanguage\":\"fr-FR\",\"potentialAction\":[{\"@type\":\"ReadAction\",\"target\":[\"https:\/\/228news.tg\/index.php\/2018\/04\/07\/le-programme-de-campagnes-anti-hepatites-b-au-togo-officiellement-lance\/\"]}]},{\"@type\":\"ImageObject\",\"inLanguage\":\"fr-FR\",\"@id\":\"https:\/\/228news.tg\/index.php\/2018\/04\/07\/le-programme-de-campagnes-anti-hepatites-b-au-togo-officiellement-lance\/#primaryimage\",\"url\":\"https:\/\/228news.tg\/wp-content\/uploads\/2024\/09\/photo_2018-04-07_19-59-26.jpg\",\"contentUrl\":\"https:\/\/228news.tg\/wp-content\/uploads\/2024\/09\/photo_2018-04-07_19-59-26.jpg\",\"width\":1080,\"height\":810},{\"@type\":\"BreadcrumbList\",\"@id\":\"https:\/\/228news.tg\/index.php\/2018\/04\/07\/le-programme-de-campagnes-anti-hepatites-b-au-togo-officiellement-lance\/#breadcrumb\",\"itemListElement\":[{\"@type\":\"ListItem\",\"position\":1,\"name\":\"Home\",\"item\":\"https:\/\/228news.tg\/\"},{\"@type\":\"ListItem\",\"position\":2,\"name\":\"Le programme de campagnes anti-h\u00e9patites B au Togo officiellement lanc\u00e9\"}]},{\"@type\":\"WebSite\",\"@id\":\"https:\/\/228news.tg\/#website\",\"url\":\"https:\/\/228news.tg\/\",\"name\":\"228 News\",\"description\":\"Soci\u00e9t\u00e9 de m\u00e9dias et d\u2019actualit\u00e9s\",\"publisher\":{\"@id\":\"https:\/\/228news.tg\/#organization\"},\"potentialAction\":[{\"@type\":\"SearchAction\",\"target\":{\"@type\":\"EntryPoint\",\"urlTemplate\":\"https:\/\/228news.tg\/?s={search_term_string}\"},\"query-input\":{\"@type\":\"PropertyValueSpecification\",\"valueRequired\":true,\"valueName\":\"search_term_string\"}}],\"inLanguage\":\"fr-FR\"},{\"@type\":\"Organization\",\"@id\":\"https:\/\/228news.tg\/#organization\",\"name\":\"228 News\",\"url\":\"https:\/\/228news.tg\/\",\"logo\":{\"@type\":\"ImageObject\",\"inLanguage\":\"fr-FR\",\"@id\":\"https:\/\/228news.tg\/#\/schema\/logo\/image\/\",\"url\":\"https:\/\/228news.tg\/wp-content\/uploads\/2024\/09\/logonew.png\",\"contentUrl\":\"https:\/\/228news.tg\/wp-content\/uploads\/2024\/09\/logonew.png\",\"width\":1640,\"height\":364,\"caption\":\"228 News\"},\"image\":{\"@id\":\"https:\/\/228news.tg\/#\/schema\/logo\/image\/\"}},{\"@type\":\"Person\",\"@id\":\"https:\/\/228news.tg\/#\/schema\/person\/68d5a6cc0230290e61235c8379523f52\",\"name\":\"Bienvenu SAVI\",\"image\":{\"@type\":\"ImageObject\",\"inLanguage\":\"fr-FR\",\"@id\":\"https:\/\/228news.tg\/#\/schema\/person\/image\/\",\"url\":\"https:\/\/secure.gravatar.com\/avatar\/9db91895c559e510509c33a3e9683998458e9b828fac36d5d1aa23f0f2fd369b?s=96&d=mm&r=g\",\"contentUrl\":\"https:\/\/secure.gravatar.com\/avatar\/9db91895c559e510509c33a3e9683998458e9b828fac36d5d1aa23f0f2fd369b?s=96&d=mm&r=g\",\"caption\":\"Bienvenu SAVI\"},\"url\":\"https:\/\/228news.tg\/index.php\/author\/bienvenu\/\"}]}<\/script>\n<!-- \/ Yoast SEO plugin. -->","yoast_head_json":{"title":"Le programme de campagnes anti-h\u00e9patites B au Togo officiellement lanc\u00e9 - 228 News","robots":{"index":"index","follow":"follow","max-snippet":"max-snippet:-1","max-image-preview":"max-image-preview:large","max-video-preview":"max-video-preview:-1"},"canonical":"https:\/\/228news.tg\/index.php\/2018\/04\/07\/le-programme-de-campagnes-anti-hepatites-b-au-togo-officiellement-lance\/","og_locale":"fr_FR","og_type":"article","og_title":"Le programme de campagnes anti-h\u00e9patites B au Togo officiellement lanc\u00e9 - 228 News","og_description":"En 2016, selon le Minist\u00e8re de la Sant\u00e9 et de la Protection Sociale du Togo, des \u00e9tudes r\u00e9alis\u00e9es dans trois centres hospitaliers r\u00e9v\u00e8lent une pr\u00e9valence allant jusqu\u2019\u00e0 14% sur 1050 d\u00e9pist\u00e9es. De plus, en juillet 2017, le Docteur Kanny Sokpoh-Diallo, Pr\u00e9sidente de la Ligue Togolaise de Lutte contre les h\u00e9patites (LTLH) a indiqu\u00e9, \u00e0 l\u2019occasion ... Lire la suite","og_url":"https:\/\/228news.tg\/index.php\/2018\/04\/07\/le-programme-de-campagnes-anti-hepatites-b-au-togo-officiellement-lance\/","og_site_name":"228 News","article_published_time":"2018-04-07T00:00:00+00:00","article_modified_time":"2024-09-09T14:05:05+00:00","og_image":[{"width":1080,"height":810,"url":"https:\/\/228news.tg\/wp-content\/uploads\/2024\/09\/photo_2018-04-07_19-59-26.jpg","type":"image\/jpeg"}],"author":"Bienvenu SAVI","twitter_card":"summary_large_image","twitter_misc":{"\u00c9crit par":"Bienvenu SAVI","Dur\u00e9e de lecture estim\u00e9e":"3 minutes"},"schema":{"@context":"https:\/\/schema.org","@graph":[{"@type":"Article","@id":"https:\/\/228news.tg\/index.php\/2018\/04\/07\/le-programme-de-campagnes-anti-hepatites-b-au-togo-officiellement-lance\/#article","isPartOf":{"@id":"https:\/\/228news.tg\/index.php\/2018\/04\/07\/le-programme-de-campagnes-anti-hepatites-b-au-togo-officiellement-lance\/"},"author":{"name":"Bienvenu SAVI","@id":"https:\/\/228news.tg\/#\/schema\/person\/68d5a6cc0230290e61235c8379523f52"},"headline":"Le programme de campagnes anti-h\u00e9patites B au Togo officiellement lanc\u00e9","datePublished":"2018-04-07T00:00:00+00:00","dateModified":"2024-09-09T14:05:05+00:00","mainEntityOfPage":{"@id":"https:\/\/228news.tg\/index.php\/2018\/04\/07\/le-programme-de-campagnes-anti-hepatites-b-au-togo-officiellement-lance\/"},"wordCount":520,"commentCount":0,"publisher":{"@id":"https:\/\/228news.tg\/#organization"},"image":{"@id":"https:\/\/228news.tg\/index.php\/2018\/04\/07\/le-programme-de-campagnes-anti-hepatites-b-au-togo-officiellement-lance\/#primaryimage"},"thumbnailUrl":"https:\/\/228news.tg\/wp-content\/uploads\/2024\/09\/photo_2018-04-07_19-59-26.jpg","articleSection":["Flash","Sant\u00e9","TOGO","Une"],"inLanguage":"fr-FR","potentialAction":[{"@type":"CommentAction","name":"Comment","target":["https:\/\/228news.tg\/index.php\/2018\/04\/07\/le-programme-de-campagnes-anti-hepatites-b-au-togo-officiellement-lance\/#respond"]}]},{"@type":"WebPage","@id":"https:\/\/228news.tg\/index.php\/2018\/04\/07\/le-programme-de-campagnes-anti-hepatites-b-au-togo-officiellement-lance\/","url":"https:\/\/228news.tg\/index.php\/2018\/04\/07\/le-programme-de-campagnes-anti-hepatites-b-au-togo-officiellement-lance\/","name":"Le programme de campagnes anti-h\u00e9patites B au Togo officiellement lanc\u00e9 - 228 News","isPartOf":{"@id":"https:\/\/228news.tg\/#website"},"primaryImageOfPage":{"@id":"https:\/\/228news.tg\/index.php\/2018\/04\/07\/le-programme-de-campagnes-anti-hepatites-b-au-togo-officiellement-lance\/#primaryimage"},"image":{"@id":"https:\/\/228news.tg\/index.php\/2018\/04\/07\/le-programme-de-campagnes-anti-hepatites-b-au-togo-officiellement-lance\/#primaryimage"},"thumbnailUrl":"https:\/\/228news.tg\/wp-content\/uploads\/2024\/09\/photo_2018-04-07_19-59-26.jpg","datePublished":"2018-04-07T00:00:00+00:00","dateModified":"2024-09-09T14:05:05+00:00","breadcrumb":{"@id":"https:\/\/228news.tg\/index.php\/2018\/04\/07\/le-programme-de-campagnes-anti-hepatites-b-au-togo-officiellement-lance\/#breadcrumb"},"inLanguage":"fr-FR","potentialAction":[{"@type":"ReadAction","target":["https:\/\/228news.tg\/index.php\/2018\/04\/07\/le-programme-de-campagnes-anti-hepatites-b-au-togo-officiellement-lance\/"]}]},{"@type":"ImageObject","inLanguage":"fr-FR","@id":"https:\/\/228news.tg\/index.php\/2018\/04\/07\/le-programme-de-campagnes-anti-hepatites-b-au-togo-officiellement-lance\/#primaryimage","url":"https:\/\/228news.tg\/wp-content\/uploads\/2024\/09\/photo_2018-04-07_19-59-26.jpg","contentUrl":"https:\/\/228news.tg\/wp-content\/uploads\/2024\/09\/photo_2018-04-07_19-59-26.jpg","width":1080,"height":810},{"@type":"BreadcrumbList","@id":"https:\/\/228news.tg\/index.php\/2018\/04\/07\/le-programme-de-campagnes-anti-hepatites-b-au-togo-officiellement-lance\/#breadcrumb","itemListElement":[{"@type":"ListItem","position":1,"name":"Home","item":"https:\/\/228news.tg\/"},{"@type":"ListItem","position":2,"name":"Le programme de campagnes anti-h\u00e9patites B au Togo officiellement lanc\u00e9"}]},{"@type":"WebSite","@id":"https:\/\/228news.tg\/#website","url":"https:\/\/228news.tg\/","name":"228 News","description":"Soci\u00e9t\u00e9 de m\u00e9dias et d\u2019actualit\u00e9s","publisher":{"@id":"https:\/\/228news.tg\/#organization"},"potentialAction":[{"@type":"SearchAction","target":{"@type":"EntryPoint","urlTemplate":"https:\/\/228news.tg\/?s={search_term_string}"},"query-input":{"@type":"PropertyValueSpecification","valueRequired":true,"valueName":"search_term_string"}}],"inLanguage":"fr-FR"},{"@type":"Organization","@id":"https:\/\/228news.tg\/#organization","name":"228 News","url":"https:\/\/228news.tg\/","logo":{"@type":"ImageObject","inLanguage":"fr-FR","@id":"https:\/\/228news.tg\/#\/schema\/logo\/image\/","url":"https:\/\/228news.tg\/wp-content\/uploads\/2024\/09\/logonew.png","contentUrl":"https:\/\/228news.tg\/wp-content\/uploads\/2024\/09\/logonew.png","width":1640,"height":364,"caption":"228 News"},"image":{"@id":"https:\/\/228news.tg\/#\/schema\/logo\/image\/"}},{"@type":"Person","@id":"https:\/\/228news.tg\/#\/schema\/person\/68d5a6cc0230290e61235c8379523f52","name":"Bienvenu SAVI","image":{"@type":"ImageObject","inLanguage":"fr-FR","@id":"https:\/\/228news.tg\/#\/schema\/person\/image\/","url":"https:\/\/secure.gravatar.com\/avatar\/9db91895c559e510509c33a3e9683998458e9b828fac36d5d1aa23f0f2fd369b?s=96&d=mm&r=g","contentUrl":"https:\/\/secure.gravatar.com\/avatar\/9db91895c559e510509c33a3e9683998458e9b828fac36d5d1aa23f0f2fd369b?s=96&d=mm&r=g","caption":"Bienvenu SAVI"},"url":"https:\/\/228news.tg\/index.php\/author\/bienvenu\/"}]}},"jetpack_featured_media_url":"https:\/\/228news.tg\/wp-content\/uploads\/2024\/09\/photo_2018-04-07_19-59-26.jpg","_links":{"self":[{"href":"https:\/\/228news.tg\/index.php\/wp-json\/wp\/v2\/posts\/1330","targetHints":{"allow":["GET"]}}],"collection":[{"href":"https:\/\/228news.tg\/index.php\/wp-json\/wp\/v2\/posts"}],"about":[{"href":"https:\/\/228news.tg\/index.php\/wp-json\/wp\/v2\/types\/post"}],"author":[{"embeddable":true,"href":"https:\/\/228news.tg\/index.php\/wp-json\/wp\/v2\/users\/2"}],"replies":[{"embeddable":true,"href":"https:\/\/228news.tg\/index.php\/wp-json\/wp\/v2\/comments?post=1330"}],"version-history":[{"count":1,"href":"https:\/\/228news.tg\/index.php\/wp-json\/wp\/v2\/posts\/1330\/revisions"}],"predecessor-version":[{"id":1332,"href":"https:\/\/228news.tg\/index.php\/wp-json\/wp\/v2\/posts\/1330\/revisions\/1332"}],"wp:featuredmedia":[{"embeddable":true,"href":"https:\/\/228news.tg\/index.php\/wp-json\/wp\/v2\/media\/1333"}],"wp:attachment":[{"href":"https:\/\/228news.tg\/index.php\/wp-json\/wp\/v2\/media?parent=1330"}],"wp:term":[{"taxonomy":"category","embeddable":true,"href":"https:\/\/228news.tg\/index.php\/wp-json\/wp\/v2\/categories?post=1330"},{"taxonomy":"post_tag","embeddable":true,"href":"https:\/\/228news.tg\/index.php\/wp-json\/wp\/v2\/tags?post=1330"}],"curies":[{"name":"wp","href":"https:\/\/api.w.org\/{rel}","templated":true}]}}