{"id":1316,"date":"2018-04-04T00:00:00","date_gmt":"2018-04-04T00:00:00","guid":{"rendered":"https:\/\/228news.tg\/index.php\/2018\/04\/04\/le-fonds-de-solidarite-africain-desormais-aa\/"},"modified":"2018-04-04T00:00:00","modified_gmt":"2018-04-04T00:00:00","slug":"le-fonds-de-solidarite-africain-desormais-aa","status":"publish","type":"post","link":"https:\/\/228news.tg\/index.php\/2018\/04\/04\/le-fonds-de-solidarite-africain-desormais-aa\/","title":{"rendered":"Le Fonds de Solidarit\u00e9 Africain d\u00e9sormais \u00ab\u00a0AA+\u00a0\u00bb"},"content":{"rendered":"<p>Le Fonds de Solidarit\u00e9 Africain (FSA) a re\u00e7u ce mardi 27 mars la notation \u00ab\u00a0AA+\u00a0\u00bb. Elle lui a \u00e9t\u00e9 d\u00e9cern\u00e9e par l&rsquo;agence de notation WARA au cours d&rsquo;une c\u00e9r\u00e9monie dans la capitale togolaise.<\/p>\n<p>Fruit du travail bien fait instaur\u00e9 au FSA, cette nouvelle notation mat\u00e9rialise l\u2019efficacit\u00e9 des diff\u00e9rentes directions dans leurs r\u00f4les respectifs et la performance des outils op\u00e9rationnels du Fonds qui oeuvre au d\u00e9veloppement de ses pays membres.\u00a0Elle vient donner plus de cr\u00e9dit au Fonds aupr\u00e8s de ses partenaires ainsi que dans l&rsquo;univers des affaires.<\/p>\n<p>\u00ab\u00a0La note AA+ du FSA signifie que les concours adoss\u00e9s \u00e0 la garantie du FSA b\u00e9n\u00e9ficient d\u2019un taux de pond\u00e9ration m\u00fbr dans la d\u00e9termination de la solvabilit\u00e9 et des Fonds propres de ces \u00e9tablissements\u00a0\u00bb, a d\u00e9clar\u00e9 Ahmadou Abdoulaye Diallo, Directeur g\u00e9n\u00e9ral du FSA \u00e0 la c\u00e9r\u00e9monie de remise.<\/p>\n<p>Pour lui, \u00e0 travers cette distinction, le FSA se conforte sur les march\u00e9s et entend d\u00e9sormais\u00a0\u0153uvrer dans le sens de son maintien ou de son am\u00e9lioration en accompagnant encore plus le financement des \u00e9conomies nationales de ses \u00c9tats membres.<\/p>\n<p>\u00ab\u00a0Il s&rsquo;agira essentiellement de\u00a0permettre aux entreprises priv\u00e9es, aux PME\/PMI et aux Institutions de microfinance, d\u2019acc\u00e9der au cr\u00e9dit bancaire et\/ou de lever l\u2019\u00e9pargne leur permettant de financer des projets d\u2019investissement productifs qui concourent au d\u00e9veloppement \u00e9conomique des pays membres et \u00e0 la r\u00e9duction de la pauvret\u00e9\u00a0 pour les populations.\u00a0\u00bb, a conclu le premier responsable du Fonds.<\/p>\n<p>Le processus de notation est par ailleurs une suite logique \u00e0 la mise en \u0153uvre du plan \u00e0 moyen terme 2016-2020 dont le FSA s\u2019est dot\u00e9 afin de jouer pleinement et avec efficience son r\u00f4le de catalyseur des financements dans les \u00c9tats membres.<\/p>\n<div id=\"quads-ad1\" class=\"quads-location quads-ad1\">\u00a0Cr\u00e9\u00e9 le 21 d\u00e9cembre 1976, le FSA a pour mission de\u00a0 participer au d\u00e9veloppement \u00e9conomique et \u00e0 la lutte contre la pauvret\u00e9 dans ses \u00c9tats membres africains en facilitant le financement des projets d\u2019investissement. Il est compos\u00e9 de 14 \u00c9tats dont huit pays membres de la CEDEAO (B\u00e9nin, Burkina Faso, C\u00f4te d\u2019Ivoire, Guin\u00e9e Bissau, Mali, Niger, S\u00e9n\u00e9gal, Togo), trois pays de la CEMAC (Gabon, RCA, Tchad) ainsi que trois pays du COMESA (Burundi, Ile Maurice et\u00a0 Rwanda).<\/div>\n<div class=\"quads-location quads-ad1\"><\/div>\n<div class=\"quads-location quads-ad1\"><em><strong>D\u00e9mocrate<\/strong><\/em><\/div>\n<div class=\"quads-location quads-ad1\"><em><strong>(00228) 91 85 40 14<\/strong><\/em><\/div>\n<div class=\"quads-location quads-ad1\"><em><strong>98 60 67 68<\/strong><\/em><\/div>\n<div class=\"quads-location quads-ad1\"><em><strong>democrate2010@gmail.com<\/strong><\/em><\/div>\n","protected":false},"excerpt":{"rendered":"<p>Le Fonds de Solidarit\u00e9 Africain (FSA) a re\u00e7u ce mardi 27 mars la notation \u00ab\u00a0AA+\u00a0\u00bb. Elle lui a \u00e9t\u00e9 d\u00e9cern\u00e9e par l&rsquo;agence de notation WARA au cours d&rsquo;une c\u00e9r\u00e9monie dans la capitale togolaise. Fruit du travail bien fait instaur\u00e9 au FSA, cette nouvelle notation mat\u00e9rialise l\u2019efficacit\u00e9 des diff\u00e9rentes directions dans leurs r\u00f4les respectifs et la &#8230; <a title=\"Le Fonds de Solidarit\u00e9 Africain d\u00e9sormais \u00ab\u00a0AA+\u00a0\u00bb\" class=\"read-more\" href=\"https:\/\/228news.tg\/index.php\/2018\/04\/04\/le-fonds-de-solidarite-africain-desormais-aa\/\" aria-label=\"En savoir plus sur Le Fonds de Solidarit\u00e9 Africain d\u00e9sormais \u00ab\u00a0AA+\u00a0\u00bb\">Lire la suite<\/a><\/p>\n","protected":false},"author":2,"featured_media":1317,"comment_status":"open","ping_status":"open","sticky":false,"template":"","format":"standard","meta":{"footnotes":""},"categories":[26,30,35,34],"tags":[],"class_list":["post-1316","post","type-post","status-publish","format-standard","has-post-thumbnail","hentry","category-afrique","category-economie","category-flash","category-une"],"yoast_head":"<!-- This site is optimized with the Yoast SEO plugin v26.4 - https:\/\/yoast.com\/wordpress\/plugins\/seo\/ -->\n<title>Le Fonds de Solidarit\u00e9 Africain d\u00e9sormais &quot;AA+&quot; - 228 News<\/title>\n<meta name=\"robots\" content=\"index, follow, max-snippet:-1, max-image-preview:large, max-video-preview:-1\" \/>\n<link rel=\"canonical\" href=\"https:\/\/228news.tg\/index.php\/2018\/04\/04\/le-fonds-de-solidarite-africain-desormais-aa\/\" \/>\n<meta property=\"og:locale\" content=\"fr_FR\" \/>\n<meta property=\"og:type\" content=\"article\" \/>\n<meta property=\"og:title\" content=\"Le Fonds de Solidarit\u00e9 Africain d\u00e9sormais &quot;AA+&quot; - 228 News\" \/>\n<meta property=\"og:description\" content=\"Le Fonds de Solidarit\u00e9 Africain (FSA) a re\u00e7u ce mardi 27 mars la notation \u00ab\u00a0AA+\u00a0\u00bb. Elle lui a \u00e9t\u00e9 d\u00e9cern\u00e9e par l&rsquo;agence de notation WARA au cours d&rsquo;une c\u00e9r\u00e9monie dans la capitale togolaise. Fruit du travail bien fait instaur\u00e9 au FSA, cette nouvelle notation mat\u00e9rialise l\u2019efficacit\u00e9 des diff\u00e9rentes directions dans leurs r\u00f4les respectifs et la ... Lire la suite\" \/>\n<meta property=\"og:url\" content=\"https:\/\/228news.tg\/index.php\/2018\/04\/04\/le-fonds-de-solidarite-africain-desormais-aa\/\" \/>\n<meta property=\"og:site_name\" content=\"228 News\" \/>\n<meta property=\"article:published_time\" content=\"2018-04-04T00:00:00+00:00\" \/>\n<meta property=\"og:image\" content=\"https:\/\/228news.tg\/wp-content\/uploads\/2024\/09\/FSA-752x440-1.jpg\" \/>\n\t<meta property=\"og:image:width\" content=\"752\" \/>\n\t<meta property=\"og:image:height\" content=\"440\" \/>\n\t<meta property=\"og:image:type\" content=\"image\/jpeg\" \/>\n<meta name=\"author\" content=\"Bienvenu SAVI\" \/>\n<meta name=\"twitter:card\" content=\"summary_large_image\" \/>\n<meta name=\"twitter:label1\" content=\"\u00c9crit par\" \/>\n\t<meta name=\"twitter:data1\" content=\"Bienvenu SAVI\" \/>\n\t<meta name=\"twitter:label2\" content=\"Dur\u00e9e de lecture estim\u00e9e\" \/>\n\t<meta name=\"twitter:data2\" content=\"2 minutes\" \/>\n<script type=\"application\/ld+json\" class=\"yoast-schema-graph\">{\"@context\":\"https:\/\/schema.org\",\"@graph\":[{\"@type\":\"Article\",\"@id\":\"https:\/\/228news.tg\/index.php\/2018\/04\/04\/le-fonds-de-solidarite-africain-desormais-aa\/#article\",\"isPartOf\":{\"@id\":\"https:\/\/228news.tg\/index.php\/2018\/04\/04\/le-fonds-de-solidarite-africain-desormais-aa\/\"},\"author\":{\"name\":\"Bienvenu SAVI\",\"@id\":\"https:\/\/228news.tg\/#\/schema\/person\/68d5a6cc0230290e61235c8379523f52\"},\"headline\":\"Le Fonds de Solidarit\u00e9 Africain d\u00e9sormais \u00ab\u00a0AA+\u00a0\u00bb\",\"datePublished\":\"2018-04-04T00:00:00+00:00\",\"mainEntityOfPage\":{\"@id\":\"https:\/\/228news.tg\/index.php\/2018\/04\/04\/le-fonds-de-solidarite-africain-desormais-aa\/\"},\"wordCount\":406,\"commentCount\":0,\"publisher\":{\"@id\":\"https:\/\/228news.tg\/#organization\"},\"image\":{\"@id\":\"https:\/\/228news.tg\/index.php\/2018\/04\/04\/le-fonds-de-solidarite-africain-desormais-aa\/#primaryimage\"},\"thumbnailUrl\":\"https:\/\/228news.tg\/wp-content\/uploads\/2024\/09\/FSA-752x440-1.jpg\",\"articleSection\":[\"AFRIQUE\",\"ECONOMIE\",\"Flash\",\"Une\"],\"inLanguage\":\"fr-FR\",\"potentialAction\":[{\"@type\":\"CommentAction\",\"name\":\"Comment\",\"target\":[\"https:\/\/228news.tg\/index.php\/2018\/04\/04\/le-fonds-de-solidarite-africain-desormais-aa\/#respond\"]}]},{\"@type\":\"WebPage\",\"@id\":\"https:\/\/228news.tg\/index.php\/2018\/04\/04\/le-fonds-de-solidarite-africain-desormais-aa\/\",\"url\":\"https:\/\/228news.tg\/index.php\/2018\/04\/04\/le-fonds-de-solidarite-africain-desormais-aa\/\",\"name\":\"Le Fonds de Solidarit\u00e9 Africain d\u00e9sormais \\\"AA+\\\" - 228 News\",\"isPartOf\":{\"@id\":\"https:\/\/228news.tg\/#website\"},\"primaryImageOfPage\":{\"@id\":\"https:\/\/228news.tg\/index.php\/2018\/04\/04\/le-fonds-de-solidarite-africain-desormais-aa\/#primaryimage\"},\"image\":{\"@id\":\"https:\/\/228news.tg\/index.php\/2018\/04\/04\/le-fonds-de-solidarite-africain-desormais-aa\/#primaryimage\"},\"thumbnailUrl\":\"https:\/\/228news.tg\/wp-content\/uploads\/2024\/09\/FSA-752x440-1.jpg\",\"datePublished\":\"2018-04-04T00:00:00+00:00\",\"breadcrumb\":{\"@id\":\"https:\/\/228news.tg\/index.php\/2018\/04\/04\/le-fonds-de-solidarite-africain-desormais-aa\/#breadcrumb\"},\"inLanguage\":\"fr-FR\",\"potentialAction\":[{\"@type\":\"ReadAction\",\"target\":[\"https:\/\/228news.tg\/index.php\/2018\/04\/04\/le-fonds-de-solidarite-africain-desormais-aa\/\"]}]},{\"@type\":\"ImageObject\",\"inLanguage\":\"fr-FR\",\"@id\":\"https:\/\/228news.tg\/index.php\/2018\/04\/04\/le-fonds-de-solidarite-africain-desormais-aa\/#primaryimage\",\"url\":\"https:\/\/228news.tg\/wp-content\/uploads\/2024\/09\/FSA-752x440-1.jpg\",\"contentUrl\":\"https:\/\/228news.tg\/wp-content\/uploads\/2024\/09\/FSA-752x440-1.jpg\",\"width\":752,\"height\":440},{\"@type\":\"BreadcrumbList\",\"@id\":\"https:\/\/228news.tg\/index.php\/2018\/04\/04\/le-fonds-de-solidarite-africain-desormais-aa\/#breadcrumb\",\"itemListElement\":[{\"@type\":\"ListItem\",\"position\":1,\"name\":\"Home\",\"item\":\"https:\/\/228news.tg\/\"},{\"@type\":\"ListItem\",\"position\":2,\"name\":\"Le Fonds de Solidarit\u00e9 Africain d\u00e9sormais \u00ab\u00a0AA+\u00a0\u00bb\"}]},{\"@type\":\"WebSite\",\"@id\":\"https:\/\/228news.tg\/#website\",\"url\":\"https:\/\/228news.tg\/\",\"name\":\"228 News\",\"description\":\"Soci\u00e9t\u00e9 de m\u00e9dias et d\u2019actualit\u00e9s\",\"publisher\":{\"@id\":\"https:\/\/228news.tg\/#organization\"},\"potentialAction\":[{\"@type\":\"SearchAction\",\"target\":{\"@type\":\"EntryPoint\",\"urlTemplate\":\"https:\/\/228news.tg\/?s={search_term_string}\"},\"query-input\":{\"@type\":\"PropertyValueSpecification\",\"valueRequired\":true,\"valueName\":\"search_term_string\"}}],\"inLanguage\":\"fr-FR\"},{\"@type\":\"Organization\",\"@id\":\"https:\/\/228news.tg\/#organization\",\"name\":\"228 News\",\"url\":\"https:\/\/228news.tg\/\",\"logo\":{\"@type\":\"ImageObject\",\"inLanguage\":\"fr-FR\",\"@id\":\"https:\/\/228news.tg\/#\/schema\/logo\/image\/\",\"url\":\"https:\/\/228news.tg\/wp-content\/uploads\/2024\/09\/logonew.png\",\"contentUrl\":\"https:\/\/228news.tg\/wp-content\/uploads\/2024\/09\/logonew.png\",\"width\":1640,\"height\":364,\"caption\":\"228 News\"},\"image\":{\"@id\":\"https:\/\/228news.tg\/#\/schema\/logo\/image\/\"}},{\"@type\":\"Person\",\"@id\":\"https:\/\/228news.tg\/#\/schema\/person\/68d5a6cc0230290e61235c8379523f52\",\"name\":\"Bienvenu SAVI\",\"image\":{\"@type\":\"ImageObject\",\"inLanguage\":\"fr-FR\",\"@id\":\"https:\/\/228news.tg\/#\/schema\/person\/image\/\",\"url\":\"https:\/\/secure.gravatar.com\/avatar\/9db91895c559e510509c33a3e9683998458e9b828fac36d5d1aa23f0f2fd369b?s=96&d=mm&r=g\",\"contentUrl\":\"https:\/\/secure.gravatar.com\/avatar\/9db91895c559e510509c33a3e9683998458e9b828fac36d5d1aa23f0f2fd369b?s=96&d=mm&r=g\",\"caption\":\"Bienvenu SAVI\"},\"url\":\"https:\/\/228news.tg\/index.php\/author\/bienvenu\/\"}]}<\/script>\n<!-- \/ Yoast SEO plugin. -->","yoast_head_json":{"title":"Le Fonds de Solidarit\u00e9 Africain d\u00e9sormais \"AA+\" - 228 News","robots":{"index":"index","follow":"follow","max-snippet":"max-snippet:-1","max-image-preview":"max-image-preview:large","max-video-preview":"max-video-preview:-1"},"canonical":"https:\/\/228news.tg\/index.php\/2018\/04\/04\/le-fonds-de-solidarite-africain-desormais-aa\/","og_locale":"fr_FR","og_type":"article","og_title":"Le Fonds de Solidarit\u00e9 Africain d\u00e9sormais \"AA+\" - 228 News","og_description":"Le Fonds de Solidarit\u00e9 Africain (FSA) a re\u00e7u ce mardi 27 mars la notation \u00ab\u00a0AA+\u00a0\u00bb. Elle lui a \u00e9t\u00e9 d\u00e9cern\u00e9e par l&rsquo;agence de notation WARA au cours d&rsquo;une c\u00e9r\u00e9monie dans la capitale togolaise. Fruit du travail bien fait instaur\u00e9 au FSA, cette nouvelle notation mat\u00e9rialise l\u2019efficacit\u00e9 des diff\u00e9rentes directions dans leurs r\u00f4les respectifs et la ... Lire la suite","og_url":"https:\/\/228news.tg\/index.php\/2018\/04\/04\/le-fonds-de-solidarite-africain-desormais-aa\/","og_site_name":"228 News","article_published_time":"2018-04-04T00:00:00+00:00","og_image":[{"width":752,"height":440,"url":"https:\/\/228news.tg\/wp-content\/uploads\/2024\/09\/FSA-752x440-1.jpg","type":"image\/jpeg"}],"author":"Bienvenu SAVI","twitter_card":"summary_large_image","twitter_misc":{"\u00c9crit par":"Bienvenu SAVI","Dur\u00e9e de lecture estim\u00e9e":"2 minutes"},"schema":{"@context":"https:\/\/schema.org","@graph":[{"@type":"Article","@id":"https:\/\/228news.tg\/index.php\/2018\/04\/04\/le-fonds-de-solidarite-africain-desormais-aa\/#article","isPartOf":{"@id":"https:\/\/228news.tg\/index.php\/2018\/04\/04\/le-fonds-de-solidarite-africain-desormais-aa\/"},"author":{"name":"Bienvenu SAVI","@id":"https:\/\/228news.tg\/#\/schema\/person\/68d5a6cc0230290e61235c8379523f52"},"headline":"Le Fonds de Solidarit\u00e9 Africain d\u00e9sormais \u00ab\u00a0AA+\u00a0\u00bb","datePublished":"2018-04-04T00:00:00+00:00","mainEntityOfPage":{"@id":"https:\/\/228news.tg\/index.php\/2018\/04\/04\/le-fonds-de-solidarite-africain-desormais-aa\/"},"wordCount":406,"commentCount":0,"publisher":{"@id":"https:\/\/228news.tg\/#organization"},"image":{"@id":"https:\/\/228news.tg\/index.php\/2018\/04\/04\/le-fonds-de-solidarite-africain-desormais-aa\/#primaryimage"},"thumbnailUrl":"https:\/\/228news.tg\/wp-content\/uploads\/2024\/09\/FSA-752x440-1.jpg","articleSection":["AFRIQUE","ECONOMIE","Flash","Une"],"inLanguage":"fr-FR","potentialAction":[{"@type":"CommentAction","name":"Comment","target":["https:\/\/228news.tg\/index.php\/2018\/04\/04\/le-fonds-de-solidarite-africain-desormais-aa\/#respond"]}]},{"@type":"WebPage","@id":"https:\/\/228news.tg\/index.php\/2018\/04\/04\/le-fonds-de-solidarite-africain-desormais-aa\/","url":"https:\/\/228news.tg\/index.php\/2018\/04\/04\/le-fonds-de-solidarite-africain-desormais-aa\/","name":"Le Fonds de Solidarit\u00e9 Africain d\u00e9sormais \"AA+\" - 228 News","isPartOf":{"@id":"https:\/\/228news.tg\/#website"},"primaryImageOfPage":{"@id":"https:\/\/228news.tg\/index.php\/2018\/04\/04\/le-fonds-de-solidarite-africain-desormais-aa\/#primaryimage"},"image":{"@id":"https:\/\/228news.tg\/index.php\/2018\/04\/04\/le-fonds-de-solidarite-africain-desormais-aa\/#primaryimage"},"thumbnailUrl":"https:\/\/228news.tg\/wp-content\/uploads\/2024\/09\/FSA-752x440-1.jpg","datePublished":"2018-04-04T00:00:00+00:00","breadcrumb":{"@id":"https:\/\/228news.tg\/index.php\/2018\/04\/04\/le-fonds-de-solidarite-africain-desormais-aa\/#breadcrumb"},"inLanguage":"fr-FR","potentialAction":[{"@type":"ReadAction","target":["https:\/\/228news.tg\/index.php\/2018\/04\/04\/le-fonds-de-solidarite-africain-desormais-aa\/"]}]},{"@type":"ImageObject","inLanguage":"fr-FR","@id":"https:\/\/228news.tg\/index.php\/2018\/04\/04\/le-fonds-de-solidarite-africain-desormais-aa\/#primaryimage","url":"https:\/\/228news.tg\/wp-content\/uploads\/2024\/09\/FSA-752x440-1.jpg","contentUrl":"https:\/\/228news.tg\/wp-content\/uploads\/2024\/09\/FSA-752x440-1.jpg","width":752,"height":440},{"@type":"BreadcrumbList","@id":"https:\/\/228news.tg\/index.php\/2018\/04\/04\/le-fonds-de-solidarite-africain-desormais-aa\/#breadcrumb","itemListElement":[{"@type":"ListItem","position":1,"name":"Home","item":"https:\/\/228news.tg\/"},{"@type":"ListItem","position":2,"name":"Le Fonds de Solidarit\u00e9 Africain d\u00e9sormais \u00ab\u00a0AA+\u00a0\u00bb"}]},{"@type":"WebSite","@id":"https:\/\/228news.tg\/#website","url":"https:\/\/228news.tg\/","name":"228 News","description":"Soci\u00e9t\u00e9 de m\u00e9dias et d\u2019actualit\u00e9s","publisher":{"@id":"https:\/\/228news.tg\/#organization"},"potentialAction":[{"@type":"SearchAction","target":{"@type":"EntryPoint","urlTemplate":"https:\/\/228news.tg\/?s={search_term_string}"},"query-input":{"@type":"PropertyValueSpecification","valueRequired":true,"valueName":"search_term_string"}}],"inLanguage":"fr-FR"},{"@type":"Organization","@id":"https:\/\/228news.tg\/#organization","name":"228 News","url":"https:\/\/228news.tg\/","logo":{"@type":"ImageObject","inLanguage":"fr-FR","@id":"https:\/\/228news.tg\/#\/schema\/logo\/image\/","url":"https:\/\/228news.tg\/wp-content\/uploads\/2024\/09\/logonew.png","contentUrl":"https:\/\/228news.tg\/wp-content\/uploads\/2024\/09\/logonew.png","width":1640,"height":364,"caption":"228 News"},"image":{"@id":"https:\/\/228news.tg\/#\/schema\/logo\/image\/"}},{"@type":"Person","@id":"https:\/\/228news.tg\/#\/schema\/person\/68d5a6cc0230290e61235c8379523f52","name":"Bienvenu SAVI","image":{"@type":"ImageObject","inLanguage":"fr-FR","@id":"https:\/\/228news.tg\/#\/schema\/person\/image\/","url":"https:\/\/secure.gravatar.com\/avatar\/9db91895c559e510509c33a3e9683998458e9b828fac36d5d1aa23f0f2fd369b?s=96&d=mm&r=g","contentUrl":"https:\/\/secure.gravatar.com\/avatar\/9db91895c559e510509c33a3e9683998458e9b828fac36d5d1aa23f0f2fd369b?s=96&d=mm&r=g","caption":"Bienvenu SAVI"},"url":"https:\/\/228news.tg\/index.php\/author\/bienvenu\/"}]}},"jetpack_featured_media_url":"https:\/\/228news.tg\/wp-content\/uploads\/2024\/09\/FSA-752x440-1.jpg","_links":{"self":[{"href":"https:\/\/228news.tg\/index.php\/wp-json\/wp\/v2\/posts\/1316","targetHints":{"allow":["GET"]}}],"collection":[{"href":"https:\/\/228news.tg\/index.php\/wp-json\/wp\/v2\/posts"}],"about":[{"href":"https:\/\/228news.tg\/index.php\/wp-json\/wp\/v2\/types\/post"}],"author":[{"embeddable":true,"href":"https:\/\/228news.tg\/index.php\/wp-json\/wp\/v2\/users\/2"}],"replies":[{"embeddable":true,"href":"https:\/\/228news.tg\/index.php\/wp-json\/wp\/v2\/comments?post=1316"}],"version-history":[{"count":0,"href":"https:\/\/228news.tg\/index.php\/wp-json\/wp\/v2\/posts\/1316\/revisions"}],"wp:featuredmedia":[{"embeddable":true,"href":"https:\/\/228news.tg\/index.php\/wp-json\/wp\/v2\/media\/1317"}],"wp:attachment":[{"href":"https:\/\/228news.tg\/index.php\/wp-json\/wp\/v2\/media?parent=1316"}],"wp:term":[{"taxonomy":"category","embeddable":true,"href":"https:\/\/228news.tg\/index.php\/wp-json\/wp\/v2\/categories?post=1316"},{"taxonomy":"post_tag","embeddable":true,"href":"https:\/\/228news.tg\/index.php\/wp-json\/wp\/v2\/tags?post=1316"}],"curies":[{"name":"wp","href":"https:\/\/api.w.org\/{rel}","templated":true}]}}