{"id":12980,"date":"2024-03-19T15:08:40","date_gmt":"2024-03-19T15:08:40","guid":{"rendered":"http:\/\/localhost\/site\/228news\/?p=12980"},"modified":"2024-03-19T15:08:40","modified_gmt":"2024-03-19T15:08:40","slug":"iffd-otr-promotion24-25-les-inscriptions-ouvertes-pour-les-cycles-superieur-et-moyen","status":"publish","type":"post","link":"https:\/\/228news.tg\/index.php\/2024\/03\/19\/iffd-otr-promotion24-25-les-inscriptions-ouvertes-pour-les-cycles-superieur-et-moyen\/","title":{"rendered":"IFFD-OTR\/ promotion24-25: les inscriptions ouvertes pour les cycles sup\u00e9rieur et moyen"},"content":{"rendered":"<p>L&rsquo;Institut de Formation Fiscale et Douani\u00e8re ( IFFD-OTR) ouvre pour le compte de la promotion 2024-2025 une nouvelle inscription.<br \/>\nCette nouvelle offre de formation prend en compte les cycles sup\u00e9rieur et moyen. Les conditions d&rsquo;inscription ainsi que les fili\u00e8res sont d\u00e9taill\u00e9es comme suit  pour le cycle sup\u00e9rieur:<br \/>\n I- Cycle Sup\u00e9rieur :<br \/>\n&#8211; Fili\u00e8re Imp\u00f4ts ;<br \/>\n&#8211; Fili\u00e8re Douane ;<br \/>\n&#8211; Fili\u00e8re Management des Services Fiscaux et Douaniers ;<br \/>\n&#8211; Fili\u00e8re Tr\u00e9sor ;<br \/>\n&#8211; Fili\u00e8re Cadastre et Conservation Fonci\u00e8re.<br \/>\nConditions \u00e0 remplir :<br \/>\n\u2022 Avoir un Bac+5 ;<br \/>\n\u2022 Avoir un Bac+4 et justifier de 2 ann\u00e9es d\u2019exp\u00e9riences ;<br \/>\n\u2022 Avoir un Bac+3 et justifier de 5 ann\u00e9es d\u2019exp\u00e9riences ;<br \/>\n\u2022 Etre au moins de grade P1 (Pour les candidats agents de l\u2019OTR) ;<br \/>\n\u2022 Avoir une autorisation de l\u2019employeur (candidats externes).<br \/>\nPour le cycle moyen,<br \/>\nII- Cycle Moyen :<br \/>\n&#8211; G\u00e9om\u00e8tre Topographe<br \/>\nConditions \u00e0 remplir :<br \/>\n\u2022 Avoir un Bac +3 ;<br \/>\n\u2022 Avoir un Bac+2 et justifier de 2 ann\u00e9es d\u2019exp\u00e9riences ;<br \/>\n\u2022 Avoir une autorisation de l\u2019employeur (candidats externes).<br \/>\nLire le communiqu\u00e9.<br \/>\nLe Commissaire G\u00e9n\u00e9ral de l\u2019Office Togolais des Recettes (OTR) porte \u00e0 la connaissance<br \/>\nde son personnel, des partenaires publics et priv\u00e9s que les inscriptions aux cycles de<br \/>\nformations de base des cadres sup\u00e9rieurs et moyens pour l\u2019ann\u00e9e acad\u00e9mique 2024-<br \/>\n2025 sont ouvertes dans les fili\u00e8res ci-apr\u00e8s :<br \/>\nI- Cycle Sup\u00e9rieur :<br \/>\n&#8211; Fili\u00e8re Imp\u00f4ts ;<br \/>\n&#8211; Fili\u00e8re Douane ;<br \/>\n&#8211; Fili\u00e8re Management des Services Fiscaux et Douaniers ;<br \/>\n&#8211; Fili\u00e8re Tr\u00e9sor ;<br \/>\n&#8211; Fili\u00e8re Cadastre et Conservation Fonci\u00e8re.<br \/>\nConditions \u00e0 remplir :<br \/>\n\u2022 Avoir un Bac+5 ;<br \/>\n\u2022 Avoir un Bac+4 et justifier de 2 ann\u00e9es d\u2019exp\u00e9riences ;<br \/>\n\u2022 Avoir un Bac+3 et justifier de 5 ann\u00e9es d\u2019exp\u00e9riences ;<br \/>\n\u2022 Etre au moins de grade P1 (Pour les candidats agents de l\u2019OTR) ;<br \/>\n\u2022 Avoir une autorisation de l\u2019employeur (candidats externes).<br \/>\nII- Cycle Moyen :<br \/>\n&#8211; G\u00e9om\u00e8tre Topographe<br \/>\nConditions \u00e0 remplir :<br \/>\n\u2022 Avoir un Bac +3 ;<br \/>\n\u2022 Avoir un Bac+2 et justifier de 2 ann\u00e9es d\u2019exp\u00e9riences ;<br \/>\n\u2022 Avoir une autorisation de l\u2019employeur (candidats externes).<br \/>\nLes agents d\u00e9sireux de faire acte de candidature \u00e0 un cycle sont invit\u00e9s \u00e0 remplir<br \/>\nle formulaire de candidature en ligne https:\/\/bit.ly\/42TnewX au plus tard le<br \/>\nvendredi 26 avril 2024.<br \/>\nLe dossier de candidature \u00e0 joindre au formulaire en ligne est compos\u00e9 comme<br \/>\nsuit :<br \/>\n&#8211; CV ;<br \/>\n&#8211; Copie des dipl\u00f4mes ;<br \/>\n&#8211; Copie de l\u2019acte de nationalit\u00e9 ;<br \/>\n&#8211; Autorisation de l\u2019employeur (candidats externes).<br \/>\nPour tout renseignement compl\u00e9mentaire, veuillez nous contacter au (+228)<br \/>\n70 79 09 59, e-mail : iffd@otr.tg.<br \/>\nNB : Un test \u00e9crit sera organis\u00e9 pour les candidats pr\u00e9s\u00e9lectionn\u00e9s.<br \/>\nLe Commissaire G\u00e9n\u00e9ral<br \/>\nSign\u00e9<br \/>\nPhilippe Kokou B. TCHODIE<br \/>\nFait \u00e0 Lom\u00e9, le 14 mars 2024<\/p>\n","protected":false},"excerpt":{"rendered":"<p>L&rsquo;Institut de Formation Fiscale et Douani\u00e8re ( IFFD-OTR) ouvre pour le compte de la promotion 2024-2025 une nouvelle inscription. Cette nouvelle offre de formation prend en compte les cycles sup\u00e9rieur et moyen. Les conditions d&rsquo;inscription ainsi que les fili\u00e8res sont d\u00e9taill\u00e9es comme suit pour le cycle sup\u00e9rieur: I- Cycle Sup\u00e9rieur : &#8211; Fili\u00e8re Imp\u00f4ts ; &#8230; <a title=\"IFFD-OTR\/ promotion24-25: les inscriptions ouvertes pour les cycles sup\u00e9rieur et moyen\" class=\"read-more\" href=\"https:\/\/228news.tg\/index.php\/2024\/03\/19\/iffd-otr-promotion24-25-les-inscriptions-ouvertes-pour-les-cycles-superieur-et-moyen\/\" aria-label=\"En savoir plus sur IFFD-OTR\/ promotion24-25: les inscriptions ouvertes pour les cycles sup\u00e9rieur et moyen\">Lire la suite<\/a><\/p>\n","protected":false},"author":2,"featured_media":12868,"comment_status":"open","ping_status":"open","sticky":false,"template":"","format":"chat","meta":{"footnotes":""},"categories":[28,29],"tags":[],"class_list":["post-12980","post","type-post","status-publish","format-chat","has-post-thumbnail","hentry","category-education","category-societe","post_format-post-format-chat"],"yoast_head":"<!-- This site is optimized with the Yoast SEO plugin v26.4 - https:\/\/yoast.com\/wordpress\/plugins\/seo\/ -->\n<title>IFFD-OTR\/ promotion24-25: les inscriptions ouvertes pour les cycles sup\u00e9rieur et moyen - 228 News<\/title>\n<meta name=\"robots\" content=\"index, follow, max-snippet:-1, max-image-preview:large, max-video-preview:-1\" \/>\n<link rel=\"canonical\" href=\"https:\/\/228news.tg\/index.php\/2024\/03\/19\/iffd-otr-promotion24-25-les-inscriptions-ouvertes-pour-les-cycles-superieur-et-moyen\/\" \/>\n<meta property=\"og:locale\" content=\"fr_FR\" \/>\n<meta property=\"og:type\" content=\"article\" \/>\n<meta property=\"og:title\" content=\"IFFD-OTR\/ promotion24-25: les inscriptions ouvertes pour les cycles sup\u00e9rieur et moyen - 228 News\" \/>\n<meta property=\"og:description\" content=\"L&rsquo;Institut de Formation Fiscale et Douani\u00e8re ( IFFD-OTR) ouvre pour le compte de la promotion 2024-2025 une nouvelle inscription. Cette nouvelle offre de formation prend en compte les cycles sup\u00e9rieur et moyen. Les conditions d&rsquo;inscription ainsi que les fili\u00e8res sont d\u00e9taill\u00e9es comme suit pour le cycle sup\u00e9rieur: I- Cycle Sup\u00e9rieur : &#8211; Fili\u00e8re Imp\u00f4ts ; ... Lire la suite\" \/>\n<meta property=\"og:url\" content=\"https:\/\/228news.tg\/index.php\/2024\/03\/19\/iffd-otr-promotion24-25-les-inscriptions-ouvertes-pour-les-cycles-superieur-et-moyen\/\" \/>\n<meta property=\"og:site_name\" content=\"228 News\" \/>\n<meta property=\"article:published_time\" content=\"2024-03-19T15:08:40+00:00\" \/>\n<meta property=\"og:image\" content=\"https:\/\/228news.tg\/wp-content\/uploads\/2024\/02\/1708951903697.jpg-1.webp\" \/>\n\t<meta property=\"og:image:width\" content=\"720\" \/>\n\t<meta property=\"og:image:height\" content=\"514\" \/>\n\t<meta property=\"og:image:type\" content=\"image\/webp\" \/>\n<meta name=\"author\" content=\"Bienvenu SAVI\" \/>\n<meta name=\"twitter:card\" content=\"summary_large_image\" \/>\n<meta name=\"twitter:label1\" content=\"\u00c9crit par\" \/>\n\t<meta name=\"twitter:data1\" content=\"Bienvenu SAVI\" \/>\n\t<meta name=\"twitter:label2\" content=\"Dur\u00e9e de lecture estim\u00e9e\" \/>\n\t<meta name=\"twitter:data2\" content=\"1 minute\" \/>\n<script type=\"application\/ld+json\" class=\"yoast-schema-graph\">{\"@context\":\"https:\/\/schema.org\",\"@graph\":[{\"@type\":\"Article\",\"@id\":\"https:\/\/228news.tg\/index.php\/2024\/03\/19\/iffd-otr-promotion24-25-les-inscriptions-ouvertes-pour-les-cycles-superieur-et-moyen\/#article\",\"isPartOf\":{\"@id\":\"https:\/\/228news.tg\/index.php\/2024\/03\/19\/iffd-otr-promotion24-25-les-inscriptions-ouvertes-pour-les-cycles-superieur-et-moyen\/\"},\"author\":{\"name\":\"Bienvenu SAVI\",\"@id\":\"https:\/\/228news.tg\/#\/schema\/person\/68d5a6cc0230290e61235c8379523f52\"},\"headline\":\"IFFD-OTR\/ promotion24-25: les inscriptions ouvertes pour les cycles sup\u00e9rieur et moyen\",\"datePublished\":\"2024-03-19T15:08:40+00:00\",\"mainEntityOfPage\":{\"@id\":\"https:\/\/228news.tg\/index.php\/2024\/03\/19\/iffd-otr-promotion24-25-les-inscriptions-ouvertes-pour-les-cycles-superieur-et-moyen\/\"},\"wordCount\":463,\"commentCount\":0,\"publisher\":{\"@id\":\"https:\/\/228news.tg\/#organization\"},\"image\":{\"@id\":\"https:\/\/228news.tg\/index.php\/2024\/03\/19\/iffd-otr-promotion24-25-les-inscriptions-ouvertes-pour-les-cycles-superieur-et-moyen\/#primaryimage\"},\"thumbnailUrl\":\"https:\/\/228news.tg\/wp-content\/uploads\/2024\/02\/1708951903697.jpg-1.webp\",\"articleSection\":[\"EDUCATION\",\"SOCIETE\"],\"inLanguage\":\"fr-FR\",\"potentialAction\":[{\"@type\":\"CommentAction\",\"name\":\"Comment\",\"target\":[\"https:\/\/228news.tg\/index.php\/2024\/03\/19\/iffd-otr-promotion24-25-les-inscriptions-ouvertes-pour-les-cycles-superieur-et-moyen\/#respond\"]}]},{\"@type\":\"WebPage\",\"@id\":\"https:\/\/228news.tg\/index.php\/2024\/03\/19\/iffd-otr-promotion24-25-les-inscriptions-ouvertes-pour-les-cycles-superieur-et-moyen\/\",\"url\":\"https:\/\/228news.tg\/index.php\/2024\/03\/19\/iffd-otr-promotion24-25-les-inscriptions-ouvertes-pour-les-cycles-superieur-et-moyen\/\",\"name\":\"IFFD-OTR\/ promotion24-25: les inscriptions ouvertes pour les cycles sup\u00e9rieur et moyen - 228 News\",\"isPartOf\":{\"@id\":\"https:\/\/228news.tg\/#website\"},\"primaryImageOfPage\":{\"@id\":\"https:\/\/228news.tg\/index.php\/2024\/03\/19\/iffd-otr-promotion24-25-les-inscriptions-ouvertes-pour-les-cycles-superieur-et-moyen\/#primaryimage\"},\"image\":{\"@id\":\"https:\/\/228news.tg\/index.php\/2024\/03\/19\/iffd-otr-promotion24-25-les-inscriptions-ouvertes-pour-les-cycles-superieur-et-moyen\/#primaryimage\"},\"thumbnailUrl\":\"https:\/\/228news.tg\/wp-content\/uploads\/2024\/02\/1708951903697.jpg-1.webp\",\"datePublished\":\"2024-03-19T15:08:40+00:00\",\"breadcrumb\":{\"@id\":\"https:\/\/228news.tg\/index.php\/2024\/03\/19\/iffd-otr-promotion24-25-les-inscriptions-ouvertes-pour-les-cycles-superieur-et-moyen\/#breadcrumb\"},\"inLanguage\":\"fr-FR\",\"potentialAction\":[{\"@type\":\"ReadAction\",\"target\":[\"https:\/\/228news.tg\/index.php\/2024\/03\/19\/iffd-otr-promotion24-25-les-inscriptions-ouvertes-pour-les-cycles-superieur-et-moyen\/\"]}]},{\"@type\":\"ImageObject\",\"inLanguage\":\"fr-FR\",\"@id\":\"https:\/\/228news.tg\/index.php\/2024\/03\/19\/iffd-otr-promotion24-25-les-inscriptions-ouvertes-pour-les-cycles-superieur-et-moyen\/#primaryimage\",\"url\":\"https:\/\/228news.tg\/wp-content\/uploads\/2024\/02\/1708951903697.jpg-1.webp\",\"contentUrl\":\"https:\/\/228news.tg\/wp-content\/uploads\/2024\/02\/1708951903697.jpg-1.webp\",\"width\":720,\"height\":514},{\"@type\":\"BreadcrumbList\",\"@id\":\"https:\/\/228news.tg\/index.php\/2024\/03\/19\/iffd-otr-promotion24-25-les-inscriptions-ouvertes-pour-les-cycles-superieur-et-moyen\/#breadcrumb\",\"itemListElement\":[{\"@type\":\"ListItem\",\"position\":1,\"name\":\"Home\",\"item\":\"https:\/\/228news.tg\/\"},{\"@type\":\"ListItem\",\"position\":2,\"name\":\"IFFD-OTR\/ promotion24-25: les inscriptions ouvertes pour les cycles sup\u00e9rieur et moyen\"}]},{\"@type\":\"WebSite\",\"@id\":\"https:\/\/228news.tg\/#website\",\"url\":\"https:\/\/228news.tg\/\",\"name\":\"228 News\",\"description\":\"Soci\u00e9t\u00e9 de m\u00e9dias et d\u2019actualit\u00e9s\",\"publisher\":{\"@id\":\"https:\/\/228news.tg\/#organization\"},\"potentialAction\":[{\"@type\":\"SearchAction\",\"target\":{\"@type\":\"EntryPoint\",\"urlTemplate\":\"https:\/\/228news.tg\/?s={search_term_string}\"},\"query-input\":{\"@type\":\"PropertyValueSpecification\",\"valueRequired\":true,\"valueName\":\"search_term_string\"}}],\"inLanguage\":\"fr-FR\"},{\"@type\":\"Organization\",\"@id\":\"https:\/\/228news.tg\/#organization\",\"name\":\"228 News\",\"url\":\"https:\/\/228news.tg\/\",\"logo\":{\"@type\":\"ImageObject\",\"inLanguage\":\"fr-FR\",\"@id\":\"https:\/\/228news.tg\/#\/schema\/logo\/image\/\",\"url\":\"https:\/\/228news.tg\/wp-content\/uploads\/2024\/09\/logonew.png\",\"contentUrl\":\"https:\/\/228news.tg\/wp-content\/uploads\/2024\/09\/logonew.png\",\"width\":1640,\"height\":364,\"caption\":\"228 News\"},\"image\":{\"@id\":\"https:\/\/228news.tg\/#\/schema\/logo\/image\/\"}},{\"@type\":\"Person\",\"@id\":\"https:\/\/228news.tg\/#\/schema\/person\/68d5a6cc0230290e61235c8379523f52\",\"name\":\"Bienvenu SAVI\",\"image\":{\"@type\":\"ImageObject\",\"inLanguage\":\"fr-FR\",\"@id\":\"https:\/\/228news.tg\/#\/schema\/person\/image\/\",\"url\":\"https:\/\/secure.gravatar.com\/avatar\/9db91895c559e510509c33a3e9683998458e9b828fac36d5d1aa23f0f2fd369b?s=96&d=mm&r=g\",\"contentUrl\":\"https:\/\/secure.gravatar.com\/avatar\/9db91895c559e510509c33a3e9683998458e9b828fac36d5d1aa23f0f2fd369b?s=96&d=mm&r=g\",\"caption\":\"Bienvenu SAVI\"},\"url\":\"https:\/\/228news.tg\/index.php\/author\/bienvenu\/\"}]}<\/script>\n<!-- \/ Yoast SEO plugin. -->","yoast_head_json":{"title":"IFFD-OTR\/ promotion24-25: les inscriptions ouvertes pour les cycles sup\u00e9rieur et moyen - 228 News","robots":{"index":"index","follow":"follow","max-snippet":"max-snippet:-1","max-image-preview":"max-image-preview:large","max-video-preview":"max-video-preview:-1"},"canonical":"https:\/\/228news.tg\/index.php\/2024\/03\/19\/iffd-otr-promotion24-25-les-inscriptions-ouvertes-pour-les-cycles-superieur-et-moyen\/","og_locale":"fr_FR","og_type":"article","og_title":"IFFD-OTR\/ promotion24-25: les inscriptions ouvertes pour les cycles sup\u00e9rieur et moyen - 228 News","og_description":"L&rsquo;Institut de Formation Fiscale et Douani\u00e8re ( IFFD-OTR) ouvre pour le compte de la promotion 2024-2025 une nouvelle inscription. Cette nouvelle offre de formation prend en compte les cycles sup\u00e9rieur et moyen. Les conditions d&rsquo;inscription ainsi que les fili\u00e8res sont d\u00e9taill\u00e9es comme suit pour le cycle sup\u00e9rieur: I- Cycle Sup\u00e9rieur : &#8211; Fili\u00e8re Imp\u00f4ts ; ... Lire la suite","og_url":"https:\/\/228news.tg\/index.php\/2024\/03\/19\/iffd-otr-promotion24-25-les-inscriptions-ouvertes-pour-les-cycles-superieur-et-moyen\/","og_site_name":"228 News","article_published_time":"2024-03-19T15:08:40+00:00","og_image":[{"width":720,"height":514,"url":"https:\/\/228news.tg\/wp-content\/uploads\/2024\/02\/1708951903697.jpg-1.webp","type":"image\/webp"}],"author":"Bienvenu SAVI","twitter_card":"summary_large_image","twitter_misc":{"\u00c9crit par":"Bienvenu SAVI","Dur\u00e9e de lecture estim\u00e9e":"1 minute"},"schema":{"@context":"https:\/\/schema.org","@graph":[{"@type":"Article","@id":"https:\/\/228news.tg\/index.php\/2024\/03\/19\/iffd-otr-promotion24-25-les-inscriptions-ouvertes-pour-les-cycles-superieur-et-moyen\/#article","isPartOf":{"@id":"https:\/\/228news.tg\/index.php\/2024\/03\/19\/iffd-otr-promotion24-25-les-inscriptions-ouvertes-pour-les-cycles-superieur-et-moyen\/"},"author":{"name":"Bienvenu SAVI","@id":"https:\/\/228news.tg\/#\/schema\/person\/68d5a6cc0230290e61235c8379523f52"},"headline":"IFFD-OTR\/ promotion24-25: les inscriptions ouvertes pour les cycles sup\u00e9rieur et moyen","datePublished":"2024-03-19T15:08:40+00:00","mainEntityOfPage":{"@id":"https:\/\/228news.tg\/index.php\/2024\/03\/19\/iffd-otr-promotion24-25-les-inscriptions-ouvertes-pour-les-cycles-superieur-et-moyen\/"},"wordCount":463,"commentCount":0,"publisher":{"@id":"https:\/\/228news.tg\/#organization"},"image":{"@id":"https:\/\/228news.tg\/index.php\/2024\/03\/19\/iffd-otr-promotion24-25-les-inscriptions-ouvertes-pour-les-cycles-superieur-et-moyen\/#primaryimage"},"thumbnailUrl":"https:\/\/228news.tg\/wp-content\/uploads\/2024\/02\/1708951903697.jpg-1.webp","articleSection":["EDUCATION","SOCIETE"],"inLanguage":"fr-FR","potentialAction":[{"@type":"CommentAction","name":"Comment","target":["https:\/\/228news.tg\/index.php\/2024\/03\/19\/iffd-otr-promotion24-25-les-inscriptions-ouvertes-pour-les-cycles-superieur-et-moyen\/#respond"]}]},{"@type":"WebPage","@id":"https:\/\/228news.tg\/index.php\/2024\/03\/19\/iffd-otr-promotion24-25-les-inscriptions-ouvertes-pour-les-cycles-superieur-et-moyen\/","url":"https:\/\/228news.tg\/index.php\/2024\/03\/19\/iffd-otr-promotion24-25-les-inscriptions-ouvertes-pour-les-cycles-superieur-et-moyen\/","name":"IFFD-OTR\/ promotion24-25: les inscriptions ouvertes pour les cycles sup\u00e9rieur et moyen - 228 News","isPartOf":{"@id":"https:\/\/228news.tg\/#website"},"primaryImageOfPage":{"@id":"https:\/\/228news.tg\/index.php\/2024\/03\/19\/iffd-otr-promotion24-25-les-inscriptions-ouvertes-pour-les-cycles-superieur-et-moyen\/#primaryimage"},"image":{"@id":"https:\/\/228news.tg\/index.php\/2024\/03\/19\/iffd-otr-promotion24-25-les-inscriptions-ouvertes-pour-les-cycles-superieur-et-moyen\/#primaryimage"},"thumbnailUrl":"https:\/\/228news.tg\/wp-content\/uploads\/2024\/02\/1708951903697.jpg-1.webp","datePublished":"2024-03-19T15:08:40+00:00","breadcrumb":{"@id":"https:\/\/228news.tg\/index.php\/2024\/03\/19\/iffd-otr-promotion24-25-les-inscriptions-ouvertes-pour-les-cycles-superieur-et-moyen\/#breadcrumb"},"inLanguage":"fr-FR","potentialAction":[{"@type":"ReadAction","target":["https:\/\/228news.tg\/index.php\/2024\/03\/19\/iffd-otr-promotion24-25-les-inscriptions-ouvertes-pour-les-cycles-superieur-et-moyen\/"]}]},{"@type":"ImageObject","inLanguage":"fr-FR","@id":"https:\/\/228news.tg\/index.php\/2024\/03\/19\/iffd-otr-promotion24-25-les-inscriptions-ouvertes-pour-les-cycles-superieur-et-moyen\/#primaryimage","url":"https:\/\/228news.tg\/wp-content\/uploads\/2024\/02\/1708951903697.jpg-1.webp","contentUrl":"https:\/\/228news.tg\/wp-content\/uploads\/2024\/02\/1708951903697.jpg-1.webp","width":720,"height":514},{"@type":"BreadcrumbList","@id":"https:\/\/228news.tg\/index.php\/2024\/03\/19\/iffd-otr-promotion24-25-les-inscriptions-ouvertes-pour-les-cycles-superieur-et-moyen\/#breadcrumb","itemListElement":[{"@type":"ListItem","position":1,"name":"Home","item":"https:\/\/228news.tg\/"},{"@type":"ListItem","position":2,"name":"IFFD-OTR\/ promotion24-25: les inscriptions ouvertes pour les cycles sup\u00e9rieur et moyen"}]},{"@type":"WebSite","@id":"https:\/\/228news.tg\/#website","url":"https:\/\/228news.tg\/","name":"228 News","description":"Soci\u00e9t\u00e9 de m\u00e9dias et d\u2019actualit\u00e9s","publisher":{"@id":"https:\/\/228news.tg\/#organization"},"potentialAction":[{"@type":"SearchAction","target":{"@type":"EntryPoint","urlTemplate":"https:\/\/228news.tg\/?s={search_term_string}"},"query-input":{"@type":"PropertyValueSpecification","valueRequired":true,"valueName":"search_term_string"}}],"inLanguage":"fr-FR"},{"@type":"Organization","@id":"https:\/\/228news.tg\/#organization","name":"228 News","url":"https:\/\/228news.tg\/","logo":{"@type":"ImageObject","inLanguage":"fr-FR","@id":"https:\/\/228news.tg\/#\/schema\/logo\/image\/","url":"https:\/\/228news.tg\/wp-content\/uploads\/2024\/09\/logonew.png","contentUrl":"https:\/\/228news.tg\/wp-content\/uploads\/2024\/09\/logonew.png","width":1640,"height":364,"caption":"228 News"},"image":{"@id":"https:\/\/228news.tg\/#\/schema\/logo\/image\/"}},{"@type":"Person","@id":"https:\/\/228news.tg\/#\/schema\/person\/68d5a6cc0230290e61235c8379523f52","name":"Bienvenu SAVI","image":{"@type":"ImageObject","inLanguage":"fr-FR","@id":"https:\/\/228news.tg\/#\/schema\/person\/image\/","url":"https:\/\/secure.gravatar.com\/avatar\/9db91895c559e510509c33a3e9683998458e9b828fac36d5d1aa23f0f2fd369b?s=96&d=mm&r=g","contentUrl":"https:\/\/secure.gravatar.com\/avatar\/9db91895c559e510509c33a3e9683998458e9b828fac36d5d1aa23f0f2fd369b?s=96&d=mm&r=g","caption":"Bienvenu SAVI"},"url":"https:\/\/228news.tg\/index.php\/author\/bienvenu\/"}]}},"jetpack_featured_media_url":"https:\/\/228news.tg\/wp-content\/uploads\/2024\/02\/1708951903697.jpg-1.webp","_links":{"self":[{"href":"https:\/\/228news.tg\/index.php\/wp-json\/wp\/v2\/posts\/12980","targetHints":{"allow":["GET"]}}],"collection":[{"href":"https:\/\/228news.tg\/index.php\/wp-json\/wp\/v2\/posts"}],"about":[{"href":"https:\/\/228news.tg\/index.php\/wp-json\/wp\/v2\/types\/post"}],"author":[{"embeddable":true,"href":"https:\/\/228news.tg\/index.php\/wp-json\/wp\/v2\/users\/2"}],"replies":[{"embeddable":true,"href":"https:\/\/228news.tg\/index.php\/wp-json\/wp\/v2\/comments?post=12980"}],"version-history":[{"count":0,"href":"https:\/\/228news.tg\/index.php\/wp-json\/wp\/v2\/posts\/12980\/revisions"}],"wp:featuredmedia":[{"embeddable":true,"href":"https:\/\/228news.tg\/index.php\/wp-json\/wp\/v2\/media\/12868"}],"wp:attachment":[{"href":"https:\/\/228news.tg\/index.php\/wp-json\/wp\/v2\/media?parent=12980"}],"wp:term":[{"taxonomy":"category","embeddable":true,"href":"https:\/\/228news.tg\/index.php\/wp-json\/wp\/v2\/categories?post=12980"},{"taxonomy":"post_tag","embeddable":true,"href":"https:\/\/228news.tg\/index.php\/wp-json\/wp\/v2\/tags?post=12980"}],"curies":[{"name":"wp","href":"https:\/\/api.w.org\/{rel}","templated":true}]}}