{"id":12723,"date":"2024-01-09T06:35:36","date_gmt":"2024-01-09T06:35:36","guid":{"rendered":"http:\/\/localhost\/site\/228news\/?p=12723"},"modified":"2024-01-09T06:35:36","modified_gmt":"2024-01-09T06:35:36","slug":"religion-vers-une-rupture-de-la-regle-du-celibat-des-pretres","status":"publish","type":"post","link":"https:\/\/228news.tg\/index.php\/2024\/01\/09\/religion-vers-une-rupture-de-la-regle-du-celibat-des-pretres\/","title":{"rendered":"Religion : vers  une rupture de la r\u00e8gle du c\u00e9libat des Pr\u00eatres?"},"content":{"rendered":"<p><figure id=\"attachment_12724\" aria-describedby=\"caption-attachment-12724\" style=\"width: 290px\" class=\"wp-caption alignnone\"><img fetchpriority=\"high\" decoding=\"async\" src=\"http:\/\/localhost\/site\/228news\/wp-content\/uploads\/2024\/01\/IMG-20240109-WA0000-300x200.jpg\" alt=\"Eglise\" width=\"300\" height=\"200\" class=\"size-medium wp-image-12724\" \/><figcaption id=\"caption-attachment-12724\" class=\"wp-caption-text\">Cardinal<\/figcaption><\/figure>Le Vatican permettra-t-il bient\u00f4t aux pr\u00eatres de se marier ? C&rsquo;est en tout cas la volont\u00e9 affich\u00e9e par l&rsquo;archev\u00eaque de Malte, dont les propos sont rapport\u00e9s, ce 8 janvier par nos confr\u00e8res du Guardian. Charles Scicluna, qui s&rsquo;exprime \u00e9galement en tant que Secr\u00e9taire adjoint du Dicast\u00e8re pour la Doctrine de la foi au sein du Vatican, estime que l&rsquo;\u00c9glise devrait repenser l&rsquo;obligation de c\u00e9libat pour les pr\u00eatres, tout en reconnaissant que certains consid\u00e9reront cette d\u00e9cision comme \u00ab h\u00e9r\u00e9tique \u00bb.<\/p>\n<p>Dans un entretien accord\u00e9 au journal Times of Malta, il d\u00e9clare : \u00ab Si cela ne tenait qu&rsquo;\u00e0 moi, je r\u00e9viserais la r\u00e8gle qui requiert le c\u00e9libat pour les pr\u00eatres. L&rsquo;exp\u00e9rience m&rsquo;a montr\u00e9 que c&rsquo;est un sujet que nous devons aborder s\u00e9rieusement \u00bb. Il ajoute que \u00ab l&rsquo;\u00c9glise a perdu de grands pr\u00eatres car ils ont choisi le mariage \u00bb et que \u00ab certains doivent composer avec une relation sentimentale secr\u00e8te \u00bb.<\/p>\n<p>Th\u00e9ophile K.<\/p>\n","protected":false},"excerpt":{"rendered":"<p>Le Vatican permettra-t-il bient\u00f4t aux pr\u00eatres de se marier ? C&rsquo;est en tout cas la volont\u00e9 affich\u00e9e par l&rsquo;archev\u00eaque de Malte, dont les propos sont rapport\u00e9s, ce 8 janvier par nos confr\u00e8res du Guardian. Charles Scicluna, qui s&rsquo;exprime \u00e9galement en tant que Secr\u00e9taire adjoint du Dicast\u00e8re pour la Doctrine de la foi au sein du &#8230; <a title=\"Religion : vers  une rupture de la r\u00e8gle du c\u00e9libat des Pr\u00eatres?\" class=\"read-more\" href=\"https:\/\/228news.tg\/index.php\/2024\/01\/09\/religion-vers-une-rupture-de-la-regle-du-celibat-des-pretres\/\" aria-label=\"En savoir plus sur Religion : vers  une rupture de la r\u00e8gle du c\u00e9libat des Pr\u00eatres?\">Lire la suite<\/a><\/p>\n","protected":false},"author":2,"featured_media":0,"comment_status":"open","ping_status":"open","sticky":false,"template":"","format":"chat","meta":{"footnotes":""},"categories":[23],"tags":[],"class_list":["post-12723","post","type-post","status-publish","format-chat","hentry","category-monde","post_format-post-format-chat"],"yoast_head":"<!-- This site is optimized with the Yoast SEO plugin v26.4 - https:\/\/yoast.com\/wordpress\/plugins\/seo\/ -->\n<title>Religion : vers une rupture de la r\u00e8gle du c\u00e9libat des Pr\u00eatres? - 228 News<\/title>\n<meta name=\"robots\" content=\"index, follow, max-snippet:-1, max-image-preview:large, max-video-preview:-1\" \/>\n<link rel=\"canonical\" href=\"https:\/\/228news.tg\/index.php\/2024\/01\/09\/religion-vers-une-rupture-de-la-regle-du-celibat-des-pretres\/\" \/>\n<meta property=\"og:locale\" content=\"fr_FR\" \/>\n<meta property=\"og:type\" content=\"article\" \/>\n<meta property=\"og:title\" content=\"Religion : vers une rupture de la r\u00e8gle du c\u00e9libat des Pr\u00eatres? - 228 News\" \/>\n<meta property=\"og:description\" content=\"Le Vatican permettra-t-il bient\u00f4t aux pr\u00eatres de se marier ? C&rsquo;est en tout cas la volont\u00e9 affich\u00e9e par l&rsquo;archev\u00eaque de Malte, dont les propos sont rapport\u00e9s, ce 8 janvier par nos confr\u00e8res du Guardian. Charles Scicluna, qui s&rsquo;exprime \u00e9galement en tant que Secr\u00e9taire adjoint du Dicast\u00e8re pour la Doctrine de la foi au sein du ... Lire la suite\" \/>\n<meta property=\"og:url\" content=\"https:\/\/228news.tg\/index.php\/2024\/01\/09\/religion-vers-une-rupture-de-la-regle-du-celibat-des-pretres\/\" \/>\n<meta property=\"og:site_name\" content=\"228 News\" \/>\n<meta property=\"article:published_time\" content=\"2024-01-09T06:35:36+00:00\" \/>\n<meta property=\"og:image\" content=\"http:\/\/localhost\/site\/228news\/wp-content\/uploads\/2024\/01\/IMG-20240109-WA0000-300x200.jpg\" \/>\n<meta name=\"author\" content=\"Bienvenu SAVI\" \/>\n<meta name=\"twitter:card\" content=\"summary_large_image\" \/>\n<meta name=\"twitter:label1\" content=\"\u00c9crit par\" \/>\n\t<meta name=\"twitter:data1\" content=\"Bienvenu SAVI\" \/>\n<script type=\"application\/ld+json\" class=\"yoast-schema-graph\">{\"@context\":\"https:\/\/schema.org\",\"@graph\":[{\"@type\":\"Article\",\"@id\":\"https:\/\/228news.tg\/index.php\/2024\/01\/09\/religion-vers-une-rupture-de-la-regle-du-celibat-des-pretres\/#article\",\"isPartOf\":{\"@id\":\"https:\/\/228news.tg\/index.php\/2024\/01\/09\/religion-vers-une-rupture-de-la-regle-du-celibat-des-pretres\/\"},\"author\":{\"name\":\"Bienvenu SAVI\",\"@id\":\"https:\/\/228news.tg\/#\/schema\/person\/68d5a6cc0230290e61235c8379523f52\"},\"headline\":\"Religion : vers une rupture de la r\u00e8gle du c\u00e9libat des Pr\u00eatres?\",\"datePublished\":\"2024-01-09T06:35:36+00:00\",\"mainEntityOfPage\":{\"@id\":\"https:\/\/228news.tg\/index.php\/2024\/01\/09\/religion-vers-une-rupture-de-la-regle-du-celibat-des-pretres\/\"},\"wordCount\":197,\"commentCount\":0,\"publisher\":{\"@id\":\"https:\/\/228news.tg\/#organization\"},\"image\":{\"@id\":\"https:\/\/228news.tg\/index.php\/2024\/01\/09\/religion-vers-une-rupture-de-la-regle-du-celibat-des-pretres\/#primaryimage\"},\"thumbnailUrl\":\"http:\/\/localhost\/site\/228news\/wp-content\/uploads\/2024\/01\/IMG-20240109-WA0000-300x200.jpg\",\"articleSection\":[\"MONDE\"],\"inLanguage\":\"fr-FR\",\"potentialAction\":[{\"@type\":\"CommentAction\",\"name\":\"Comment\",\"target\":[\"https:\/\/228news.tg\/index.php\/2024\/01\/09\/religion-vers-une-rupture-de-la-regle-du-celibat-des-pretres\/#respond\"]}]},{\"@type\":\"WebPage\",\"@id\":\"https:\/\/228news.tg\/index.php\/2024\/01\/09\/religion-vers-une-rupture-de-la-regle-du-celibat-des-pretres\/\",\"url\":\"https:\/\/228news.tg\/index.php\/2024\/01\/09\/religion-vers-une-rupture-de-la-regle-du-celibat-des-pretres\/\",\"name\":\"Religion : vers une rupture de la r\u00e8gle du c\u00e9libat des Pr\u00eatres? - 228 News\",\"isPartOf\":{\"@id\":\"https:\/\/228news.tg\/#website\"},\"primaryImageOfPage\":{\"@id\":\"https:\/\/228news.tg\/index.php\/2024\/01\/09\/religion-vers-une-rupture-de-la-regle-du-celibat-des-pretres\/#primaryimage\"},\"image\":{\"@id\":\"https:\/\/228news.tg\/index.php\/2024\/01\/09\/religion-vers-une-rupture-de-la-regle-du-celibat-des-pretres\/#primaryimage\"},\"thumbnailUrl\":\"http:\/\/localhost\/site\/228news\/wp-content\/uploads\/2024\/01\/IMG-20240109-WA0000-300x200.jpg\",\"datePublished\":\"2024-01-09T06:35:36+00:00\",\"breadcrumb\":{\"@id\":\"https:\/\/228news.tg\/index.php\/2024\/01\/09\/religion-vers-une-rupture-de-la-regle-du-celibat-des-pretres\/#breadcrumb\"},\"inLanguage\":\"fr-FR\",\"potentialAction\":[{\"@type\":\"ReadAction\",\"target\":[\"https:\/\/228news.tg\/index.php\/2024\/01\/09\/religion-vers-une-rupture-de-la-regle-du-celibat-des-pretres\/\"]}]},{\"@type\":\"ImageObject\",\"inLanguage\":\"fr-FR\",\"@id\":\"https:\/\/228news.tg\/index.php\/2024\/01\/09\/religion-vers-une-rupture-de-la-regle-du-celibat-des-pretres\/#primaryimage\",\"url\":\"http:\/\/localhost\/site\/228news\/wp-content\/uploads\/2024\/01\/IMG-20240109-WA0000-300x200.jpg\",\"contentUrl\":\"http:\/\/localhost\/site\/228news\/wp-content\/uploads\/2024\/01\/IMG-20240109-WA0000-300x200.jpg\"},{\"@type\":\"BreadcrumbList\",\"@id\":\"https:\/\/228news.tg\/index.php\/2024\/01\/09\/religion-vers-une-rupture-de-la-regle-du-celibat-des-pretres\/#breadcrumb\",\"itemListElement\":[{\"@type\":\"ListItem\",\"position\":1,\"name\":\"Home\",\"item\":\"https:\/\/228news.tg\/\"},{\"@type\":\"ListItem\",\"position\":2,\"name\":\"Religion : vers une rupture de la r\u00e8gle du c\u00e9libat des Pr\u00eatres?\"}]},{\"@type\":\"WebSite\",\"@id\":\"https:\/\/228news.tg\/#website\",\"url\":\"https:\/\/228news.tg\/\",\"name\":\"228 News\",\"description\":\"Soci\u00e9t\u00e9 de m\u00e9dias et d\u2019actualit\u00e9s\",\"publisher\":{\"@id\":\"https:\/\/228news.tg\/#organization\"},\"potentialAction\":[{\"@type\":\"SearchAction\",\"target\":{\"@type\":\"EntryPoint\",\"urlTemplate\":\"https:\/\/228news.tg\/?s={search_term_string}\"},\"query-input\":{\"@type\":\"PropertyValueSpecification\",\"valueRequired\":true,\"valueName\":\"search_term_string\"}}],\"inLanguage\":\"fr-FR\"},{\"@type\":\"Organization\",\"@id\":\"https:\/\/228news.tg\/#organization\",\"name\":\"228 News\",\"url\":\"https:\/\/228news.tg\/\",\"logo\":{\"@type\":\"ImageObject\",\"inLanguage\":\"fr-FR\",\"@id\":\"https:\/\/228news.tg\/#\/schema\/logo\/image\/\",\"url\":\"https:\/\/228news.tg\/wp-content\/uploads\/2024\/09\/logonew.png\",\"contentUrl\":\"https:\/\/228news.tg\/wp-content\/uploads\/2024\/09\/logonew.png\",\"width\":1640,\"height\":364,\"caption\":\"228 News\"},\"image\":{\"@id\":\"https:\/\/228news.tg\/#\/schema\/logo\/image\/\"}},{\"@type\":\"Person\",\"@id\":\"https:\/\/228news.tg\/#\/schema\/person\/68d5a6cc0230290e61235c8379523f52\",\"name\":\"Bienvenu SAVI\",\"image\":{\"@type\":\"ImageObject\",\"inLanguage\":\"fr-FR\",\"@id\":\"https:\/\/228news.tg\/#\/schema\/person\/image\/\",\"url\":\"https:\/\/secure.gravatar.com\/avatar\/9db91895c559e510509c33a3e9683998458e9b828fac36d5d1aa23f0f2fd369b?s=96&d=mm&r=g\",\"contentUrl\":\"https:\/\/secure.gravatar.com\/avatar\/9db91895c559e510509c33a3e9683998458e9b828fac36d5d1aa23f0f2fd369b?s=96&d=mm&r=g\",\"caption\":\"Bienvenu SAVI\"},\"url\":\"https:\/\/228news.tg\/index.php\/author\/bienvenu\/\"}]}<\/script>\n<!-- \/ Yoast SEO plugin. -->","yoast_head_json":{"title":"Religion : vers une rupture de la r\u00e8gle du c\u00e9libat des Pr\u00eatres? - 228 News","robots":{"index":"index","follow":"follow","max-snippet":"max-snippet:-1","max-image-preview":"max-image-preview:large","max-video-preview":"max-video-preview:-1"},"canonical":"https:\/\/228news.tg\/index.php\/2024\/01\/09\/religion-vers-une-rupture-de-la-regle-du-celibat-des-pretres\/","og_locale":"fr_FR","og_type":"article","og_title":"Religion : vers une rupture de la r\u00e8gle du c\u00e9libat des Pr\u00eatres? - 228 News","og_description":"Le Vatican permettra-t-il bient\u00f4t aux pr\u00eatres de se marier ? C&rsquo;est en tout cas la volont\u00e9 affich\u00e9e par l&rsquo;archev\u00eaque de Malte, dont les propos sont rapport\u00e9s, ce 8 janvier par nos confr\u00e8res du Guardian. Charles Scicluna, qui s&rsquo;exprime \u00e9galement en tant que Secr\u00e9taire adjoint du Dicast\u00e8re pour la Doctrine de la foi au sein du ... Lire la suite","og_url":"https:\/\/228news.tg\/index.php\/2024\/01\/09\/religion-vers-une-rupture-de-la-regle-du-celibat-des-pretres\/","og_site_name":"228 News","article_published_time":"2024-01-09T06:35:36+00:00","og_image":[{"url":"http:\/\/localhost\/site\/228news\/wp-content\/uploads\/2024\/01\/IMG-20240109-WA0000-300x200.jpg","type":"","width":"","height":""}],"author":"Bienvenu SAVI","twitter_card":"summary_large_image","twitter_misc":{"\u00c9crit par":"Bienvenu SAVI"},"schema":{"@context":"https:\/\/schema.org","@graph":[{"@type":"Article","@id":"https:\/\/228news.tg\/index.php\/2024\/01\/09\/religion-vers-une-rupture-de-la-regle-du-celibat-des-pretres\/#article","isPartOf":{"@id":"https:\/\/228news.tg\/index.php\/2024\/01\/09\/religion-vers-une-rupture-de-la-regle-du-celibat-des-pretres\/"},"author":{"name":"Bienvenu SAVI","@id":"https:\/\/228news.tg\/#\/schema\/person\/68d5a6cc0230290e61235c8379523f52"},"headline":"Religion : vers une rupture de la r\u00e8gle du c\u00e9libat des Pr\u00eatres?","datePublished":"2024-01-09T06:35:36+00:00","mainEntityOfPage":{"@id":"https:\/\/228news.tg\/index.php\/2024\/01\/09\/religion-vers-une-rupture-de-la-regle-du-celibat-des-pretres\/"},"wordCount":197,"commentCount":0,"publisher":{"@id":"https:\/\/228news.tg\/#organization"},"image":{"@id":"https:\/\/228news.tg\/index.php\/2024\/01\/09\/religion-vers-une-rupture-de-la-regle-du-celibat-des-pretres\/#primaryimage"},"thumbnailUrl":"http:\/\/localhost\/site\/228news\/wp-content\/uploads\/2024\/01\/IMG-20240109-WA0000-300x200.jpg","articleSection":["MONDE"],"inLanguage":"fr-FR","potentialAction":[{"@type":"CommentAction","name":"Comment","target":["https:\/\/228news.tg\/index.php\/2024\/01\/09\/religion-vers-une-rupture-de-la-regle-du-celibat-des-pretres\/#respond"]}]},{"@type":"WebPage","@id":"https:\/\/228news.tg\/index.php\/2024\/01\/09\/religion-vers-une-rupture-de-la-regle-du-celibat-des-pretres\/","url":"https:\/\/228news.tg\/index.php\/2024\/01\/09\/religion-vers-une-rupture-de-la-regle-du-celibat-des-pretres\/","name":"Religion : vers une rupture de la r\u00e8gle du c\u00e9libat des Pr\u00eatres? - 228 News","isPartOf":{"@id":"https:\/\/228news.tg\/#website"},"primaryImageOfPage":{"@id":"https:\/\/228news.tg\/index.php\/2024\/01\/09\/religion-vers-une-rupture-de-la-regle-du-celibat-des-pretres\/#primaryimage"},"image":{"@id":"https:\/\/228news.tg\/index.php\/2024\/01\/09\/religion-vers-une-rupture-de-la-regle-du-celibat-des-pretres\/#primaryimage"},"thumbnailUrl":"http:\/\/localhost\/site\/228news\/wp-content\/uploads\/2024\/01\/IMG-20240109-WA0000-300x200.jpg","datePublished":"2024-01-09T06:35:36+00:00","breadcrumb":{"@id":"https:\/\/228news.tg\/index.php\/2024\/01\/09\/religion-vers-une-rupture-de-la-regle-du-celibat-des-pretres\/#breadcrumb"},"inLanguage":"fr-FR","potentialAction":[{"@type":"ReadAction","target":["https:\/\/228news.tg\/index.php\/2024\/01\/09\/religion-vers-une-rupture-de-la-regle-du-celibat-des-pretres\/"]}]},{"@type":"ImageObject","inLanguage":"fr-FR","@id":"https:\/\/228news.tg\/index.php\/2024\/01\/09\/religion-vers-une-rupture-de-la-regle-du-celibat-des-pretres\/#primaryimage","url":"http:\/\/localhost\/site\/228news\/wp-content\/uploads\/2024\/01\/IMG-20240109-WA0000-300x200.jpg","contentUrl":"http:\/\/localhost\/site\/228news\/wp-content\/uploads\/2024\/01\/IMG-20240109-WA0000-300x200.jpg"},{"@type":"BreadcrumbList","@id":"https:\/\/228news.tg\/index.php\/2024\/01\/09\/religion-vers-une-rupture-de-la-regle-du-celibat-des-pretres\/#breadcrumb","itemListElement":[{"@type":"ListItem","position":1,"name":"Home","item":"https:\/\/228news.tg\/"},{"@type":"ListItem","position":2,"name":"Religion : vers une rupture de la r\u00e8gle du c\u00e9libat des Pr\u00eatres?"}]},{"@type":"WebSite","@id":"https:\/\/228news.tg\/#website","url":"https:\/\/228news.tg\/","name":"228 News","description":"Soci\u00e9t\u00e9 de m\u00e9dias et d\u2019actualit\u00e9s","publisher":{"@id":"https:\/\/228news.tg\/#organization"},"potentialAction":[{"@type":"SearchAction","target":{"@type":"EntryPoint","urlTemplate":"https:\/\/228news.tg\/?s={search_term_string}"},"query-input":{"@type":"PropertyValueSpecification","valueRequired":true,"valueName":"search_term_string"}}],"inLanguage":"fr-FR"},{"@type":"Organization","@id":"https:\/\/228news.tg\/#organization","name":"228 News","url":"https:\/\/228news.tg\/","logo":{"@type":"ImageObject","inLanguage":"fr-FR","@id":"https:\/\/228news.tg\/#\/schema\/logo\/image\/","url":"https:\/\/228news.tg\/wp-content\/uploads\/2024\/09\/logonew.png","contentUrl":"https:\/\/228news.tg\/wp-content\/uploads\/2024\/09\/logonew.png","width":1640,"height":364,"caption":"228 News"},"image":{"@id":"https:\/\/228news.tg\/#\/schema\/logo\/image\/"}},{"@type":"Person","@id":"https:\/\/228news.tg\/#\/schema\/person\/68d5a6cc0230290e61235c8379523f52","name":"Bienvenu SAVI","image":{"@type":"ImageObject","inLanguage":"fr-FR","@id":"https:\/\/228news.tg\/#\/schema\/person\/image\/","url":"https:\/\/secure.gravatar.com\/avatar\/9db91895c559e510509c33a3e9683998458e9b828fac36d5d1aa23f0f2fd369b?s=96&d=mm&r=g","contentUrl":"https:\/\/secure.gravatar.com\/avatar\/9db91895c559e510509c33a3e9683998458e9b828fac36d5d1aa23f0f2fd369b?s=96&d=mm&r=g","caption":"Bienvenu SAVI"},"url":"https:\/\/228news.tg\/index.php\/author\/bienvenu\/"}]}},"jetpack_featured_media_url":"","_links":{"self":[{"href":"https:\/\/228news.tg\/index.php\/wp-json\/wp\/v2\/posts\/12723","targetHints":{"allow":["GET"]}}],"collection":[{"href":"https:\/\/228news.tg\/index.php\/wp-json\/wp\/v2\/posts"}],"about":[{"href":"https:\/\/228news.tg\/index.php\/wp-json\/wp\/v2\/types\/post"}],"author":[{"embeddable":true,"href":"https:\/\/228news.tg\/index.php\/wp-json\/wp\/v2\/users\/2"}],"replies":[{"embeddable":true,"href":"https:\/\/228news.tg\/index.php\/wp-json\/wp\/v2\/comments?post=12723"}],"version-history":[{"count":0,"href":"https:\/\/228news.tg\/index.php\/wp-json\/wp\/v2\/posts\/12723\/revisions"}],"wp:attachment":[{"href":"https:\/\/228news.tg\/index.php\/wp-json\/wp\/v2\/media?parent=12723"}],"wp:term":[{"taxonomy":"category","embeddable":true,"href":"https:\/\/228news.tg\/index.php\/wp-json\/wp\/v2\/categories?post=12723"},{"taxonomy":"post_tag","embeddable":true,"href":"https:\/\/228news.tg\/index.php\/wp-json\/wp\/v2\/tags?post=12723"}],"curies":[{"name":"wp","href":"https:\/\/api.w.org\/{rel}","templated":true}]}}