{"id":1268,"date":"2018-03-20T00:00:00","date_gmt":"2018-03-20T00:00:00","guid":{"rendered":"https:\/\/228news.tg\/index.php\/2018\/03\/20\/auto-developpement-des-communautes-a-la-base-les-vdeae-sy-engagent\/"},"modified":"2018-03-20T00:00:00","modified_gmt":"2018-03-20T00:00:00","slug":"auto-developpement-des-communautes-a-la-base-les-vdeae-sy-engagent","status":"publish","type":"post","link":"https:\/\/228news.tg\/index.php\/2018\/03\/20\/auto-developpement-des-communautes-a-la-base-les-vdeae-sy-engagent\/","title":{"rendered":"Auto-d\u00e9veloppement des communaut\u00e9s \u00e0 la base: les VDEAE s&rsquo;y engagent"},"content":{"rendered":"<p>Les Volontaires pour le D\u00e9veloppement , l\u2019\u00c9cotourisme et l&rsquo;Assainissement de l&rsquo;Environnement (VDEAE) ont port\u00e9 sur les fonts baptismaux ce lundi 19 mars \u00e0 Lom\u00e9, le Programme de forum pour l&rsquo;\u00e9mergence des communaut\u00e9s de base \u00e0 travers l&rsquo;auto-d\u00e9veloppement.<\/p>\n<p>Projet de formation et de renforcement de capacit\u00e9s des acteurs locaux, cette campagne cible trois pr\u00e9fectures majeures du Togo e l&rsquo;occurrence celles du Golfe, du Bas-Mono et de Blitta.<\/p>\n<p>Il visera selon M. Edoh-Gally Louis, pr\u00e9sident des VDEAE \u00e0 outiller les populations de certaines localit\u00e9s cibles de cs pr\u00e9fectures sur les atouts et richesses naturelles dont leurs localit\u00e9s regorgent, comment les entretenir et les valoriser.<\/p>\n<p>Il esp\u00e8re au sortir de ce programme de six (6) mois voir l&rsquo;atmosph\u00e8re de Tokoin-Gbadago respirable et les jeunes \u00e9l\u00e8ves de cette localit\u00e9 \u00e0 s&rsquo;impr\u00e9gner des valeurs du civisme et de la citoyennet\u00e9, faire de l&rsquo;\u00e9cotourisme dans ces contr\u00e9es un outil \u00e9ducatif et non une activit\u00e9 de luxe.<\/p>\n<p>Il s&rsquo;agit \u00e9galement \u00e0 terme d&rsquo;amener ces communaut\u00e9s \u00e0 enclencher un processus d&rsquo;auto-d\u00e9veloppement sans attendre un quelconque financement de l\u2019\u00c9tat ou des partenaires.<\/p>\n<p><em><strong>D\u00e9mocrate<\/strong><\/em><\/p>\n<p><em><strong>(00228) 91 85 40 14<\/strong><\/em><\/p>\n<p><em><strong>98 60 67 68<\/strong><\/em><\/p>\n<p><em><strong>democrate2010@gmail.com<\/strong><\/em><\/p>\n","protected":false},"excerpt":{"rendered":"<p>Les Volontaires pour le D\u00e9veloppement , l\u2019\u00c9cotourisme et l&rsquo;Assainissement de l&rsquo;Environnement (VDEAE) ont port\u00e9 sur les fonts baptismaux ce lundi 19 mars \u00e0 Lom\u00e9, le Programme de forum pour l&rsquo;\u00e9mergence des communaut\u00e9s de base \u00e0 travers l&rsquo;auto-d\u00e9veloppement. Projet de formation et de renforcement de capacit\u00e9s des acteurs locaux, cette campagne cible trois pr\u00e9fectures majeures du &#8230; <a title=\"Auto-d\u00e9veloppement des communaut\u00e9s \u00e0 la base: les VDEAE s&rsquo;y engagent\" class=\"read-more\" href=\"https:\/\/228news.tg\/index.php\/2018\/03\/20\/auto-developpement-des-communautes-a-la-base-les-vdeae-sy-engagent\/\" aria-label=\"En savoir plus sur Auto-d\u00e9veloppement des communaut\u00e9s \u00e0 la base: les VDEAE s&rsquo;y engagent\">Lire la suite<\/a><\/p>\n","protected":false},"author":2,"featured_media":1269,"comment_status":"open","ping_status":"open","sticky":false,"template":"","format":"standard","meta":{"footnotes":""},"categories":[31,35,25,34],"tags":[],"class_list":["post-1268","post","type-post","status-publish","format-standard","has-post-thumbnail","hentry","category-developpement","category-flash","category-togo","category-une"],"yoast_head":"<!-- This site is optimized with the Yoast SEO plugin v26.4 - https:\/\/yoast.com\/wordpress\/plugins\/seo\/ -->\n<title>Auto-d\u00e9veloppement des communaut\u00e9s \u00e0 la base: les VDEAE s&#039;y engagent - 228 News<\/title>\n<meta name=\"robots\" content=\"index, follow, max-snippet:-1, max-image-preview:large, max-video-preview:-1\" \/>\n<link rel=\"canonical\" href=\"https:\/\/228news.tg\/index.php\/2018\/03\/20\/auto-developpement-des-communautes-a-la-base-les-vdeae-sy-engagent\/\" \/>\n<meta property=\"og:locale\" content=\"fr_FR\" \/>\n<meta property=\"og:type\" content=\"article\" \/>\n<meta property=\"og:title\" content=\"Auto-d\u00e9veloppement des communaut\u00e9s \u00e0 la base: les VDEAE s&#039;y engagent - 228 News\" \/>\n<meta property=\"og:description\" content=\"Les Volontaires pour le D\u00e9veloppement , l\u2019\u00c9cotourisme et l&rsquo;Assainissement de l&rsquo;Environnement (VDEAE) ont port\u00e9 sur les fonts baptismaux ce lundi 19 mars \u00e0 Lom\u00e9, le Programme de forum pour l&rsquo;\u00e9mergence des communaut\u00e9s de base \u00e0 travers l&rsquo;auto-d\u00e9veloppement. Projet de formation et de renforcement de capacit\u00e9s des acteurs locaux, cette campagne cible trois pr\u00e9fectures majeures du ... Lire la suite\" \/>\n<meta property=\"og:url\" content=\"https:\/\/228news.tg\/index.php\/2018\/03\/20\/auto-developpement-des-communautes-a-la-base-les-vdeae-sy-engagent\/\" \/>\n<meta property=\"og:site_name\" content=\"228 News\" \/>\n<meta property=\"article:published_time\" content=\"2018-03-20T00:00:00+00:00\" \/>\n<meta property=\"og:image\" content=\"https:\/\/228news.tg\/wp-content\/uploads\/2024\/09\/photo_2018-03-20_09-50-54.jpg\" \/>\n\t<meta property=\"og:image:width\" content=\"1280\" \/>\n\t<meta property=\"og:image:height\" content=\"960\" \/>\n\t<meta property=\"og:image:type\" content=\"image\/jpeg\" \/>\n<meta name=\"author\" content=\"Bienvenu SAVI\" \/>\n<meta name=\"twitter:card\" content=\"summary_large_image\" \/>\n<meta name=\"twitter:label1\" content=\"\u00c9crit par\" \/>\n\t<meta name=\"twitter:data1\" content=\"Bienvenu SAVI\" \/>\n\t<meta name=\"twitter:label2\" content=\"Dur\u00e9e de lecture estim\u00e9e\" \/>\n\t<meta name=\"twitter:data2\" content=\"1 minute\" \/>\n<script type=\"application\/ld+json\" class=\"yoast-schema-graph\">{\"@context\":\"https:\/\/schema.org\",\"@graph\":[{\"@type\":\"Article\",\"@id\":\"https:\/\/228news.tg\/index.php\/2018\/03\/20\/auto-developpement-des-communautes-a-la-base-les-vdeae-sy-engagent\/#article\",\"isPartOf\":{\"@id\":\"https:\/\/228news.tg\/index.php\/2018\/03\/20\/auto-developpement-des-communautes-a-la-base-les-vdeae-sy-engagent\/\"},\"author\":{\"name\":\"Bienvenu SAVI\",\"@id\":\"https:\/\/228news.tg\/#\/schema\/person\/68d5a6cc0230290e61235c8379523f52\"},\"headline\":\"Auto-d\u00e9veloppement des communaut\u00e9s \u00e0 la base: les VDEAE s&rsquo;y engagent\",\"datePublished\":\"2018-03-20T00:00:00+00:00\",\"mainEntityOfPage\":{\"@id\":\"https:\/\/228news.tg\/index.php\/2018\/03\/20\/auto-developpement-des-communautes-a-la-base-les-vdeae-sy-engagent\/\"},\"wordCount\":210,\"commentCount\":0,\"publisher\":{\"@id\":\"https:\/\/228news.tg\/#organization\"},\"image\":{\"@id\":\"https:\/\/228news.tg\/index.php\/2018\/03\/20\/auto-developpement-des-communautes-a-la-base-les-vdeae-sy-engagent\/#primaryimage\"},\"thumbnailUrl\":\"https:\/\/228news.tg\/wp-content\/uploads\/2024\/09\/photo_2018-03-20_09-50-54.jpg\",\"articleSection\":[\"DEVELOPPEMENT\",\"Flash\",\"TOGO\",\"Une\"],\"inLanguage\":\"fr-FR\",\"potentialAction\":[{\"@type\":\"CommentAction\",\"name\":\"Comment\",\"target\":[\"https:\/\/228news.tg\/index.php\/2018\/03\/20\/auto-developpement-des-communautes-a-la-base-les-vdeae-sy-engagent\/#respond\"]}]},{\"@type\":\"WebPage\",\"@id\":\"https:\/\/228news.tg\/index.php\/2018\/03\/20\/auto-developpement-des-communautes-a-la-base-les-vdeae-sy-engagent\/\",\"url\":\"https:\/\/228news.tg\/index.php\/2018\/03\/20\/auto-developpement-des-communautes-a-la-base-les-vdeae-sy-engagent\/\",\"name\":\"Auto-d\u00e9veloppement des communaut\u00e9s \u00e0 la base: les VDEAE s'y engagent - 228 News\",\"isPartOf\":{\"@id\":\"https:\/\/228news.tg\/#website\"},\"primaryImageOfPage\":{\"@id\":\"https:\/\/228news.tg\/index.php\/2018\/03\/20\/auto-developpement-des-communautes-a-la-base-les-vdeae-sy-engagent\/#primaryimage\"},\"image\":{\"@id\":\"https:\/\/228news.tg\/index.php\/2018\/03\/20\/auto-developpement-des-communautes-a-la-base-les-vdeae-sy-engagent\/#primaryimage\"},\"thumbnailUrl\":\"https:\/\/228news.tg\/wp-content\/uploads\/2024\/09\/photo_2018-03-20_09-50-54.jpg\",\"datePublished\":\"2018-03-20T00:00:00+00:00\",\"breadcrumb\":{\"@id\":\"https:\/\/228news.tg\/index.php\/2018\/03\/20\/auto-developpement-des-communautes-a-la-base-les-vdeae-sy-engagent\/#breadcrumb\"},\"inLanguage\":\"fr-FR\",\"potentialAction\":[{\"@type\":\"ReadAction\",\"target\":[\"https:\/\/228news.tg\/index.php\/2018\/03\/20\/auto-developpement-des-communautes-a-la-base-les-vdeae-sy-engagent\/\"]}]},{\"@type\":\"ImageObject\",\"inLanguage\":\"fr-FR\",\"@id\":\"https:\/\/228news.tg\/index.php\/2018\/03\/20\/auto-developpement-des-communautes-a-la-base-les-vdeae-sy-engagent\/#primaryimage\",\"url\":\"https:\/\/228news.tg\/wp-content\/uploads\/2024\/09\/photo_2018-03-20_09-50-54.jpg\",\"contentUrl\":\"https:\/\/228news.tg\/wp-content\/uploads\/2024\/09\/photo_2018-03-20_09-50-54.jpg\",\"width\":1280,\"height\":960},{\"@type\":\"BreadcrumbList\",\"@id\":\"https:\/\/228news.tg\/index.php\/2018\/03\/20\/auto-developpement-des-communautes-a-la-base-les-vdeae-sy-engagent\/#breadcrumb\",\"itemListElement\":[{\"@type\":\"ListItem\",\"position\":1,\"name\":\"Home\",\"item\":\"https:\/\/228news.tg\/\"},{\"@type\":\"ListItem\",\"position\":2,\"name\":\"Auto-d\u00e9veloppement des communaut\u00e9s \u00e0 la base: les VDEAE s&rsquo;y engagent\"}]},{\"@type\":\"WebSite\",\"@id\":\"https:\/\/228news.tg\/#website\",\"url\":\"https:\/\/228news.tg\/\",\"name\":\"228 News\",\"description\":\"Soci\u00e9t\u00e9 de m\u00e9dias et d\u2019actualit\u00e9s\",\"publisher\":{\"@id\":\"https:\/\/228news.tg\/#organization\"},\"potentialAction\":[{\"@type\":\"SearchAction\",\"target\":{\"@type\":\"EntryPoint\",\"urlTemplate\":\"https:\/\/228news.tg\/?s={search_term_string}\"},\"query-input\":{\"@type\":\"PropertyValueSpecification\",\"valueRequired\":true,\"valueName\":\"search_term_string\"}}],\"inLanguage\":\"fr-FR\"},{\"@type\":\"Organization\",\"@id\":\"https:\/\/228news.tg\/#organization\",\"name\":\"228 News\",\"url\":\"https:\/\/228news.tg\/\",\"logo\":{\"@type\":\"ImageObject\",\"inLanguage\":\"fr-FR\",\"@id\":\"https:\/\/228news.tg\/#\/schema\/logo\/image\/\",\"url\":\"https:\/\/228news.tg\/wp-content\/uploads\/2024\/09\/logonew.png\",\"contentUrl\":\"https:\/\/228news.tg\/wp-content\/uploads\/2024\/09\/logonew.png\",\"width\":1640,\"height\":364,\"caption\":\"228 News\"},\"image\":{\"@id\":\"https:\/\/228news.tg\/#\/schema\/logo\/image\/\"}},{\"@type\":\"Person\",\"@id\":\"https:\/\/228news.tg\/#\/schema\/person\/68d5a6cc0230290e61235c8379523f52\",\"name\":\"Bienvenu SAVI\",\"image\":{\"@type\":\"ImageObject\",\"inLanguage\":\"fr-FR\",\"@id\":\"https:\/\/228news.tg\/#\/schema\/person\/image\/\",\"url\":\"https:\/\/secure.gravatar.com\/avatar\/9db91895c559e510509c33a3e9683998458e9b828fac36d5d1aa23f0f2fd369b?s=96&d=mm&r=g\",\"contentUrl\":\"https:\/\/secure.gravatar.com\/avatar\/9db91895c559e510509c33a3e9683998458e9b828fac36d5d1aa23f0f2fd369b?s=96&d=mm&r=g\",\"caption\":\"Bienvenu SAVI\"},\"url\":\"https:\/\/228news.tg\/index.php\/author\/bienvenu\/\"}]}<\/script>\n<!-- \/ Yoast SEO plugin. -->","yoast_head_json":{"title":"Auto-d\u00e9veloppement des communaut\u00e9s \u00e0 la base: les VDEAE s'y engagent - 228 News","robots":{"index":"index","follow":"follow","max-snippet":"max-snippet:-1","max-image-preview":"max-image-preview:large","max-video-preview":"max-video-preview:-1"},"canonical":"https:\/\/228news.tg\/index.php\/2018\/03\/20\/auto-developpement-des-communautes-a-la-base-les-vdeae-sy-engagent\/","og_locale":"fr_FR","og_type":"article","og_title":"Auto-d\u00e9veloppement des communaut\u00e9s \u00e0 la base: les VDEAE s'y engagent - 228 News","og_description":"Les Volontaires pour le D\u00e9veloppement , l\u2019\u00c9cotourisme et l&rsquo;Assainissement de l&rsquo;Environnement (VDEAE) ont port\u00e9 sur les fonts baptismaux ce lundi 19 mars \u00e0 Lom\u00e9, le Programme de forum pour l&rsquo;\u00e9mergence des communaut\u00e9s de base \u00e0 travers l&rsquo;auto-d\u00e9veloppement. Projet de formation et de renforcement de capacit\u00e9s des acteurs locaux, cette campagne cible trois pr\u00e9fectures majeures du ... Lire la suite","og_url":"https:\/\/228news.tg\/index.php\/2018\/03\/20\/auto-developpement-des-communautes-a-la-base-les-vdeae-sy-engagent\/","og_site_name":"228 News","article_published_time":"2018-03-20T00:00:00+00:00","og_image":[{"width":1280,"height":960,"url":"https:\/\/228news.tg\/wp-content\/uploads\/2024\/09\/photo_2018-03-20_09-50-54.jpg","type":"image\/jpeg"}],"author":"Bienvenu SAVI","twitter_card":"summary_large_image","twitter_misc":{"\u00c9crit par":"Bienvenu SAVI","Dur\u00e9e de lecture estim\u00e9e":"1 minute"},"schema":{"@context":"https:\/\/schema.org","@graph":[{"@type":"Article","@id":"https:\/\/228news.tg\/index.php\/2018\/03\/20\/auto-developpement-des-communautes-a-la-base-les-vdeae-sy-engagent\/#article","isPartOf":{"@id":"https:\/\/228news.tg\/index.php\/2018\/03\/20\/auto-developpement-des-communautes-a-la-base-les-vdeae-sy-engagent\/"},"author":{"name":"Bienvenu SAVI","@id":"https:\/\/228news.tg\/#\/schema\/person\/68d5a6cc0230290e61235c8379523f52"},"headline":"Auto-d\u00e9veloppement des communaut\u00e9s \u00e0 la base: les VDEAE s&rsquo;y engagent","datePublished":"2018-03-20T00:00:00+00:00","mainEntityOfPage":{"@id":"https:\/\/228news.tg\/index.php\/2018\/03\/20\/auto-developpement-des-communautes-a-la-base-les-vdeae-sy-engagent\/"},"wordCount":210,"commentCount":0,"publisher":{"@id":"https:\/\/228news.tg\/#organization"},"image":{"@id":"https:\/\/228news.tg\/index.php\/2018\/03\/20\/auto-developpement-des-communautes-a-la-base-les-vdeae-sy-engagent\/#primaryimage"},"thumbnailUrl":"https:\/\/228news.tg\/wp-content\/uploads\/2024\/09\/photo_2018-03-20_09-50-54.jpg","articleSection":["DEVELOPPEMENT","Flash","TOGO","Une"],"inLanguage":"fr-FR","potentialAction":[{"@type":"CommentAction","name":"Comment","target":["https:\/\/228news.tg\/index.php\/2018\/03\/20\/auto-developpement-des-communautes-a-la-base-les-vdeae-sy-engagent\/#respond"]}]},{"@type":"WebPage","@id":"https:\/\/228news.tg\/index.php\/2018\/03\/20\/auto-developpement-des-communautes-a-la-base-les-vdeae-sy-engagent\/","url":"https:\/\/228news.tg\/index.php\/2018\/03\/20\/auto-developpement-des-communautes-a-la-base-les-vdeae-sy-engagent\/","name":"Auto-d\u00e9veloppement des communaut\u00e9s \u00e0 la base: les VDEAE s'y engagent - 228 News","isPartOf":{"@id":"https:\/\/228news.tg\/#website"},"primaryImageOfPage":{"@id":"https:\/\/228news.tg\/index.php\/2018\/03\/20\/auto-developpement-des-communautes-a-la-base-les-vdeae-sy-engagent\/#primaryimage"},"image":{"@id":"https:\/\/228news.tg\/index.php\/2018\/03\/20\/auto-developpement-des-communautes-a-la-base-les-vdeae-sy-engagent\/#primaryimage"},"thumbnailUrl":"https:\/\/228news.tg\/wp-content\/uploads\/2024\/09\/photo_2018-03-20_09-50-54.jpg","datePublished":"2018-03-20T00:00:00+00:00","breadcrumb":{"@id":"https:\/\/228news.tg\/index.php\/2018\/03\/20\/auto-developpement-des-communautes-a-la-base-les-vdeae-sy-engagent\/#breadcrumb"},"inLanguage":"fr-FR","potentialAction":[{"@type":"ReadAction","target":["https:\/\/228news.tg\/index.php\/2018\/03\/20\/auto-developpement-des-communautes-a-la-base-les-vdeae-sy-engagent\/"]}]},{"@type":"ImageObject","inLanguage":"fr-FR","@id":"https:\/\/228news.tg\/index.php\/2018\/03\/20\/auto-developpement-des-communautes-a-la-base-les-vdeae-sy-engagent\/#primaryimage","url":"https:\/\/228news.tg\/wp-content\/uploads\/2024\/09\/photo_2018-03-20_09-50-54.jpg","contentUrl":"https:\/\/228news.tg\/wp-content\/uploads\/2024\/09\/photo_2018-03-20_09-50-54.jpg","width":1280,"height":960},{"@type":"BreadcrumbList","@id":"https:\/\/228news.tg\/index.php\/2018\/03\/20\/auto-developpement-des-communautes-a-la-base-les-vdeae-sy-engagent\/#breadcrumb","itemListElement":[{"@type":"ListItem","position":1,"name":"Home","item":"https:\/\/228news.tg\/"},{"@type":"ListItem","position":2,"name":"Auto-d\u00e9veloppement des communaut\u00e9s \u00e0 la base: les VDEAE s&rsquo;y engagent"}]},{"@type":"WebSite","@id":"https:\/\/228news.tg\/#website","url":"https:\/\/228news.tg\/","name":"228 News","description":"Soci\u00e9t\u00e9 de m\u00e9dias et d\u2019actualit\u00e9s","publisher":{"@id":"https:\/\/228news.tg\/#organization"},"potentialAction":[{"@type":"SearchAction","target":{"@type":"EntryPoint","urlTemplate":"https:\/\/228news.tg\/?s={search_term_string}"},"query-input":{"@type":"PropertyValueSpecification","valueRequired":true,"valueName":"search_term_string"}}],"inLanguage":"fr-FR"},{"@type":"Organization","@id":"https:\/\/228news.tg\/#organization","name":"228 News","url":"https:\/\/228news.tg\/","logo":{"@type":"ImageObject","inLanguage":"fr-FR","@id":"https:\/\/228news.tg\/#\/schema\/logo\/image\/","url":"https:\/\/228news.tg\/wp-content\/uploads\/2024\/09\/logonew.png","contentUrl":"https:\/\/228news.tg\/wp-content\/uploads\/2024\/09\/logonew.png","width":1640,"height":364,"caption":"228 News"},"image":{"@id":"https:\/\/228news.tg\/#\/schema\/logo\/image\/"}},{"@type":"Person","@id":"https:\/\/228news.tg\/#\/schema\/person\/68d5a6cc0230290e61235c8379523f52","name":"Bienvenu SAVI","image":{"@type":"ImageObject","inLanguage":"fr-FR","@id":"https:\/\/228news.tg\/#\/schema\/person\/image\/","url":"https:\/\/secure.gravatar.com\/avatar\/9db91895c559e510509c33a3e9683998458e9b828fac36d5d1aa23f0f2fd369b?s=96&d=mm&r=g","contentUrl":"https:\/\/secure.gravatar.com\/avatar\/9db91895c559e510509c33a3e9683998458e9b828fac36d5d1aa23f0f2fd369b?s=96&d=mm&r=g","caption":"Bienvenu SAVI"},"url":"https:\/\/228news.tg\/index.php\/author\/bienvenu\/"}]}},"jetpack_featured_media_url":"https:\/\/228news.tg\/wp-content\/uploads\/2024\/09\/photo_2018-03-20_09-50-54.jpg","_links":{"self":[{"href":"https:\/\/228news.tg\/index.php\/wp-json\/wp\/v2\/posts\/1268","targetHints":{"allow":["GET"]}}],"collection":[{"href":"https:\/\/228news.tg\/index.php\/wp-json\/wp\/v2\/posts"}],"about":[{"href":"https:\/\/228news.tg\/index.php\/wp-json\/wp\/v2\/types\/post"}],"author":[{"embeddable":true,"href":"https:\/\/228news.tg\/index.php\/wp-json\/wp\/v2\/users\/2"}],"replies":[{"embeddable":true,"href":"https:\/\/228news.tg\/index.php\/wp-json\/wp\/v2\/comments?post=1268"}],"version-history":[{"count":0,"href":"https:\/\/228news.tg\/index.php\/wp-json\/wp\/v2\/posts\/1268\/revisions"}],"wp:featuredmedia":[{"embeddable":true,"href":"https:\/\/228news.tg\/index.php\/wp-json\/wp\/v2\/media\/1269"}],"wp:attachment":[{"href":"https:\/\/228news.tg\/index.php\/wp-json\/wp\/v2\/media?parent=1268"}],"wp:term":[{"taxonomy":"category","embeddable":true,"href":"https:\/\/228news.tg\/index.php\/wp-json\/wp\/v2\/categories?post=1268"},{"taxonomy":"post_tag","embeddable":true,"href":"https:\/\/228news.tg\/index.php\/wp-json\/wp\/v2\/tags?post=1268"}],"curies":[{"name":"wp","href":"https:\/\/api.w.org\/{rel}","templated":true}]}}