{"id":12420,"date":"2023-11-14T16:03:38","date_gmt":"2023-11-14T16:03:38","guid":{"rendered":"http:\/\/localhost\/site\/228news\/?p=12420"},"modified":"2023-11-14T16:03:38","modified_gmt":"2023-11-14T16:03:38","slug":"interpellation-des-confreres-loic-lawson-et-anani-sossou-lupf-togo-sindigne","status":"publish","type":"post","link":"https:\/\/228news.tg\/index.php\/2023\/11\/14\/interpellation-des-confreres-loic-lawson-et-anani-sossou-lupf-togo-sindigne\/","title":{"rendered":"Interpellation des confr\u00e8res Lo\u00efc Lawson et Anani Sossou: l&rsquo;UPF-Togo s&rsquo;indigne"},"content":{"rendered":"<p>L\u00a0\u00bbinterpellation des confr\u00e8res Lo\u00efc Lawson et Anani Sossou dans le cadre de la t\u00e9n\u00e9breuse affaire de vol de plusieurs millions au domicile du ministre Adedze a pris des tournures inqui\u00e9tantes. En effet, hier les deux confr\u00e8res ont \u00e9t\u00e9 \u00e9cout\u00e9s et gard\u00e9s \u00e0 vue dans les locaux de la BRI. Une situation qui a fait r\u00e9agir l&rsquo;UPF( Union de\u00a0 la Presse Francophone) section Togo dont loic est le Pr\u00e9sident. Cette organisation en plus\u00a0 de son indignation en appelle \u00e0 l&rsquo;auto-regulation de la presse au Togo.<\/p>\n<p>&nbsp;<\/p>\n<p>Lire l&rsquo;int\u00e9gralit\u00e9 du communiqu\u00e9<\/p>\n<p>Lom\u00e9, le 13 novembre 2023<br \/>\nLa section togolaise de l\u2019Union de la Preszse Francophone (UPF-Togo) exprime sa profonde<br \/>\ninqui\u00e9tude suite aux d\u00e9veloppements de ces derni\u00e8res heures dans l\u2019affaire d\u2019une<br \/>\ndisparition pr\u00e9sum\u00e9e d\u2019une somme d\u2019argent dans un domicile du ministre togolais Kodjo<br \/>\nAdedze (ministre d\u2019Etat, de l\u2019Urbanisme, de l\u2019Habitat et de la R\u00e9forme fonci\u00e8re).<br \/>\nEn effet, le 13 novembre 2023, Lo\u00efc Lawson-Avla (Directeur de Publication du Journal<br \/>\n\u00ab\u00a0Flambeau des D\u00e9mocrates\u00a0\u00bb et Pr\u00e9sident de l\u2019UPF-Togo), et le journaliste freelance Anani<br \/>\nSossou ont \u00e9t\u00e9 convoqu\u00e9s \u00e0 la BRI (Brigade de Recherches et d\u2019Investigation) dans le cadre<br \/>\nde cette affaire. Apr\u00e8s une journ\u00e9e compl\u00e8te d\u2019audition, ils ont \u00e9t\u00e9 plac\u00e9s en garde \u00e0 vue<br \/>\npour les besoins de l\u2019enqu\u00eate, faisant face \u00e0 des accusations de \u00abdiffamation\u00bb, \u00abatteinte \u00e0<br \/>\nl\u2019honneur\u00bb du ministre et \u00abincitation \u00e0 la r\u00e9volte\u00bb.<br \/>\nL\u2019Upf-Togo rappelle que le Code de la Presse et de la Communication du Togo pr\u00e9voit le<br \/>\nrecours \u00e0 des m\u00e9canismes d&rsquo;auto-r\u00e9gulation tels que l\u2019OTM (Observatoire Togolais des<br \/>\nM\u00e9dias) et la HAAC (Haute Autorit\u00e9 de l\u2019Audiovisuel et de la Communication) pour r\u00e9soudre<br \/>\nles diff\u00e9rends li\u00e9s \u00e0 la diffamation. Le contournement de ces instances par le ministre<br \/>\nAdedze pour engager des poursuites judiciaires directes est une pr\u00e9occupation majeure.<br \/>\nD\u00e8s lors, nous exhortons les autorit\u00e9s judiciaires togolaises \u00e0 garantir un traitement<br \/>\n\u00e9quitable et transparent pour Lo\u00efc Lawson et Anani Sossou, respectant ainsi les principes<br \/>\nfondamentaux de la libert\u00e9 de la presse et du droit \u00e0 l&rsquo;information. De plus, nous attirons<br \/>\nl\u2019attention sur le contexte plus large de cette affaire, en rappelant les ant\u00e9c\u00e9dents<br \/>\njudiciaires impliquant le ministre Adedze et des journalistes togolais.<br \/>\nLa d\u00e9mocratie ne peut prosp\u00e9rer que dans un environnement o\u00f9 les m\u00e9dias peuvent<br \/>\nfonctionner librement sans craindre des repr\u00e9sailles. La r\u00e9p\u00e9tition de telles situations ne<br \/>\npeut que nuire \u00e0 la d\u00e9mocratie et \u00e0 la libre expression au Togo. Nous appelons la<br \/>\ncommunaut\u00e9 internationale, les organisations de m\u00e9dias et les d\u00e9fenseurs des droits de<br \/>\nl\u2019Homme \u00e0 rester vigilants face \u00e0 ces d\u00e9veloppements et \u00e0 soutenir les efforts visant \u00e0<br \/>\ngarantir la libert\u00e9 de la presse au Togo.<br \/>\nL\u2019UPF-Togo rappelle \u00e9galement l\u2019importance de pr\u00e9server les acquis des avanc\u00e9es r\u00e9alis\u00e9es<br \/>\ndepuis 2004 au Togo avec la d\u00e9p\u00e9nalisation des d\u00e9lits de presse, et encourage le respect de<br \/>\nces principes, m\u00eame \u00e0 l\u2019\u00e8re des r\u00e9seaux sociaux.<br \/>\n#Libert\u00e9DePresse #UPFTogo #DroitsHumains<br \/>\nPour le Bureau Ex\u00e9cutif de l\u2019Upf-Togo<br \/>\nLe Vice-pr\u00e9sident<br \/>\nDr Pierre-Claver KUVO<\/p>\n","protected":false},"excerpt":{"rendered":"<p>L\u00a0\u00bbinterpellation des confr\u00e8res Lo\u00efc Lawson et Anani Sossou dans le cadre de la t\u00e9n\u00e9breuse affaire de vol de plusieurs millions au domicile du ministre Adedze a pris des tournures inqui\u00e9tantes. En effet, hier les deux confr\u00e8res ont \u00e9t\u00e9 \u00e9cout\u00e9s et gard\u00e9s \u00e0 vue dans les locaux de la BRI. Une situation qui a fait r\u00e9agir &#8230; <a title=\"Interpellation des confr\u00e8res Lo\u00efc Lawson et Anani Sossou: l&rsquo;UPF-Togo s&rsquo;indigne\" class=\"read-more\" href=\"https:\/\/228news.tg\/index.php\/2023\/11\/14\/interpellation-des-confreres-loic-lawson-et-anani-sossou-lupf-togo-sindigne\/\" aria-label=\"En savoir plus sur Interpellation des confr\u00e8res Lo\u00efc Lawson et Anani Sossou: l&rsquo;UPF-Togo s&rsquo;indigne\">Lire la suite<\/a><\/p>\n","protected":false},"author":2,"featured_media":10356,"comment_status":"open","ping_status":"open","sticky":false,"template":"","format":"chat","meta":{"footnotes":""},"categories":[29],"tags":[],"class_list":["post-12420","post","type-post","status-publish","format-chat","has-post-thumbnail","hentry","category-societe","post_format-post-format-chat"],"yoast_head":"<!-- This site is optimized with the Yoast SEO plugin v26.4 - https:\/\/yoast.com\/wordpress\/plugins\/seo\/ -->\n<title>Interpellation des confr\u00e8res Lo\u00efc Lawson et Anani Sossou: l&#039;UPF-Togo s&#039;indigne - 228 News<\/title>\n<meta name=\"robots\" content=\"index, follow, max-snippet:-1, max-image-preview:large, max-video-preview:-1\" \/>\n<link rel=\"canonical\" href=\"https:\/\/228news.tg\/index.php\/2023\/11\/14\/interpellation-des-confreres-loic-lawson-et-anani-sossou-lupf-togo-sindigne\/\" \/>\n<meta property=\"og:locale\" content=\"fr_FR\" \/>\n<meta property=\"og:type\" content=\"article\" \/>\n<meta property=\"og:title\" content=\"Interpellation des confr\u00e8res Lo\u00efc Lawson et Anani Sossou: l&#039;UPF-Togo s&#039;indigne - 228 News\" \/>\n<meta property=\"og:description\" content=\"L\u00a0\u00bbinterpellation des confr\u00e8res Lo\u00efc Lawson et Anani Sossou dans le cadre de la t\u00e9n\u00e9breuse affaire de vol de plusieurs millions au domicile du ministre Adedze a pris des tournures inqui\u00e9tantes. En effet, hier les deux confr\u00e8res ont \u00e9t\u00e9 \u00e9cout\u00e9s et gard\u00e9s \u00e0 vue dans les locaux de la BRI. Une situation qui a fait r\u00e9agir ... Lire la suite\" \/>\n<meta property=\"og:url\" content=\"https:\/\/228news.tg\/index.php\/2023\/11\/14\/interpellation-des-confreres-loic-lawson-et-anani-sossou-lupf-togo-sindigne\/\" \/>\n<meta property=\"og:site_name\" content=\"228 News\" \/>\n<meta property=\"article:published_time\" content=\"2023-11-14T16:03:38+00:00\" \/>\n<meta property=\"og:image\" content=\"https:\/\/228news.tg\/wp-content\/uploads\/2022\/05\/upf_logo-UPF-1.jpg\" \/>\n\t<meta property=\"og:image:width\" content=\"565\" \/>\n\t<meta property=\"og:image:height\" content=\"229\" \/>\n\t<meta property=\"og:image:type\" content=\"image\/jpeg\" \/>\n<meta name=\"author\" content=\"Bienvenu SAVI\" \/>\n<meta name=\"twitter:card\" content=\"summary_large_image\" \/>\n<meta name=\"twitter:label1\" content=\"\u00c9crit par\" \/>\n\t<meta name=\"twitter:data1\" content=\"Bienvenu SAVI\" \/>\n\t<meta name=\"twitter:label2\" content=\"Dur\u00e9e de lecture estim\u00e9e\" \/>\n\t<meta name=\"twitter:data2\" content=\"3 minutes\" \/>\n<script type=\"application\/ld+json\" class=\"yoast-schema-graph\">{\"@context\":\"https:\/\/schema.org\",\"@graph\":[{\"@type\":\"Article\",\"@id\":\"https:\/\/228news.tg\/index.php\/2023\/11\/14\/interpellation-des-confreres-loic-lawson-et-anani-sossou-lupf-togo-sindigne\/#article\",\"isPartOf\":{\"@id\":\"https:\/\/228news.tg\/index.php\/2023\/11\/14\/interpellation-des-confreres-loic-lawson-et-anani-sossou-lupf-togo-sindigne\/\"},\"author\":{\"name\":\"Bienvenu SAVI\",\"@id\":\"https:\/\/228news.tg\/#\/schema\/person\/68d5a6cc0230290e61235c8379523f52\"},\"headline\":\"Interpellation des confr\u00e8res Lo\u00efc Lawson et Anani Sossou: l&rsquo;UPF-Togo s&rsquo;indigne\",\"datePublished\":\"2023-11-14T16:03:38+00:00\",\"mainEntityOfPage\":{\"@id\":\"https:\/\/228news.tg\/index.php\/2023\/11\/14\/interpellation-des-confreres-loic-lawson-et-anani-sossou-lupf-togo-sindigne\/\"},\"wordCount\":556,\"commentCount\":0,\"publisher\":{\"@id\":\"https:\/\/228news.tg\/#organization\"},\"image\":{\"@id\":\"https:\/\/228news.tg\/index.php\/2023\/11\/14\/interpellation-des-confreres-loic-lawson-et-anani-sossou-lupf-togo-sindigne\/#primaryimage\"},\"thumbnailUrl\":\"https:\/\/228news.tg\/wp-content\/uploads\/2022\/05\/upf_logo-UPF-1.jpg\",\"articleSection\":[\"SOCIETE\"],\"inLanguage\":\"fr-FR\",\"potentialAction\":[{\"@type\":\"CommentAction\",\"name\":\"Comment\",\"target\":[\"https:\/\/228news.tg\/index.php\/2023\/11\/14\/interpellation-des-confreres-loic-lawson-et-anani-sossou-lupf-togo-sindigne\/#respond\"]}]},{\"@type\":\"WebPage\",\"@id\":\"https:\/\/228news.tg\/index.php\/2023\/11\/14\/interpellation-des-confreres-loic-lawson-et-anani-sossou-lupf-togo-sindigne\/\",\"url\":\"https:\/\/228news.tg\/index.php\/2023\/11\/14\/interpellation-des-confreres-loic-lawson-et-anani-sossou-lupf-togo-sindigne\/\",\"name\":\"Interpellation des confr\u00e8res Lo\u00efc Lawson et Anani Sossou: l'UPF-Togo s'indigne - 228 News\",\"isPartOf\":{\"@id\":\"https:\/\/228news.tg\/#website\"},\"primaryImageOfPage\":{\"@id\":\"https:\/\/228news.tg\/index.php\/2023\/11\/14\/interpellation-des-confreres-loic-lawson-et-anani-sossou-lupf-togo-sindigne\/#primaryimage\"},\"image\":{\"@id\":\"https:\/\/228news.tg\/index.php\/2023\/11\/14\/interpellation-des-confreres-loic-lawson-et-anani-sossou-lupf-togo-sindigne\/#primaryimage\"},\"thumbnailUrl\":\"https:\/\/228news.tg\/wp-content\/uploads\/2022\/05\/upf_logo-UPF-1.jpg\",\"datePublished\":\"2023-11-14T16:03:38+00:00\",\"breadcrumb\":{\"@id\":\"https:\/\/228news.tg\/index.php\/2023\/11\/14\/interpellation-des-confreres-loic-lawson-et-anani-sossou-lupf-togo-sindigne\/#breadcrumb\"},\"inLanguage\":\"fr-FR\",\"potentialAction\":[{\"@type\":\"ReadAction\",\"target\":[\"https:\/\/228news.tg\/index.php\/2023\/11\/14\/interpellation-des-confreres-loic-lawson-et-anani-sossou-lupf-togo-sindigne\/\"]}]},{\"@type\":\"ImageObject\",\"inLanguage\":\"fr-FR\",\"@id\":\"https:\/\/228news.tg\/index.php\/2023\/11\/14\/interpellation-des-confreres-loic-lawson-et-anani-sossou-lupf-togo-sindigne\/#primaryimage\",\"url\":\"https:\/\/228news.tg\/wp-content\/uploads\/2022\/05\/upf_logo-UPF-1.jpg\",\"contentUrl\":\"https:\/\/228news.tg\/wp-content\/uploads\/2022\/05\/upf_logo-UPF-1.jpg\",\"width\":565,\"height\":229},{\"@type\":\"BreadcrumbList\",\"@id\":\"https:\/\/228news.tg\/index.php\/2023\/11\/14\/interpellation-des-confreres-loic-lawson-et-anani-sossou-lupf-togo-sindigne\/#breadcrumb\",\"itemListElement\":[{\"@type\":\"ListItem\",\"position\":1,\"name\":\"Home\",\"item\":\"https:\/\/228news.tg\/\"},{\"@type\":\"ListItem\",\"position\":2,\"name\":\"Interpellation des confr\u00e8res Lo\u00efc Lawson et Anani Sossou: l&rsquo;UPF-Togo s&rsquo;indigne\"}]},{\"@type\":\"WebSite\",\"@id\":\"https:\/\/228news.tg\/#website\",\"url\":\"https:\/\/228news.tg\/\",\"name\":\"228 News\",\"description\":\"Soci\u00e9t\u00e9 de m\u00e9dias et d\u2019actualit\u00e9s\",\"publisher\":{\"@id\":\"https:\/\/228news.tg\/#organization\"},\"potentialAction\":[{\"@type\":\"SearchAction\",\"target\":{\"@type\":\"EntryPoint\",\"urlTemplate\":\"https:\/\/228news.tg\/?s={search_term_string}\"},\"query-input\":{\"@type\":\"PropertyValueSpecification\",\"valueRequired\":true,\"valueName\":\"search_term_string\"}}],\"inLanguage\":\"fr-FR\"},{\"@type\":\"Organization\",\"@id\":\"https:\/\/228news.tg\/#organization\",\"name\":\"228 News\",\"url\":\"https:\/\/228news.tg\/\",\"logo\":{\"@type\":\"ImageObject\",\"inLanguage\":\"fr-FR\",\"@id\":\"https:\/\/228news.tg\/#\/schema\/logo\/image\/\",\"url\":\"https:\/\/228news.tg\/wp-content\/uploads\/2024\/09\/logonew.png\",\"contentUrl\":\"https:\/\/228news.tg\/wp-content\/uploads\/2024\/09\/logonew.png\",\"width\":1640,\"height\":364,\"caption\":\"228 News\"},\"image\":{\"@id\":\"https:\/\/228news.tg\/#\/schema\/logo\/image\/\"}},{\"@type\":\"Person\",\"@id\":\"https:\/\/228news.tg\/#\/schema\/person\/68d5a6cc0230290e61235c8379523f52\",\"name\":\"Bienvenu SAVI\",\"image\":{\"@type\":\"ImageObject\",\"inLanguage\":\"fr-FR\",\"@id\":\"https:\/\/228news.tg\/#\/schema\/person\/image\/\",\"url\":\"https:\/\/secure.gravatar.com\/avatar\/9db91895c559e510509c33a3e9683998458e9b828fac36d5d1aa23f0f2fd369b?s=96&d=mm&r=g\",\"contentUrl\":\"https:\/\/secure.gravatar.com\/avatar\/9db91895c559e510509c33a3e9683998458e9b828fac36d5d1aa23f0f2fd369b?s=96&d=mm&r=g\",\"caption\":\"Bienvenu SAVI\"},\"url\":\"https:\/\/228news.tg\/index.php\/author\/bienvenu\/\"}]}<\/script>\n<!-- \/ Yoast SEO plugin. -->","yoast_head_json":{"title":"Interpellation des confr\u00e8res Lo\u00efc Lawson et Anani Sossou: l'UPF-Togo s'indigne - 228 News","robots":{"index":"index","follow":"follow","max-snippet":"max-snippet:-1","max-image-preview":"max-image-preview:large","max-video-preview":"max-video-preview:-1"},"canonical":"https:\/\/228news.tg\/index.php\/2023\/11\/14\/interpellation-des-confreres-loic-lawson-et-anani-sossou-lupf-togo-sindigne\/","og_locale":"fr_FR","og_type":"article","og_title":"Interpellation des confr\u00e8res Lo\u00efc Lawson et Anani Sossou: l'UPF-Togo s'indigne - 228 News","og_description":"L\u00a0\u00bbinterpellation des confr\u00e8res Lo\u00efc Lawson et Anani Sossou dans le cadre de la t\u00e9n\u00e9breuse affaire de vol de plusieurs millions au domicile du ministre Adedze a pris des tournures inqui\u00e9tantes. En effet, hier les deux confr\u00e8res ont \u00e9t\u00e9 \u00e9cout\u00e9s et gard\u00e9s \u00e0 vue dans les locaux de la BRI. Une situation qui a fait r\u00e9agir ... Lire la suite","og_url":"https:\/\/228news.tg\/index.php\/2023\/11\/14\/interpellation-des-confreres-loic-lawson-et-anani-sossou-lupf-togo-sindigne\/","og_site_name":"228 News","article_published_time":"2023-11-14T16:03:38+00:00","og_image":[{"width":565,"height":229,"url":"https:\/\/228news.tg\/wp-content\/uploads\/2022\/05\/upf_logo-UPF-1.jpg","type":"image\/jpeg"}],"author":"Bienvenu SAVI","twitter_card":"summary_large_image","twitter_misc":{"\u00c9crit par":"Bienvenu SAVI","Dur\u00e9e de lecture estim\u00e9e":"3 minutes"},"schema":{"@context":"https:\/\/schema.org","@graph":[{"@type":"Article","@id":"https:\/\/228news.tg\/index.php\/2023\/11\/14\/interpellation-des-confreres-loic-lawson-et-anani-sossou-lupf-togo-sindigne\/#article","isPartOf":{"@id":"https:\/\/228news.tg\/index.php\/2023\/11\/14\/interpellation-des-confreres-loic-lawson-et-anani-sossou-lupf-togo-sindigne\/"},"author":{"name":"Bienvenu SAVI","@id":"https:\/\/228news.tg\/#\/schema\/person\/68d5a6cc0230290e61235c8379523f52"},"headline":"Interpellation des confr\u00e8res Lo\u00efc Lawson et Anani Sossou: l&rsquo;UPF-Togo s&rsquo;indigne","datePublished":"2023-11-14T16:03:38+00:00","mainEntityOfPage":{"@id":"https:\/\/228news.tg\/index.php\/2023\/11\/14\/interpellation-des-confreres-loic-lawson-et-anani-sossou-lupf-togo-sindigne\/"},"wordCount":556,"commentCount":0,"publisher":{"@id":"https:\/\/228news.tg\/#organization"},"image":{"@id":"https:\/\/228news.tg\/index.php\/2023\/11\/14\/interpellation-des-confreres-loic-lawson-et-anani-sossou-lupf-togo-sindigne\/#primaryimage"},"thumbnailUrl":"https:\/\/228news.tg\/wp-content\/uploads\/2022\/05\/upf_logo-UPF-1.jpg","articleSection":["SOCIETE"],"inLanguage":"fr-FR","potentialAction":[{"@type":"CommentAction","name":"Comment","target":["https:\/\/228news.tg\/index.php\/2023\/11\/14\/interpellation-des-confreres-loic-lawson-et-anani-sossou-lupf-togo-sindigne\/#respond"]}]},{"@type":"WebPage","@id":"https:\/\/228news.tg\/index.php\/2023\/11\/14\/interpellation-des-confreres-loic-lawson-et-anani-sossou-lupf-togo-sindigne\/","url":"https:\/\/228news.tg\/index.php\/2023\/11\/14\/interpellation-des-confreres-loic-lawson-et-anani-sossou-lupf-togo-sindigne\/","name":"Interpellation des confr\u00e8res Lo\u00efc Lawson et Anani Sossou: l'UPF-Togo s'indigne - 228 News","isPartOf":{"@id":"https:\/\/228news.tg\/#website"},"primaryImageOfPage":{"@id":"https:\/\/228news.tg\/index.php\/2023\/11\/14\/interpellation-des-confreres-loic-lawson-et-anani-sossou-lupf-togo-sindigne\/#primaryimage"},"image":{"@id":"https:\/\/228news.tg\/index.php\/2023\/11\/14\/interpellation-des-confreres-loic-lawson-et-anani-sossou-lupf-togo-sindigne\/#primaryimage"},"thumbnailUrl":"https:\/\/228news.tg\/wp-content\/uploads\/2022\/05\/upf_logo-UPF-1.jpg","datePublished":"2023-11-14T16:03:38+00:00","breadcrumb":{"@id":"https:\/\/228news.tg\/index.php\/2023\/11\/14\/interpellation-des-confreres-loic-lawson-et-anani-sossou-lupf-togo-sindigne\/#breadcrumb"},"inLanguage":"fr-FR","potentialAction":[{"@type":"ReadAction","target":["https:\/\/228news.tg\/index.php\/2023\/11\/14\/interpellation-des-confreres-loic-lawson-et-anani-sossou-lupf-togo-sindigne\/"]}]},{"@type":"ImageObject","inLanguage":"fr-FR","@id":"https:\/\/228news.tg\/index.php\/2023\/11\/14\/interpellation-des-confreres-loic-lawson-et-anani-sossou-lupf-togo-sindigne\/#primaryimage","url":"https:\/\/228news.tg\/wp-content\/uploads\/2022\/05\/upf_logo-UPF-1.jpg","contentUrl":"https:\/\/228news.tg\/wp-content\/uploads\/2022\/05\/upf_logo-UPF-1.jpg","width":565,"height":229},{"@type":"BreadcrumbList","@id":"https:\/\/228news.tg\/index.php\/2023\/11\/14\/interpellation-des-confreres-loic-lawson-et-anani-sossou-lupf-togo-sindigne\/#breadcrumb","itemListElement":[{"@type":"ListItem","position":1,"name":"Home","item":"https:\/\/228news.tg\/"},{"@type":"ListItem","position":2,"name":"Interpellation des confr\u00e8res Lo\u00efc Lawson et Anani Sossou: l&rsquo;UPF-Togo s&rsquo;indigne"}]},{"@type":"WebSite","@id":"https:\/\/228news.tg\/#website","url":"https:\/\/228news.tg\/","name":"228 News","description":"Soci\u00e9t\u00e9 de m\u00e9dias et d\u2019actualit\u00e9s","publisher":{"@id":"https:\/\/228news.tg\/#organization"},"potentialAction":[{"@type":"SearchAction","target":{"@type":"EntryPoint","urlTemplate":"https:\/\/228news.tg\/?s={search_term_string}"},"query-input":{"@type":"PropertyValueSpecification","valueRequired":true,"valueName":"search_term_string"}}],"inLanguage":"fr-FR"},{"@type":"Organization","@id":"https:\/\/228news.tg\/#organization","name":"228 News","url":"https:\/\/228news.tg\/","logo":{"@type":"ImageObject","inLanguage":"fr-FR","@id":"https:\/\/228news.tg\/#\/schema\/logo\/image\/","url":"https:\/\/228news.tg\/wp-content\/uploads\/2024\/09\/logonew.png","contentUrl":"https:\/\/228news.tg\/wp-content\/uploads\/2024\/09\/logonew.png","width":1640,"height":364,"caption":"228 News"},"image":{"@id":"https:\/\/228news.tg\/#\/schema\/logo\/image\/"}},{"@type":"Person","@id":"https:\/\/228news.tg\/#\/schema\/person\/68d5a6cc0230290e61235c8379523f52","name":"Bienvenu SAVI","image":{"@type":"ImageObject","inLanguage":"fr-FR","@id":"https:\/\/228news.tg\/#\/schema\/person\/image\/","url":"https:\/\/secure.gravatar.com\/avatar\/9db91895c559e510509c33a3e9683998458e9b828fac36d5d1aa23f0f2fd369b?s=96&d=mm&r=g","contentUrl":"https:\/\/secure.gravatar.com\/avatar\/9db91895c559e510509c33a3e9683998458e9b828fac36d5d1aa23f0f2fd369b?s=96&d=mm&r=g","caption":"Bienvenu SAVI"},"url":"https:\/\/228news.tg\/index.php\/author\/bienvenu\/"}]}},"jetpack_featured_media_url":"https:\/\/228news.tg\/wp-content\/uploads\/2022\/05\/upf_logo-UPF-1.jpg","_links":{"self":[{"href":"https:\/\/228news.tg\/index.php\/wp-json\/wp\/v2\/posts\/12420","targetHints":{"allow":["GET"]}}],"collection":[{"href":"https:\/\/228news.tg\/index.php\/wp-json\/wp\/v2\/posts"}],"about":[{"href":"https:\/\/228news.tg\/index.php\/wp-json\/wp\/v2\/types\/post"}],"author":[{"embeddable":true,"href":"https:\/\/228news.tg\/index.php\/wp-json\/wp\/v2\/users\/2"}],"replies":[{"embeddable":true,"href":"https:\/\/228news.tg\/index.php\/wp-json\/wp\/v2\/comments?post=12420"}],"version-history":[{"count":0,"href":"https:\/\/228news.tg\/index.php\/wp-json\/wp\/v2\/posts\/12420\/revisions"}],"wp:featuredmedia":[{"embeddable":true,"href":"https:\/\/228news.tg\/index.php\/wp-json\/wp\/v2\/media\/10356"}],"wp:attachment":[{"href":"https:\/\/228news.tg\/index.php\/wp-json\/wp\/v2\/media?parent=12420"}],"wp:term":[{"taxonomy":"category","embeddable":true,"href":"https:\/\/228news.tg\/index.php\/wp-json\/wp\/v2\/categories?post=12420"},{"taxonomy":"post_tag","embeddable":true,"href":"https:\/\/228news.tg\/index.php\/wp-json\/wp\/v2\/tags?post=12420"}],"curies":[{"name":"wp","href":"https:\/\/api.w.org\/{rel}","templated":true}]}}