{"id":12415,"date":"2023-11-14T14:32:04","date_gmt":"2023-11-14T14:32:04","guid":{"rendered":"http:\/\/localhost\/site\/228news\/?p=12415"},"modified":"2023-11-14T14:32:04","modified_gmt":"2023-11-14T14:32:04","slug":"le-cetef-prime-le-meilleur-logo","status":"publish","type":"post","link":"https:\/\/228news.tg\/index.php\/2023\/11\/14\/le-cetef-prime-le-meilleur-logo\/","title":{"rendered":"Le Cetef prime le meilleur logo"},"content":{"rendered":"<p>Le CETEF a entam\u00e9 une s\u00e9rie de r\u00e9formes parmi lesquelles le changement d&rsquo;identit\u00e9 visuelle. Les gagnants de la conception de nouvelle charte graphique ont re\u00e7u leurs prix ce lundi 12 novembre 2023 dans les locaux du CETEF, les laur\u00e9ats du concours de cr\u00e9ation de la nouvelle charte graphique et du logo du Centre des Expositions et Foires ont \u00e9t\u00e9 r\u00e9compens\u00e9s par le Directeur G\u00e9n\u00e9ral Alexandre de SOUZA et son personnel. Il a proc\u00e9d\u00e9 \u00e0 la remise officielle des prix aux trois laur\u00e9ats du concours de s\u00e9lection du nouveau logo et la charte graphique du CETEF retenus par le jury.<\/p>\n<p>Il a tenu \u00e0 f\u00e9liciter tous les candidats qui ont mis en avant leurs comp\u00e9tences, fait preuve de beaucoup d&rsquo;implication personnelle et d&rsquo;agilit\u00e9 professionnelle dans ces r\u00e9alisations. Le Directeur G\u00e9n\u00e9ral a aussi rappel\u00e9 l&rsquo;\u00e9l\u00e9ment novateur du nouveau visage du CETEF.<\/p>\n<p>\u00ab Nous voulons communiquer sur l&rsquo;institution, communiquer sur la foire internationale de Lom\u00e9. Merci d&rsquo;avoir rendu cela possible, on repart sur une nouvelle base avec une charte graphique assez compl\u00e8te qui est \u00e0 la hauteur de notre institution. Vos noms resterons dans les annales du CETEF.\u00bb<\/p>\n<p>Ce nouvel habillage s&rsquo;inscrit dans la modernisation du CETEF et la mise en place de son nouveau site internet qui est d\u00e9j\u00e0 pr\u00eat pour la diffusion des contenus relatifs \u00e0 la Foire Internationale de Lom\u00e9 toutes les activit\u00e9s qui se d\u00e9rouleront au CETEF TOGO 2000.<\/p>\n<p>228news.<\/p>\n","protected":false},"excerpt":{"rendered":"<p>Le CETEF a entam\u00e9 une s\u00e9rie de r\u00e9formes parmi lesquelles le changement d&rsquo;identit\u00e9 visuelle. Les gagnants de la conception de nouvelle charte graphique ont re\u00e7u leurs prix ce lundi 12 novembre 2023 dans les locaux du CETEF, les laur\u00e9ats du concours de cr\u00e9ation de la nouvelle charte graphique et du logo du Centre des Expositions &#8230; <a title=\"Le Cetef prime le meilleur logo\" class=\"read-more\" href=\"https:\/\/228news.tg\/index.php\/2023\/11\/14\/le-cetef-prime-le-meilleur-logo\/\" aria-label=\"En savoir plus sur Le Cetef prime le meilleur logo\">Lire la suite<\/a><\/p>\n","protected":false},"author":2,"featured_media":12416,"comment_status":"open","ping_status":"open","sticky":false,"template":"","format":"chat","meta":{"footnotes":""},"categories":[30],"tags":[],"class_list":["post-12415","post","type-post","status-publish","format-chat","has-post-thumbnail","hentry","category-economie","post_format-post-format-chat"],"yoast_head":"<!-- This site is optimized with the Yoast SEO plugin v26.4 - https:\/\/yoast.com\/wordpress\/plugins\/seo\/ -->\n<title>Le Cetef prime le meilleur logo - 228 News<\/title>\n<meta name=\"robots\" content=\"index, follow, max-snippet:-1, max-image-preview:large, max-video-preview:-1\" \/>\n<link rel=\"canonical\" href=\"https:\/\/228news.tg\/index.php\/2023\/11\/14\/le-cetef-prime-le-meilleur-logo\/\" \/>\n<meta property=\"og:locale\" content=\"fr_FR\" \/>\n<meta property=\"og:type\" content=\"article\" \/>\n<meta property=\"og:title\" content=\"Le Cetef prime le meilleur logo - 228 News\" \/>\n<meta property=\"og:description\" content=\"Le CETEF a entam\u00e9 une s\u00e9rie de r\u00e9formes parmi lesquelles le changement d&rsquo;identit\u00e9 visuelle. Les gagnants de la conception de nouvelle charte graphique ont re\u00e7u leurs prix ce lundi 12 novembre 2023 dans les locaux du CETEF, les laur\u00e9ats du concours de cr\u00e9ation de la nouvelle charte graphique et du logo du Centre des Expositions ... Lire la suite\" \/>\n<meta property=\"og:url\" content=\"https:\/\/228news.tg\/index.php\/2023\/11\/14\/le-cetef-prime-le-meilleur-logo\/\" \/>\n<meta property=\"og:site_name\" content=\"228 News\" \/>\n<meta property=\"article:published_time\" content=\"2023-11-14T14:32:04+00:00\" \/>\n<meta property=\"og:image\" content=\"https:\/\/228news.tg\/wp-content\/uploads\/2023\/11\/IMG-20231114-WA0026-1.jpg\" \/>\n\t<meta property=\"og:image:width\" content=\"960\" \/>\n\t<meta property=\"og:image:height\" content=\"638\" \/>\n\t<meta property=\"og:image:type\" content=\"image\/jpeg\" \/>\n<meta name=\"author\" content=\"Bienvenu SAVI\" \/>\n<meta name=\"twitter:card\" content=\"summary_large_image\" \/>\n<meta name=\"twitter:label1\" content=\"\u00c9crit par\" \/>\n\t<meta name=\"twitter:data1\" content=\"Bienvenu SAVI\" \/>\n\t<meta name=\"twitter:label2\" content=\"Dur\u00e9e de lecture estim\u00e9e\" \/>\n\t<meta name=\"twitter:data2\" content=\"2 minutes\" \/>\n<script type=\"application\/ld+json\" class=\"yoast-schema-graph\">{\"@context\":\"https:\/\/schema.org\",\"@graph\":[{\"@type\":\"Article\",\"@id\":\"https:\/\/228news.tg\/index.php\/2023\/11\/14\/le-cetef-prime-le-meilleur-logo\/#article\",\"isPartOf\":{\"@id\":\"https:\/\/228news.tg\/index.php\/2023\/11\/14\/le-cetef-prime-le-meilleur-logo\/\"},\"author\":{\"name\":\"Bienvenu SAVI\",\"@id\":\"https:\/\/228news.tg\/#\/schema\/person\/68d5a6cc0230290e61235c8379523f52\"},\"headline\":\"Le Cetef prime le meilleur logo\",\"datePublished\":\"2023-11-14T14:32:04+00:00\",\"mainEntityOfPage\":{\"@id\":\"https:\/\/228news.tg\/index.php\/2023\/11\/14\/le-cetef-prime-le-meilleur-logo\/\"},\"wordCount\":259,\"commentCount\":0,\"publisher\":{\"@id\":\"https:\/\/228news.tg\/#organization\"},\"image\":{\"@id\":\"https:\/\/228news.tg\/index.php\/2023\/11\/14\/le-cetef-prime-le-meilleur-logo\/#primaryimage\"},\"thumbnailUrl\":\"https:\/\/228news.tg\/wp-content\/uploads\/2023\/11\/IMG-20231114-WA0026-1.jpg\",\"articleSection\":[\"ECONOMIE\"],\"inLanguage\":\"fr-FR\",\"potentialAction\":[{\"@type\":\"CommentAction\",\"name\":\"Comment\",\"target\":[\"https:\/\/228news.tg\/index.php\/2023\/11\/14\/le-cetef-prime-le-meilleur-logo\/#respond\"]}]},{\"@type\":\"WebPage\",\"@id\":\"https:\/\/228news.tg\/index.php\/2023\/11\/14\/le-cetef-prime-le-meilleur-logo\/\",\"url\":\"https:\/\/228news.tg\/index.php\/2023\/11\/14\/le-cetef-prime-le-meilleur-logo\/\",\"name\":\"Le Cetef prime le meilleur logo - 228 News\",\"isPartOf\":{\"@id\":\"https:\/\/228news.tg\/#website\"},\"primaryImageOfPage\":{\"@id\":\"https:\/\/228news.tg\/index.php\/2023\/11\/14\/le-cetef-prime-le-meilleur-logo\/#primaryimage\"},\"image\":{\"@id\":\"https:\/\/228news.tg\/index.php\/2023\/11\/14\/le-cetef-prime-le-meilleur-logo\/#primaryimage\"},\"thumbnailUrl\":\"https:\/\/228news.tg\/wp-content\/uploads\/2023\/11\/IMG-20231114-WA0026-1.jpg\",\"datePublished\":\"2023-11-14T14:32:04+00:00\",\"breadcrumb\":{\"@id\":\"https:\/\/228news.tg\/index.php\/2023\/11\/14\/le-cetef-prime-le-meilleur-logo\/#breadcrumb\"},\"inLanguage\":\"fr-FR\",\"potentialAction\":[{\"@type\":\"ReadAction\",\"target\":[\"https:\/\/228news.tg\/index.php\/2023\/11\/14\/le-cetef-prime-le-meilleur-logo\/\"]}]},{\"@type\":\"ImageObject\",\"inLanguage\":\"fr-FR\",\"@id\":\"https:\/\/228news.tg\/index.php\/2023\/11\/14\/le-cetef-prime-le-meilleur-logo\/#primaryimage\",\"url\":\"https:\/\/228news.tg\/wp-content\/uploads\/2023\/11\/IMG-20231114-WA0026-1.jpg\",\"contentUrl\":\"https:\/\/228news.tg\/wp-content\/uploads\/2023\/11\/IMG-20231114-WA0026-1.jpg\",\"width\":960,\"height\":638},{\"@type\":\"BreadcrumbList\",\"@id\":\"https:\/\/228news.tg\/index.php\/2023\/11\/14\/le-cetef-prime-le-meilleur-logo\/#breadcrumb\",\"itemListElement\":[{\"@type\":\"ListItem\",\"position\":1,\"name\":\"Home\",\"item\":\"https:\/\/228news.tg\/\"},{\"@type\":\"ListItem\",\"position\":2,\"name\":\"Le Cetef prime le meilleur logo\"}]},{\"@type\":\"WebSite\",\"@id\":\"https:\/\/228news.tg\/#website\",\"url\":\"https:\/\/228news.tg\/\",\"name\":\"228 News\",\"description\":\"Soci\u00e9t\u00e9 de m\u00e9dias et d\u2019actualit\u00e9s\",\"publisher\":{\"@id\":\"https:\/\/228news.tg\/#organization\"},\"potentialAction\":[{\"@type\":\"SearchAction\",\"target\":{\"@type\":\"EntryPoint\",\"urlTemplate\":\"https:\/\/228news.tg\/?s={search_term_string}\"},\"query-input\":{\"@type\":\"PropertyValueSpecification\",\"valueRequired\":true,\"valueName\":\"search_term_string\"}}],\"inLanguage\":\"fr-FR\"},{\"@type\":\"Organization\",\"@id\":\"https:\/\/228news.tg\/#organization\",\"name\":\"228 News\",\"url\":\"https:\/\/228news.tg\/\",\"logo\":{\"@type\":\"ImageObject\",\"inLanguage\":\"fr-FR\",\"@id\":\"https:\/\/228news.tg\/#\/schema\/logo\/image\/\",\"url\":\"https:\/\/228news.tg\/wp-content\/uploads\/2024\/09\/logonew.png\",\"contentUrl\":\"https:\/\/228news.tg\/wp-content\/uploads\/2024\/09\/logonew.png\",\"width\":1640,\"height\":364,\"caption\":\"228 News\"},\"image\":{\"@id\":\"https:\/\/228news.tg\/#\/schema\/logo\/image\/\"}},{\"@type\":\"Person\",\"@id\":\"https:\/\/228news.tg\/#\/schema\/person\/68d5a6cc0230290e61235c8379523f52\",\"name\":\"Bienvenu SAVI\",\"image\":{\"@type\":\"ImageObject\",\"inLanguage\":\"fr-FR\",\"@id\":\"https:\/\/228news.tg\/#\/schema\/person\/image\/\",\"url\":\"https:\/\/secure.gravatar.com\/avatar\/9db91895c559e510509c33a3e9683998458e9b828fac36d5d1aa23f0f2fd369b?s=96&d=mm&r=g\",\"contentUrl\":\"https:\/\/secure.gravatar.com\/avatar\/9db91895c559e510509c33a3e9683998458e9b828fac36d5d1aa23f0f2fd369b?s=96&d=mm&r=g\",\"caption\":\"Bienvenu SAVI\"},\"url\":\"https:\/\/228news.tg\/index.php\/author\/bienvenu\/\"}]}<\/script>\n<!-- \/ Yoast SEO plugin. -->","yoast_head_json":{"title":"Le Cetef prime le meilleur logo - 228 News","robots":{"index":"index","follow":"follow","max-snippet":"max-snippet:-1","max-image-preview":"max-image-preview:large","max-video-preview":"max-video-preview:-1"},"canonical":"https:\/\/228news.tg\/index.php\/2023\/11\/14\/le-cetef-prime-le-meilleur-logo\/","og_locale":"fr_FR","og_type":"article","og_title":"Le Cetef prime le meilleur logo - 228 News","og_description":"Le CETEF a entam\u00e9 une s\u00e9rie de r\u00e9formes parmi lesquelles le changement d&rsquo;identit\u00e9 visuelle. Les gagnants de la conception de nouvelle charte graphique ont re\u00e7u leurs prix ce lundi 12 novembre 2023 dans les locaux du CETEF, les laur\u00e9ats du concours de cr\u00e9ation de la nouvelle charte graphique et du logo du Centre des Expositions ... Lire la suite","og_url":"https:\/\/228news.tg\/index.php\/2023\/11\/14\/le-cetef-prime-le-meilleur-logo\/","og_site_name":"228 News","article_published_time":"2023-11-14T14:32:04+00:00","og_image":[{"width":960,"height":638,"url":"https:\/\/228news.tg\/wp-content\/uploads\/2023\/11\/IMG-20231114-WA0026-1.jpg","type":"image\/jpeg"}],"author":"Bienvenu SAVI","twitter_card":"summary_large_image","twitter_misc":{"\u00c9crit par":"Bienvenu SAVI","Dur\u00e9e de lecture estim\u00e9e":"2 minutes"},"schema":{"@context":"https:\/\/schema.org","@graph":[{"@type":"Article","@id":"https:\/\/228news.tg\/index.php\/2023\/11\/14\/le-cetef-prime-le-meilleur-logo\/#article","isPartOf":{"@id":"https:\/\/228news.tg\/index.php\/2023\/11\/14\/le-cetef-prime-le-meilleur-logo\/"},"author":{"name":"Bienvenu SAVI","@id":"https:\/\/228news.tg\/#\/schema\/person\/68d5a6cc0230290e61235c8379523f52"},"headline":"Le Cetef prime le meilleur logo","datePublished":"2023-11-14T14:32:04+00:00","mainEntityOfPage":{"@id":"https:\/\/228news.tg\/index.php\/2023\/11\/14\/le-cetef-prime-le-meilleur-logo\/"},"wordCount":259,"commentCount":0,"publisher":{"@id":"https:\/\/228news.tg\/#organization"},"image":{"@id":"https:\/\/228news.tg\/index.php\/2023\/11\/14\/le-cetef-prime-le-meilleur-logo\/#primaryimage"},"thumbnailUrl":"https:\/\/228news.tg\/wp-content\/uploads\/2023\/11\/IMG-20231114-WA0026-1.jpg","articleSection":["ECONOMIE"],"inLanguage":"fr-FR","potentialAction":[{"@type":"CommentAction","name":"Comment","target":["https:\/\/228news.tg\/index.php\/2023\/11\/14\/le-cetef-prime-le-meilleur-logo\/#respond"]}]},{"@type":"WebPage","@id":"https:\/\/228news.tg\/index.php\/2023\/11\/14\/le-cetef-prime-le-meilleur-logo\/","url":"https:\/\/228news.tg\/index.php\/2023\/11\/14\/le-cetef-prime-le-meilleur-logo\/","name":"Le Cetef prime le meilleur logo - 228 News","isPartOf":{"@id":"https:\/\/228news.tg\/#website"},"primaryImageOfPage":{"@id":"https:\/\/228news.tg\/index.php\/2023\/11\/14\/le-cetef-prime-le-meilleur-logo\/#primaryimage"},"image":{"@id":"https:\/\/228news.tg\/index.php\/2023\/11\/14\/le-cetef-prime-le-meilleur-logo\/#primaryimage"},"thumbnailUrl":"https:\/\/228news.tg\/wp-content\/uploads\/2023\/11\/IMG-20231114-WA0026-1.jpg","datePublished":"2023-11-14T14:32:04+00:00","breadcrumb":{"@id":"https:\/\/228news.tg\/index.php\/2023\/11\/14\/le-cetef-prime-le-meilleur-logo\/#breadcrumb"},"inLanguage":"fr-FR","potentialAction":[{"@type":"ReadAction","target":["https:\/\/228news.tg\/index.php\/2023\/11\/14\/le-cetef-prime-le-meilleur-logo\/"]}]},{"@type":"ImageObject","inLanguage":"fr-FR","@id":"https:\/\/228news.tg\/index.php\/2023\/11\/14\/le-cetef-prime-le-meilleur-logo\/#primaryimage","url":"https:\/\/228news.tg\/wp-content\/uploads\/2023\/11\/IMG-20231114-WA0026-1.jpg","contentUrl":"https:\/\/228news.tg\/wp-content\/uploads\/2023\/11\/IMG-20231114-WA0026-1.jpg","width":960,"height":638},{"@type":"BreadcrumbList","@id":"https:\/\/228news.tg\/index.php\/2023\/11\/14\/le-cetef-prime-le-meilleur-logo\/#breadcrumb","itemListElement":[{"@type":"ListItem","position":1,"name":"Home","item":"https:\/\/228news.tg\/"},{"@type":"ListItem","position":2,"name":"Le Cetef prime le meilleur logo"}]},{"@type":"WebSite","@id":"https:\/\/228news.tg\/#website","url":"https:\/\/228news.tg\/","name":"228 News","description":"Soci\u00e9t\u00e9 de m\u00e9dias et d\u2019actualit\u00e9s","publisher":{"@id":"https:\/\/228news.tg\/#organization"},"potentialAction":[{"@type":"SearchAction","target":{"@type":"EntryPoint","urlTemplate":"https:\/\/228news.tg\/?s={search_term_string}"},"query-input":{"@type":"PropertyValueSpecification","valueRequired":true,"valueName":"search_term_string"}}],"inLanguage":"fr-FR"},{"@type":"Organization","@id":"https:\/\/228news.tg\/#organization","name":"228 News","url":"https:\/\/228news.tg\/","logo":{"@type":"ImageObject","inLanguage":"fr-FR","@id":"https:\/\/228news.tg\/#\/schema\/logo\/image\/","url":"https:\/\/228news.tg\/wp-content\/uploads\/2024\/09\/logonew.png","contentUrl":"https:\/\/228news.tg\/wp-content\/uploads\/2024\/09\/logonew.png","width":1640,"height":364,"caption":"228 News"},"image":{"@id":"https:\/\/228news.tg\/#\/schema\/logo\/image\/"}},{"@type":"Person","@id":"https:\/\/228news.tg\/#\/schema\/person\/68d5a6cc0230290e61235c8379523f52","name":"Bienvenu SAVI","image":{"@type":"ImageObject","inLanguage":"fr-FR","@id":"https:\/\/228news.tg\/#\/schema\/person\/image\/","url":"https:\/\/secure.gravatar.com\/avatar\/9db91895c559e510509c33a3e9683998458e9b828fac36d5d1aa23f0f2fd369b?s=96&d=mm&r=g","contentUrl":"https:\/\/secure.gravatar.com\/avatar\/9db91895c559e510509c33a3e9683998458e9b828fac36d5d1aa23f0f2fd369b?s=96&d=mm&r=g","caption":"Bienvenu SAVI"},"url":"https:\/\/228news.tg\/index.php\/author\/bienvenu\/"}]}},"jetpack_featured_media_url":"https:\/\/228news.tg\/wp-content\/uploads\/2023\/11\/IMG-20231114-WA0026-1.jpg","_links":{"self":[{"href":"https:\/\/228news.tg\/index.php\/wp-json\/wp\/v2\/posts\/12415","targetHints":{"allow":["GET"]}}],"collection":[{"href":"https:\/\/228news.tg\/index.php\/wp-json\/wp\/v2\/posts"}],"about":[{"href":"https:\/\/228news.tg\/index.php\/wp-json\/wp\/v2\/types\/post"}],"author":[{"embeddable":true,"href":"https:\/\/228news.tg\/index.php\/wp-json\/wp\/v2\/users\/2"}],"replies":[{"embeddable":true,"href":"https:\/\/228news.tg\/index.php\/wp-json\/wp\/v2\/comments?post=12415"}],"version-history":[{"count":0,"href":"https:\/\/228news.tg\/index.php\/wp-json\/wp\/v2\/posts\/12415\/revisions"}],"wp:featuredmedia":[{"embeddable":true,"href":"https:\/\/228news.tg\/index.php\/wp-json\/wp\/v2\/media\/12416"}],"wp:attachment":[{"href":"https:\/\/228news.tg\/index.php\/wp-json\/wp\/v2\/media?parent=12415"}],"wp:term":[{"taxonomy":"category","embeddable":true,"href":"https:\/\/228news.tg\/index.php\/wp-json\/wp\/v2\/categories?post=12415"},{"taxonomy":"post_tag","embeddable":true,"href":"https:\/\/228news.tg\/index.php\/wp-json\/wp\/v2\/tags?post=12415"}],"curies":[{"name":"wp","href":"https:\/\/api.w.org\/{rel}","templated":true}]}}