{"id":12407,"date":"2023-11-12T22:04:23","date_gmt":"2023-11-12T22:04:23","guid":{"rendered":"http:\/\/localhost\/site\/228news\/?p=12407"},"modified":"2023-11-12T22:04:23","modified_gmt":"2023-11-12T22:04:23","slug":"agl-cancer-masculinune-campagne-de-sensibilisation-lancee","status":"publish","type":"post","link":"https:\/\/228news.tg\/index.php\/2023\/11\/12\/agl-cancer-masculinune-campagne-de-sensibilisation-lancee\/","title":{"rendered":"AGL\/Cancer Masculin:une campagne de sensibilisation lanc\u00e9e"},"content":{"rendered":"<p>Fid\u00e8le \u00e0 son engagement social,\u00a0 le groupe AGL apr\u00e8s le mois d&rsquo;octobre consacr\u00e9 aux femmes et au d\u00e9pistage du cancer de sein. La direction encha\u00eene avec les hommes. Cette fois-ci, c&rsquo;est le d\u00e9pistage des cancers masculins. Il s&rsquo;agit de d\u00e9pister les hommes qui ont l&rsquo;\u00e2ge afin de d\u00e9tecter toute sorte de cancer.<\/p>\n<p>\u00a0\u00bb je suis ravi d&rsquo;annoncer une initiative similaire d\u00e9di\u00e9e au personnel masculin.<br \/>\nEn effet, une campagne de d\u00e9pistage des cancers masculins \u00e0 l\u2019endroit des collaborateurs ayant l\u2019\u00e2ge, a d\u00e9marr\u00e9 le 06 novembre et prendra fin le 20 novembre 2023. Cette importante initiative de pr\u00e9vention leur permettra d&rsquo;acc\u00e9der \u00e0 des services de d\u00e9pistage gratuits et de qualit\u00e9 offerts par AGL au Togo.<br \/>\nLe d\u00e9pistage est un \u00e9l\u00e9ment cl\u00e9 contribuant \u00e0 une bonne sant\u00e9 \u00e0 long terme, et le Groupe au Togo est d\u00e9termin\u00e9 \u00e0 offrir les ressources n\u00e9cessaires pour une vie saine et \u00e9quilibr\u00e9e \u00e0 tout le personnel.<br \/>\nLa sant\u00e9 est notre bien le plus pr\u00e9cieux. Je vous encourage vivement Messieurs \u00e0 vous faire d\u00e9pister, c\u2019est un acte essentiel pour votre sant\u00e9 et votre qualit\u00e9 de vie\u00a0\u00bb a d\u00e9clar\u00e9 le PDG du groupe.<\/p>\n<p>228news.<\/p>\n<p>[contact-form][contact-field label=\u00a0\u00bbNom\u00a0\u00bb type=\u00a0\u00bbname\u00a0\u00bb  required=\u00a0\u00bbtrue\u00a0\u00bb \/][contact-field label=\u00a0\u00bbE-mail\u00a0\u00bb type=\u00a0\u00bbemail\u00a0\u00bb required=\u00a0\u00bbtrue\u00a0\u00bb \/][contact-field label=\u00a0\u00bbSite web\u00a0\u00bb type=\u00a0\u00bburl\u00a0\u00bb \/][contact-field label=\u00a0\u00bbMessage\u00a0\u00bb type=\u00a0\u00bbtextarea\u00a0\u00bb \/][\/contact-form]<\/p>\n","protected":false},"excerpt":{"rendered":"<p>Fid\u00e8le \u00e0 son engagement social,\u00a0 le groupe AGL apr\u00e8s le mois d&rsquo;octobre consacr\u00e9 aux femmes et au d\u00e9pistage du cancer de sein. La direction encha\u00eene avec les hommes. Cette fois-ci, c&rsquo;est le d\u00e9pistage des cancers masculins. Il s&rsquo;agit de d\u00e9pister les hommes qui ont l&rsquo;\u00e2ge afin de d\u00e9tecter toute sorte de cancer. \u00a0\u00bb je suis &#8230; <a title=\"AGL\/Cancer Masculin:une campagne de sensibilisation lanc\u00e9e\" class=\"read-more\" href=\"https:\/\/228news.tg\/index.php\/2023\/11\/12\/agl-cancer-masculinune-campagne-de-sensibilisation-lancee\/\" aria-label=\"En savoir plus sur AGL\/Cancer Masculin:une campagne de sensibilisation lanc\u00e9e\">Lire la suite<\/a><\/p>\n","protected":false},"author":2,"featured_media":12408,"comment_status":"open","ping_status":"open","sticky":false,"template":"","format":"chat","meta":{"footnotes":""},"categories":[27],"tags":[],"class_list":["post-12407","post","type-post","status-publish","format-chat","has-post-thumbnail","hentry","category-sante","post_format-post-format-chat"],"yoast_head":"<!-- This site is optimized with the Yoast SEO plugin v26.4 - https:\/\/yoast.com\/wordpress\/plugins\/seo\/ -->\n<title>AGL\/Cancer Masculin:une campagne de sensibilisation lanc\u00e9e - 228 News<\/title>\n<meta name=\"robots\" content=\"index, follow, max-snippet:-1, max-image-preview:large, max-video-preview:-1\" \/>\n<link rel=\"canonical\" href=\"https:\/\/228news.tg\/index.php\/2023\/11\/12\/agl-cancer-masculinune-campagne-de-sensibilisation-lancee\/\" \/>\n<meta property=\"og:locale\" content=\"fr_FR\" \/>\n<meta property=\"og:type\" content=\"article\" \/>\n<meta property=\"og:title\" content=\"AGL\/Cancer Masculin:une campagne de sensibilisation lanc\u00e9e - 228 News\" \/>\n<meta property=\"og:description\" content=\"Fid\u00e8le \u00e0 son engagement social,\u00a0 le groupe AGL apr\u00e8s le mois d&rsquo;octobre consacr\u00e9 aux femmes et au d\u00e9pistage du cancer de sein. La direction encha\u00eene avec les hommes. Cette fois-ci, c&rsquo;est le d\u00e9pistage des cancers masculins. Il s&rsquo;agit de d\u00e9pister les hommes qui ont l&rsquo;\u00e2ge afin de d\u00e9tecter toute sorte de cancer. \u00a0\u00bb je suis ... Lire la suite\" \/>\n<meta property=\"og:url\" content=\"https:\/\/228news.tg\/index.php\/2023\/11\/12\/agl-cancer-masculinune-campagne-de-sensibilisation-lancee\/\" \/>\n<meta property=\"og:site_name\" content=\"228 News\" \/>\n<meta property=\"article:published_time\" content=\"2023-11-12T22:04:23+00:00\" \/>\n<meta property=\"og:image\" content=\"https:\/\/228news.tg\/wp-content\/uploads\/2023\/11\/FB_IMG_1699825971868-1.jpg\" \/>\n\t<meta property=\"og:image:width\" content=\"1080\" \/>\n\t<meta property=\"og:image:height\" content=\"720\" \/>\n\t<meta property=\"og:image:type\" content=\"image\/jpeg\" \/>\n<meta name=\"author\" content=\"Bienvenu SAVI\" \/>\n<meta name=\"twitter:card\" content=\"summary_large_image\" \/>\n<meta name=\"twitter:label1\" content=\"\u00c9crit par\" \/>\n\t<meta name=\"twitter:data1\" content=\"Bienvenu SAVI\" \/>\n\t<meta name=\"twitter:label2\" content=\"Dur\u00e9e de lecture estim\u00e9e\" \/>\n\t<meta name=\"twitter:data2\" content=\"2 minutes\" \/>\n<script type=\"application\/ld+json\" class=\"yoast-schema-graph\">{\"@context\":\"https:\/\/schema.org\",\"@graph\":[{\"@type\":\"Article\",\"@id\":\"https:\/\/228news.tg\/index.php\/2023\/11\/12\/agl-cancer-masculinune-campagne-de-sensibilisation-lancee\/#article\",\"isPartOf\":{\"@id\":\"https:\/\/228news.tg\/index.php\/2023\/11\/12\/agl-cancer-masculinune-campagne-de-sensibilisation-lancee\/\"},\"author\":{\"name\":\"Bienvenu SAVI\",\"@id\":\"https:\/\/228news.tg\/#\/schema\/person\/68d5a6cc0230290e61235c8379523f52\"},\"headline\":\"AGL\/Cancer Masculin:une campagne de sensibilisation lanc\u00e9e\",\"datePublished\":\"2023-11-12T22:04:23+00:00\",\"mainEntityOfPage\":{\"@id\":\"https:\/\/228news.tg\/index.php\/2023\/11\/12\/agl-cancer-masculinune-campagne-de-sensibilisation-lancee\/\"},\"wordCount\":240,\"commentCount\":0,\"publisher\":{\"@id\":\"https:\/\/228news.tg\/#organization\"},\"image\":{\"@id\":\"https:\/\/228news.tg\/index.php\/2023\/11\/12\/agl-cancer-masculinune-campagne-de-sensibilisation-lancee\/#primaryimage\"},\"thumbnailUrl\":\"https:\/\/228news.tg\/wp-content\/uploads\/2023\/11\/FB_IMG_1699825971868-1.jpg\",\"articleSection\":[\"Sant\u00e9\"],\"inLanguage\":\"fr-FR\",\"potentialAction\":[{\"@type\":\"CommentAction\",\"name\":\"Comment\",\"target\":[\"https:\/\/228news.tg\/index.php\/2023\/11\/12\/agl-cancer-masculinune-campagne-de-sensibilisation-lancee\/#respond\"]}]},{\"@type\":\"WebPage\",\"@id\":\"https:\/\/228news.tg\/index.php\/2023\/11\/12\/agl-cancer-masculinune-campagne-de-sensibilisation-lancee\/\",\"url\":\"https:\/\/228news.tg\/index.php\/2023\/11\/12\/agl-cancer-masculinune-campagne-de-sensibilisation-lancee\/\",\"name\":\"AGL\/Cancer Masculin:une campagne de sensibilisation lanc\u00e9e - 228 News\",\"isPartOf\":{\"@id\":\"https:\/\/228news.tg\/#website\"},\"primaryImageOfPage\":{\"@id\":\"https:\/\/228news.tg\/index.php\/2023\/11\/12\/agl-cancer-masculinune-campagne-de-sensibilisation-lancee\/#primaryimage\"},\"image\":{\"@id\":\"https:\/\/228news.tg\/index.php\/2023\/11\/12\/agl-cancer-masculinune-campagne-de-sensibilisation-lancee\/#primaryimage\"},\"thumbnailUrl\":\"https:\/\/228news.tg\/wp-content\/uploads\/2023\/11\/FB_IMG_1699825971868-1.jpg\",\"datePublished\":\"2023-11-12T22:04:23+00:00\",\"breadcrumb\":{\"@id\":\"https:\/\/228news.tg\/index.php\/2023\/11\/12\/agl-cancer-masculinune-campagne-de-sensibilisation-lancee\/#breadcrumb\"},\"inLanguage\":\"fr-FR\",\"potentialAction\":[{\"@type\":\"ReadAction\",\"target\":[\"https:\/\/228news.tg\/index.php\/2023\/11\/12\/agl-cancer-masculinune-campagne-de-sensibilisation-lancee\/\"]}]},{\"@type\":\"ImageObject\",\"inLanguage\":\"fr-FR\",\"@id\":\"https:\/\/228news.tg\/index.php\/2023\/11\/12\/agl-cancer-masculinune-campagne-de-sensibilisation-lancee\/#primaryimage\",\"url\":\"https:\/\/228news.tg\/wp-content\/uploads\/2023\/11\/FB_IMG_1699825971868-1.jpg\",\"contentUrl\":\"https:\/\/228news.tg\/wp-content\/uploads\/2023\/11\/FB_IMG_1699825971868-1.jpg\",\"width\":1080,\"height\":720},{\"@type\":\"BreadcrumbList\",\"@id\":\"https:\/\/228news.tg\/index.php\/2023\/11\/12\/agl-cancer-masculinune-campagne-de-sensibilisation-lancee\/#breadcrumb\",\"itemListElement\":[{\"@type\":\"ListItem\",\"position\":1,\"name\":\"Home\",\"item\":\"https:\/\/228news.tg\/\"},{\"@type\":\"ListItem\",\"position\":2,\"name\":\"AGL\/Cancer Masculin:une campagne de sensibilisation lanc\u00e9e\"}]},{\"@type\":\"WebSite\",\"@id\":\"https:\/\/228news.tg\/#website\",\"url\":\"https:\/\/228news.tg\/\",\"name\":\"228 News\",\"description\":\"Soci\u00e9t\u00e9 de m\u00e9dias et d\u2019actualit\u00e9s\",\"publisher\":{\"@id\":\"https:\/\/228news.tg\/#organization\"},\"potentialAction\":[{\"@type\":\"SearchAction\",\"target\":{\"@type\":\"EntryPoint\",\"urlTemplate\":\"https:\/\/228news.tg\/?s={search_term_string}\"},\"query-input\":{\"@type\":\"PropertyValueSpecification\",\"valueRequired\":true,\"valueName\":\"search_term_string\"}}],\"inLanguage\":\"fr-FR\"},{\"@type\":\"Organization\",\"@id\":\"https:\/\/228news.tg\/#organization\",\"name\":\"228 News\",\"url\":\"https:\/\/228news.tg\/\",\"logo\":{\"@type\":\"ImageObject\",\"inLanguage\":\"fr-FR\",\"@id\":\"https:\/\/228news.tg\/#\/schema\/logo\/image\/\",\"url\":\"https:\/\/228news.tg\/wp-content\/uploads\/2024\/09\/logonew.png\",\"contentUrl\":\"https:\/\/228news.tg\/wp-content\/uploads\/2024\/09\/logonew.png\",\"width\":1640,\"height\":364,\"caption\":\"228 News\"},\"image\":{\"@id\":\"https:\/\/228news.tg\/#\/schema\/logo\/image\/\"}},{\"@type\":\"Person\",\"@id\":\"https:\/\/228news.tg\/#\/schema\/person\/68d5a6cc0230290e61235c8379523f52\",\"name\":\"Bienvenu SAVI\",\"image\":{\"@type\":\"ImageObject\",\"inLanguage\":\"fr-FR\",\"@id\":\"https:\/\/228news.tg\/#\/schema\/person\/image\/\",\"url\":\"https:\/\/secure.gravatar.com\/avatar\/9db91895c559e510509c33a3e9683998458e9b828fac36d5d1aa23f0f2fd369b?s=96&d=mm&r=g\",\"contentUrl\":\"https:\/\/secure.gravatar.com\/avatar\/9db91895c559e510509c33a3e9683998458e9b828fac36d5d1aa23f0f2fd369b?s=96&d=mm&r=g\",\"caption\":\"Bienvenu SAVI\"},\"url\":\"https:\/\/228news.tg\/index.php\/author\/bienvenu\/\"}]}<\/script>\n<!-- \/ Yoast SEO plugin. -->","yoast_head_json":{"title":"AGL\/Cancer Masculin:une campagne de sensibilisation lanc\u00e9e - 228 News","robots":{"index":"index","follow":"follow","max-snippet":"max-snippet:-1","max-image-preview":"max-image-preview:large","max-video-preview":"max-video-preview:-1"},"canonical":"https:\/\/228news.tg\/index.php\/2023\/11\/12\/agl-cancer-masculinune-campagne-de-sensibilisation-lancee\/","og_locale":"fr_FR","og_type":"article","og_title":"AGL\/Cancer Masculin:une campagne de sensibilisation lanc\u00e9e - 228 News","og_description":"Fid\u00e8le \u00e0 son engagement social,\u00a0 le groupe AGL apr\u00e8s le mois d&rsquo;octobre consacr\u00e9 aux femmes et au d\u00e9pistage du cancer de sein. La direction encha\u00eene avec les hommes. Cette fois-ci, c&rsquo;est le d\u00e9pistage des cancers masculins. Il s&rsquo;agit de d\u00e9pister les hommes qui ont l&rsquo;\u00e2ge afin de d\u00e9tecter toute sorte de cancer. \u00a0\u00bb je suis ... Lire la suite","og_url":"https:\/\/228news.tg\/index.php\/2023\/11\/12\/agl-cancer-masculinune-campagne-de-sensibilisation-lancee\/","og_site_name":"228 News","article_published_time":"2023-11-12T22:04:23+00:00","og_image":[{"width":1080,"height":720,"url":"https:\/\/228news.tg\/wp-content\/uploads\/2023\/11\/FB_IMG_1699825971868-1.jpg","type":"image\/jpeg"}],"author":"Bienvenu SAVI","twitter_card":"summary_large_image","twitter_misc":{"\u00c9crit par":"Bienvenu SAVI","Dur\u00e9e de lecture estim\u00e9e":"2 minutes"},"schema":{"@context":"https:\/\/schema.org","@graph":[{"@type":"Article","@id":"https:\/\/228news.tg\/index.php\/2023\/11\/12\/agl-cancer-masculinune-campagne-de-sensibilisation-lancee\/#article","isPartOf":{"@id":"https:\/\/228news.tg\/index.php\/2023\/11\/12\/agl-cancer-masculinune-campagne-de-sensibilisation-lancee\/"},"author":{"name":"Bienvenu SAVI","@id":"https:\/\/228news.tg\/#\/schema\/person\/68d5a6cc0230290e61235c8379523f52"},"headline":"AGL\/Cancer Masculin:une campagne de sensibilisation lanc\u00e9e","datePublished":"2023-11-12T22:04:23+00:00","mainEntityOfPage":{"@id":"https:\/\/228news.tg\/index.php\/2023\/11\/12\/agl-cancer-masculinune-campagne-de-sensibilisation-lancee\/"},"wordCount":240,"commentCount":0,"publisher":{"@id":"https:\/\/228news.tg\/#organization"},"image":{"@id":"https:\/\/228news.tg\/index.php\/2023\/11\/12\/agl-cancer-masculinune-campagne-de-sensibilisation-lancee\/#primaryimage"},"thumbnailUrl":"https:\/\/228news.tg\/wp-content\/uploads\/2023\/11\/FB_IMG_1699825971868-1.jpg","articleSection":["Sant\u00e9"],"inLanguage":"fr-FR","potentialAction":[{"@type":"CommentAction","name":"Comment","target":["https:\/\/228news.tg\/index.php\/2023\/11\/12\/agl-cancer-masculinune-campagne-de-sensibilisation-lancee\/#respond"]}]},{"@type":"WebPage","@id":"https:\/\/228news.tg\/index.php\/2023\/11\/12\/agl-cancer-masculinune-campagne-de-sensibilisation-lancee\/","url":"https:\/\/228news.tg\/index.php\/2023\/11\/12\/agl-cancer-masculinune-campagne-de-sensibilisation-lancee\/","name":"AGL\/Cancer Masculin:une campagne de sensibilisation lanc\u00e9e - 228 News","isPartOf":{"@id":"https:\/\/228news.tg\/#website"},"primaryImageOfPage":{"@id":"https:\/\/228news.tg\/index.php\/2023\/11\/12\/agl-cancer-masculinune-campagne-de-sensibilisation-lancee\/#primaryimage"},"image":{"@id":"https:\/\/228news.tg\/index.php\/2023\/11\/12\/agl-cancer-masculinune-campagne-de-sensibilisation-lancee\/#primaryimage"},"thumbnailUrl":"https:\/\/228news.tg\/wp-content\/uploads\/2023\/11\/FB_IMG_1699825971868-1.jpg","datePublished":"2023-11-12T22:04:23+00:00","breadcrumb":{"@id":"https:\/\/228news.tg\/index.php\/2023\/11\/12\/agl-cancer-masculinune-campagne-de-sensibilisation-lancee\/#breadcrumb"},"inLanguage":"fr-FR","potentialAction":[{"@type":"ReadAction","target":["https:\/\/228news.tg\/index.php\/2023\/11\/12\/agl-cancer-masculinune-campagne-de-sensibilisation-lancee\/"]}]},{"@type":"ImageObject","inLanguage":"fr-FR","@id":"https:\/\/228news.tg\/index.php\/2023\/11\/12\/agl-cancer-masculinune-campagne-de-sensibilisation-lancee\/#primaryimage","url":"https:\/\/228news.tg\/wp-content\/uploads\/2023\/11\/FB_IMG_1699825971868-1.jpg","contentUrl":"https:\/\/228news.tg\/wp-content\/uploads\/2023\/11\/FB_IMG_1699825971868-1.jpg","width":1080,"height":720},{"@type":"BreadcrumbList","@id":"https:\/\/228news.tg\/index.php\/2023\/11\/12\/agl-cancer-masculinune-campagne-de-sensibilisation-lancee\/#breadcrumb","itemListElement":[{"@type":"ListItem","position":1,"name":"Home","item":"https:\/\/228news.tg\/"},{"@type":"ListItem","position":2,"name":"AGL\/Cancer Masculin:une campagne de sensibilisation lanc\u00e9e"}]},{"@type":"WebSite","@id":"https:\/\/228news.tg\/#website","url":"https:\/\/228news.tg\/","name":"228 News","description":"Soci\u00e9t\u00e9 de m\u00e9dias et d\u2019actualit\u00e9s","publisher":{"@id":"https:\/\/228news.tg\/#organization"},"potentialAction":[{"@type":"SearchAction","target":{"@type":"EntryPoint","urlTemplate":"https:\/\/228news.tg\/?s={search_term_string}"},"query-input":{"@type":"PropertyValueSpecification","valueRequired":true,"valueName":"search_term_string"}}],"inLanguage":"fr-FR"},{"@type":"Organization","@id":"https:\/\/228news.tg\/#organization","name":"228 News","url":"https:\/\/228news.tg\/","logo":{"@type":"ImageObject","inLanguage":"fr-FR","@id":"https:\/\/228news.tg\/#\/schema\/logo\/image\/","url":"https:\/\/228news.tg\/wp-content\/uploads\/2024\/09\/logonew.png","contentUrl":"https:\/\/228news.tg\/wp-content\/uploads\/2024\/09\/logonew.png","width":1640,"height":364,"caption":"228 News"},"image":{"@id":"https:\/\/228news.tg\/#\/schema\/logo\/image\/"}},{"@type":"Person","@id":"https:\/\/228news.tg\/#\/schema\/person\/68d5a6cc0230290e61235c8379523f52","name":"Bienvenu SAVI","image":{"@type":"ImageObject","inLanguage":"fr-FR","@id":"https:\/\/228news.tg\/#\/schema\/person\/image\/","url":"https:\/\/secure.gravatar.com\/avatar\/9db91895c559e510509c33a3e9683998458e9b828fac36d5d1aa23f0f2fd369b?s=96&d=mm&r=g","contentUrl":"https:\/\/secure.gravatar.com\/avatar\/9db91895c559e510509c33a3e9683998458e9b828fac36d5d1aa23f0f2fd369b?s=96&d=mm&r=g","caption":"Bienvenu SAVI"},"url":"https:\/\/228news.tg\/index.php\/author\/bienvenu\/"}]}},"jetpack_featured_media_url":"https:\/\/228news.tg\/wp-content\/uploads\/2023\/11\/FB_IMG_1699825971868-1.jpg","_links":{"self":[{"href":"https:\/\/228news.tg\/index.php\/wp-json\/wp\/v2\/posts\/12407","targetHints":{"allow":["GET"]}}],"collection":[{"href":"https:\/\/228news.tg\/index.php\/wp-json\/wp\/v2\/posts"}],"about":[{"href":"https:\/\/228news.tg\/index.php\/wp-json\/wp\/v2\/types\/post"}],"author":[{"embeddable":true,"href":"https:\/\/228news.tg\/index.php\/wp-json\/wp\/v2\/users\/2"}],"replies":[{"embeddable":true,"href":"https:\/\/228news.tg\/index.php\/wp-json\/wp\/v2\/comments?post=12407"}],"version-history":[{"count":0,"href":"https:\/\/228news.tg\/index.php\/wp-json\/wp\/v2\/posts\/12407\/revisions"}],"wp:featuredmedia":[{"embeddable":true,"href":"https:\/\/228news.tg\/index.php\/wp-json\/wp\/v2\/media\/12408"}],"wp:attachment":[{"href":"https:\/\/228news.tg\/index.php\/wp-json\/wp\/v2\/media?parent=12407"}],"wp:term":[{"taxonomy":"category","embeddable":true,"href":"https:\/\/228news.tg\/index.php\/wp-json\/wp\/v2\/categories?post=12407"},{"taxonomy":"post_tag","embeddable":true,"href":"https:\/\/228news.tg\/index.php\/wp-json\/wp\/v2\/tags?post=12407"}],"curies":[{"name":"wp","href":"https:\/\/api.w.org\/{rel}","templated":true}]}}